{"id":32684,"date":"2017-07-19T14:00:11","date_gmt":"2017-07-19T17:00:11","guid":{"rendered":"http:\/\/folhapopular.info\/?p=32684"},"modified":"2017-07-19T13:47:29","modified_gmt":"2017-07-19T16:47:29","slug":"assistencia-social-define-deliberacoes-para-conferencia-estadual","status":"publish","type":"post","link":"https:\/\/folhapopular.info\/index.php\/2017\/07\/19\/assistencia-social-define-deliberacoes-para-conferencia-estadual\/","title":{"rendered":"Assist\u00eancia Social define delibera\u00e7\u00f5es para confer\u00eancia estadual"},"content":{"rendered":"<p align=\"justify\">A sexta-feira (14\/07) foi momento de ampliar a discuss\u00e3o sobre as pol\u00edticas assistenciais em Garibaldi. O audit\u00f3rio do CRAS \u2013 Centro de Refer\u00eancia de Assist\u00eancia Social recebeu representantes de diversas entidades, na 10\u00aa Confer\u00eancia Municipal de Assist\u00eancia Social.<\/p>\n<p align=\"justify\">Com o tema \u201cGarantia de direito no fortalecimento do SUAS\u201d, o evento foi uma oportunidade de debate e aprofundamento sobre o tema, como definiu a presidente do Conselho Municipal de Assist\u00eancia Social, Adelina Baldissera.<\/p>\n<p align=\"justify\">O prefeito Antonio Cettolin, que tamb\u00e9m se pronunciou, destacou a import\u00e2ncia de avaliar o que \u00e9 feito atualmente e o que pode ser aperfei\u00e7oado. \u201c\u00c9 fundamental que seja avaliada nossa realidade, para que sejam lan\u00e7adas propostas poss\u00edveis de serem executadas\u201d, afirmou.<\/p>\n<p align=\"justify\">Ap\u00f3s a aprova\u00e7\u00e3o do regimento interno, a assistente social e conselheira estadual do Conselho Estadual de Assist\u00eancia Social (CEAS), Adriana Villar, conduziu a confer\u00eancia. \u201cTemos que ter um planejamento conjunto entre todos os setores da sociedade, por isso, \u00e9 fundamental a participa\u00e7\u00e3o de todos\u201d, conclamou.<\/p>\n<p align=\"justify\">Os grupos de trabalho elaboraram e votaram nas propostas a serem levadas \u00e0 Confer\u00eancia Estadual de Assist\u00eancia Social, a ser realizada no m\u00eas de novembro. Al\u00e9m disso, foram eleitos os delegados que representar\u00e3o Garibaldi no evento: Analissa Sherer Peixoto e Adelina Baldissera s\u00e3o as titulares e Adriele Sopelsa e Giane Z. Peron as suplentes. As principais delibera\u00e7\u00f5es no \u00e2mbito municipal foram:<\/p>\n<ul>\n<li>\n<p align=\"justify\">Manter, ampliar e garantir a continuidade dos programas, projetos e servi\u00e7os socioassistenciais, evitando, assim, a descontinuidade da oferta, em cumprimento ao pacto federativo na implementa\u00e7\u00e3o da legisla\u00e7\u00e3o NOB\/RH e PNAS.<\/p>\n<\/li>\n<li>\n<p align=\"justify\">Dar continuidade na divulga\u00e7\u00e3o das atividades desenvolvidas, planejar e aprimorar os instrumentos de informa\u00e7\u00e3o e divulga\u00e7\u00e3o, continuidade dos servi\u00e7os, programas, projetos, benef\u00edcios de assist\u00eancia social e dos direitos socioassistenciais, do or\u00e7amento para a \u00e1rea, do cronograma das reuni\u00f5es e delibera\u00e7\u00f5es dos conselhos, por meio de audiovisual, audiodescri\u00e7\u00e3o, eletr\u00f4nicos e outros.<\/p>\n<\/li>\n<li>\n<p align=\"justify\">Promover palestras e encontros para fomentar a rela\u00e7\u00e3o intersetorial entre as Pol\u00edticas da seguridade social e demais pol\u00edticas p\u00fablicas, com \u00eanfase nos programas de transfer\u00eancia de renda BPC e Bolsa Fam\u00edlia.<\/p>\n<\/li>\n<li>\n<p align=\"justify\">Criar uma Comiss\u00e3o Intersetorial permanente, criando fluxos de encaminhamentos.<\/p>\n<\/li>\n<\/ul>\n<ul>\n<li>\n<p align=\"justify\">Implantar fluxos, protocolos de gest\u00e3o e normativas referente aos servi\u00e7os prestados, em conjunto com o Judici\u00e1rio, Minist\u00e9rio Publico, Conselho Tutelar, Secretarias, e demais \u00f3rg\u00e3os da rede do SUAS.<\/p>\n<\/li>\n<li>\n<p align=\"justify\">Realizar estrat\u00e9gias para fortalecer a intersetorialidade entre as Pol\u00edticas P\u00fablicas e rede socioassistencial do SUAS.<\/p>\n<\/li>\n<li>\n<p align=\"justify\">Realizar busca ativa dos benefici\u00e1rios do BPC, para serem inseridos no C\u00e1dunico, fortalecendo, assim, a vigil\u00e2ncia socioassistencial.<\/p>\n<\/li>\n<\/ul>\n<ul>\n<li>\n<p align=\"justify\">Criar mecanismos de monitoramento e avalia\u00e7\u00e3o dos resultados desta Pol\u00edtica P\u00fablica.<\/p>\n<\/li>\n<li>\n<p align=\"justify\">Acompanhar as fam\u00edlias em descumprimento do Programa Bolsa Fam\u00edlia e realizar encontros educativos e de lazer para atrair esta popula\u00e7\u00e3o.<\/p>\n<\/li>\n<li>\n<p align=\"justify\">Implantar um sistema informatizado para o prontu\u00e1rio do SUAS que venha facilitar o interc\u00e2mbio das informa\u00e7\u00f5es da rede, com investimentos na digitaliza\u00e7\u00e3o de documentos atrav\u00e9s de scanner evitando, assim, c\u00f3pias de documentos nos cadastros.<\/p>\n<\/li>\n<li>\n<p align=\"justify\">Reformular a Lei Municipal do SUAS, em conformidade com a legisla\u00e7\u00e3o vigente.<\/p>\n<\/li>\n<\/ul>\n","protected":false},"excerpt":{"rendered":"<p>A sexta-feira (14\/07) foi momento de ampliar a discuss\u00e3o sobre as pol\u00edticas assistenciais em Garibaldi. O audit\u00f3rio do CRAS \u2013 Centro de Refer\u00eancia de Assist\u00eancia Social recebeu representantes de diversas entidades, na 10\u00aa Confer\u00eancia Municipal de Assist\u00eancia Social. Com o tema \u201cGarantia de direito no fortalecimento do SUAS\u201d, o evento foi uma oportunidade de debate [&hellip;]<\/p>\n","protected":false},"author":8,"featured_media":32685,"comment_status":"open","ping_status":"open","sticky":false,"template":"","format":"standard","meta":{"pmpro_default_level":"","_jetpack_memberships_contains_paid_content":false,"footnotes":""},"categories":[3],"tags":[35,28,252],"class_list":{"0":"post-32684","1":"post","2":"type-post","3":"status-publish","4":"format-standard","5":"has-post-thumbnail","7":"category-geral","8":"tag-assistencia-social","9":"tag-garibaldi","10":"tag-suas","11":"pmpro-has-access"},"yoast_head":"<!-- This site is optimized with the Yoast SEO plugin v27.5 - https:\/\/yoast.com\/product\/yoast-seo-wordpress\/ -->\n<title>Assist\u00eancia Social define delibera\u00e7\u00f5es para confer\u00eancia estadual - Folha Popular<\/title>\n<meta name=\"robots\" content=\"index, follow, max-snippet:-1, max-image-preview:large, max-video-preview:-1\" \/>\n<link rel=\"canonical\" href=\"https:\/\/folhapopular.info\/index.php\/2017\/07\/19\/assistencia-social-define-deliberacoes-para-conferencia-estadual\/\" \/>\n<meta property=\"og:locale\" content=\"pt_BR\" \/>\n<meta property=\"og:type\" content=\"article\" \/>\n<meta property=\"og:title\" content=\"Assist\u00eancia Social define delibera\u00e7\u00f5es para confer\u00eancia estadual - Folha Popular\" \/>\n<meta property=\"og:description\" content=\"A sexta-feira (14\/07) foi momento de ampliar a discuss\u00e3o sobre as pol\u00edticas assistenciais em Garibaldi. O audit\u00f3rio do CRAS \u2013 Centro de Refer\u00eancia de Assist\u00eancia Social recebeu representantes de diversas entidades, na 10\u00aa Confer\u00eancia Municipal de Assist\u00eancia Social. Com o tema \u201cGarantia de direito no fortalecimento do SUAS\u201d, o evento foi uma oportunidade de debate [&hellip;]\" \/>\n<meta property=\"og:url\" content=\"https:\/\/folhapopular.info\/index.php\/2017\/07\/19\/assistencia-social-define-deliberacoes-para-conferencia-estadual\/\" \/>\n<meta property=\"og:site_name\" content=\"Folha Popular\" \/>\n<meta property=\"article:published_time\" content=\"2017-07-19T17:00:11+00:00\" \/>\n<meta property=\"og:image\" content=\"https:\/\/folhapopular.info\/wp-content\/uploads\/2017\/07\/Confer\u00eancia-de-Assist\u00eancia-Social-Priscila-Pilletti-2.jpg\" \/>\n\t<meta property=\"og:image:width\" content=\"1000\" \/>\n\t<meta property=\"og:image:height\" content=\"667\" \/>\n\t<meta property=\"og:image:type\" content=\"image\/jpeg\" \/>\n<meta name=\"author\" content=\"Reda\u00e7\u00e3o Folha Popular\" \/>\n<meta name=\"twitter:card\" content=\"summary_large_image\" \/>\n<meta name=\"twitter:label1\" content=\"Escrito por\" \/>\n\t<meta name=\"twitter:data1\" content=\"Reda\u00e7\u00e3o Folha Popular\" \/>\n\t<meta name=\"twitter:label2\" content=\"Est. tempo de leitura\" \/>\n\t<meta name=\"twitter:data2\" content=\"3 minutos\" \/>\n<script type=\"application\/ld+json\" class=\"yoast-schema-graph\">{\"@context\":\"https:\\\/\\\/schema.org\",\"@graph\":[{\"@type\":\"Article\",\"@id\":\"https:\\\/\\\/folhapopular.info\\\/index.php\\\/2017\\\/07\\\/19\\\/assistencia-social-define-deliberacoes-para-conferencia-estadual\\\/#article\",\"isPartOf\":{\"@id\":\"https:\\\/\\\/folhapopular.info\\\/index.php\\\/2017\\\/07\\\/19\\\/assistencia-social-define-deliberacoes-para-conferencia-estadual\\\/\"},\"author\":{\"name\":\"Reda\u00e7\u00e3o Folha Popular\",\"@id\":\"https:\\\/\\\/folhapopular.info\\\/#\\\/schema\\\/person\\\/2814e8a0df7643585a9ca38bc6eb9d4b\"},\"headline\":\"Assist\u00eancia Social define delibera\u00e7\u00f5es para confer\u00eancia estadual\",\"datePublished\":\"2017-07-19T17:00:11+00:00\",\"mainEntityOfPage\":{\"@id\":\"https:\\\/\\\/folhapopular.info\\\/index.php\\\/2017\\\/07\\\/19\\\/assistencia-social-define-deliberacoes-para-conferencia-estadual\\\/\"},\"wordCount\":550,\"commentCount\":0,\"image\":{\"@id\":\"https:\\\/\\\/folhapopular.info\\\/index.php\\\/2017\\\/07\\\/19\\\/assistencia-social-define-deliberacoes-para-conferencia-estadual\\\/#primaryimage\"},\"thumbnailUrl\":\"https:\\\/\\\/folhapopular.info\\\/wp-content\\\/uploads\\\/2017\\\/07\\\/Confer\u00eancia-de-Assist\u00eancia-Social-Priscila-Pilletti-2.jpg\",\"keywords\":[\"Assist\u00eancia Social\",\"Garibaldi\",\"SUAS\"],\"articleSection\":[\"Geral\"],\"inLanguage\":\"pt-BR\",\"potentialAction\":[{\"@type\":\"CommentAction\",\"name\":\"Comment\",\"target\":[\"https:\\\/\\\/folhapopular.info\\\/index.php\\\/2017\\\/07\\\/19\\\/assistencia-social-define-deliberacoes-para-conferencia-estadual\\\/#respond\"]}]},{\"@type\":\"WebPage\",\"@id\":\"https:\\\/\\\/folhapopular.info\\\/index.php\\\/2017\\\/07\\\/19\\\/assistencia-social-define-deliberacoes-para-conferencia-estadual\\\/\",\"url\":\"https:\\\/\\\/folhapopular.info\\\/index.php\\\/2017\\\/07\\\/19\\\/assistencia-social-define-deliberacoes-para-conferencia-estadual\\\/\",\"name\":\"Assist\u00eancia Social define delibera\u00e7\u00f5es para confer\u00eancia estadual - Folha Popular\",\"isPartOf\":{\"@id\":\"https:\\\/\\\/folhapopular.info\\\/#website\"},\"primaryImageOfPage\":{\"@id\":\"https:\\\/\\\/folhapopular.info\\\/index.php\\\/2017\\\/07\\\/19\\\/assistencia-social-define-deliberacoes-para-conferencia-estadual\\\/#primaryimage\"},\"image\":{\"@id\":\"https:\\\/\\\/folhapopular.info\\\/index.php\\\/2017\\\/07\\\/19\\\/assistencia-social-define-deliberacoes-para-conferencia-estadual\\\/#primaryimage\"},\"thumbnailUrl\":\"https:\\\/\\\/folhapopular.info\\\/wp-content\\\/uploads\\\/2017\\\/07\\\/Confer\u00eancia-de-Assist\u00eancia-Social-Priscila-Pilletti-2.jpg\",\"datePublished\":\"2017-07-19T17:00:11+00:00\",\"author\":{\"@id\":\"https:\\\/\\\/folhapopular.info\\\/#\\\/schema\\\/person\\\/2814e8a0df7643585a9ca38bc6eb9d4b\"},\"breadcrumb\":{\"@id\":\"https:\\\/\\\/folhapopular.info\\\/index.php\\\/2017\\\/07\\\/19\\\/assistencia-social-define-deliberacoes-para-conferencia-estadual\\\/#breadcrumb\"},\"inLanguage\":\"pt-BR\",\"potentialAction\":[{\"@type\":\"ReadAction\",\"target\":[\"https:\\\/\\\/folhapopular.info\\\/index.php\\\/2017\\\/07\\\/19\\\/assistencia-social-define-deliberacoes-para-conferencia-estadual\\\/\"]}]},{\"@type\":\"ImageObject\",\"inLanguage\":\"pt-BR\",\"@id\":\"https:\\\/\\\/folhapopular.info\\\/index.php\\\/2017\\\/07\\\/19\\\/assistencia-social-define-deliberacoes-para-conferencia-estadual\\\/#primaryimage\",\"url\":\"https:\\\/\\\/folhapopular.info\\\/wp-content\\\/uploads\\\/2017\\\/07\\\/Confer\u00eancia-de-Assist\u00eancia-Social-Priscila-Pilletti-2.jpg\",\"contentUrl\":\"https:\\\/\\\/folhapopular.info\\\/wp-content\\\/uploads\\\/2017\\\/07\\\/Confer\u00eancia-de-Assist\u00eancia-Social-Priscila-Pilletti-2.jpg\",\"width\":1000,\"height\":667,\"caption\":\"Grupo debateu e definiu algumas a\u00e7\u00f5es\\\/Cr\u00e9dito da foto: Priscila Pilletti\\\/Divulga\u00e7\u00e3o\"},{\"@type\":\"BreadcrumbList\",\"@id\":\"https:\\\/\\\/folhapopular.info\\\/index.php\\\/2017\\\/07\\\/19\\\/assistencia-social-define-deliberacoes-para-conferencia-estadual\\\/#breadcrumb\",\"itemListElement\":[{\"@type\":\"ListItem\",\"position\":1,\"name\":\"In\u00edcio\",\"item\":\"https:\\\/\\\/folhapopular.info\\\/\"},{\"@type\":\"ListItem\",\"position\":2,\"name\":\"Assist\u00eancia Social define delibera\u00e7\u00f5es para confer\u00eancia estadual\"}]},{\"@type\":\"WebSite\",\"@id\":\"https:\\\/\\\/folhapopular.info\\\/#website\",\"url\":\"https:\\\/\\\/folhapopular.info\\\/\",\"name\":\"Folha Popular\",\"description\":\"Onde voc\u00ea tem vez e voz\",\"potentialAction\":[{\"@type\":\"SearchAction\",\"target\":{\"@type\":\"EntryPoint\",\"urlTemplate\":\"https:\\\/\\\/folhapopular.info\\\/?s={search_term_string}\"},\"query-input\":{\"@type\":\"PropertyValueSpecification\",\"valueRequired\":true,\"valueName\":\"search_term_string\"}}],\"inLanguage\":\"pt-BR\"},{\"@type\":\"Person\",\"@id\":\"https:\\\/\\\/folhapopular.info\\\/#\\\/schema\\\/person\\\/2814e8a0df7643585a9ca38bc6eb9d4b\",\"name\":\"Reda\u00e7\u00e3o Folha Popular\",\"image\":{\"@type\":\"ImageObject\",\"inLanguage\":\"pt-BR\",\"@id\":\"https:\\\/\\\/folhapopular.info\\\/wp-content\\\/uploads\\\/2026\\\/04\\\/Folha-1.webp\",\"url\":\"https:\\\/\\\/folhapopular.info\\\/wp-content\\\/uploads\\\/2026\\\/04\\\/Folha-1.webp\",\"contentUrl\":\"https:\\\/\\\/folhapopular.info\\\/wp-content\\\/uploads\\\/2026\\\/04\\\/Folha-1.webp\",\"caption\":\"Reda\u00e7\u00e3o Folha Popular\"},\"url\":\"https:\\\/\\\/folhapopular.info\\\/index.php\\\/author\\\/redacao\\\/\"}]}<\/script>\n<!-- \/ Yoast SEO plugin. -->","yoast_head_json":{"title":"Assist\u00eancia Social define delibera\u00e7\u00f5es para confer\u00eancia estadual - Folha Popular","robots":{"index":"index","follow":"follow","max-snippet":"max-snippet:-1","max-image-preview":"max-image-preview:large","max-video-preview":"max-video-preview:-1"},"canonical":"https:\/\/folhapopular.info\/index.php\/2017\/07\/19\/assistencia-social-define-deliberacoes-para-conferencia-estadual\/","og_locale":"pt_BR","og_type":"article","og_title":"Assist\u00eancia Social define delibera\u00e7\u00f5es para confer\u00eancia estadual - Folha Popular","og_description":"A sexta-feira (14\/07) foi momento de ampliar a discuss\u00e3o sobre as pol\u00edticas assistenciais em Garibaldi. O audit\u00f3rio do CRAS \u2013 Centro de Refer\u00eancia de Assist\u00eancia Social recebeu representantes de diversas entidades, na 10\u00aa Confer\u00eancia Municipal de Assist\u00eancia Social. Com o tema \u201cGarantia de direito no fortalecimento do SUAS\u201d, o evento foi uma oportunidade de debate [&hellip;]","og_url":"https:\/\/folhapopular.info\/index.php\/2017\/07\/19\/assistencia-social-define-deliberacoes-para-conferencia-estadual\/","og_site_name":"Folha Popular","article_published_time":"2017-07-19T17:00:11+00:00","og_image":[{"width":1000,"height":667,"url":"https:\/\/folhapopular.info\/wp-content\/uploads\/2017\/07\/Confer\u00eancia-de-Assist\u00eancia-Social-Priscila-Pilletti-2.jpg","type":"image\/jpeg"}],"author":"Reda\u00e7\u00e3o Folha Popular","twitter_card":"summary_large_image","twitter_misc":{"Escrito por":"Reda\u00e7\u00e3o Folha Popular","Est. tempo de leitura":"3 minutos"},"schema":{"@context":"https:\/\/schema.org","@graph":[{"@type":"Article","@id":"https:\/\/folhapopular.info\/index.php\/2017\/07\/19\/assistencia-social-define-deliberacoes-para-conferencia-estadual\/#article","isPartOf":{"@id":"https:\/\/folhapopular.info\/index.php\/2017\/07\/19\/assistencia-social-define-deliberacoes-para-conferencia-estadual\/"},"author":{"name":"Reda\u00e7\u00e3o Folha Popular","@id":"https:\/\/folhapopular.info\/#\/schema\/person\/2814e8a0df7643585a9ca38bc6eb9d4b"},"headline":"Assist\u00eancia Social define delibera\u00e7\u00f5es para confer\u00eancia estadual","datePublished":"2017-07-19T17:00:11+00:00","mainEntityOfPage":{"@id":"https:\/\/folhapopular.info\/index.php\/2017\/07\/19\/assistencia-social-define-deliberacoes-para-conferencia-estadual\/"},"wordCount":550,"commentCount":0,"image":{"@id":"https:\/\/folhapopular.info\/index.php\/2017\/07\/19\/assistencia-social-define-deliberacoes-para-conferencia-estadual\/#primaryimage"},"thumbnailUrl":"https:\/\/folhapopular.info\/wp-content\/uploads\/2017\/07\/Confer\u00eancia-de-Assist\u00eancia-Social-Priscila-Pilletti-2.jpg","keywords":["Assist\u00eancia Social","Garibaldi","SUAS"],"articleSection":["Geral"],"inLanguage":"pt-BR","potentialAction":[{"@type":"CommentAction","name":"Comment","target":["https:\/\/folhapopular.info\/index.php\/2017\/07\/19\/assistencia-social-define-deliberacoes-para-conferencia-estadual\/#respond"]}]},{"@type":"WebPage","@id":"https:\/\/folhapopular.info\/index.php\/2017\/07\/19\/assistencia-social-define-deliberacoes-para-conferencia-estadual\/","url":"https:\/\/folhapopular.info\/index.php\/2017\/07\/19\/assistencia-social-define-deliberacoes-para-conferencia-estadual\/","name":"Assist\u00eancia Social define delibera\u00e7\u00f5es para confer\u00eancia estadual - Folha Popular","isPartOf":{"@id":"https:\/\/folhapopular.info\/#website"},"primaryImageOfPage":{"@id":"https:\/\/folhapopular.info\/index.php\/2017\/07\/19\/assistencia-social-define-deliberacoes-para-conferencia-estadual\/#primaryimage"},"image":{"@id":"https:\/\/folhapopular.info\/index.php\/2017\/07\/19\/assistencia-social-define-deliberacoes-para-conferencia-estadual\/#primaryimage"},"thumbnailUrl":"https:\/\/folhapopular.info\/wp-content\/uploads\/2017\/07\/Confer\u00eancia-de-Assist\u00eancia-Social-Priscila-Pilletti-2.jpg","datePublished":"2017-07-19T17:00:11+00:00","author":{"@id":"https:\/\/folhapopular.info\/#\/schema\/person\/2814e8a0df7643585a9ca38bc6eb9d4b"},"breadcrumb":{"@id":"https:\/\/folhapopular.info\/index.php\/2017\/07\/19\/assistencia-social-define-deliberacoes-para-conferencia-estadual\/#breadcrumb"},"inLanguage":"pt-BR","potentialAction":[{"@type":"ReadAction","target":["https:\/\/folhapopular.info\/index.php\/2017\/07\/19\/assistencia-social-define-deliberacoes-para-conferencia-estadual\/"]}]},{"@type":"ImageObject","inLanguage":"pt-BR","@id":"https:\/\/folhapopular.info\/index.php\/2017\/07\/19\/assistencia-social-define-deliberacoes-para-conferencia-estadual\/#primaryimage","url":"https:\/\/folhapopular.info\/wp-content\/uploads\/2017\/07\/Confer\u00eancia-de-Assist\u00eancia-Social-Priscila-Pilletti-2.jpg","contentUrl":"https:\/\/folhapopular.info\/wp-content\/uploads\/2017\/07\/Confer\u00eancia-de-Assist\u00eancia-Social-Priscila-Pilletti-2.jpg","width":1000,"height":667,"caption":"Grupo debateu e definiu algumas a\u00e7\u00f5es\/Cr\u00e9dito da foto: Priscila Pilletti\/Divulga\u00e7\u00e3o"},{"@type":"BreadcrumbList","@id":"https:\/\/folhapopular.info\/index.php\/2017\/07\/19\/assistencia-social-define-deliberacoes-para-conferencia-estadual\/#breadcrumb","itemListElement":[{"@type":"ListItem","position":1,"name":"In\u00edcio","item":"https:\/\/folhapopular.info\/"},{"@type":"ListItem","position":2,"name":"Assist\u00eancia Social define delibera\u00e7\u00f5es para confer\u00eancia estadual"}]},{"@type":"WebSite","@id":"https:\/\/folhapopular.info\/#website","url":"https:\/\/folhapopular.info\/","name":"Folha Popular","description":"Onde voc\u00ea tem vez e voz","potentialAction":[{"@type":"SearchAction","target":{"@type":"EntryPoint","urlTemplate":"https:\/\/folhapopular.info\/?s={search_term_string}"},"query-input":{"@type":"PropertyValueSpecification","valueRequired":true,"valueName":"search_term_string"}}],"inLanguage":"pt-BR"},{"@type":"Person","@id":"https:\/\/folhapopular.info\/#\/schema\/person\/2814e8a0df7643585a9ca38bc6eb9d4b","name":"Reda\u00e7\u00e3o Folha Popular","image":{"@type":"ImageObject","inLanguage":"pt-BR","@id":"https:\/\/folhapopular.info\/wp-content\/uploads\/2026\/04\/Folha-1.webp","url":"https:\/\/folhapopular.info\/wp-content\/uploads\/2026\/04\/Folha-1.webp","contentUrl":"https:\/\/folhapopular.info\/wp-content\/uploads\/2026\/04\/Folha-1.webp","caption":"Reda\u00e7\u00e3o Folha Popular"},"url":"https:\/\/folhapopular.info\/index.php\/author\/redacao\/"}]}},"jetpack_featured_media_url":"https:\/\/folhapopular.info\/wp-content\/uploads\/2017\/07\/Confer\u00eancia-de-Assist\u00eancia-Social-Priscila-Pilletti-2.jpg","jetpack_sharing_enabled":true,"amp_enabled":true,"_links":{"self":[{"href":"https:\/\/folhapopular.info\/index.php\/wp-json\/wp\/v2\/posts\/32684","targetHints":{"allow":["GET"]}}],"collection":[{"href":"https:\/\/folhapopular.info\/index.php\/wp-json\/wp\/v2\/posts"}],"about":[{"href":"https:\/\/folhapopular.info\/index.php\/wp-json\/wp\/v2\/types\/post"}],"author":[{"embeddable":true,"href":"https:\/\/folhapopular.info\/index.php\/wp-json\/wp\/v2\/users\/8"}],"replies":[{"embeddable":true,"href":"https:\/\/folhapopular.info\/index.php\/wp-json\/wp\/v2\/comments?post=32684"}],"version-history":[{"count":0,"href":"https:\/\/folhapopular.info\/index.php\/wp-json\/wp\/v2\/posts\/32684\/revisions"}],"wp:featuredmedia":[{"embeddable":true,"href":"https:\/\/folhapopular.info\/index.php\/wp-json\/wp\/v2\/media\/32685"}],"wp:attachment":[{"href":"https:\/\/folhapopular.info\/index.php\/wp-json\/wp\/v2\/media?parent=32684"}],"wp:term":[{"taxonomy":"category","embeddable":true,"href":"https:\/\/folhapopular.info\/index.php\/wp-json\/wp\/v2\/categories?post=32684"},{"taxonomy":"post_tag","embeddable":true,"href":"https:\/\/folhapopular.info\/index.php\/wp-json\/wp\/v2\/tags?post=32684"}],"curies":[{"name":"wp","href":"https:\/\/api.w.org\/{rel}","templated":true}]}}