{"id":32717,"date":"2017-07-20T12:00:16","date_gmt":"2017-07-20T15:00:16","guid":{"rendered":"http:\/\/folhapopular.info\/?p=32717"},"modified":"2017-07-20T13:33:47","modified_gmt":"2017-07-20T16:33:47","slug":"inscricoes-para-campeonato-municipal-de-campo-vao-ate-31-de-agosto","status":"publish","type":"post","link":"https:\/\/folhapopular.info\/index.php\/2017\/07\/20\/inscricoes-para-campeonato-municipal-de-campo-vao-ate-31-de-agosto\/","title":{"rendered":"Inscri\u00e7\u00f5es para Campeonato Municipal de Campo v\u00e3o at\u00e9 31 de agosto"},"content":{"rendered":"<p align=\"justify\">A Prefeitura de Garibaldi, por meio da Secretaria Municipal de Esportes e Lazer (SMEL), realizou na segunda-feira, dia 17, reuni\u00e3o com os integrantes das equipes interessadas em participar do Campeonato Municipal de Futebol de Campo.<\/p>\n<p align=\"justify\">Para a inscri\u00e7\u00e3o, \u00e9 preciso retirar a ficha junto \u00e0 SMEL at\u00e9 o dia 31 de agosto.\u00a0O in\u00edcio da competi\u00e7\u00e3o ficou definido para 17 de setembro, com a participa\u00e7\u00e3o das categorias Aspirante e Principal. At\u00e9 a reuni\u00e3o, havia seis equipes interessadas em cada categoria.<\/p>\n<p align=\"justify\">Podem participar do campeonato atletas naturais de Garibaldi, que comprovarem resid\u00eancia ou atividade profissional (carteira de trabalho, contrato de est\u00e1gio CIEE, registro de empresa ou declara\u00e7\u00e3o da empresa) no munic\u00edpio pelo prazo m\u00ednimo de seis meses. \u00c9 autorizada a participa\u00e7\u00e3o de quatro atletas de fora do munic\u00edpio.<\/p>\n<p align=\"justify\">Mais informa\u00e7\u00f5es podem ser obtidas pelo telefone (54) 3462-8269.<\/p>\n","protected":false},"excerpt":{"rendered":"<p>A Prefeitura de Garibaldi, por meio da Secretaria Municipal de Esportes e Lazer (SMEL), realizou na segunda-feira, dia 17, reuni\u00e3o com os integrantes das equipes interessadas em participar do Campeonato Municipal de Futebol de Campo. Para a inscri\u00e7\u00e3o, \u00e9 preciso retirar a ficha junto \u00e0 SMEL at\u00e9 o dia 31 de agosto.\u00a0O in\u00edcio da competi\u00e7\u00e3o [&hellip;]<\/p>\n","protected":false},"author":8,"featured_media":32718,"comment_status":"open","ping_status":"open","sticky":false,"template":"","format":"standard","meta":{"pmpro_default_level":"","_jetpack_memberships_contains_paid_content":false,"footnotes":""},"categories":[5,240],"tags":[499,498,28],"class_list":{"0":"post-32717","1":"post","2":"type-post","3":"status-publish","4":"format-standard","5":"has-post-thumbnail","7":"category-esportes","8":"category-futebol-amador","9":"tag-campeonato-municipal","10":"tag-futebol","11":"tag-garibaldi","12":"pmpro-has-access"},"yoast_head":"<!-- This site is optimized with the Yoast SEO plugin v27.5 - https:\/\/yoast.com\/product\/yoast-seo-wordpress\/ -->\n<title>Inscri\u00e7\u00f5es para Campeonato Municipal de Campo v\u00e3o at\u00e9 31 de agosto - Folha Popular<\/title>\n<meta name=\"robots\" content=\"index, follow, max-snippet:-1, max-image-preview:large, max-video-preview:-1\" \/>\n<link rel=\"canonical\" href=\"https:\/\/folhapopular.info\/index.php\/2017\/07\/20\/inscricoes-para-campeonato-municipal-de-campo-vao-ate-31-de-agosto\/\" \/>\n<meta property=\"og:locale\" content=\"pt_BR\" \/>\n<meta property=\"og:type\" content=\"article\" \/>\n<meta property=\"og:title\" content=\"Inscri\u00e7\u00f5es para Campeonato Municipal de Campo v\u00e3o at\u00e9 31 de agosto - Folha Popular\" \/>\n<meta property=\"og:description\" content=\"A Prefeitura de Garibaldi, por meio da Secretaria Municipal de Esportes e Lazer (SMEL), realizou na segunda-feira, dia 17, reuni\u00e3o com os integrantes das equipes interessadas em participar do Campeonato Municipal de Futebol de Campo. Para a inscri\u00e7\u00e3o, \u00e9 preciso retirar a ficha junto \u00e0 SMEL at\u00e9 o dia 31 de agosto.\u00a0O in\u00edcio da competi\u00e7\u00e3o [&hellip;]\" \/>\n<meta property=\"og:url\" content=\"https:\/\/folhapopular.info\/index.php\/2017\/07\/20\/inscricoes-para-campeonato-municipal-de-campo-vao-ate-31-de-agosto\/\" \/>\n<meta property=\"og:site_name\" content=\"Folha Popular\" \/>\n<meta property=\"article:published_time\" content=\"2017-07-20T15:00:16+00:00\" \/>\n<meta property=\"article:modified_time\" content=\"2017-07-20T16:33:47+00:00\" \/>\n<meta property=\"og:image\" content=\"https:\/\/folhapopular.info\/wp-content\/uploads\/2017\/07\/IMG_0493-1024x683.jpg\" \/>\n\t<meta property=\"og:image:width\" content=\"1024\" \/>\n\t<meta property=\"og:image:height\" content=\"683\" \/>\n\t<meta property=\"og:image:type\" content=\"image\/jpeg\" \/>\n<meta name=\"author\" content=\"Reda\u00e7\u00e3o Folha Popular\" \/>\n<meta name=\"twitter:card\" content=\"summary_large_image\" \/>\n<meta name=\"twitter:label1\" content=\"Escrito por\" \/>\n\t<meta name=\"twitter:data1\" content=\"Reda\u00e7\u00e3o Folha Popular\" \/>\n\t<meta name=\"twitter:label2\" content=\"Est. tempo de leitura\" \/>\n\t<meta name=\"twitter:data2\" content=\"1 minuto\" \/>\n<script type=\"application\/ld+json\" class=\"yoast-schema-graph\">{\"@context\":\"https:\\\/\\\/schema.org\",\"@graph\":[{\"@type\":\"Article\",\"@id\":\"https:\\\/\\\/folhapopular.info\\\/index.php\\\/2017\\\/07\\\/20\\\/inscricoes-para-campeonato-municipal-de-campo-vao-ate-31-de-agosto\\\/#article\",\"isPartOf\":{\"@id\":\"https:\\\/\\\/folhapopular.info\\\/index.php\\\/2017\\\/07\\\/20\\\/inscricoes-para-campeonato-municipal-de-campo-vao-ate-31-de-agosto\\\/\"},\"author\":{\"name\":\"Reda\u00e7\u00e3o Folha Popular\",\"@id\":\"https:\\\/\\\/folhapopular.info\\\/#\\\/schema\\\/person\\\/2814e8a0df7643585a9ca38bc6eb9d4b\"},\"headline\":\"Inscri\u00e7\u00f5es para Campeonato Municipal de Campo v\u00e3o at\u00e9 31 de agosto\",\"datePublished\":\"2017-07-20T15:00:16+00:00\",\"dateModified\":\"2017-07-20T16:33:47+00:00\",\"mainEntityOfPage\":{\"@id\":\"https:\\\/\\\/folhapopular.info\\\/index.php\\\/2017\\\/07\\\/20\\\/inscricoes-para-campeonato-municipal-de-campo-vao-ate-31-de-agosto\\\/\"},\"wordCount\":155,\"commentCount\":0,\"image\":{\"@id\":\"https:\\\/\\\/folhapopular.info\\\/index.php\\\/2017\\\/07\\\/20\\\/inscricoes-para-campeonato-municipal-de-campo-vao-ate-31-de-agosto\\\/#primaryimage\"},\"thumbnailUrl\":\"https:\\\/\\\/folhapopular.info\\\/wp-content\\\/uploads\\\/2017\\\/07\\\/IMG_0493.jpg\",\"keywords\":[\"Campeonato Municipal\",\"Futebol\",\"Garibaldi\"],\"articleSection\":[\"Esportes\",\"Futebol Amador\"],\"inLanguage\":\"pt-BR\",\"potentialAction\":[{\"@type\":\"CommentAction\",\"name\":\"Comment\",\"target\":[\"https:\\\/\\\/folhapopular.info\\\/index.php\\\/2017\\\/07\\\/20\\\/inscricoes-para-campeonato-municipal-de-campo-vao-ate-31-de-agosto\\\/#respond\"]}]},{\"@type\":\"WebPage\",\"@id\":\"https:\\\/\\\/folhapopular.info\\\/index.php\\\/2017\\\/07\\\/20\\\/inscricoes-para-campeonato-municipal-de-campo-vao-ate-31-de-agosto\\\/\",\"url\":\"https:\\\/\\\/folhapopular.info\\\/index.php\\\/2017\\\/07\\\/20\\\/inscricoes-para-campeonato-municipal-de-campo-vao-ate-31-de-agosto\\\/\",\"name\":\"Inscri\u00e7\u00f5es para Campeonato Municipal de Campo v\u00e3o at\u00e9 31 de agosto - Folha Popular\",\"isPartOf\":{\"@id\":\"https:\\\/\\\/folhapopular.info\\\/#website\"},\"primaryImageOfPage\":{\"@id\":\"https:\\\/\\\/folhapopular.info\\\/index.php\\\/2017\\\/07\\\/20\\\/inscricoes-para-campeonato-municipal-de-campo-vao-ate-31-de-agosto\\\/#primaryimage\"},\"image\":{\"@id\":\"https:\\\/\\\/folhapopular.info\\\/index.php\\\/2017\\\/07\\\/20\\\/inscricoes-para-campeonato-municipal-de-campo-vao-ate-31-de-agosto\\\/#primaryimage\"},\"thumbnailUrl\":\"https:\\\/\\\/folhapopular.info\\\/wp-content\\\/uploads\\\/2017\\\/07\\\/IMG_0493.jpg\",\"datePublished\":\"2017-07-20T15:00:16+00:00\",\"dateModified\":\"2017-07-20T16:33:47+00:00\",\"author\":{\"@id\":\"https:\\\/\\\/folhapopular.info\\\/#\\\/schema\\\/person\\\/2814e8a0df7643585a9ca38bc6eb9d4b\"},\"breadcrumb\":{\"@id\":\"https:\\\/\\\/folhapopular.info\\\/index.php\\\/2017\\\/07\\\/20\\\/inscricoes-para-campeonato-municipal-de-campo-vao-ate-31-de-agosto\\\/#breadcrumb\"},\"inLanguage\":\"pt-BR\",\"potentialAction\":[{\"@type\":\"ReadAction\",\"target\":[\"https:\\\/\\\/folhapopular.info\\\/index.php\\\/2017\\\/07\\\/20\\\/inscricoes-para-campeonato-municipal-de-campo-vao-ate-31-de-agosto\\\/\"]}]},{\"@type\":\"ImageObject\",\"inLanguage\":\"pt-BR\",\"@id\":\"https:\\\/\\\/folhapopular.info\\\/index.php\\\/2017\\\/07\\\/20\\\/inscricoes-para-campeonato-municipal-de-campo-vao-ate-31-de-agosto\\\/#primaryimage\",\"url\":\"https:\\\/\\\/folhapopular.info\\\/wp-content\\\/uploads\\\/2017\\\/07\\\/IMG_0493.jpg\",\"contentUrl\":\"https:\\\/\\\/folhapopular.info\\\/wp-content\\\/uploads\\\/2017\\\/07\\\/IMG_0493.jpg\",\"width\":2592,\"height\":1728,\"caption\":\"Competi\u00e7\u00e3o inicia em 17 de setembro\\\/Cr\u00e9dito da foto: Gabriele Baruffi\\\/Divulga\u00e7\u00e3o\"},{\"@type\":\"BreadcrumbList\",\"@id\":\"https:\\\/\\\/folhapopular.info\\\/index.php\\\/2017\\\/07\\\/20\\\/inscricoes-para-campeonato-municipal-de-campo-vao-ate-31-de-agosto\\\/#breadcrumb\",\"itemListElement\":[{\"@type\":\"ListItem\",\"position\":1,\"name\":\"In\u00edcio\",\"item\":\"https:\\\/\\\/folhapopular.info\\\/\"},{\"@type\":\"ListItem\",\"position\":2,\"name\":\"Inscri\u00e7\u00f5es para Campeonato Municipal de Campo v\u00e3o at\u00e9 31 de agosto\"}]},{\"@type\":\"WebSite\",\"@id\":\"https:\\\/\\\/folhapopular.info\\\/#website\",\"url\":\"https:\\\/\\\/folhapopular.info\\\/\",\"name\":\"Folha Popular\",\"description\":\"Onde voc\u00ea tem vez e voz\",\"potentialAction\":[{\"@type\":\"SearchAction\",\"target\":{\"@type\":\"EntryPoint\",\"urlTemplate\":\"https:\\\/\\\/folhapopular.info\\\/?s={search_term_string}\"},\"query-input\":{\"@type\":\"PropertyValueSpecification\",\"valueRequired\":true,\"valueName\":\"search_term_string\"}}],\"inLanguage\":\"pt-BR\"},{\"@type\":\"Person\",\"@id\":\"https:\\\/\\\/folhapopular.info\\\/#\\\/schema\\\/person\\\/2814e8a0df7643585a9ca38bc6eb9d4b\",\"name\":\"Reda\u00e7\u00e3o Folha Popular\",\"image\":{\"@type\":\"ImageObject\",\"inLanguage\":\"pt-BR\",\"@id\":\"https:\\\/\\\/folhapopular.info\\\/wp-content\\\/uploads\\\/2026\\\/04\\\/Folha-1.webp\",\"url\":\"https:\\\/\\\/folhapopular.info\\\/wp-content\\\/uploads\\\/2026\\\/04\\\/Folha-1.webp\",\"contentUrl\":\"https:\\\/\\\/folhapopular.info\\\/wp-content\\\/uploads\\\/2026\\\/04\\\/Folha-1.webp\",\"caption\":\"Reda\u00e7\u00e3o Folha Popular\"},\"url\":\"https:\\\/\\\/folhapopular.info\\\/index.php\\\/author\\\/redacao\\\/\"}]}<\/script>\n<!-- \/ Yoast SEO plugin. -->","yoast_head_json":{"title":"Inscri\u00e7\u00f5es para Campeonato Municipal de Campo v\u00e3o at\u00e9 31 de agosto - Folha Popular","robots":{"index":"index","follow":"follow","max-snippet":"max-snippet:-1","max-image-preview":"max-image-preview:large","max-video-preview":"max-video-preview:-1"},"canonical":"https:\/\/folhapopular.info\/index.php\/2017\/07\/20\/inscricoes-para-campeonato-municipal-de-campo-vao-ate-31-de-agosto\/","og_locale":"pt_BR","og_type":"article","og_title":"Inscri\u00e7\u00f5es para Campeonato Municipal de Campo v\u00e3o at\u00e9 31 de agosto - Folha Popular","og_description":"A Prefeitura de Garibaldi, por meio da Secretaria Municipal de Esportes e Lazer (SMEL), realizou na segunda-feira, dia 17, reuni\u00e3o com os integrantes das equipes interessadas em participar do Campeonato Municipal de Futebol de Campo. Para a inscri\u00e7\u00e3o, \u00e9 preciso retirar a ficha junto \u00e0 SMEL at\u00e9 o dia 31 de agosto.\u00a0O in\u00edcio da competi\u00e7\u00e3o [&hellip;]","og_url":"https:\/\/folhapopular.info\/index.php\/2017\/07\/20\/inscricoes-para-campeonato-municipal-de-campo-vao-ate-31-de-agosto\/","og_site_name":"Folha Popular","article_published_time":"2017-07-20T15:00:16+00:00","article_modified_time":"2017-07-20T16:33:47+00:00","og_image":[{"width":1024,"height":683,"url":"https:\/\/folhapopular.info\/wp-content\/uploads\/2017\/07\/IMG_0493-1024x683.jpg","type":"image\/jpeg"}],"author":"Reda\u00e7\u00e3o Folha Popular","twitter_card":"summary_large_image","twitter_misc":{"Escrito por":"Reda\u00e7\u00e3o Folha Popular","Est. tempo de leitura":"1 minuto"},"schema":{"@context":"https:\/\/schema.org","@graph":[{"@type":"Article","@id":"https:\/\/folhapopular.info\/index.php\/2017\/07\/20\/inscricoes-para-campeonato-municipal-de-campo-vao-ate-31-de-agosto\/#article","isPartOf":{"@id":"https:\/\/folhapopular.info\/index.php\/2017\/07\/20\/inscricoes-para-campeonato-municipal-de-campo-vao-ate-31-de-agosto\/"},"author":{"name":"Reda\u00e7\u00e3o Folha Popular","@id":"https:\/\/folhapopular.info\/#\/schema\/person\/2814e8a0df7643585a9ca38bc6eb9d4b"},"headline":"Inscri\u00e7\u00f5es para Campeonato Municipal de Campo v\u00e3o at\u00e9 31 de agosto","datePublished":"2017-07-20T15:00:16+00:00","dateModified":"2017-07-20T16:33:47+00:00","mainEntityOfPage":{"@id":"https:\/\/folhapopular.info\/index.php\/2017\/07\/20\/inscricoes-para-campeonato-municipal-de-campo-vao-ate-31-de-agosto\/"},"wordCount":155,"commentCount":0,"image":{"@id":"https:\/\/folhapopular.info\/index.php\/2017\/07\/20\/inscricoes-para-campeonato-municipal-de-campo-vao-ate-31-de-agosto\/#primaryimage"},"thumbnailUrl":"https:\/\/folhapopular.info\/wp-content\/uploads\/2017\/07\/IMG_0493.jpg","keywords":["Campeonato Municipal","Futebol","Garibaldi"],"articleSection":["Esportes","Futebol Amador"],"inLanguage":"pt-BR","potentialAction":[{"@type":"CommentAction","name":"Comment","target":["https:\/\/folhapopular.info\/index.php\/2017\/07\/20\/inscricoes-para-campeonato-municipal-de-campo-vao-ate-31-de-agosto\/#respond"]}]},{"@type":"WebPage","@id":"https:\/\/folhapopular.info\/index.php\/2017\/07\/20\/inscricoes-para-campeonato-municipal-de-campo-vao-ate-31-de-agosto\/","url":"https:\/\/folhapopular.info\/index.php\/2017\/07\/20\/inscricoes-para-campeonato-municipal-de-campo-vao-ate-31-de-agosto\/","name":"Inscri\u00e7\u00f5es para Campeonato Municipal de Campo v\u00e3o at\u00e9 31 de agosto - Folha Popular","isPartOf":{"@id":"https:\/\/folhapopular.info\/#website"},"primaryImageOfPage":{"@id":"https:\/\/folhapopular.info\/index.php\/2017\/07\/20\/inscricoes-para-campeonato-municipal-de-campo-vao-ate-31-de-agosto\/#primaryimage"},"image":{"@id":"https:\/\/folhapopular.info\/index.php\/2017\/07\/20\/inscricoes-para-campeonato-municipal-de-campo-vao-ate-31-de-agosto\/#primaryimage"},"thumbnailUrl":"https:\/\/folhapopular.info\/wp-content\/uploads\/2017\/07\/IMG_0493.jpg","datePublished":"2017-07-20T15:00:16+00:00","dateModified":"2017-07-20T16:33:47+00:00","author":{"@id":"https:\/\/folhapopular.info\/#\/schema\/person\/2814e8a0df7643585a9ca38bc6eb9d4b"},"breadcrumb":{"@id":"https:\/\/folhapopular.info\/index.php\/2017\/07\/20\/inscricoes-para-campeonato-municipal-de-campo-vao-ate-31-de-agosto\/#breadcrumb"},"inLanguage":"pt-BR","potentialAction":[{"@type":"ReadAction","target":["https:\/\/folhapopular.info\/index.php\/2017\/07\/20\/inscricoes-para-campeonato-municipal-de-campo-vao-ate-31-de-agosto\/"]}]},{"@type":"ImageObject","inLanguage":"pt-BR","@id":"https:\/\/folhapopular.info\/index.php\/2017\/07\/20\/inscricoes-para-campeonato-municipal-de-campo-vao-ate-31-de-agosto\/#primaryimage","url":"https:\/\/folhapopular.info\/wp-content\/uploads\/2017\/07\/IMG_0493.jpg","contentUrl":"https:\/\/folhapopular.info\/wp-content\/uploads\/2017\/07\/IMG_0493.jpg","width":2592,"height":1728,"caption":"Competi\u00e7\u00e3o inicia em 17 de setembro\/Cr\u00e9dito da foto: Gabriele Baruffi\/Divulga\u00e7\u00e3o"},{"@type":"BreadcrumbList","@id":"https:\/\/folhapopular.info\/index.php\/2017\/07\/20\/inscricoes-para-campeonato-municipal-de-campo-vao-ate-31-de-agosto\/#breadcrumb","itemListElement":[{"@type":"ListItem","position":1,"name":"In\u00edcio","item":"https:\/\/folhapopular.info\/"},{"@type":"ListItem","position":2,"name":"Inscri\u00e7\u00f5es para Campeonato Municipal de Campo v\u00e3o at\u00e9 31 de agosto"}]},{"@type":"WebSite","@id":"https:\/\/folhapopular.info\/#website","url":"https:\/\/folhapopular.info\/","name":"Folha Popular","description":"Onde voc\u00ea tem vez e voz","potentialAction":[{"@type":"SearchAction","target":{"@type":"EntryPoint","urlTemplate":"https:\/\/folhapopular.info\/?s={search_term_string}"},"query-input":{"@type":"PropertyValueSpecification","valueRequired":true,"valueName":"search_term_string"}}],"inLanguage":"pt-BR"},{"@type":"Person","@id":"https:\/\/folhapopular.info\/#\/schema\/person\/2814e8a0df7643585a9ca38bc6eb9d4b","name":"Reda\u00e7\u00e3o Folha Popular","image":{"@type":"ImageObject","inLanguage":"pt-BR","@id":"https:\/\/folhapopular.info\/wp-content\/uploads\/2026\/04\/Folha-1.webp","url":"https:\/\/folhapopular.info\/wp-content\/uploads\/2026\/04\/Folha-1.webp","contentUrl":"https:\/\/folhapopular.info\/wp-content\/uploads\/2026\/04\/Folha-1.webp","caption":"Reda\u00e7\u00e3o Folha Popular"},"url":"https:\/\/folhapopular.info\/index.php\/author\/redacao\/"}]}},"jetpack_featured_media_url":"https:\/\/folhapopular.info\/wp-content\/uploads\/2017\/07\/IMG_0493.jpg","jetpack_sharing_enabled":true,"amp_enabled":true,"_links":{"self":[{"href":"https:\/\/folhapopular.info\/index.php\/wp-json\/wp\/v2\/posts\/32717","targetHints":{"allow":["GET"]}}],"collection":[{"href":"https:\/\/folhapopular.info\/index.php\/wp-json\/wp\/v2\/posts"}],"about":[{"href":"https:\/\/folhapopular.info\/index.php\/wp-json\/wp\/v2\/types\/post"}],"author":[{"embeddable":true,"href":"https:\/\/folhapopular.info\/index.php\/wp-json\/wp\/v2\/users\/8"}],"replies":[{"embeddable":true,"href":"https:\/\/folhapopular.info\/index.php\/wp-json\/wp\/v2\/comments?post=32717"}],"version-history":[{"count":0,"href":"https:\/\/folhapopular.info\/index.php\/wp-json\/wp\/v2\/posts\/32717\/revisions"}],"wp:featuredmedia":[{"embeddable":true,"href":"https:\/\/folhapopular.info\/index.php\/wp-json\/wp\/v2\/media\/32718"}],"wp:attachment":[{"href":"https:\/\/folhapopular.info\/index.php\/wp-json\/wp\/v2\/media?parent=32717"}],"wp:term":[{"taxonomy":"category","embeddable":true,"href":"https:\/\/folhapopular.info\/index.php\/wp-json\/wp\/v2\/categories?post=32717"},{"taxonomy":"post_tag","embeddable":true,"href":"https:\/\/folhapopular.info\/index.php\/wp-json\/wp\/v2\/tags?post=32717"}],"curies":[{"name":"wp","href":"https:\/\/api.w.org\/{rel}","templated":true}]}}