{"id":33593,"date":"2017-08-08T09:56:02","date_gmt":"2017-08-08T12:56:02","guid":{"rendered":"http:\/\/folhapopular.info\/?p=33593"},"modified":"2017-08-08T09:56:02","modified_gmt":"2017-08-08T12:56:02","slug":"em-lajeado-ministro-do-trabalho-defende-que-reforma-trabalhista-preserva-direitos","status":"publish","type":"post","link":"https:\/\/folhapopular.info\/index.php\/2017\/08\/08\/em-lajeado-ministro-do-trabalho-defende-que-reforma-trabalhista-preserva-direitos\/","title":{"rendered":"Em Lajeado, Ministro do Trabalho defende que Reforma Trabalhista preserva direitos"},"content":{"rendered":"<p>&#8220;N\u00e3o tem como manter a contribui\u00e7\u00e3o de impostos se n\u00e3o houver empreendedores. N\u00e3o haver\u00e1 empregos se n\u00e3o houver empresas. A moderniza\u00e7\u00e3o da legisla\u00e7\u00e3o trabalhista foi constru\u00edda com muito di\u00e1logo. O Brasil n\u00e3o podia esperar mais. N\u00f3s precisamos unir o Brasil.&#8221; Estas afirma\u00e7\u00f5es foram feitas pelo ministro do Trabalho, Ronaldo Nogueira, que palestrou na reuni\u00e3o-almo\u00e7o (RA) desta segunda-feira (07.08) promovida pelo F\u00f3rum das Entidades Empresariais e Sociais de Lajeado. A exposi\u00e7\u00e3o, intitulada &#8220;Moderniza\u00e7\u00e3o Trabalhista e Seguran\u00e7a Jur\u00eddica&#8221;, teve a presen\u00e7a de cerca de 150 lideran\u00e7as empresariais, comunit\u00e1rias e pol\u00edticas.<\/p>\n<p>De acordo com Nogueira, a moderniza\u00e7\u00e3o da legisla\u00e7\u00e3o do trabalho foi ancorada em tr\u00eas eixos. S\u00e3o eles: &#8220;consolida\u00e7\u00e3o de direitos&#8221;, que afirma que est\u00e3o consolidados todos os direitos trabalhistas especificados no Artigo 7, da Constitui\u00e7\u00e3o Federal, como, por exemplo, jornada de trabalho, descanso remunerado, f\u00e9rias, d\u00e9cimo-terceiro, vale-transporte e vale-refei\u00e7\u00e3o. Em seguida, vem o &#8220;prestigio da conven\u00e7\u00e3o coletiva&#8221; que dar\u00e1 a esta a for\u00e7a de lei para deliberar sobre determinados itens que est\u00e3o especificados na lei. Por \u00faltimo, a &#8220;gera\u00e7\u00e3o de empregos&#8221;, que projeta que \u2013 nos pr\u00f3ximos dois anos \u2013 com a moderniza\u00e7\u00e3o dos contratos de trabalho, o Brasil ter\u00e1 a gera\u00e7\u00e3o em torno de 2 milh\u00f5es de novos postos de trabalho. &#8220;A legisla\u00e7\u00e3o trabalhista foi modernizada ap\u00f3s um amplo di\u00e1logo em que representantes, tanto dos trabalhadores como dos empregadores, foram ouvidos pelo governo no final do ano passado. Pessoalmente, visitei todas as confedera\u00e7\u00f5es, federa\u00e7\u00f5es e sindicatos ligados a todas as centrais reconhecidas ou n\u00e3o,&#8221; defendeu.<\/p>\n<figure id=\"attachment_33605\" aria-describedby=\"caption-attachment-33605\" style=\"width: 300px\" class=\"wp-caption alignleft\"><img loading=\"lazy\" decoding=\"async\" class=\"size-medium wp-image-33605\" src=\"https:\/\/folhapopular.info\/wp-content\/uploads\/2017\/08\/Nogueira-mostrou-otimismo-com-os-benef\u00edcios-da-moderniza\u00e7\u00e3o-trabalhista-Cr\u00e9dito-Priscila-Rodrigues-300x199.jpg\" alt=\"\" width=\"300\" height=\"199\" \/><figcaption id=\"caption-attachment-33605\" class=\"wp-caption-text\">Nogueira mostrou otimismo com os benef\u00edcios da moderniza\u00e7\u00e3o trabalhista\/Cr\u00e9dito da foto: Priscila Rodrigues\/Divulga\u00e7\u00e3o<\/figcaption><\/figure>\n<p>Nogueira reafirmou a necessidade de o Brasil contar com uma legisla\u00e7\u00e3o trabalhista que d\u00ea seguran\u00e7a jur\u00eddica a trabalhadores e a pequenos empreendedores. &#8220;Dos 39 milh\u00f5es de empregos formais existentes no Brasil, 85% s\u00e3o proporcionados por micro e pequenos empres\u00e1rios. \u00c0s vezes, s\u00e3o micro e pequenas empresas que geram cinco empregos. \u00c9 o pequeno empreendedor que paga aluguel, pois n\u00e3o tem casa pr\u00f3pria para morar, cujos filhos estudam em escola p\u00fablica, que est\u00e1 gerando emprego. Precisamos de uma legisla\u00e7\u00e3o trabalhista que traga seguran\u00e7a jur\u00eddica para esse empreendedor&#8221;, afirmou.<\/p>\n<p>Nogueira afirma que a rela\u00e7\u00e3o entre empregadores e colaboradores mudou. N\u00e3o existe mais a tese patr\u00e3o-empregado e sim parceiros de um neg\u00f3cio, onde ambos s\u00e3o vistos como usufrutu\u00e1rios do capital.\u00a0\u201cO capitalismo para, o s\u00e9culo IXX, foi importante. Por\u00e9m, n\u00e3o d\u00e1 para querermos resolver os problemas do s\u00e9culo XXI com as solu\u00e7\u00f5es do s\u00e9culo IXX. Tamb\u00e9m n\u00e3o d\u00e1 para voc\u00ea ficar com os p\u00e9s no s\u00e9culo XXI e a cabe\u00e7a no s\u00e9culo IXX. Precisamos oportunizar a modernidade e as condi\u00e7\u00f5es de nos ajustarmos conforme as oportunidades que a pr\u00f3pria modernidade oferece. Precisamos oferecer trabalhos conforme a realidade de hoje,&#8221; frisa.<\/p>\n<p>&nbsp;<\/p>\n<p>O F\u00f3rum das Entidades, promotor da RA, \u00e9 formado pela Acil, Associa\u00e7\u00e3o Lajeadense Pr\u00f3-Seguran\u00e7a P\u00fablica (Alsepro), Associa\u00e7\u00e3o das Empresas de Servi\u00e7os Cont\u00e1beis, Assessoramento, Per\u00edcias, Informa\u00e7\u00f5es e Pesquisas do Vale do Taquari (Aescon VT), C\u00e2mara de Dirigentes Lojistas (CDL) Lajeado, C\u00e2mara de Ind\u00fastria, Com\u00e9rcio e Servi\u00e7os (CIC) do Vale do Taquari, Conselho Regional de Engenharia e Agronomia (CREA), Junior Chamber International (JCI) Lajeado, N\u00facleo de Arquitetos do Empreender\/Acil, Observat\u00f3rio Social (OS) Lajeado, Ordem dos Advogados do Brasil (OAB Lajeado), Sindicato do Com\u00e9rcio Varejista do Vale do Taquari (Sindilojas VT), Sindicato dos Contadores e T\u00e9cnicos em Contabilidade do Vale do Taquari (Sincovat), Sindicato da Ind\u00fastria da Constru\u00e7\u00e3o Civil e Similares do Vale do Taquari (Sinduscom VT) e Sociedade dos Arquitetos e Engenheiros do Vale do Taquari (Seavat).<\/p>\n<p>A RA foi realizada pela Acil com o apoio de Bebidas Fruki, BRDE, Excellence Gar\u00e7ons, Floricultura Flores e Flores, Lyall Construtora e Incorporadora, MSommer Produ\u00e7\u00f5es, Olicenter Inform\u00e1tica, Sorvebom e T\u00eaxtil Home.<\/p>\n","protected":false},"excerpt":{"rendered":"<p>&#8220;N\u00e3o tem como manter a contribui\u00e7\u00e3o de impostos se n\u00e3o houver empreendedores. N\u00e3o haver\u00e1 empregos se n\u00e3o houver empresas. A moderniza\u00e7\u00e3o da legisla\u00e7\u00e3o trabalhista foi constru\u00edda com muito di\u00e1logo. O Brasil n\u00e3o podia esperar mais. N\u00f3s precisamos unir o Brasil.&#8221; Estas afirma\u00e7\u00f5es foram feitas pelo ministro do Trabalho, Ronaldo Nogueira, que palestrou na reuni\u00e3o-almo\u00e7o (RA) [&hellip;]<\/p>\n","protected":false},"author":8,"featured_media":33604,"comment_status":"open","ping_status":"open","sticky":false,"template":"","format":"standard","meta":{"pmpro_default_level":"","_jetpack_memberships_contains_paid_content":false,"footnotes":""},"categories":[2,3],"tags":[214,733,27,732,734],"class_list":{"0":"post-33593","1":"post","2":"type-post","3":"status-publish","4":"format-standard","5":"has-post-thumbnail","7":"category-featured","8":"category-geral","9":"tag-acil","10":"tag-forum-das-entidades","11":"tag-lajeado","12":"tag-reforma-trabalhista","13":"tag-ronaldo-nogueira","14":"pmpro-has-access"},"yoast_head":"<!-- This site is optimized with the Yoast SEO plugin v27.5 - https:\/\/yoast.com\/product\/yoast-seo-wordpress\/ -->\n<title>Em Lajeado, Ministro do Trabalho defende que Reforma Trabalhista preserva direitos - Folha Popular<\/title>\n<meta name=\"robots\" content=\"index, follow, max-snippet:-1, max-image-preview:large, max-video-preview:-1\" \/>\n<link rel=\"canonical\" href=\"https:\/\/folhapopular.info\/index.php\/2017\/08\/08\/em-lajeado-ministro-do-trabalho-defende-que-reforma-trabalhista-preserva-direitos\/\" \/>\n<meta property=\"og:locale\" content=\"pt_BR\" \/>\n<meta property=\"og:type\" content=\"article\" \/>\n<meta property=\"og:title\" content=\"Em Lajeado, Ministro do Trabalho defende que Reforma Trabalhista preserva direitos - Folha Popular\" \/>\n<meta property=\"og:description\" content=\"&#8220;N\u00e3o tem como manter a contribui\u00e7\u00e3o de impostos se n\u00e3o houver empreendedores. N\u00e3o haver\u00e1 empregos se n\u00e3o houver empresas. A moderniza\u00e7\u00e3o da legisla\u00e7\u00e3o trabalhista foi constru\u00edda com muito di\u00e1logo. O Brasil n\u00e3o podia esperar mais. N\u00f3s precisamos unir o Brasil.&#8221; Estas afirma\u00e7\u00f5es foram feitas pelo ministro do Trabalho, Ronaldo Nogueira, que palestrou na reuni\u00e3o-almo\u00e7o (RA) [&hellip;]\" \/>\n<meta property=\"og:url\" content=\"https:\/\/folhapopular.info\/index.php\/2017\/08\/08\/em-lajeado-ministro-do-trabalho-defende-que-reforma-trabalhista-preserva-direitos\/\" \/>\n<meta property=\"og:site_name\" content=\"Folha Popular\" \/>\n<meta property=\"article:published_time\" content=\"2017-08-08T12:56:02+00:00\" \/>\n<meta property=\"og:image\" content=\"https:\/\/folhapopular.info\/wp-content\/uploads\/2017\/08\/Cerca-de-150-lideran\u00e7as-participaram-da-RA-Cr\u00e9dito-Priscila-Rodrigues-e1502196849400.jpg\" \/>\n\t<meta property=\"og:image:width\" content=\"1000\" \/>\n\t<meta property=\"og:image:height\" content=\"638\" \/>\n\t<meta property=\"og:image:type\" content=\"image\/jpeg\" \/>\n<meta name=\"author\" content=\"Reda\u00e7\u00e3o Folha Popular\" \/>\n<meta name=\"twitter:card\" content=\"summary_large_image\" \/>\n<meta name=\"twitter:label1\" content=\"Escrito por\" \/>\n\t<meta name=\"twitter:data1\" content=\"Reda\u00e7\u00e3o Folha Popular\" \/>\n\t<meta name=\"twitter:label2\" content=\"Est. tempo de leitura\" \/>\n\t<meta name=\"twitter:data2\" content=\"4 minutos\" \/>\n<script type=\"application\/ld+json\" class=\"yoast-schema-graph\">{\"@context\":\"https:\\\/\\\/schema.org\",\"@graph\":[{\"@type\":\"Article\",\"@id\":\"https:\\\/\\\/folhapopular.info\\\/index.php\\\/2017\\\/08\\\/08\\\/em-lajeado-ministro-do-trabalho-defende-que-reforma-trabalhista-preserva-direitos\\\/#article\",\"isPartOf\":{\"@id\":\"https:\\\/\\\/folhapopular.info\\\/index.php\\\/2017\\\/08\\\/08\\\/em-lajeado-ministro-do-trabalho-defende-que-reforma-trabalhista-preserva-direitos\\\/\"},\"author\":{\"name\":\"Reda\u00e7\u00e3o Folha Popular\",\"@id\":\"https:\\\/\\\/folhapopular.info\\\/#\\\/schema\\\/person\\\/2814e8a0df7643585a9ca38bc6eb9d4b\"},\"headline\":\"Em Lajeado, Ministro do Trabalho defende que Reforma Trabalhista preserva direitos\",\"datePublished\":\"2017-08-08T12:56:02+00:00\",\"mainEntityOfPage\":{\"@id\":\"https:\\\/\\\/folhapopular.info\\\/index.php\\\/2017\\\/08\\\/08\\\/em-lajeado-ministro-do-trabalho-defende-que-reforma-trabalhista-preserva-direitos\\\/\"},\"wordCount\":721,\"commentCount\":0,\"image\":{\"@id\":\"https:\\\/\\\/folhapopular.info\\\/index.php\\\/2017\\\/08\\\/08\\\/em-lajeado-ministro-do-trabalho-defende-que-reforma-trabalhista-preserva-direitos\\\/#primaryimage\"},\"thumbnailUrl\":\"https:\\\/\\\/folhapopular.info\\\/wp-content\\\/uploads\\\/2017\\\/08\\\/Cerca-de-150-lideran\u00e7as-participaram-da-RA-Cr\u00e9dito-Priscila-Rodrigues-e1502196849400.jpg\",\"keywords\":[\"Acil\",\"F\u00f3rum das Entidades\",\"Lajeado\",\"Reforma Trabalhista\",\"Ronaldo Nogueira\"],\"articleSection\":[\"Destaques\",\"Geral\"],\"inLanguage\":\"pt-BR\",\"potentialAction\":[{\"@type\":\"CommentAction\",\"name\":\"Comment\",\"target\":[\"https:\\\/\\\/folhapopular.info\\\/index.php\\\/2017\\\/08\\\/08\\\/em-lajeado-ministro-do-trabalho-defende-que-reforma-trabalhista-preserva-direitos\\\/#respond\"]}]},{\"@type\":\"WebPage\",\"@id\":\"https:\\\/\\\/folhapopular.info\\\/index.php\\\/2017\\\/08\\\/08\\\/em-lajeado-ministro-do-trabalho-defende-que-reforma-trabalhista-preserva-direitos\\\/\",\"url\":\"https:\\\/\\\/folhapopular.info\\\/index.php\\\/2017\\\/08\\\/08\\\/em-lajeado-ministro-do-trabalho-defende-que-reforma-trabalhista-preserva-direitos\\\/\",\"name\":\"Em Lajeado, Ministro do Trabalho defende que Reforma Trabalhista preserva direitos - Folha Popular\",\"isPartOf\":{\"@id\":\"https:\\\/\\\/folhapopular.info\\\/#website\"},\"primaryImageOfPage\":{\"@id\":\"https:\\\/\\\/folhapopular.info\\\/index.php\\\/2017\\\/08\\\/08\\\/em-lajeado-ministro-do-trabalho-defende-que-reforma-trabalhista-preserva-direitos\\\/#primaryimage\"},\"image\":{\"@id\":\"https:\\\/\\\/folhapopular.info\\\/index.php\\\/2017\\\/08\\\/08\\\/em-lajeado-ministro-do-trabalho-defende-que-reforma-trabalhista-preserva-direitos\\\/#primaryimage\"},\"thumbnailUrl\":\"https:\\\/\\\/folhapopular.info\\\/wp-content\\\/uploads\\\/2017\\\/08\\\/Cerca-de-150-lideran\u00e7as-participaram-da-RA-Cr\u00e9dito-Priscila-Rodrigues-e1502196849400.jpg\",\"datePublished\":\"2017-08-08T12:56:02+00:00\",\"author\":{\"@id\":\"https:\\\/\\\/folhapopular.info\\\/#\\\/schema\\\/person\\\/2814e8a0df7643585a9ca38bc6eb9d4b\"},\"breadcrumb\":{\"@id\":\"https:\\\/\\\/folhapopular.info\\\/index.php\\\/2017\\\/08\\\/08\\\/em-lajeado-ministro-do-trabalho-defende-que-reforma-trabalhista-preserva-direitos\\\/#breadcrumb\"},\"inLanguage\":\"pt-BR\",\"potentialAction\":[{\"@type\":\"ReadAction\",\"target\":[\"https:\\\/\\\/folhapopular.info\\\/index.php\\\/2017\\\/08\\\/08\\\/em-lajeado-ministro-do-trabalho-defende-que-reforma-trabalhista-preserva-direitos\\\/\"]}]},{\"@type\":\"ImageObject\",\"inLanguage\":\"pt-BR\",\"@id\":\"https:\\\/\\\/folhapopular.info\\\/index.php\\\/2017\\\/08\\\/08\\\/em-lajeado-ministro-do-trabalho-defende-que-reforma-trabalhista-preserva-direitos\\\/#primaryimage\",\"url\":\"https:\\\/\\\/folhapopular.info\\\/wp-content\\\/uploads\\\/2017\\\/08\\\/Cerca-de-150-lideran\u00e7as-participaram-da-RA-Cr\u00e9dito-Priscila-Rodrigues-e1502196849400.jpg\",\"contentUrl\":\"https:\\\/\\\/folhapopular.info\\\/wp-content\\\/uploads\\\/2017\\\/08\\\/Cerca-de-150-lideran\u00e7as-participaram-da-RA-Cr\u00e9dito-Priscila-Rodrigues-e1502196849400.jpg\",\"width\":1000,\"height\":638,\"caption\":\"Cerca de 150 lideran\u00e7as participaram da RA\\\/Cr\u00e9dito da foto: Priscila Rodrigues\\\/Divulga\u00e7\u00e3o\"},{\"@type\":\"BreadcrumbList\",\"@id\":\"https:\\\/\\\/folhapopular.info\\\/index.php\\\/2017\\\/08\\\/08\\\/em-lajeado-ministro-do-trabalho-defende-que-reforma-trabalhista-preserva-direitos\\\/#breadcrumb\",\"itemListElement\":[{\"@type\":\"ListItem\",\"position\":1,\"name\":\"In\u00edcio\",\"item\":\"https:\\\/\\\/folhapopular.info\\\/\"},{\"@type\":\"ListItem\",\"position\":2,\"name\":\"Em Lajeado, Ministro do Trabalho defende que Reforma Trabalhista preserva direitos\"}]},{\"@type\":\"WebSite\",\"@id\":\"https:\\\/\\\/folhapopular.info\\\/#website\",\"url\":\"https:\\\/\\\/folhapopular.info\\\/\",\"name\":\"Folha Popular\",\"description\":\"Onde voc\u00ea tem vez e voz\",\"potentialAction\":[{\"@type\":\"SearchAction\",\"target\":{\"@type\":\"EntryPoint\",\"urlTemplate\":\"https:\\\/\\\/folhapopular.info\\\/?s={search_term_string}\"},\"query-input\":{\"@type\":\"PropertyValueSpecification\",\"valueRequired\":true,\"valueName\":\"search_term_string\"}}],\"inLanguage\":\"pt-BR\"},{\"@type\":\"Person\",\"@id\":\"https:\\\/\\\/folhapopular.info\\\/#\\\/schema\\\/person\\\/2814e8a0df7643585a9ca38bc6eb9d4b\",\"name\":\"Reda\u00e7\u00e3o Folha Popular\",\"image\":{\"@type\":\"ImageObject\",\"inLanguage\":\"pt-BR\",\"@id\":\"https:\\\/\\\/folhapopular.info\\\/wp-content\\\/uploads\\\/2026\\\/04\\\/Folha-1.webp\",\"url\":\"https:\\\/\\\/folhapopular.info\\\/wp-content\\\/uploads\\\/2026\\\/04\\\/Folha-1.webp\",\"contentUrl\":\"https:\\\/\\\/folhapopular.info\\\/wp-content\\\/uploads\\\/2026\\\/04\\\/Folha-1.webp\",\"caption\":\"Reda\u00e7\u00e3o Folha Popular\"},\"url\":\"https:\\\/\\\/folhapopular.info\\\/index.php\\\/author\\\/redacao\\\/\"}]}<\/script>\n<!-- \/ Yoast SEO plugin. -->","yoast_head_json":{"title":"Em Lajeado, Ministro do Trabalho defende que Reforma Trabalhista preserva direitos - Folha Popular","robots":{"index":"index","follow":"follow","max-snippet":"max-snippet:-1","max-image-preview":"max-image-preview:large","max-video-preview":"max-video-preview:-1"},"canonical":"https:\/\/folhapopular.info\/index.php\/2017\/08\/08\/em-lajeado-ministro-do-trabalho-defende-que-reforma-trabalhista-preserva-direitos\/","og_locale":"pt_BR","og_type":"article","og_title":"Em Lajeado, Ministro do Trabalho defende que Reforma Trabalhista preserva direitos - Folha Popular","og_description":"&#8220;N\u00e3o tem como manter a contribui\u00e7\u00e3o de impostos se n\u00e3o houver empreendedores. N\u00e3o haver\u00e1 empregos se n\u00e3o houver empresas. A moderniza\u00e7\u00e3o da legisla\u00e7\u00e3o trabalhista foi constru\u00edda com muito di\u00e1logo. O Brasil n\u00e3o podia esperar mais. N\u00f3s precisamos unir o Brasil.&#8221; Estas afirma\u00e7\u00f5es foram feitas pelo ministro do Trabalho, Ronaldo Nogueira, que palestrou na reuni\u00e3o-almo\u00e7o (RA) [&hellip;]","og_url":"https:\/\/folhapopular.info\/index.php\/2017\/08\/08\/em-lajeado-ministro-do-trabalho-defende-que-reforma-trabalhista-preserva-direitos\/","og_site_name":"Folha Popular","article_published_time":"2017-08-08T12:56:02+00:00","og_image":[{"width":1000,"height":638,"url":"https:\/\/folhapopular.info\/wp-content\/uploads\/2017\/08\/Cerca-de-150-lideran\u00e7as-participaram-da-RA-Cr\u00e9dito-Priscila-Rodrigues-e1502196849400.jpg","type":"image\/jpeg"}],"author":"Reda\u00e7\u00e3o Folha Popular","twitter_card":"summary_large_image","twitter_misc":{"Escrito por":"Reda\u00e7\u00e3o Folha Popular","Est. tempo de leitura":"4 minutos"},"schema":{"@context":"https:\/\/schema.org","@graph":[{"@type":"Article","@id":"https:\/\/folhapopular.info\/index.php\/2017\/08\/08\/em-lajeado-ministro-do-trabalho-defende-que-reforma-trabalhista-preserva-direitos\/#article","isPartOf":{"@id":"https:\/\/folhapopular.info\/index.php\/2017\/08\/08\/em-lajeado-ministro-do-trabalho-defende-que-reforma-trabalhista-preserva-direitos\/"},"author":{"name":"Reda\u00e7\u00e3o Folha Popular","@id":"https:\/\/folhapopular.info\/#\/schema\/person\/2814e8a0df7643585a9ca38bc6eb9d4b"},"headline":"Em Lajeado, Ministro do Trabalho defende que Reforma Trabalhista preserva direitos","datePublished":"2017-08-08T12:56:02+00:00","mainEntityOfPage":{"@id":"https:\/\/folhapopular.info\/index.php\/2017\/08\/08\/em-lajeado-ministro-do-trabalho-defende-que-reforma-trabalhista-preserva-direitos\/"},"wordCount":721,"commentCount":0,"image":{"@id":"https:\/\/folhapopular.info\/index.php\/2017\/08\/08\/em-lajeado-ministro-do-trabalho-defende-que-reforma-trabalhista-preserva-direitos\/#primaryimage"},"thumbnailUrl":"https:\/\/folhapopular.info\/wp-content\/uploads\/2017\/08\/Cerca-de-150-lideran\u00e7as-participaram-da-RA-Cr\u00e9dito-Priscila-Rodrigues-e1502196849400.jpg","keywords":["Acil","F\u00f3rum das Entidades","Lajeado","Reforma Trabalhista","Ronaldo Nogueira"],"articleSection":["Destaques","Geral"],"inLanguage":"pt-BR","potentialAction":[{"@type":"CommentAction","name":"Comment","target":["https:\/\/folhapopular.info\/index.php\/2017\/08\/08\/em-lajeado-ministro-do-trabalho-defende-que-reforma-trabalhista-preserva-direitos\/#respond"]}]},{"@type":"WebPage","@id":"https:\/\/folhapopular.info\/index.php\/2017\/08\/08\/em-lajeado-ministro-do-trabalho-defende-que-reforma-trabalhista-preserva-direitos\/","url":"https:\/\/folhapopular.info\/index.php\/2017\/08\/08\/em-lajeado-ministro-do-trabalho-defende-que-reforma-trabalhista-preserva-direitos\/","name":"Em Lajeado, Ministro do Trabalho defende que Reforma Trabalhista preserva direitos - Folha Popular","isPartOf":{"@id":"https:\/\/folhapopular.info\/#website"},"primaryImageOfPage":{"@id":"https:\/\/folhapopular.info\/index.php\/2017\/08\/08\/em-lajeado-ministro-do-trabalho-defende-que-reforma-trabalhista-preserva-direitos\/#primaryimage"},"image":{"@id":"https:\/\/folhapopular.info\/index.php\/2017\/08\/08\/em-lajeado-ministro-do-trabalho-defende-que-reforma-trabalhista-preserva-direitos\/#primaryimage"},"thumbnailUrl":"https:\/\/folhapopular.info\/wp-content\/uploads\/2017\/08\/Cerca-de-150-lideran\u00e7as-participaram-da-RA-Cr\u00e9dito-Priscila-Rodrigues-e1502196849400.jpg","datePublished":"2017-08-08T12:56:02+00:00","author":{"@id":"https:\/\/folhapopular.info\/#\/schema\/person\/2814e8a0df7643585a9ca38bc6eb9d4b"},"breadcrumb":{"@id":"https:\/\/folhapopular.info\/index.php\/2017\/08\/08\/em-lajeado-ministro-do-trabalho-defende-que-reforma-trabalhista-preserva-direitos\/#breadcrumb"},"inLanguage":"pt-BR","potentialAction":[{"@type":"ReadAction","target":["https:\/\/folhapopular.info\/index.php\/2017\/08\/08\/em-lajeado-ministro-do-trabalho-defende-que-reforma-trabalhista-preserva-direitos\/"]}]},{"@type":"ImageObject","inLanguage":"pt-BR","@id":"https:\/\/folhapopular.info\/index.php\/2017\/08\/08\/em-lajeado-ministro-do-trabalho-defende-que-reforma-trabalhista-preserva-direitos\/#primaryimage","url":"https:\/\/folhapopular.info\/wp-content\/uploads\/2017\/08\/Cerca-de-150-lideran\u00e7as-participaram-da-RA-Cr\u00e9dito-Priscila-Rodrigues-e1502196849400.jpg","contentUrl":"https:\/\/folhapopular.info\/wp-content\/uploads\/2017\/08\/Cerca-de-150-lideran\u00e7as-participaram-da-RA-Cr\u00e9dito-Priscila-Rodrigues-e1502196849400.jpg","width":1000,"height":638,"caption":"Cerca de 150 lideran\u00e7as participaram da RA\/Cr\u00e9dito da foto: Priscila Rodrigues\/Divulga\u00e7\u00e3o"},{"@type":"BreadcrumbList","@id":"https:\/\/folhapopular.info\/index.php\/2017\/08\/08\/em-lajeado-ministro-do-trabalho-defende-que-reforma-trabalhista-preserva-direitos\/#breadcrumb","itemListElement":[{"@type":"ListItem","position":1,"name":"In\u00edcio","item":"https:\/\/folhapopular.info\/"},{"@type":"ListItem","position":2,"name":"Em Lajeado, Ministro do Trabalho defende que Reforma Trabalhista preserva direitos"}]},{"@type":"WebSite","@id":"https:\/\/folhapopular.info\/#website","url":"https:\/\/folhapopular.info\/","name":"Folha Popular","description":"Onde voc\u00ea tem vez e voz","potentialAction":[{"@type":"SearchAction","target":{"@type":"EntryPoint","urlTemplate":"https:\/\/folhapopular.info\/?s={search_term_string}"},"query-input":{"@type":"PropertyValueSpecification","valueRequired":true,"valueName":"search_term_string"}}],"inLanguage":"pt-BR"},{"@type":"Person","@id":"https:\/\/folhapopular.info\/#\/schema\/person\/2814e8a0df7643585a9ca38bc6eb9d4b","name":"Reda\u00e7\u00e3o Folha Popular","image":{"@type":"ImageObject","inLanguage":"pt-BR","@id":"https:\/\/folhapopular.info\/wp-content\/uploads\/2026\/04\/Folha-1.webp","url":"https:\/\/folhapopular.info\/wp-content\/uploads\/2026\/04\/Folha-1.webp","contentUrl":"https:\/\/folhapopular.info\/wp-content\/uploads\/2026\/04\/Folha-1.webp","caption":"Reda\u00e7\u00e3o Folha Popular"},"url":"https:\/\/folhapopular.info\/index.php\/author\/redacao\/"}]}},"jetpack_featured_media_url":"https:\/\/folhapopular.info\/wp-content\/uploads\/2017\/08\/Cerca-de-150-lideran\u00e7as-participaram-da-RA-Cr\u00e9dito-Priscila-Rodrigues-e1502196849400.jpg","jetpack_sharing_enabled":true,"amp_enabled":true,"_links":{"self":[{"href":"https:\/\/folhapopular.info\/index.php\/wp-json\/wp\/v2\/posts\/33593","targetHints":{"allow":["GET"]}}],"collection":[{"href":"https:\/\/folhapopular.info\/index.php\/wp-json\/wp\/v2\/posts"}],"about":[{"href":"https:\/\/folhapopular.info\/index.php\/wp-json\/wp\/v2\/types\/post"}],"author":[{"embeddable":true,"href":"https:\/\/folhapopular.info\/index.php\/wp-json\/wp\/v2\/users\/8"}],"replies":[{"embeddable":true,"href":"https:\/\/folhapopular.info\/index.php\/wp-json\/wp\/v2\/comments?post=33593"}],"version-history":[{"count":0,"href":"https:\/\/folhapopular.info\/index.php\/wp-json\/wp\/v2\/posts\/33593\/revisions"}],"wp:featuredmedia":[{"embeddable":true,"href":"https:\/\/folhapopular.info\/index.php\/wp-json\/wp\/v2\/media\/33604"}],"wp:attachment":[{"href":"https:\/\/folhapopular.info\/index.php\/wp-json\/wp\/v2\/media?parent=33593"}],"wp:term":[{"taxonomy":"category","embeddable":true,"href":"https:\/\/folhapopular.info\/index.php\/wp-json\/wp\/v2\/categories?post=33593"},{"taxonomy":"post_tag","embeddable":true,"href":"https:\/\/folhapopular.info\/index.php\/wp-json\/wp\/v2\/tags?post=33593"}],"curies":[{"name":"wp","href":"https:\/\/api.w.org\/{rel}","templated":true}]}}