{"id":33688,"date":"2017-08-09T15:00:36","date_gmt":"2017-08-09T18:00:36","guid":{"rendered":"http:\/\/folhapopular.info\/?p=33688"},"modified":"2017-08-09T14:05:12","modified_gmt":"2017-08-09T17:05:12","slug":"curso-de-reforma-trabalhista-capacita-65-profissionais","status":"publish","type":"post","link":"https:\/\/folhapopular.info\/index.php\/2017\/08\/09\/curso-de-reforma-trabalhista-capacita-65-profissionais\/","title":{"rendered":"Curso de Reforma Trabalhista capacita 65 profissionais"},"content":{"rendered":"<p>Nesta ter\u00e7a-feira (08) o Sincovat realizou a primeira edi\u00e7\u00e3o do curso Reforma Trabalhista, esclarecendo as principais mudan\u00e7as na Consolida\u00e7\u00e3o das Leis do Trabalho (CLT) para 65 profissionais das \u00e1reas de contabilidade, direito e departamento pessoal. Ministrada pela advogada especialista em Direito do Trabalho e Previdenci\u00e1rio e membro da equipe t\u00e9cnica da Fisconet, Ceila Mara Flores Fernandes Sandi, a atividade teve carga hor\u00e1ria de 8h e abordou altera\u00e7\u00f5es essenciais, como jornada, remunera\u00e7\u00e3o e contribui\u00e7\u00e3o sindical.<\/p>\n<p>Advogada em Lajeado, Jaqueline Finkler Brand\u00e3o destacou a relev\u00e2ncia do curso e considerou que a amplitude das mudan\u00e7as na legisla\u00e7\u00e3o exige capacita\u00e7\u00e3o constante. Ela, que j\u00e1 havia participado de outros treinamentos sobre o assunto, citou pontos que n\u00e3o est\u00e3o claros nem para magistrados, o que revela a inseguran\u00e7a diante da implanta\u00e7\u00e3o da Reforma. \u201cTem que come\u00e7ar agora. Quem n\u00e3o se atualizar, vai ficar para tr\u00e1s\u201d, avaliou. As d\u00favidas e inseguran\u00e7as acerca do tema tamb\u00e9m foram apontados pela contadora Iane de Brito Reiter, de Cruzeiro do Sul. Atuando na \u00e1rea trabalhista, ela acredita que o desafio imposto pelas mudan\u00e7as s\u00f3 ser\u00e1 superado por meio de estudos individuais e treinamentos especializados. Tamanha dedica\u00e7\u00e3o tem justificativa: \u201cNo momento em que o cliente vier me procurar, preciso estar preparada para orient\u00e1-lo\u201d.<\/p>\n<p>Devido \u00e0 grande procura, o Sincovat agendou para o dia 21 de agosto a segunda edi\u00e7\u00e3o do curso. O evento ocorre das 9h \u00e0s 12h e das 13h30min \u00e0s 17h30min, no audit\u00f3rio da entidade, em Lajeado (Rua Venceslau Br\u00e1s, n\u00ba 55). O valor do investimento \u00e9 de R$ 180,00 para associados, R$ 230,00 para quem efetua contribui\u00e7\u00e3o sindical ou possui registro na OAB e R$ 390,00 para os demais interessados. As inscri\u00e7\u00f5es podem ser realizadas no site\u00a0www.sincovat.com.br.<\/p>\n","protected":false},"excerpt":{"rendered":"<p>Nesta ter\u00e7a-feira (08) o Sincovat realizou a primeira edi\u00e7\u00e3o do curso Reforma Trabalhista, esclarecendo as principais mudan\u00e7as na Consolida\u00e7\u00e3o das Leis do Trabalho (CLT) para 65 profissionais das \u00e1reas de contabilidade, direito e departamento pessoal. Ministrada pela advogada especialista em Direito do Trabalho e Previdenci\u00e1rio e membro da equipe t\u00e9cnica da Fisconet, Ceila Mara Flores [&hellip;]<\/p>\n","protected":false},"author":8,"featured_media":33689,"comment_status":"open","ping_status":"open","sticky":false,"template":"","format":"standard","meta":{"pmpro_default_level":"","_jetpack_memberships_contains_paid_content":false,"footnotes":""},"categories":[3],"tags":[732,315,750],"class_list":{"0":"post-33688","1":"post","2":"type-post","3":"status-publish","4":"format-standard","5":"has-post-thumbnail","7":"category-geral","8":"tag-reforma-trabalhista","9":"tag-regiao","10":"tag-sincovat","11":"pmpro-has-access"},"yoast_head":"<!-- This site is optimized with the Yoast SEO plugin v27.5 - https:\/\/yoast.com\/product\/yoast-seo-wordpress\/ -->\n<title>Curso de Reforma Trabalhista capacita 65 profissionais - Folha Popular<\/title>\n<meta name=\"robots\" content=\"index, follow, max-snippet:-1, max-image-preview:large, max-video-preview:-1\" \/>\n<link rel=\"canonical\" href=\"https:\/\/folhapopular.info\/index.php\/2017\/08\/09\/curso-de-reforma-trabalhista-capacita-65-profissionais\/\" \/>\n<meta property=\"og:locale\" content=\"pt_BR\" \/>\n<meta property=\"og:type\" content=\"article\" \/>\n<meta property=\"og:title\" content=\"Curso de Reforma Trabalhista capacita 65 profissionais - Folha Popular\" \/>\n<meta property=\"og:description\" content=\"Nesta ter\u00e7a-feira (08) o Sincovat realizou a primeira edi\u00e7\u00e3o do curso Reforma Trabalhista, esclarecendo as principais mudan\u00e7as na Consolida\u00e7\u00e3o das Leis do Trabalho (CLT) para 65 profissionais das \u00e1reas de contabilidade, direito e departamento pessoal. Ministrada pela advogada especialista em Direito do Trabalho e Previdenci\u00e1rio e membro da equipe t\u00e9cnica da Fisconet, Ceila Mara Flores [&hellip;]\" \/>\n<meta property=\"og:url\" content=\"https:\/\/folhapopular.info\/index.php\/2017\/08\/09\/curso-de-reforma-trabalhista-capacita-65-profissionais\/\" \/>\n<meta property=\"og:site_name\" content=\"Folha Popular\" \/>\n<meta property=\"article:published_time\" content=\"2017-08-09T18:00:36+00:00\" \/>\n<meta property=\"og:image\" content=\"https:\/\/folhapopular.info\/wp-content\/uploads\/2017\/08\/Grupo-e1502298288271.jpg\" \/>\n\t<meta property=\"og:image:width\" content=\"1000\" \/>\n\t<meta property=\"og:image:height\" content=\"667\" \/>\n\t<meta property=\"og:image:type\" content=\"image\/jpeg\" \/>\n<meta name=\"author\" content=\"Reda\u00e7\u00e3o Folha Popular\" \/>\n<meta name=\"twitter:card\" content=\"summary_large_image\" \/>\n<meta name=\"twitter:label1\" content=\"Escrito por\" \/>\n\t<meta name=\"twitter:data1\" content=\"Reda\u00e7\u00e3o Folha Popular\" \/>\n\t<meta name=\"twitter:label2\" content=\"Est. tempo de leitura\" \/>\n\t<meta name=\"twitter:data2\" content=\"2 minutos\" \/>\n<script type=\"application\/ld+json\" class=\"yoast-schema-graph\">{\"@context\":\"https:\\\/\\\/schema.org\",\"@graph\":[{\"@type\":\"Article\",\"@id\":\"https:\\\/\\\/folhapopular.info\\\/index.php\\\/2017\\\/08\\\/09\\\/curso-de-reforma-trabalhista-capacita-65-profissionais\\\/#article\",\"isPartOf\":{\"@id\":\"https:\\\/\\\/folhapopular.info\\\/index.php\\\/2017\\\/08\\\/09\\\/curso-de-reforma-trabalhista-capacita-65-profissionais\\\/\"},\"author\":{\"name\":\"Reda\u00e7\u00e3o Folha Popular\",\"@id\":\"https:\\\/\\\/folhapopular.info\\\/#\\\/schema\\\/person\\\/2814e8a0df7643585a9ca38bc6eb9d4b\"},\"headline\":\"Curso de Reforma Trabalhista capacita 65 profissionais\",\"datePublished\":\"2017-08-09T18:00:36+00:00\",\"mainEntityOfPage\":{\"@id\":\"https:\\\/\\\/folhapopular.info\\\/index.php\\\/2017\\\/08\\\/09\\\/curso-de-reforma-trabalhista-capacita-65-profissionais\\\/\"},\"wordCount\":314,\"commentCount\":0,\"image\":{\"@id\":\"https:\\\/\\\/folhapopular.info\\\/index.php\\\/2017\\\/08\\\/09\\\/curso-de-reforma-trabalhista-capacita-65-profissionais\\\/#primaryimage\"},\"thumbnailUrl\":\"https:\\\/\\\/folhapopular.info\\\/wp-content\\\/uploads\\\/2017\\\/08\\\/Grupo-e1502298288271.jpg\",\"keywords\":[\"Reforma Trabalhista\",\"Regi\u00e3o\",\"Sincovat\"],\"articleSection\":[\"Geral\"],\"inLanguage\":\"pt-BR\",\"potentialAction\":[{\"@type\":\"CommentAction\",\"name\":\"Comment\",\"target\":[\"https:\\\/\\\/folhapopular.info\\\/index.php\\\/2017\\\/08\\\/09\\\/curso-de-reforma-trabalhista-capacita-65-profissionais\\\/#respond\"]}]},{\"@type\":\"WebPage\",\"@id\":\"https:\\\/\\\/folhapopular.info\\\/index.php\\\/2017\\\/08\\\/09\\\/curso-de-reforma-trabalhista-capacita-65-profissionais\\\/\",\"url\":\"https:\\\/\\\/folhapopular.info\\\/index.php\\\/2017\\\/08\\\/09\\\/curso-de-reforma-trabalhista-capacita-65-profissionais\\\/\",\"name\":\"Curso de Reforma Trabalhista capacita 65 profissionais - Folha Popular\",\"isPartOf\":{\"@id\":\"https:\\\/\\\/folhapopular.info\\\/#website\"},\"primaryImageOfPage\":{\"@id\":\"https:\\\/\\\/folhapopular.info\\\/index.php\\\/2017\\\/08\\\/09\\\/curso-de-reforma-trabalhista-capacita-65-profissionais\\\/#primaryimage\"},\"image\":{\"@id\":\"https:\\\/\\\/folhapopular.info\\\/index.php\\\/2017\\\/08\\\/09\\\/curso-de-reforma-trabalhista-capacita-65-profissionais\\\/#primaryimage\"},\"thumbnailUrl\":\"https:\\\/\\\/folhapopular.info\\\/wp-content\\\/uploads\\\/2017\\\/08\\\/Grupo-e1502298288271.jpg\",\"datePublished\":\"2017-08-09T18:00:36+00:00\",\"author\":{\"@id\":\"https:\\\/\\\/folhapopular.info\\\/#\\\/schema\\\/person\\\/2814e8a0df7643585a9ca38bc6eb9d4b\"},\"breadcrumb\":{\"@id\":\"https:\\\/\\\/folhapopular.info\\\/index.php\\\/2017\\\/08\\\/09\\\/curso-de-reforma-trabalhista-capacita-65-profissionais\\\/#breadcrumb\"},\"inLanguage\":\"pt-BR\",\"potentialAction\":[{\"@type\":\"ReadAction\",\"target\":[\"https:\\\/\\\/folhapopular.info\\\/index.php\\\/2017\\\/08\\\/09\\\/curso-de-reforma-trabalhista-capacita-65-profissionais\\\/\"]}]},{\"@type\":\"ImageObject\",\"inLanguage\":\"pt-BR\",\"@id\":\"https:\\\/\\\/folhapopular.info\\\/index.php\\\/2017\\\/08\\\/09\\\/curso-de-reforma-trabalhista-capacita-65-profissionais\\\/#primaryimage\",\"url\":\"https:\\\/\\\/folhapopular.info\\\/wp-content\\\/uploads\\\/2017\\\/08\\\/Grupo-e1502298288271.jpg\",\"contentUrl\":\"https:\\\/\\\/folhapopular.info\\\/wp-content\\\/uploads\\\/2017\\\/08\\\/Grupo-e1502298288271.jpg\",\"width\":1000,\"height\":667,\"caption\":\"Turma foi composta por profissionais das \u00e1reas de contabilidade, direito e departamento pessoal\\\/Cr\u00e9dito da foto: Clarissa Jaeger\\\/Divulga\u00e7\u00e3o\"},{\"@type\":\"BreadcrumbList\",\"@id\":\"https:\\\/\\\/folhapopular.info\\\/index.php\\\/2017\\\/08\\\/09\\\/curso-de-reforma-trabalhista-capacita-65-profissionais\\\/#breadcrumb\",\"itemListElement\":[{\"@type\":\"ListItem\",\"position\":1,\"name\":\"In\u00edcio\",\"item\":\"https:\\\/\\\/folhapopular.info\\\/\"},{\"@type\":\"ListItem\",\"position\":2,\"name\":\"Curso de Reforma Trabalhista capacita 65 profissionais\"}]},{\"@type\":\"WebSite\",\"@id\":\"https:\\\/\\\/folhapopular.info\\\/#website\",\"url\":\"https:\\\/\\\/folhapopular.info\\\/\",\"name\":\"Folha Popular\",\"description\":\"Onde voc\u00ea tem vez e voz\",\"potentialAction\":[{\"@type\":\"SearchAction\",\"target\":{\"@type\":\"EntryPoint\",\"urlTemplate\":\"https:\\\/\\\/folhapopular.info\\\/?s={search_term_string}\"},\"query-input\":{\"@type\":\"PropertyValueSpecification\",\"valueRequired\":true,\"valueName\":\"search_term_string\"}}],\"inLanguage\":\"pt-BR\"},{\"@type\":\"Person\",\"@id\":\"https:\\\/\\\/folhapopular.info\\\/#\\\/schema\\\/person\\\/2814e8a0df7643585a9ca38bc6eb9d4b\",\"name\":\"Reda\u00e7\u00e3o Folha Popular\",\"image\":{\"@type\":\"ImageObject\",\"inLanguage\":\"pt-BR\",\"@id\":\"https:\\\/\\\/folhapopular.info\\\/wp-content\\\/uploads\\\/2026\\\/04\\\/Folha-1.webp\",\"url\":\"https:\\\/\\\/folhapopular.info\\\/wp-content\\\/uploads\\\/2026\\\/04\\\/Folha-1.webp\",\"contentUrl\":\"https:\\\/\\\/folhapopular.info\\\/wp-content\\\/uploads\\\/2026\\\/04\\\/Folha-1.webp\",\"caption\":\"Reda\u00e7\u00e3o Folha Popular\"},\"url\":\"https:\\\/\\\/folhapopular.info\\\/index.php\\\/author\\\/redacao\\\/\"}]}<\/script>\n<!-- \/ Yoast SEO plugin. -->","yoast_head_json":{"title":"Curso de Reforma Trabalhista capacita 65 profissionais - Folha Popular","robots":{"index":"index","follow":"follow","max-snippet":"max-snippet:-1","max-image-preview":"max-image-preview:large","max-video-preview":"max-video-preview:-1"},"canonical":"https:\/\/folhapopular.info\/index.php\/2017\/08\/09\/curso-de-reforma-trabalhista-capacita-65-profissionais\/","og_locale":"pt_BR","og_type":"article","og_title":"Curso de Reforma Trabalhista capacita 65 profissionais - Folha Popular","og_description":"Nesta ter\u00e7a-feira (08) o Sincovat realizou a primeira edi\u00e7\u00e3o do curso Reforma Trabalhista, esclarecendo as principais mudan\u00e7as na Consolida\u00e7\u00e3o das Leis do Trabalho (CLT) para 65 profissionais das \u00e1reas de contabilidade, direito e departamento pessoal. Ministrada pela advogada especialista em Direito do Trabalho e Previdenci\u00e1rio e membro da equipe t\u00e9cnica da Fisconet, Ceila Mara Flores [&hellip;]","og_url":"https:\/\/folhapopular.info\/index.php\/2017\/08\/09\/curso-de-reforma-trabalhista-capacita-65-profissionais\/","og_site_name":"Folha Popular","article_published_time":"2017-08-09T18:00:36+00:00","og_image":[{"width":1000,"height":667,"url":"https:\/\/folhapopular.info\/wp-content\/uploads\/2017\/08\/Grupo-e1502298288271.jpg","type":"image\/jpeg"}],"author":"Reda\u00e7\u00e3o Folha Popular","twitter_card":"summary_large_image","twitter_misc":{"Escrito por":"Reda\u00e7\u00e3o Folha Popular","Est. tempo de leitura":"2 minutos"},"schema":{"@context":"https:\/\/schema.org","@graph":[{"@type":"Article","@id":"https:\/\/folhapopular.info\/index.php\/2017\/08\/09\/curso-de-reforma-trabalhista-capacita-65-profissionais\/#article","isPartOf":{"@id":"https:\/\/folhapopular.info\/index.php\/2017\/08\/09\/curso-de-reforma-trabalhista-capacita-65-profissionais\/"},"author":{"name":"Reda\u00e7\u00e3o Folha Popular","@id":"https:\/\/folhapopular.info\/#\/schema\/person\/2814e8a0df7643585a9ca38bc6eb9d4b"},"headline":"Curso de Reforma Trabalhista capacita 65 profissionais","datePublished":"2017-08-09T18:00:36+00:00","mainEntityOfPage":{"@id":"https:\/\/folhapopular.info\/index.php\/2017\/08\/09\/curso-de-reforma-trabalhista-capacita-65-profissionais\/"},"wordCount":314,"commentCount":0,"image":{"@id":"https:\/\/folhapopular.info\/index.php\/2017\/08\/09\/curso-de-reforma-trabalhista-capacita-65-profissionais\/#primaryimage"},"thumbnailUrl":"https:\/\/folhapopular.info\/wp-content\/uploads\/2017\/08\/Grupo-e1502298288271.jpg","keywords":["Reforma Trabalhista","Regi\u00e3o","Sincovat"],"articleSection":["Geral"],"inLanguage":"pt-BR","potentialAction":[{"@type":"CommentAction","name":"Comment","target":["https:\/\/folhapopular.info\/index.php\/2017\/08\/09\/curso-de-reforma-trabalhista-capacita-65-profissionais\/#respond"]}]},{"@type":"WebPage","@id":"https:\/\/folhapopular.info\/index.php\/2017\/08\/09\/curso-de-reforma-trabalhista-capacita-65-profissionais\/","url":"https:\/\/folhapopular.info\/index.php\/2017\/08\/09\/curso-de-reforma-trabalhista-capacita-65-profissionais\/","name":"Curso de Reforma Trabalhista capacita 65 profissionais - Folha Popular","isPartOf":{"@id":"https:\/\/folhapopular.info\/#website"},"primaryImageOfPage":{"@id":"https:\/\/folhapopular.info\/index.php\/2017\/08\/09\/curso-de-reforma-trabalhista-capacita-65-profissionais\/#primaryimage"},"image":{"@id":"https:\/\/folhapopular.info\/index.php\/2017\/08\/09\/curso-de-reforma-trabalhista-capacita-65-profissionais\/#primaryimage"},"thumbnailUrl":"https:\/\/folhapopular.info\/wp-content\/uploads\/2017\/08\/Grupo-e1502298288271.jpg","datePublished":"2017-08-09T18:00:36+00:00","author":{"@id":"https:\/\/folhapopular.info\/#\/schema\/person\/2814e8a0df7643585a9ca38bc6eb9d4b"},"breadcrumb":{"@id":"https:\/\/folhapopular.info\/index.php\/2017\/08\/09\/curso-de-reforma-trabalhista-capacita-65-profissionais\/#breadcrumb"},"inLanguage":"pt-BR","potentialAction":[{"@type":"ReadAction","target":["https:\/\/folhapopular.info\/index.php\/2017\/08\/09\/curso-de-reforma-trabalhista-capacita-65-profissionais\/"]}]},{"@type":"ImageObject","inLanguage":"pt-BR","@id":"https:\/\/folhapopular.info\/index.php\/2017\/08\/09\/curso-de-reforma-trabalhista-capacita-65-profissionais\/#primaryimage","url":"https:\/\/folhapopular.info\/wp-content\/uploads\/2017\/08\/Grupo-e1502298288271.jpg","contentUrl":"https:\/\/folhapopular.info\/wp-content\/uploads\/2017\/08\/Grupo-e1502298288271.jpg","width":1000,"height":667,"caption":"Turma foi composta por profissionais das \u00e1reas de contabilidade, direito e departamento pessoal\/Cr\u00e9dito da foto: Clarissa Jaeger\/Divulga\u00e7\u00e3o"},{"@type":"BreadcrumbList","@id":"https:\/\/folhapopular.info\/index.php\/2017\/08\/09\/curso-de-reforma-trabalhista-capacita-65-profissionais\/#breadcrumb","itemListElement":[{"@type":"ListItem","position":1,"name":"In\u00edcio","item":"https:\/\/folhapopular.info\/"},{"@type":"ListItem","position":2,"name":"Curso de Reforma Trabalhista capacita 65 profissionais"}]},{"@type":"WebSite","@id":"https:\/\/folhapopular.info\/#website","url":"https:\/\/folhapopular.info\/","name":"Folha Popular","description":"Onde voc\u00ea tem vez e voz","potentialAction":[{"@type":"SearchAction","target":{"@type":"EntryPoint","urlTemplate":"https:\/\/folhapopular.info\/?s={search_term_string}"},"query-input":{"@type":"PropertyValueSpecification","valueRequired":true,"valueName":"search_term_string"}}],"inLanguage":"pt-BR"},{"@type":"Person","@id":"https:\/\/folhapopular.info\/#\/schema\/person\/2814e8a0df7643585a9ca38bc6eb9d4b","name":"Reda\u00e7\u00e3o Folha Popular","image":{"@type":"ImageObject","inLanguage":"pt-BR","@id":"https:\/\/folhapopular.info\/wp-content\/uploads\/2026\/04\/Folha-1.webp","url":"https:\/\/folhapopular.info\/wp-content\/uploads\/2026\/04\/Folha-1.webp","contentUrl":"https:\/\/folhapopular.info\/wp-content\/uploads\/2026\/04\/Folha-1.webp","caption":"Reda\u00e7\u00e3o Folha Popular"},"url":"https:\/\/folhapopular.info\/index.php\/author\/redacao\/"}]}},"jetpack_featured_media_url":"https:\/\/folhapopular.info\/wp-content\/uploads\/2017\/08\/Grupo-e1502298288271.jpg","jetpack_sharing_enabled":true,"amp_enabled":true,"_links":{"self":[{"href":"https:\/\/folhapopular.info\/index.php\/wp-json\/wp\/v2\/posts\/33688","targetHints":{"allow":["GET"]}}],"collection":[{"href":"https:\/\/folhapopular.info\/index.php\/wp-json\/wp\/v2\/posts"}],"about":[{"href":"https:\/\/folhapopular.info\/index.php\/wp-json\/wp\/v2\/types\/post"}],"author":[{"embeddable":true,"href":"https:\/\/folhapopular.info\/index.php\/wp-json\/wp\/v2\/users\/8"}],"replies":[{"embeddable":true,"href":"https:\/\/folhapopular.info\/index.php\/wp-json\/wp\/v2\/comments?post=33688"}],"version-history":[{"count":0,"href":"https:\/\/folhapopular.info\/index.php\/wp-json\/wp\/v2\/posts\/33688\/revisions"}],"wp:featuredmedia":[{"embeddable":true,"href":"https:\/\/folhapopular.info\/index.php\/wp-json\/wp\/v2\/media\/33689"}],"wp:attachment":[{"href":"https:\/\/folhapopular.info\/index.php\/wp-json\/wp\/v2\/media?parent=33688"}],"wp:term":[{"taxonomy":"category","embeddable":true,"href":"https:\/\/folhapopular.info\/index.php\/wp-json\/wp\/v2\/categories?post=33688"},{"taxonomy":"post_tag","embeddable":true,"href":"https:\/\/folhapopular.info\/index.php\/wp-json\/wp\/v2\/tags?post=33688"}],"curies":[{"name":"wp","href":"https:\/\/api.w.org\/{rel}","templated":true}]}}