{"id":33905,"date":"2017-08-13T15:46:40","date_gmt":"2017-08-13T18:46:40","guid":{"rendered":"http:\/\/folhapopular.info\/?p=33905"},"modified":"2017-08-13T15:46:40","modified_gmt":"2017-08-13T18:46:40","slug":"taziani-elisa-klein-e-a-nova-rainha-de-poco-das-antas","status":"publish","type":"post","link":"https:\/\/folhapopular.info\/index.php\/2017\/08\/13\/taziani-elisa-klein-e-a-nova-rainha-de-poco-das-antas\/","title":{"rendered":"Taziani Elisa Klein \u00e9 a nova rainha de Po\u00e7o das Antas"},"content":{"rendered":"<p>Em uma noite de muita magia, inspirada em contos de fadas e sonhos de meninas, Po\u00e7o das Antas conheceu suas novas soberanas. Ap\u00f3s um desfile diferenciado, uma passarela decorada com flores, espelhos e uma enorme coroa, foram escolhidas a rainha e princesas que ter\u00e3o a miss\u00e3o de representar o munic\u00edpio nos pr\u00f3ximos dois anos.<\/p>\n<div class=\"fb-video\" data-allowfullscreen=\"true\" data-href=\"https:\/\/www.facebook.com\/popular969fm\/videos\/1622573491140849\/\" style=\"background-color: #fff; display: inline-block;\"><\/div>\n<p>As nove candidatas passaram por um criterioso processo de avalia\u00e7\u00e3o, englobando v\u00eddeo, entrevista com os jurados, conversas informais e o pr\u00f3prio desfile. A desenvoltura, conhecimento, cultura e outros aspectos, principalmente quanto ao pr\u00f3prio munic\u00edpio, foram avaliados.<\/p>\n<div>\n<p>A segunda princesa eleita foi Fernanda Elisa Klein, de 17 anos. Ela \u00e9 filha de\u00a0Fernando Alo\u00edsio Klein e Anelise Clara Ritter Klein e representou a Escola Estadual de Ensino M\u00e9dio Po\u00e7o das Antas.<\/p>\n<p>Como primeira princesa ficou Alessandra Lu\u00edsa Wilhelm. Filha de Rog\u00e9rio Lu\u00eds Wilhelm e Andr\u00e9ia In\u00eas Pletsch Wilhelm, ela tem 18 anos e representou o Esporte Clube 11 Amigos.<\/p>\n<\/div>\n<div><\/div>\n<div>\n<p>E quem recebeu a coroa de Rainha de Po\u00e7o das Antas para 2017\/2018 foi Taziani Elisa Klein, de 19 anos. Ela representou o Esporte Clube Po\u00e7o das Antas e \u00e9 filha\u00a0La\u00e9rcio Pedro Klein e Maristela Flach Klein.<\/p>\n\r\n                <style type=\"text\/css\">\r\n                    \r\n                    #tdi_1  .td-doubleSlider-2 .td-item1 {\r\n                        background: url(https:\/\/folhapopular.info\/wp-content\/uploads\/2017\/08\/Taziani-Elisa-Klein-80x60.jpg) 0 0 no-repeat;\r\n                    }\r\n                    #tdi_1  .td-doubleSlider-2 .td-item2 {\r\n                        background: url(https:\/\/folhapopular.info\/wp-content\/uploads\/2017\/08\/Alessandra-Lu\u00edsa-Wilhelm-80x60.jpeg) 0 0 no-repeat;\r\n                    }\r\n                    #tdi_1  .td-doubleSlider-2 .td-item3 {\r\n                        background: url(https:\/\/folhapopular.info\/wp-content\/uploads\/2017\/08\/Fernanda-Elisa-Klein-80x60.jpg) 0 0 no-repeat;\r\n                    }\r\n                <\/style>\r\n\r\n                <div id=\"tdi_1\" class=\"td-gallery td-slide-on-2-columns\">\r\n                    <div class=\"post_td_gallery\">\r\n                        <div class=\"td-gallery-slide-top\">\r\n                           <div class=\"td-gallery-title\">Soberanas de Po\u00e7o das Antas 2017 \/ 2018<\/div>\r\n\r\n                            <div class=\"td-gallery-controls-wrapper\">\r\n                                <div class=\"td-gallery-slide-count\"><span class=\"td-gallery-slide-item-focus\">1<\/span> de 3<\/div>\r\n                                <div class=\"td-gallery-slide-prev-next-but\">\r\n                                    <i class = \"td-icon-left doubleSliderPrevButton\"><\/i>\r\n                                    <i class = \"td-icon-right doubleSliderNextButton\"><\/i>\r\n                                <\/div>\r\n                            <\/div>\r\n                        <\/div>\r\n\r\n                        <div class = \"td-doubleSlider-1 \">\r\n                            <div class = \"td-slider\">\r\n                                \r\n                    <div class = \"td-slide-item td-item1\">\r\n                        <figure class=\"td-slide-galery-figure td-slide-popup-gallery\">\r\n                            <a class=\"slide-gallery-image-link\" href=\"https:\/\/folhapopular.info\/wp-content\/uploads\/2017\/08\/Taziani-Elisa-Klein.jpg\" title=\"Divulga\u00e7\u00e3o\"  data-caption=\"Rainha: Taziani Elisa Klein\"  data-description=\"\">\r\n                                <img decoding=\"async\" src=\"https:\/\/folhapopular.info\/wp-content\/uploads\/2017\/08\/Taziani-Elisa-Klein-397x420.jpg\" srcset=\"https:\/\/folhapopular.info\/wp-content\/uploads\/2017\/08\/Taziani-Elisa-Klein-397x420.jpg 397w, https:\/\/folhapopular.info\/wp-content\/uploads\/2017\/08\/Taziani-Elisa-Klein-284x300.jpg 284w, https:\/\/folhapopular.info\/wp-content\/uploads\/2017\/08\/Taziani-Elisa-Klein-768x812.jpg 768w, https:\/\/folhapopular.info\/wp-content\/uploads\/2017\/08\/Taziani-Elisa-Klein-968x1024.jpg 968w, https:\/\/folhapopular.info\/wp-content\/uploads\/2017\/08\/Taziani-Elisa-Klein-696x736.jpg 696w, https:\/\/folhapopular.info\/wp-content\/uploads\/2017\/08\/Taziani-Elisa-Klein.jpg 1039w\" sizes=\"(max-width: 397px) 100vw, 397px\" alt=\"\">\r\n                            <\/a>\r\n                            <figcaption class = \"td-slide-caption td-gallery-slide-content\"><div class = \"td-gallery-slide-copywrite\">Rainha: Taziani Elisa Klein<\/div><\/figcaption>\r\n                        <\/figure>\r\n                    <\/div>\r\n                    <div class = \"td-slide-item td-item2\">\r\n                        <figure class=\"td-slide-galery-figure td-slide-popup-gallery\">\r\n                            <a class=\"slide-gallery-image-link\" href=\"https:\/\/folhapopular.info\/wp-content\/uploads\/2017\/08\/Alessandra-Lu\u00edsa-Wilhelm.jpeg\" title=\"Divulga\u00e7\u00e3o\"  data-caption=\"1\u00aa Princesa: Alessandra Lu\u00edsa Wilhelm\"  data-description=\"\">\r\n                                <img decoding=\"async\" src=\"https:\/\/folhapopular.info\/wp-content\/uploads\/2017\/08\/Alessandra-Lu\u00edsa-Wilhelm-379x420.jpeg\" srcset=\"https:\/\/folhapopular.info\/wp-content\/uploads\/2017\/08\/Alessandra-Lu\u00edsa-Wilhelm-379x420.jpeg 379w, https:\/\/folhapopular.info\/wp-content\/uploads\/2017\/08\/Alessandra-Lu\u00edsa-Wilhelm-271x300.jpeg 271w, https:\/\/folhapopular.info\/wp-content\/uploads\/2017\/08\/Alessandra-Lu\u00edsa-Wilhelm-768x850.jpeg 768w, https:\/\/folhapopular.info\/wp-content\/uploads\/2017\/08\/Alessandra-Lu\u00edsa-Wilhelm-925x1024.jpeg 925w, https:\/\/folhapopular.info\/wp-content\/uploads\/2017\/08\/Alessandra-Lu\u00edsa-Wilhelm-696x771.jpeg 696w, https:\/\/folhapopular.info\/wp-content\/uploads\/2017\/08\/Alessandra-Lu\u00edsa-Wilhelm.jpeg 959w\" sizes=\"(max-width: 379px) 100vw, 379px\" alt=\"\">\r\n                            <\/a>\r\n                            <figcaption class = \"td-slide-caption td-gallery-slide-content\"><div class = \"td-gallery-slide-copywrite\">1\u00aa Princesa: Alessandra Lu\u00edsa Wilhelm<\/div><\/figcaption>\r\n                        <\/figure>\r\n                    <\/div>\r\n                    <div class = \"td-slide-item td-item3\">\r\n                        <figure class=\"td-slide-galery-figure td-slide-popup-gallery\">\r\n                            <a class=\"slide-gallery-image-link\" href=\"https:\/\/folhapopular.info\/wp-content\/uploads\/2017\/08\/Fernanda-Elisa-Klein.jpg\" title=\"Divulga\u00e7\u00e3o\"  data-caption=\"2\u00aa Princesa: Fernanda Elisa Klein\"  data-description=\"\">\r\n                                <img decoding=\"async\" src=\"https:\/\/folhapopular.info\/wp-content\/uploads\/2017\/08\/Fernanda-Elisa-Klein-278x420.jpg\" srcset=\"https:\/\/folhapopular.info\/wp-content\/uploads\/2017\/08\/Fernanda-Elisa-Klein-278x420.jpg 278w, https:\/\/folhapopular.info\/wp-content\/uploads\/2017\/08\/Fernanda-Elisa-Klein-199x300.jpg 199w, https:\/\/folhapopular.info\/wp-content\/uploads\/2017\/08\/Fernanda-Elisa-Klein-768x1160.jpg 768w, https:\/\/folhapopular.info\/wp-content\/uploads\/2017\/08\/Fernanda-Elisa-Klein-678x1024.jpg 678w, https:\/\/folhapopular.info\/wp-content\/uploads\/2017\/08\/Fernanda-Elisa-Klein-696x1051.jpg 696w, https:\/\/folhapopular.info\/wp-content\/uploads\/2017\/08\/Fernanda-Elisa-Klein-1068x1612.jpg 1068w, https:\/\/folhapopular.info\/wp-content\/uploads\/2017\/08\/Fernanda-Elisa-Klein-1920x2899.jpg 1920w\" sizes=\"(max-width: 278px) 100vw, 278px\" alt=\"\">\r\n                            <\/a>\r\n                            <figcaption class = \"td-slide-caption td-gallery-slide-content\"><div class = \"td-gallery-slide-copywrite\">2\u00aa Princesa: Fernanda Elisa Klein<\/div><\/figcaption>\r\n                        <\/figure>\r\n                    <\/div>\r\n                            <\/div>\r\n                        <\/div>\r\n\r\n                        <div class = \"td-doubleSlider-2\">\r\n                            <div class = \"td-slider\">\r\n                                \r\n                    <div class = \"td-button td-item1\">\r\n                        <div class = \"td-border\"><\/div>\r\n                    <\/div>\r\n                    <div class = \"td-button td-item2\">\r\n                        <div class = \"td-border\"><\/div>\r\n                    <\/div>\r\n                    <div class = \"td-button td-item3\">\r\n                        <div class = \"td-border\"><\/div>\r\n                    <\/div>\r\n                            <\/div>\r\n                        <\/div>\r\n\r\n                    <\/div>\r\n\r\n                <\/div>\r\n                \n<\/div>\n","protected":false},"excerpt":{"rendered":"<p>Em uma noite de muita magia, inspirada em contos de fadas e sonhos de meninas, Po\u00e7o das Antas conheceu suas novas soberanas. Ap\u00f3s um desfile diferenciado, uma passarela decorada com flores, espelhos e uma enorme coroa, foram escolhidas a rainha e princesas que ter\u00e3o a miss\u00e3o de representar o munic\u00edpio nos pr\u00f3ximos dois anos. As [&hellip;]<\/p>\n","protected":false},"author":1,"featured_media":33912,"comment_status":"open","ping_status":"open","sticky":false,"template":"","format":"standard","meta":{"pmpro_default_level":"","_jetpack_memberships_contains_paid_content":false,"footnotes":""},"categories":[2,6],"tags":[582,40,94],"class_list":{"0":"post-33905","1":"post","2":"type-post","3":"status-publish","4":"format-standard","5":"has-post-thumbnail","7":"category-featured","8":"category-inclusive","9":"tag-concurso-de-soberanas","10":"tag-poco-das-antas","11":"tag-soberanas","12":"pmpro-has-access"},"yoast_head":"<!-- This site is optimized with the Yoast SEO plugin v27.5 - https:\/\/yoast.com\/product\/yoast-seo-wordpress\/ -->\n<title>Taziani Elisa Klein \u00e9 a nova rainha de Po\u00e7o das Antas - Folha Popular<\/title>\n<meta name=\"robots\" content=\"index, follow, max-snippet:-1, max-image-preview:large, max-video-preview:-1\" \/>\n<link rel=\"canonical\" href=\"https:\/\/folhapopular.info\/index.php\/2017\/08\/13\/taziani-elisa-klein-e-a-nova-rainha-de-poco-das-antas\/\" \/>\n<meta property=\"og:locale\" content=\"pt_BR\" \/>\n<meta property=\"og:type\" content=\"article\" \/>\n<meta property=\"og:title\" content=\"Taziani Elisa Klein \u00e9 a nova rainha de Po\u00e7o das Antas - Folha Popular\" \/>\n<meta property=\"og:description\" content=\"Em uma noite de muita magia, inspirada em contos de fadas e sonhos de meninas, Po\u00e7o das Antas conheceu suas novas soberanas. Ap\u00f3s um desfile diferenciado, uma passarela decorada com flores, espelhos e uma enorme coroa, foram escolhidas a rainha e princesas que ter\u00e3o a miss\u00e3o de representar o munic\u00edpio nos pr\u00f3ximos dois anos. As [&hellip;]\" \/>\n<meta property=\"og:url\" content=\"https:\/\/folhapopular.info\/index.php\/2017\/08\/13\/taziani-elisa-klein-e-a-nova-rainha-de-poco-das-antas\/\" \/>\n<meta property=\"og:site_name\" content=\"Folha Popular\" \/>\n<meta property=\"article:published_time\" content=\"2017-08-13T18:46:40+00:00\" \/>\n<meta property=\"og:image\" content=\"https:\/\/folhapopular.info\/wp-content\/uploads\/2017\/08\/20861105_1584322904967137_1604773169_o.jpg\" \/>\n\t<meta property=\"og:image:width\" content=\"2048\" \/>\n\t<meta property=\"og:image:height\" content=\"1536\" \/>\n\t<meta property=\"og:image:type\" content=\"image\/jpeg\" \/>\n<meta name=\"author\" content=\"Mateus Brune\" \/>\n<meta name=\"twitter:card\" content=\"summary_large_image\" \/>\n<meta name=\"twitter:label1\" content=\"Escrito por\" \/>\n\t<meta name=\"twitter:data1\" content=\"Mateus Brune\" \/>\n\t<meta name=\"twitter:label2\" content=\"Est. tempo de leitura\" \/>\n\t<meta name=\"twitter:data2\" content=\"1 minuto\" \/>\n<script type=\"application\/ld+json\" class=\"yoast-schema-graph\">{\"@context\":\"https:\\\/\\\/schema.org\",\"@graph\":[{\"@type\":\"Article\",\"@id\":\"https:\\\/\\\/folhapopular.info\\\/index.php\\\/2017\\\/08\\\/13\\\/taziani-elisa-klein-e-a-nova-rainha-de-poco-das-antas\\\/#article\",\"isPartOf\":{\"@id\":\"https:\\\/\\\/folhapopular.info\\\/index.php\\\/2017\\\/08\\\/13\\\/taziani-elisa-klein-e-a-nova-rainha-de-poco-das-antas\\\/\"},\"author\":{\"name\":\"Mateus Brune\",\"@id\":\"https:\\\/\\\/folhapopular.info\\\/#\\\/schema\\\/person\\\/fad4c1d61e7e2fa197c7bacf08d12548\"},\"headline\":\"Taziani Elisa Klein \u00e9 a nova rainha de Po\u00e7o das Antas\",\"datePublished\":\"2017-08-13T18:46:40+00:00\",\"mainEntityOfPage\":{\"@id\":\"https:\\\/\\\/folhapopular.info\\\/index.php\\\/2017\\\/08\\\/13\\\/taziani-elisa-klein-e-a-nova-rainha-de-poco-das-antas\\\/\"},\"wordCount\":242,\"commentCount\":0,\"image\":{\"@id\":\"https:\\\/\\\/folhapopular.info\\\/index.php\\\/2017\\\/08\\\/13\\\/taziani-elisa-klein-e-a-nova-rainha-de-poco-das-antas\\\/#primaryimage\"},\"thumbnailUrl\":\"https:\\\/\\\/folhapopular.info\\\/wp-content\\\/uploads\\\/2017\\\/08\\\/20861105_1584322904967137_1604773169_o.jpg\",\"keywords\":[\"Concurso de Soberanas\",\"Po\u00e7o das Antas\",\"Soberanas\"],\"articleSection\":[\"Destaques\",\"Inclusive\"],\"inLanguage\":\"pt-BR\",\"potentialAction\":[{\"@type\":\"CommentAction\",\"name\":\"Comment\",\"target\":[\"https:\\\/\\\/folhapopular.info\\\/index.php\\\/2017\\\/08\\\/13\\\/taziani-elisa-klein-e-a-nova-rainha-de-poco-das-antas\\\/#respond\"]}]},{\"@type\":\"WebPage\",\"@id\":\"https:\\\/\\\/folhapopular.info\\\/index.php\\\/2017\\\/08\\\/13\\\/taziani-elisa-klein-e-a-nova-rainha-de-poco-das-antas\\\/\",\"url\":\"https:\\\/\\\/folhapopular.info\\\/index.php\\\/2017\\\/08\\\/13\\\/taziani-elisa-klein-e-a-nova-rainha-de-poco-das-antas\\\/\",\"name\":\"Taziani Elisa Klein \u00e9 a nova rainha de Po\u00e7o das Antas - Folha Popular\",\"isPartOf\":{\"@id\":\"https:\\\/\\\/folhapopular.info\\\/#website\"},\"primaryImageOfPage\":{\"@id\":\"https:\\\/\\\/folhapopular.info\\\/index.php\\\/2017\\\/08\\\/13\\\/taziani-elisa-klein-e-a-nova-rainha-de-poco-das-antas\\\/#primaryimage\"},\"image\":{\"@id\":\"https:\\\/\\\/folhapopular.info\\\/index.php\\\/2017\\\/08\\\/13\\\/taziani-elisa-klein-e-a-nova-rainha-de-poco-das-antas\\\/#primaryimage\"},\"thumbnailUrl\":\"https:\\\/\\\/folhapopular.info\\\/wp-content\\\/uploads\\\/2017\\\/08\\\/20861105_1584322904967137_1604773169_o.jpg\",\"datePublished\":\"2017-08-13T18:46:40+00:00\",\"author\":{\"@id\":\"https:\\\/\\\/folhapopular.info\\\/#\\\/schema\\\/person\\\/fad4c1d61e7e2fa197c7bacf08d12548\"},\"breadcrumb\":{\"@id\":\"https:\\\/\\\/folhapopular.info\\\/index.php\\\/2017\\\/08\\\/13\\\/taziani-elisa-klein-e-a-nova-rainha-de-poco-das-antas\\\/#breadcrumb\"},\"inLanguage\":\"pt-BR\",\"potentialAction\":[{\"@type\":\"ReadAction\",\"target\":[\"https:\\\/\\\/folhapopular.info\\\/index.php\\\/2017\\\/08\\\/13\\\/taziani-elisa-klein-e-a-nova-rainha-de-poco-das-antas\\\/\"]}]},{\"@type\":\"ImageObject\",\"inLanguage\":\"pt-BR\",\"@id\":\"https:\\\/\\\/folhapopular.info\\\/index.php\\\/2017\\\/08\\\/13\\\/taziani-elisa-klein-e-a-nova-rainha-de-poco-das-antas\\\/#primaryimage\",\"url\":\"https:\\\/\\\/folhapopular.info\\\/wp-content\\\/uploads\\\/2017\\\/08\\\/20861105_1584322904967137_1604773169_o.jpg\",\"contentUrl\":\"https:\\\/\\\/folhapopular.info\\\/wp-content\\\/uploads\\\/2017\\\/08\\\/20861105_1584322904967137_1604773169_o.jpg\",\"width\":2048,\"height\":1536,\"caption\":\"Soberanas de Po\u00e7o das Antas\"},{\"@type\":\"BreadcrumbList\",\"@id\":\"https:\\\/\\\/folhapopular.info\\\/index.php\\\/2017\\\/08\\\/13\\\/taziani-elisa-klein-e-a-nova-rainha-de-poco-das-antas\\\/#breadcrumb\",\"itemListElement\":[{\"@type\":\"ListItem\",\"position\":1,\"name\":\"In\u00edcio\",\"item\":\"https:\\\/\\\/folhapopular.info\\\/\"},{\"@type\":\"ListItem\",\"position\":2,\"name\":\"Taziani Elisa Klein \u00e9 a nova rainha de Po\u00e7o das Antas\"}]},{\"@type\":\"WebSite\",\"@id\":\"https:\\\/\\\/folhapopular.info\\\/#website\",\"url\":\"https:\\\/\\\/folhapopular.info\\\/\",\"name\":\"Folha Popular\",\"description\":\"Onde voc\u00ea tem vez e voz\",\"potentialAction\":[{\"@type\":\"SearchAction\",\"target\":{\"@type\":\"EntryPoint\",\"urlTemplate\":\"https:\\\/\\\/folhapopular.info\\\/?s={search_term_string}\"},\"query-input\":{\"@type\":\"PropertyValueSpecification\",\"valueRequired\":true,\"valueName\":\"search_term_string\"}}],\"inLanguage\":\"pt-BR\"},{\"@type\":\"Person\",\"@id\":\"https:\\\/\\\/folhapopular.info\\\/#\\\/schema\\\/person\\\/fad4c1d61e7e2fa197c7bacf08d12548\",\"name\":\"Mateus Brune\",\"image\":{\"@type\":\"ImageObject\",\"inLanguage\":\"pt-BR\",\"@id\":\"https:\\\/\\\/secure.gravatar.com\\\/avatar\\\/a5e6e40ba1f092a23f2fe51738d840f0bd7b518d58ec308b15f9b8ab50706dc4?s=96&d=mm&r=g\",\"url\":\"https:\\\/\\\/secure.gravatar.com\\\/avatar\\\/a5e6e40ba1f092a23f2fe51738d840f0bd7b518d58ec308b15f9b8ab50706dc4?s=96&d=mm&r=g\",\"contentUrl\":\"https:\\\/\\\/secure.gravatar.com\\\/avatar\\\/a5e6e40ba1f092a23f2fe51738d840f0bd7b518d58ec308b15f9b8ab50706dc4?s=96&d=mm&r=g\",\"caption\":\"Mateus Brune\"},\"url\":\"https:\\\/\\\/folhapopular.info\\\/index.php\\\/author\\\/mateus\\\/\"}]}<\/script>\n<!-- \/ Yoast SEO plugin. -->","yoast_head_json":{"title":"Taziani Elisa Klein \u00e9 a nova rainha de Po\u00e7o das Antas - Folha Popular","robots":{"index":"index","follow":"follow","max-snippet":"max-snippet:-1","max-image-preview":"max-image-preview:large","max-video-preview":"max-video-preview:-1"},"canonical":"https:\/\/folhapopular.info\/index.php\/2017\/08\/13\/taziani-elisa-klein-e-a-nova-rainha-de-poco-das-antas\/","og_locale":"pt_BR","og_type":"article","og_title":"Taziani Elisa Klein \u00e9 a nova rainha de Po\u00e7o das Antas - Folha Popular","og_description":"Em uma noite de muita magia, inspirada em contos de fadas e sonhos de meninas, Po\u00e7o das Antas conheceu suas novas soberanas. Ap\u00f3s um desfile diferenciado, uma passarela decorada com flores, espelhos e uma enorme coroa, foram escolhidas a rainha e princesas que ter\u00e3o a miss\u00e3o de representar o munic\u00edpio nos pr\u00f3ximos dois anos. As [&hellip;]","og_url":"https:\/\/folhapopular.info\/index.php\/2017\/08\/13\/taziani-elisa-klein-e-a-nova-rainha-de-poco-das-antas\/","og_site_name":"Folha Popular","article_published_time":"2017-08-13T18:46:40+00:00","og_image":[{"width":2048,"height":1536,"url":"https:\/\/folhapopular.info\/wp-content\/uploads\/2017\/08\/20861105_1584322904967137_1604773169_o.jpg","type":"image\/jpeg"}],"author":"Mateus Brune","twitter_card":"summary_large_image","twitter_misc":{"Escrito por":"Mateus Brune","Est. tempo de leitura":"1 minuto"},"schema":{"@context":"https:\/\/schema.org","@graph":[{"@type":"Article","@id":"https:\/\/folhapopular.info\/index.php\/2017\/08\/13\/taziani-elisa-klein-e-a-nova-rainha-de-poco-das-antas\/#article","isPartOf":{"@id":"https:\/\/folhapopular.info\/index.php\/2017\/08\/13\/taziani-elisa-klein-e-a-nova-rainha-de-poco-das-antas\/"},"author":{"name":"Mateus Brune","@id":"https:\/\/folhapopular.info\/#\/schema\/person\/fad4c1d61e7e2fa197c7bacf08d12548"},"headline":"Taziani Elisa Klein \u00e9 a nova rainha de Po\u00e7o das Antas","datePublished":"2017-08-13T18:46:40+00:00","mainEntityOfPage":{"@id":"https:\/\/folhapopular.info\/index.php\/2017\/08\/13\/taziani-elisa-klein-e-a-nova-rainha-de-poco-das-antas\/"},"wordCount":242,"commentCount":0,"image":{"@id":"https:\/\/folhapopular.info\/index.php\/2017\/08\/13\/taziani-elisa-klein-e-a-nova-rainha-de-poco-das-antas\/#primaryimage"},"thumbnailUrl":"https:\/\/folhapopular.info\/wp-content\/uploads\/2017\/08\/20861105_1584322904967137_1604773169_o.jpg","keywords":["Concurso de Soberanas","Po\u00e7o das Antas","Soberanas"],"articleSection":["Destaques","Inclusive"],"inLanguage":"pt-BR","potentialAction":[{"@type":"CommentAction","name":"Comment","target":["https:\/\/folhapopular.info\/index.php\/2017\/08\/13\/taziani-elisa-klein-e-a-nova-rainha-de-poco-das-antas\/#respond"]}]},{"@type":"WebPage","@id":"https:\/\/folhapopular.info\/index.php\/2017\/08\/13\/taziani-elisa-klein-e-a-nova-rainha-de-poco-das-antas\/","url":"https:\/\/folhapopular.info\/index.php\/2017\/08\/13\/taziani-elisa-klein-e-a-nova-rainha-de-poco-das-antas\/","name":"Taziani Elisa Klein \u00e9 a nova rainha de Po\u00e7o das Antas - Folha Popular","isPartOf":{"@id":"https:\/\/folhapopular.info\/#website"},"primaryImageOfPage":{"@id":"https:\/\/folhapopular.info\/index.php\/2017\/08\/13\/taziani-elisa-klein-e-a-nova-rainha-de-poco-das-antas\/#primaryimage"},"image":{"@id":"https:\/\/folhapopular.info\/index.php\/2017\/08\/13\/taziani-elisa-klein-e-a-nova-rainha-de-poco-das-antas\/#primaryimage"},"thumbnailUrl":"https:\/\/folhapopular.info\/wp-content\/uploads\/2017\/08\/20861105_1584322904967137_1604773169_o.jpg","datePublished":"2017-08-13T18:46:40+00:00","author":{"@id":"https:\/\/folhapopular.info\/#\/schema\/person\/fad4c1d61e7e2fa197c7bacf08d12548"},"breadcrumb":{"@id":"https:\/\/folhapopular.info\/index.php\/2017\/08\/13\/taziani-elisa-klein-e-a-nova-rainha-de-poco-das-antas\/#breadcrumb"},"inLanguage":"pt-BR","potentialAction":[{"@type":"ReadAction","target":["https:\/\/folhapopular.info\/index.php\/2017\/08\/13\/taziani-elisa-klein-e-a-nova-rainha-de-poco-das-antas\/"]}]},{"@type":"ImageObject","inLanguage":"pt-BR","@id":"https:\/\/folhapopular.info\/index.php\/2017\/08\/13\/taziani-elisa-klein-e-a-nova-rainha-de-poco-das-antas\/#primaryimage","url":"https:\/\/folhapopular.info\/wp-content\/uploads\/2017\/08\/20861105_1584322904967137_1604773169_o.jpg","contentUrl":"https:\/\/folhapopular.info\/wp-content\/uploads\/2017\/08\/20861105_1584322904967137_1604773169_o.jpg","width":2048,"height":1536,"caption":"Soberanas de Po\u00e7o das Antas"},{"@type":"BreadcrumbList","@id":"https:\/\/folhapopular.info\/index.php\/2017\/08\/13\/taziani-elisa-klein-e-a-nova-rainha-de-poco-das-antas\/#breadcrumb","itemListElement":[{"@type":"ListItem","position":1,"name":"In\u00edcio","item":"https:\/\/folhapopular.info\/"},{"@type":"ListItem","position":2,"name":"Taziani Elisa Klein \u00e9 a nova rainha de Po\u00e7o das Antas"}]},{"@type":"WebSite","@id":"https:\/\/folhapopular.info\/#website","url":"https:\/\/folhapopular.info\/","name":"Folha Popular","description":"Onde voc\u00ea tem vez e voz","potentialAction":[{"@type":"SearchAction","target":{"@type":"EntryPoint","urlTemplate":"https:\/\/folhapopular.info\/?s={search_term_string}"},"query-input":{"@type":"PropertyValueSpecification","valueRequired":true,"valueName":"search_term_string"}}],"inLanguage":"pt-BR"},{"@type":"Person","@id":"https:\/\/folhapopular.info\/#\/schema\/person\/fad4c1d61e7e2fa197c7bacf08d12548","name":"Mateus Brune","image":{"@type":"ImageObject","inLanguage":"pt-BR","@id":"https:\/\/secure.gravatar.com\/avatar\/a5e6e40ba1f092a23f2fe51738d840f0bd7b518d58ec308b15f9b8ab50706dc4?s=96&d=mm&r=g","url":"https:\/\/secure.gravatar.com\/avatar\/a5e6e40ba1f092a23f2fe51738d840f0bd7b518d58ec308b15f9b8ab50706dc4?s=96&d=mm&r=g","contentUrl":"https:\/\/secure.gravatar.com\/avatar\/a5e6e40ba1f092a23f2fe51738d840f0bd7b518d58ec308b15f9b8ab50706dc4?s=96&d=mm&r=g","caption":"Mateus Brune"},"url":"https:\/\/folhapopular.info\/index.php\/author\/mateus\/"}]}},"jetpack_featured_media_url":"https:\/\/folhapopular.info\/wp-content\/uploads\/2017\/08\/20861105_1584322904967137_1604773169_o.jpg","jetpack_sharing_enabled":true,"amp_enabled":true,"_links":{"self":[{"href":"https:\/\/folhapopular.info\/index.php\/wp-json\/wp\/v2\/posts\/33905","targetHints":{"allow":["GET"]}}],"collection":[{"href":"https:\/\/folhapopular.info\/index.php\/wp-json\/wp\/v2\/posts"}],"about":[{"href":"https:\/\/folhapopular.info\/index.php\/wp-json\/wp\/v2\/types\/post"}],"author":[{"embeddable":true,"href":"https:\/\/folhapopular.info\/index.php\/wp-json\/wp\/v2\/users\/1"}],"replies":[{"embeddable":true,"href":"https:\/\/folhapopular.info\/index.php\/wp-json\/wp\/v2\/comments?post=33905"}],"version-history":[{"count":0,"href":"https:\/\/folhapopular.info\/index.php\/wp-json\/wp\/v2\/posts\/33905\/revisions"}],"wp:featuredmedia":[{"embeddable":true,"href":"https:\/\/folhapopular.info\/index.php\/wp-json\/wp\/v2\/media\/33912"}],"wp:attachment":[{"href":"https:\/\/folhapopular.info\/index.php\/wp-json\/wp\/v2\/media?parent=33905"}],"wp:term":[{"taxonomy":"category","embeddable":true,"href":"https:\/\/folhapopular.info\/index.php\/wp-json\/wp\/v2\/categories?post=33905"},{"taxonomy":"post_tag","embeddable":true,"href":"https:\/\/folhapopular.info\/index.php\/wp-json\/wp\/v2\/tags?post=33905"}],"curies":[{"name":"wp","href":"https:\/\/api.w.org\/{rel}","templated":true}]}}