{"id":34178,"date":"2017-08-19T10:01:18","date_gmt":"2017-08-19T13:01:18","guid":{"rendered":"http:\/\/folhapopular.info\/?p=34178"},"modified":"2017-08-19T18:54:55","modified_gmt":"2017-08-19T21:54:55","slug":"uma-noite-para-conhecer-a-trajetoria-dos-imigrantes-alemaes","status":"publish","type":"post","link":"https:\/\/folhapopular.info\/index.php\/2017\/08\/19\/uma-noite-para-conhecer-a-trajetoria-dos-imigrantes-alemaes\/","title":{"rendered":"Uma noite para conhecer a trajet\u00f3ria dos imigrantes alem\u00e3es"},"content":{"rendered":"<p>A Escola Municipal de Ensino Fundamental Leopoldo Klepker, do Bairro Alesgut, trouxe a Teut\u00f4nia nesta sexta-feira, dia 18 de agosto, a pe\u00e7a teatral A Sapataria, da companhia de teatro Curto Arte, de Dois Irm\u00e3os. A programa\u00e7\u00e3o, que teve a abertura do grupo de dan\u00e7as alem\u00e3s Teutotanzgruppe, do Bairro Languiru, ocorreu no gin\u00e1sio da Escola.<\/p>\n<p>A encena\u00e7\u00e3o, baseada em fatos reais, \u00e9 uma homenagem aos imigrantes alem\u00e3es na regi\u00e3o. A pe\u00e7a relata a hist\u00f3ria da vinda de um casal de imigrantes alem\u00e3es ao Brasil. Trata as dificuldades ao se estabelecer nas col\u00f4nias e construir moradias. Helmut resolve continuar a profiss\u00e3o que tinha em sua terra natal, fabricando chinelos de madeira, enquanto Verna prepara roupas de tric\u00f4. A montagem \u00e9 permeada pela esperan\u00e7a do casal em trazer seus filhos, Alceu e Anna, que ficaram na Alemanha.<\/p>\n<p>A atividade integrou o projeto norteador da Secretaria Municipal de Educa\u00e7\u00e3o: \u201cTeut\u00f4nia, quero-te rica, grande em saber\u201d. Um dos eixos desta iniciativa \u00e9 a cultura, onde a escola trabalhou a cultura alem\u00e3, base de Teut\u00f4nia, sem esquecer as outras etnias e culturas presentes no munic\u00edpio. Estima-se que a escola atende alunos com origem de mais 80 cidades.<\/p>\n<figure id=\"attachment_34189\" aria-describedby=\"caption-attachment-34189\" style=\"width: 1000px\" class=\"wp-caption aligncenter\"><img loading=\"lazy\" decoding=\"async\" class=\"size-full wp-image-34189\" src=\"https:\/\/folhapopular.info\/wp-content\/uploads\/2017\/08\/site.jpg\" alt=\"\" width=\"1000\" height=\"664\" srcset=\"https:\/\/folhapopular.info\/wp-content\/uploads\/2017\/08\/site.jpg 1000w, https:\/\/folhapopular.info\/wp-content\/uploads\/2017\/08\/site-300x199.jpg 300w, https:\/\/folhapopular.info\/wp-content\/uploads\/2017\/08\/site-768x510.jpg 768w, https:\/\/folhapopular.info\/wp-content\/uploads\/2017\/08\/site-696x462.jpg 696w, https:\/\/folhapopular.info\/wp-content\/uploads\/2017\/08\/site-633x420.jpg 633w\" sizes=\"auto, (max-width: 1000px) 100vw, 1000px\" \/><figcaption id=\"caption-attachment-34189\" class=\"wp-caption-text\">Teutotanzgruppe se apresentou no evento promovido pela EMEF Leopoldo Klepker &#8211; CR\u00c9DITOS DA FOTO: \u00c9dson Lu\u00eds Schaeffer<\/figcaption><\/figure>\n","protected":false},"excerpt":{"rendered":"<p>A Escola Municipal de Ensino Fundamental Leopoldo Klepker, do Bairro Alesgut, trouxe a Teut\u00f4nia nesta sexta-feira, dia 18 de agosto, a pe\u00e7a teatral A Sapataria, da companhia de teatro Curto Arte, de Dois Irm\u00e3os. A programa\u00e7\u00e3o, que teve a abertura do grupo de dan\u00e7as alem\u00e3s Teutotanzgruppe, do Bairro Languiru, ocorreu no gin\u00e1sio da Escola. A [&hellip;]<\/p>\n","protected":false},"author":8,"featured_media":34179,"comment_status":"open","ping_status":"open","sticky":false,"template":"","format":"standard","meta":{"pmpro_default_level":"","_jetpack_memberships_contains_paid_content":false,"footnotes":""},"categories":[2,3],"tags":[861,863,344,862,548,26],"class_list":{"0":"post-34178","1":"post","2":"type-post","3":"status-publish","4":"format-standard","5":"has-post-thumbnail","7":"category-featured","8":"category-geral","9":"tag-a-sapataria","10":"tag-colonizacao-alema","11":"tag-cultura","12":"tag-curto-arte","13":"tag-teatro","14":"tag-teutonia","15":"pmpro-has-access"},"yoast_head":"<!-- This site is optimized with the Yoast SEO plugin v27.5 - https:\/\/yoast.com\/product\/yoast-seo-wordpress\/ -->\n<title>Uma noite para conhecer a trajet\u00f3ria dos imigrantes alem\u00e3es - Folha Popular<\/title>\n<meta name=\"robots\" content=\"index, follow, max-snippet:-1, max-image-preview:large, max-video-preview:-1\" \/>\n<link rel=\"canonical\" href=\"https:\/\/folhapopular.info\/index.php\/2017\/08\/19\/uma-noite-para-conhecer-a-trajetoria-dos-imigrantes-alemaes\/\" \/>\n<meta property=\"og:locale\" content=\"pt_BR\" \/>\n<meta property=\"og:type\" content=\"article\" \/>\n<meta property=\"og:title\" content=\"Uma noite para conhecer a trajet\u00f3ria dos imigrantes alem\u00e3es - Folha Popular\" \/>\n<meta property=\"og:description\" content=\"A Escola Municipal de Ensino Fundamental Leopoldo Klepker, do Bairro Alesgut, trouxe a Teut\u00f4nia nesta sexta-feira, dia 18 de agosto, a pe\u00e7a teatral A Sapataria, da companhia de teatro Curto Arte, de Dois Irm\u00e3os. A programa\u00e7\u00e3o, que teve a abertura do grupo de dan\u00e7as alem\u00e3s Teutotanzgruppe, do Bairro Languiru, ocorreu no gin\u00e1sio da Escola. A [&hellip;]\" \/>\n<meta property=\"og:url\" content=\"https:\/\/folhapopular.info\/index.php\/2017\/08\/19\/uma-noite-para-conhecer-a-trajetoria-dos-imigrantes-alemaes\/\" \/>\n<meta property=\"og:site_name\" content=\"Folha Popular\" \/>\n<meta property=\"article:published_time\" content=\"2017-08-19T13:01:18+00:00\" \/>\n<meta property=\"article:modified_time\" content=\"2017-08-19T21:54:55+00:00\" \/>\n<meta property=\"og:image\" content=\"https:\/\/folhapopular.info\/wp-content\/uploads\/2017\/08\/DSC1136-e1503139459956.jpg\" \/>\n\t<meta property=\"og:image:width\" content=\"1000\" \/>\n\t<meta property=\"og:image:height\" content=\"576\" \/>\n\t<meta property=\"og:image:type\" content=\"image\/jpeg\" \/>\n<meta name=\"author\" content=\"Reda\u00e7\u00e3o Folha Popular\" \/>\n<meta name=\"twitter:card\" content=\"summary_large_image\" \/>\n<meta name=\"twitter:label1\" content=\"Escrito por\" \/>\n\t<meta name=\"twitter:data1\" content=\"Reda\u00e7\u00e3o Folha Popular\" \/>\n\t<meta name=\"twitter:label2\" content=\"Est. tempo de leitura\" \/>\n\t<meta name=\"twitter:data2\" content=\"1 minuto\" \/>\n<script type=\"application\/ld+json\" class=\"yoast-schema-graph\">{\"@context\":\"https:\\\/\\\/schema.org\",\"@graph\":[{\"@type\":\"Article\",\"@id\":\"https:\\\/\\\/folhapopular.info\\\/index.php\\\/2017\\\/08\\\/19\\\/uma-noite-para-conhecer-a-trajetoria-dos-imigrantes-alemaes\\\/#article\",\"isPartOf\":{\"@id\":\"https:\\\/\\\/folhapopular.info\\\/index.php\\\/2017\\\/08\\\/19\\\/uma-noite-para-conhecer-a-trajetoria-dos-imigrantes-alemaes\\\/\"},\"author\":{\"name\":\"Reda\u00e7\u00e3o Folha Popular\",\"@id\":\"https:\\\/\\\/folhapopular.info\\\/#\\\/schema\\\/person\\\/2814e8a0df7643585a9ca38bc6eb9d4b\"},\"headline\":\"Uma noite para conhecer a trajet\u00f3ria dos imigrantes alem\u00e3es\",\"datePublished\":\"2017-08-19T13:01:18+00:00\",\"dateModified\":\"2017-08-19T21:54:55+00:00\",\"mainEntityOfPage\":{\"@id\":\"https:\\\/\\\/folhapopular.info\\\/index.php\\\/2017\\\/08\\\/19\\\/uma-noite-para-conhecer-a-trajetoria-dos-imigrantes-alemaes\\\/\"},\"wordCount\":243,\"commentCount\":0,\"image\":{\"@id\":\"https:\\\/\\\/folhapopular.info\\\/index.php\\\/2017\\\/08\\\/19\\\/uma-noite-para-conhecer-a-trajetoria-dos-imigrantes-alemaes\\\/#primaryimage\"},\"thumbnailUrl\":\"https:\\\/\\\/folhapopular.info\\\/wp-content\\\/uploads\\\/2017\\\/08\\\/DSC1136-e1503139459956.jpg\",\"keywords\":[\"A Sapataria\",\"Coloniza\u00e7\u00e3o Alem\u00e3\",\"Cultura\",\"Curto Arte\",\"Teatro\",\"Teut\u00f4nia\"],\"articleSection\":[\"Destaques\",\"Geral\"],\"inLanguage\":\"pt-BR\",\"potentialAction\":[{\"@type\":\"CommentAction\",\"name\":\"Comment\",\"target\":[\"https:\\\/\\\/folhapopular.info\\\/index.php\\\/2017\\\/08\\\/19\\\/uma-noite-para-conhecer-a-trajetoria-dos-imigrantes-alemaes\\\/#respond\"]}]},{\"@type\":\"WebPage\",\"@id\":\"https:\\\/\\\/folhapopular.info\\\/index.php\\\/2017\\\/08\\\/19\\\/uma-noite-para-conhecer-a-trajetoria-dos-imigrantes-alemaes\\\/\",\"url\":\"https:\\\/\\\/folhapopular.info\\\/index.php\\\/2017\\\/08\\\/19\\\/uma-noite-para-conhecer-a-trajetoria-dos-imigrantes-alemaes\\\/\",\"name\":\"Uma noite para conhecer a trajet\u00f3ria dos imigrantes alem\u00e3es - Folha Popular\",\"isPartOf\":{\"@id\":\"https:\\\/\\\/folhapopular.info\\\/#website\"},\"primaryImageOfPage\":{\"@id\":\"https:\\\/\\\/folhapopular.info\\\/index.php\\\/2017\\\/08\\\/19\\\/uma-noite-para-conhecer-a-trajetoria-dos-imigrantes-alemaes\\\/#primaryimage\"},\"image\":{\"@id\":\"https:\\\/\\\/folhapopular.info\\\/index.php\\\/2017\\\/08\\\/19\\\/uma-noite-para-conhecer-a-trajetoria-dos-imigrantes-alemaes\\\/#primaryimage\"},\"thumbnailUrl\":\"https:\\\/\\\/folhapopular.info\\\/wp-content\\\/uploads\\\/2017\\\/08\\\/DSC1136-e1503139459956.jpg\",\"datePublished\":\"2017-08-19T13:01:18+00:00\",\"dateModified\":\"2017-08-19T21:54:55+00:00\",\"author\":{\"@id\":\"https:\\\/\\\/folhapopular.info\\\/#\\\/schema\\\/person\\\/2814e8a0df7643585a9ca38bc6eb9d4b\"},\"breadcrumb\":{\"@id\":\"https:\\\/\\\/folhapopular.info\\\/index.php\\\/2017\\\/08\\\/19\\\/uma-noite-para-conhecer-a-trajetoria-dos-imigrantes-alemaes\\\/#breadcrumb\"},\"inLanguage\":\"pt-BR\",\"potentialAction\":[{\"@type\":\"ReadAction\",\"target\":[\"https:\\\/\\\/folhapopular.info\\\/index.php\\\/2017\\\/08\\\/19\\\/uma-noite-para-conhecer-a-trajetoria-dos-imigrantes-alemaes\\\/\"]}]},{\"@type\":\"ImageObject\",\"inLanguage\":\"pt-BR\",\"@id\":\"https:\\\/\\\/folhapopular.info\\\/index.php\\\/2017\\\/08\\\/19\\\/uma-noite-para-conhecer-a-trajetoria-dos-imigrantes-alemaes\\\/#primaryimage\",\"url\":\"https:\\\/\\\/folhapopular.info\\\/wp-content\\\/uploads\\\/2017\\\/08\\\/DSC1136-e1503139459956.jpg\",\"contentUrl\":\"https:\\\/\\\/folhapopular.info\\\/wp-content\\\/uploads\\\/2017\\\/08\\\/DSC1136-e1503139459956.jpg\",\"width\":1000,\"height\":576,\"caption\":\"A pe\u00e7a retratou as dificuldades dos imigrantes alem\u00e3es - CR\u00c9DITOS DA FOTO: \u00c9dson Lu\u00eds Schaeffer\"},{\"@type\":\"BreadcrumbList\",\"@id\":\"https:\\\/\\\/folhapopular.info\\\/index.php\\\/2017\\\/08\\\/19\\\/uma-noite-para-conhecer-a-trajetoria-dos-imigrantes-alemaes\\\/#breadcrumb\",\"itemListElement\":[{\"@type\":\"ListItem\",\"position\":1,\"name\":\"In\u00edcio\",\"item\":\"https:\\\/\\\/folhapopular.info\\\/\"},{\"@type\":\"ListItem\",\"position\":2,\"name\":\"Uma noite para conhecer a trajet\u00f3ria dos imigrantes alem\u00e3es\"}]},{\"@type\":\"WebSite\",\"@id\":\"https:\\\/\\\/folhapopular.info\\\/#website\",\"url\":\"https:\\\/\\\/folhapopular.info\\\/\",\"name\":\"Folha Popular\",\"description\":\"Onde voc\u00ea tem vez e voz\",\"potentialAction\":[{\"@type\":\"SearchAction\",\"target\":{\"@type\":\"EntryPoint\",\"urlTemplate\":\"https:\\\/\\\/folhapopular.info\\\/?s={search_term_string}\"},\"query-input\":{\"@type\":\"PropertyValueSpecification\",\"valueRequired\":true,\"valueName\":\"search_term_string\"}}],\"inLanguage\":\"pt-BR\"},{\"@type\":\"Person\",\"@id\":\"https:\\\/\\\/folhapopular.info\\\/#\\\/schema\\\/person\\\/2814e8a0df7643585a9ca38bc6eb9d4b\",\"name\":\"Reda\u00e7\u00e3o Folha Popular\",\"image\":{\"@type\":\"ImageObject\",\"inLanguage\":\"pt-BR\",\"@id\":\"https:\\\/\\\/folhapopular.info\\\/wp-content\\\/uploads\\\/2026\\\/04\\\/Folha-1.webp\",\"url\":\"https:\\\/\\\/folhapopular.info\\\/wp-content\\\/uploads\\\/2026\\\/04\\\/Folha-1.webp\",\"contentUrl\":\"https:\\\/\\\/folhapopular.info\\\/wp-content\\\/uploads\\\/2026\\\/04\\\/Folha-1.webp\",\"caption\":\"Reda\u00e7\u00e3o Folha Popular\"},\"url\":\"https:\\\/\\\/folhapopular.info\\\/index.php\\\/author\\\/redacao\\\/\"}]}<\/script>\n<!-- \/ Yoast SEO plugin. -->","yoast_head_json":{"title":"Uma noite para conhecer a trajet\u00f3ria dos imigrantes alem\u00e3es - Folha Popular","robots":{"index":"index","follow":"follow","max-snippet":"max-snippet:-1","max-image-preview":"max-image-preview:large","max-video-preview":"max-video-preview:-1"},"canonical":"https:\/\/folhapopular.info\/index.php\/2017\/08\/19\/uma-noite-para-conhecer-a-trajetoria-dos-imigrantes-alemaes\/","og_locale":"pt_BR","og_type":"article","og_title":"Uma noite para conhecer a trajet\u00f3ria dos imigrantes alem\u00e3es - Folha Popular","og_description":"A Escola Municipal de Ensino Fundamental Leopoldo Klepker, do Bairro Alesgut, trouxe a Teut\u00f4nia nesta sexta-feira, dia 18 de agosto, a pe\u00e7a teatral A Sapataria, da companhia de teatro Curto Arte, de Dois Irm\u00e3os. A programa\u00e7\u00e3o, que teve a abertura do grupo de dan\u00e7as alem\u00e3s Teutotanzgruppe, do Bairro Languiru, ocorreu no gin\u00e1sio da Escola. A [&hellip;]","og_url":"https:\/\/folhapopular.info\/index.php\/2017\/08\/19\/uma-noite-para-conhecer-a-trajetoria-dos-imigrantes-alemaes\/","og_site_name":"Folha Popular","article_published_time":"2017-08-19T13:01:18+00:00","article_modified_time":"2017-08-19T21:54:55+00:00","og_image":[{"width":1000,"height":576,"url":"https:\/\/folhapopular.info\/wp-content\/uploads\/2017\/08\/DSC1136-e1503139459956.jpg","type":"image\/jpeg"}],"author":"Reda\u00e7\u00e3o Folha Popular","twitter_card":"summary_large_image","twitter_misc":{"Escrito por":"Reda\u00e7\u00e3o Folha Popular","Est. tempo de leitura":"1 minuto"},"schema":{"@context":"https:\/\/schema.org","@graph":[{"@type":"Article","@id":"https:\/\/folhapopular.info\/index.php\/2017\/08\/19\/uma-noite-para-conhecer-a-trajetoria-dos-imigrantes-alemaes\/#article","isPartOf":{"@id":"https:\/\/folhapopular.info\/index.php\/2017\/08\/19\/uma-noite-para-conhecer-a-trajetoria-dos-imigrantes-alemaes\/"},"author":{"name":"Reda\u00e7\u00e3o Folha Popular","@id":"https:\/\/folhapopular.info\/#\/schema\/person\/2814e8a0df7643585a9ca38bc6eb9d4b"},"headline":"Uma noite para conhecer a trajet\u00f3ria dos imigrantes alem\u00e3es","datePublished":"2017-08-19T13:01:18+00:00","dateModified":"2017-08-19T21:54:55+00:00","mainEntityOfPage":{"@id":"https:\/\/folhapopular.info\/index.php\/2017\/08\/19\/uma-noite-para-conhecer-a-trajetoria-dos-imigrantes-alemaes\/"},"wordCount":243,"commentCount":0,"image":{"@id":"https:\/\/folhapopular.info\/index.php\/2017\/08\/19\/uma-noite-para-conhecer-a-trajetoria-dos-imigrantes-alemaes\/#primaryimage"},"thumbnailUrl":"https:\/\/folhapopular.info\/wp-content\/uploads\/2017\/08\/DSC1136-e1503139459956.jpg","keywords":["A Sapataria","Coloniza\u00e7\u00e3o Alem\u00e3","Cultura","Curto Arte","Teatro","Teut\u00f4nia"],"articleSection":["Destaques","Geral"],"inLanguage":"pt-BR","potentialAction":[{"@type":"CommentAction","name":"Comment","target":["https:\/\/folhapopular.info\/index.php\/2017\/08\/19\/uma-noite-para-conhecer-a-trajetoria-dos-imigrantes-alemaes\/#respond"]}]},{"@type":"WebPage","@id":"https:\/\/folhapopular.info\/index.php\/2017\/08\/19\/uma-noite-para-conhecer-a-trajetoria-dos-imigrantes-alemaes\/","url":"https:\/\/folhapopular.info\/index.php\/2017\/08\/19\/uma-noite-para-conhecer-a-trajetoria-dos-imigrantes-alemaes\/","name":"Uma noite para conhecer a trajet\u00f3ria dos imigrantes alem\u00e3es - Folha Popular","isPartOf":{"@id":"https:\/\/folhapopular.info\/#website"},"primaryImageOfPage":{"@id":"https:\/\/folhapopular.info\/index.php\/2017\/08\/19\/uma-noite-para-conhecer-a-trajetoria-dos-imigrantes-alemaes\/#primaryimage"},"image":{"@id":"https:\/\/folhapopular.info\/index.php\/2017\/08\/19\/uma-noite-para-conhecer-a-trajetoria-dos-imigrantes-alemaes\/#primaryimage"},"thumbnailUrl":"https:\/\/folhapopular.info\/wp-content\/uploads\/2017\/08\/DSC1136-e1503139459956.jpg","datePublished":"2017-08-19T13:01:18+00:00","dateModified":"2017-08-19T21:54:55+00:00","author":{"@id":"https:\/\/folhapopular.info\/#\/schema\/person\/2814e8a0df7643585a9ca38bc6eb9d4b"},"breadcrumb":{"@id":"https:\/\/folhapopular.info\/index.php\/2017\/08\/19\/uma-noite-para-conhecer-a-trajetoria-dos-imigrantes-alemaes\/#breadcrumb"},"inLanguage":"pt-BR","potentialAction":[{"@type":"ReadAction","target":["https:\/\/folhapopular.info\/index.php\/2017\/08\/19\/uma-noite-para-conhecer-a-trajetoria-dos-imigrantes-alemaes\/"]}]},{"@type":"ImageObject","inLanguage":"pt-BR","@id":"https:\/\/folhapopular.info\/index.php\/2017\/08\/19\/uma-noite-para-conhecer-a-trajetoria-dos-imigrantes-alemaes\/#primaryimage","url":"https:\/\/folhapopular.info\/wp-content\/uploads\/2017\/08\/DSC1136-e1503139459956.jpg","contentUrl":"https:\/\/folhapopular.info\/wp-content\/uploads\/2017\/08\/DSC1136-e1503139459956.jpg","width":1000,"height":576,"caption":"A pe\u00e7a retratou as dificuldades dos imigrantes alem\u00e3es - CR\u00c9DITOS DA FOTO: \u00c9dson Lu\u00eds Schaeffer"},{"@type":"BreadcrumbList","@id":"https:\/\/folhapopular.info\/index.php\/2017\/08\/19\/uma-noite-para-conhecer-a-trajetoria-dos-imigrantes-alemaes\/#breadcrumb","itemListElement":[{"@type":"ListItem","position":1,"name":"In\u00edcio","item":"https:\/\/folhapopular.info\/"},{"@type":"ListItem","position":2,"name":"Uma noite para conhecer a trajet\u00f3ria dos imigrantes alem\u00e3es"}]},{"@type":"WebSite","@id":"https:\/\/folhapopular.info\/#website","url":"https:\/\/folhapopular.info\/","name":"Folha Popular","description":"Onde voc\u00ea tem vez e voz","potentialAction":[{"@type":"SearchAction","target":{"@type":"EntryPoint","urlTemplate":"https:\/\/folhapopular.info\/?s={search_term_string}"},"query-input":{"@type":"PropertyValueSpecification","valueRequired":true,"valueName":"search_term_string"}}],"inLanguage":"pt-BR"},{"@type":"Person","@id":"https:\/\/folhapopular.info\/#\/schema\/person\/2814e8a0df7643585a9ca38bc6eb9d4b","name":"Reda\u00e7\u00e3o Folha Popular","image":{"@type":"ImageObject","inLanguage":"pt-BR","@id":"https:\/\/folhapopular.info\/wp-content\/uploads\/2026\/04\/Folha-1.webp","url":"https:\/\/folhapopular.info\/wp-content\/uploads\/2026\/04\/Folha-1.webp","contentUrl":"https:\/\/folhapopular.info\/wp-content\/uploads\/2026\/04\/Folha-1.webp","caption":"Reda\u00e7\u00e3o Folha Popular"},"url":"https:\/\/folhapopular.info\/index.php\/author\/redacao\/"}]}},"jetpack_featured_media_url":"https:\/\/folhapopular.info\/wp-content\/uploads\/2017\/08\/DSC1136-e1503139459956.jpg","jetpack_sharing_enabled":true,"amp_enabled":true,"_links":{"self":[{"href":"https:\/\/folhapopular.info\/index.php\/wp-json\/wp\/v2\/posts\/34178","targetHints":{"allow":["GET"]}}],"collection":[{"href":"https:\/\/folhapopular.info\/index.php\/wp-json\/wp\/v2\/posts"}],"about":[{"href":"https:\/\/folhapopular.info\/index.php\/wp-json\/wp\/v2\/types\/post"}],"author":[{"embeddable":true,"href":"https:\/\/folhapopular.info\/index.php\/wp-json\/wp\/v2\/users\/8"}],"replies":[{"embeddable":true,"href":"https:\/\/folhapopular.info\/index.php\/wp-json\/wp\/v2\/comments?post=34178"}],"version-history":[{"count":0,"href":"https:\/\/folhapopular.info\/index.php\/wp-json\/wp\/v2\/posts\/34178\/revisions"}],"wp:featuredmedia":[{"embeddable":true,"href":"https:\/\/folhapopular.info\/index.php\/wp-json\/wp\/v2\/media\/34179"}],"wp:attachment":[{"href":"https:\/\/folhapopular.info\/index.php\/wp-json\/wp\/v2\/media?parent=34178"}],"wp:term":[{"taxonomy":"category","embeddable":true,"href":"https:\/\/folhapopular.info\/index.php\/wp-json\/wp\/v2\/categories?post=34178"},{"taxonomy":"post_tag","embeddable":true,"href":"https:\/\/folhapopular.info\/index.php\/wp-json\/wp\/v2\/tags?post=34178"}],"curies":[{"name":"wp","href":"https:\/\/api.w.org\/{rel}","templated":true}]}}