{"id":34274,"date":"2017-08-22T10:06:50","date_gmt":"2017-08-22T13:06:50","guid":{"rendered":"http:\/\/folhapopular.info\/?p=34274"},"modified":"2017-08-22T10:06:50","modified_gmt":"2017-08-22T13:06:50","slug":"curso-de-nutricao-da-univates-completa-15-anos","status":"publish","type":"post","link":"https:\/\/folhapopular.info\/index.php\/2017\/08\/22\/curso-de-nutricao-da-univates-completa-15-anos\/","title":{"rendered":"Curso de Nutri\u00e7\u00e3o da Univates completa 15 anos"},"content":{"rendered":"<div>\n<p>O curso de Nutri\u00e7\u00e3o da Univates completa 15 anos no m\u00eas de agosto. Com mais de 280 diplomados, o curso tem buscado ampliar a capacita\u00e7\u00e3o pedag\u00f3gica dos docentes, a rela\u00e7\u00e3o com a comunidade e modernizar a estrutura da Institui\u00e7\u00e3o.<\/p>\n<p>Adriana Ulsenheimer colou grau na primeira turma do curso, em 2007. Atualmente a diplomada coordena o setor de nutri\u00e7\u00e3o da Secretaria de Sa\u00fade de Lajeado. \u201cA Univates esteve em constante crescimento desde o meu per\u00edodo de forma\u00e7\u00e3o. O n\u00famero de cursos aumentou e a preocupa\u00e7\u00e3o com a qualidade do ensino ficou sempre evidente. Sei que o curso mudou e melhorou muito, estando atento \u00e0s mudan\u00e7as necess\u00e1rias\u201d, declara.<\/p>\n<p>Conforme a coordenadora do curso, professora Fernanda Scherer Adami, um dos objetivos da Institui\u00e7\u00e3o \u00e9 a preocupa\u00e7\u00e3o em acompanhar a mudan\u00e7a de perfil do profissional desejado. \u201cNo in\u00edcio o mercado de trabalho solicitava basicamente profissionais para trabalhar em consult\u00f3rio, na cl\u00ednica hospitalar e em unidades de alimenta\u00e7\u00e3o e nutri\u00e7\u00e3o.<\/p>\n<p>Hoje o nutricionista desempenha um papel reconhecido na qualidade de vida e sa\u00fade da popula\u00e7\u00e3o em geral, principalmente preocupando-se com a preven\u00e7\u00e3o de doen\u00e7as e promo\u00e7\u00e3o da sa\u00fade\u201d, conta Fernanda ao destacar a amplia\u00e7\u00e3o do mercado de trabalho. \u201cO que percebo \u00e9 que o diplomado de hoje tem mais informa\u00e7\u00f5es sobre o trabalho interdisciplinar e conhecimento sobre o Sistema \u00danico de Sa\u00fade (SUS). Tenho orgulho de dizer que fiz minha gradua\u00e7\u00e3o e especializa\u00e7\u00e3o na Univates, que agora \u00e9 Universidade\u201d, afirma Adriana.<\/p>\n<p><strong>Evento de comemora\u00e7\u00e3o<br \/>\n<\/strong>Para comemorar os 15 anos de Nutri\u00e7\u00e3o, o curso promove, no dia 1\u00ba de setembro, um evento em parceria com o Conselho Regional de Nutricionistas (CRN2). A abertura das atividades ocorre \u00e0s 19h20min no audit\u00f3rio do Pr\u00e9dio 11. Na sequ\u00eancia, \u00e0s 19h50min, ser\u00e1 realizada a palestra \u201cDieta mediterr\u00e2nea na doen\u00e7a hep\u00e1tica gordurosa n\u00e3o alc\u00f3olica\u201d, ministrada pela mestra em Ci\u00eancias da Gastroenterologia e Hepatologia (Universidade Federal do Rio Grande do Sul &#8211; Ufrgs) Juliana Bruch.<\/p>\n<p>\u00c0s 20h20min, a doutora em Educa\u00e7\u00e3o (Ufrgs) Ana Luiza Scarparo debate sobre a atua\u00e7\u00e3o do nutricionista no Programa Nacional de Alimenta\u00e7\u00e3o Escolar. O final da noite conta ainda com um v\u00eddeo sobre a hist\u00f3ria do curso e coffee break oferecido pelo Diret\u00f3rio Acad\u00eamico.<\/p>\n<p>Para participar, \u00e9 necess\u00e1rio que cada estudante traga um quilo de alimento n\u00e3o perec\u00edvel. As inscri\u00e7\u00f5es podem ser feitas no site do CRN-2 (www.crn2.org.br\/crn2\/eventos-do-crn-2-inscricao-e-certificado\/3-dia-do-nutricionista-lajeado-01-de-setembro).<\/p>\n<\/div>\n","protected":false},"excerpt":{"rendered":"<p>O curso de Nutri\u00e7\u00e3o da Univates completa 15 anos no m\u00eas de agosto. Com mais de 280 diplomados, o curso tem buscado ampliar a capacita\u00e7\u00e3o pedag\u00f3gica dos docentes, a rela\u00e7\u00e3o com a comunidade e modernizar a estrutura da Institui\u00e7\u00e3o. Adriana Ulsenheimer colou grau na primeira turma do curso, em 2007. Atualmente a diplomada coordena o [&hellip;]<\/p>\n","protected":false},"author":8,"featured_media":34275,"comment_status":"open","ping_status":"open","sticky":false,"template":"","format":"standard","meta":{"pmpro_default_level":"","_jetpack_memberships_contains_paid_content":false,"footnotes":""},"categories":[3],"tags":[355,364,27,272,89,83],"class_list":{"0":"post-34274","1":"post","2":"type-post","3":"status-publish","4":"format-standard","5":"has-post-thumbnail","7":"category-geral","8":"tag-15-anos","9":"tag-curso","10":"tag-lajeado","11":"tag-nutricao","12":"tag-saude","13":"tag-univates","14":"pmpro-has-access"},"yoast_head":"<!-- This site is optimized with the Yoast SEO plugin v27.5 - https:\/\/yoast.com\/product\/yoast-seo-wordpress\/ -->\n<title>Curso de Nutri\u00e7\u00e3o da Univates completa 15 anos - Folha Popular<\/title>\n<meta name=\"robots\" content=\"index, follow, max-snippet:-1, max-image-preview:large, max-video-preview:-1\" \/>\n<link rel=\"canonical\" href=\"https:\/\/folhapopular.info\/index.php\/2017\/08\/22\/curso-de-nutricao-da-univates-completa-15-anos\/\" \/>\n<meta property=\"og:locale\" content=\"pt_BR\" \/>\n<meta property=\"og:type\" content=\"article\" \/>\n<meta property=\"og:title\" content=\"Curso de Nutri\u00e7\u00e3o da Univates completa 15 anos - Folha Popular\" \/>\n<meta property=\"og:description\" content=\"O curso de Nutri\u00e7\u00e3o da Univates completa 15 anos no m\u00eas de agosto. Com mais de 280 diplomados, o curso tem buscado ampliar a capacita\u00e7\u00e3o pedag\u00f3gica dos docentes, a rela\u00e7\u00e3o com a comunidade e modernizar a estrutura da Institui\u00e7\u00e3o. Adriana Ulsenheimer colou grau na primeira turma do curso, em 2007. Atualmente a diplomada coordena o [&hellip;]\" \/>\n<meta property=\"og:url\" content=\"https:\/\/folhapopular.info\/index.php\/2017\/08\/22\/curso-de-nutricao-da-univates-completa-15-anos\/\" \/>\n<meta property=\"og:site_name\" content=\"Folha Popular\" \/>\n<meta property=\"article:published_time\" content=\"2017-08-22T13:06:50+00:00\" \/>\n<meta property=\"og:image\" content=\"https:\/\/folhapopular.info\/wp-content\/uploads\/2017\/08\/nutricao-e1503407137560.jpg\" \/>\n\t<meta property=\"og:image:width\" content=\"1000\" \/>\n\t<meta property=\"og:image:height\" content=\"667\" \/>\n\t<meta property=\"og:image:type\" content=\"image\/jpeg\" \/>\n<meta name=\"author\" content=\"Reda\u00e7\u00e3o Folha Popular\" \/>\n<meta name=\"twitter:card\" content=\"summary_large_image\" \/>\n<meta name=\"twitter:label1\" content=\"Escrito por\" \/>\n\t<meta name=\"twitter:data1\" content=\"Reda\u00e7\u00e3o Folha Popular\" \/>\n\t<meta name=\"twitter:label2\" content=\"Est. tempo de leitura\" \/>\n\t<meta name=\"twitter:data2\" content=\"2 minutos\" \/>\n<script type=\"application\/ld+json\" class=\"yoast-schema-graph\">{\"@context\":\"https:\\\/\\\/schema.org\",\"@graph\":[{\"@type\":\"Article\",\"@id\":\"https:\\\/\\\/folhapopular.info\\\/index.php\\\/2017\\\/08\\\/22\\\/curso-de-nutricao-da-univates-completa-15-anos\\\/#article\",\"isPartOf\":{\"@id\":\"https:\\\/\\\/folhapopular.info\\\/index.php\\\/2017\\\/08\\\/22\\\/curso-de-nutricao-da-univates-completa-15-anos\\\/\"},\"author\":{\"name\":\"Reda\u00e7\u00e3o Folha Popular\",\"@id\":\"https:\\\/\\\/folhapopular.info\\\/#\\\/schema\\\/person\\\/2814e8a0df7643585a9ca38bc6eb9d4b\"},\"headline\":\"Curso de Nutri\u00e7\u00e3o da Univates completa 15 anos\",\"datePublished\":\"2017-08-22T13:06:50+00:00\",\"mainEntityOfPage\":{\"@id\":\"https:\\\/\\\/folhapopular.info\\\/index.php\\\/2017\\\/08\\\/22\\\/curso-de-nutricao-da-univates-completa-15-anos\\\/\"},\"wordCount\":444,\"commentCount\":0,\"image\":{\"@id\":\"https:\\\/\\\/folhapopular.info\\\/index.php\\\/2017\\\/08\\\/22\\\/curso-de-nutricao-da-univates-completa-15-anos\\\/#primaryimage\"},\"thumbnailUrl\":\"https:\\\/\\\/folhapopular.info\\\/wp-content\\\/uploads\\\/2017\\\/08\\\/nutricao-e1503407137560.jpg\",\"keywords\":[\"15 anos\",\"Curso\",\"Lajeado\",\"Nutri\u00e7\u00e3o\",\"Sa\u00fade\",\"Univates\"],\"articleSection\":[\"Geral\"],\"inLanguage\":\"pt-BR\",\"potentialAction\":[{\"@type\":\"CommentAction\",\"name\":\"Comment\",\"target\":[\"https:\\\/\\\/folhapopular.info\\\/index.php\\\/2017\\\/08\\\/22\\\/curso-de-nutricao-da-univates-completa-15-anos\\\/#respond\"]}]},{\"@type\":\"WebPage\",\"@id\":\"https:\\\/\\\/folhapopular.info\\\/index.php\\\/2017\\\/08\\\/22\\\/curso-de-nutricao-da-univates-completa-15-anos\\\/\",\"url\":\"https:\\\/\\\/folhapopular.info\\\/index.php\\\/2017\\\/08\\\/22\\\/curso-de-nutricao-da-univates-completa-15-anos\\\/\",\"name\":\"Curso de Nutri\u00e7\u00e3o da Univates completa 15 anos - Folha Popular\",\"isPartOf\":{\"@id\":\"https:\\\/\\\/folhapopular.info\\\/#website\"},\"primaryImageOfPage\":{\"@id\":\"https:\\\/\\\/folhapopular.info\\\/index.php\\\/2017\\\/08\\\/22\\\/curso-de-nutricao-da-univates-completa-15-anos\\\/#primaryimage\"},\"image\":{\"@id\":\"https:\\\/\\\/folhapopular.info\\\/index.php\\\/2017\\\/08\\\/22\\\/curso-de-nutricao-da-univates-completa-15-anos\\\/#primaryimage\"},\"thumbnailUrl\":\"https:\\\/\\\/folhapopular.info\\\/wp-content\\\/uploads\\\/2017\\\/08\\\/nutricao-e1503407137560.jpg\",\"datePublished\":\"2017-08-22T13:06:50+00:00\",\"author\":{\"@id\":\"https:\\\/\\\/folhapopular.info\\\/#\\\/schema\\\/person\\\/2814e8a0df7643585a9ca38bc6eb9d4b\"},\"breadcrumb\":{\"@id\":\"https:\\\/\\\/folhapopular.info\\\/index.php\\\/2017\\\/08\\\/22\\\/curso-de-nutricao-da-univates-completa-15-anos\\\/#breadcrumb\"},\"inLanguage\":\"pt-BR\",\"potentialAction\":[{\"@type\":\"ReadAction\",\"target\":[\"https:\\\/\\\/folhapopular.info\\\/index.php\\\/2017\\\/08\\\/22\\\/curso-de-nutricao-da-univates-completa-15-anos\\\/\"]}]},{\"@type\":\"ImageObject\",\"inLanguage\":\"pt-BR\",\"@id\":\"https:\\\/\\\/folhapopular.info\\\/index.php\\\/2017\\\/08\\\/22\\\/curso-de-nutricao-da-univates-completa-15-anos\\\/#primaryimage\",\"url\":\"https:\\\/\\\/folhapopular.info\\\/wp-content\\\/uploads\\\/2017\\\/08\\\/nutricao-e1503407137560.jpg\",\"contentUrl\":\"https:\\\/\\\/folhapopular.info\\\/wp-content\\\/uploads\\\/2017\\\/08\\\/nutricao-e1503407137560.jpg\",\"width\":1000,\"height\":667,\"caption\":\"Curso de Nutri\u00e7\u00e3o da Univates completa 15 anos \\\/ Cr\u00e9dito da foto: Rodrigo Balbueno \\\/ Divulga\u00e7\u00e3o\"},{\"@type\":\"BreadcrumbList\",\"@id\":\"https:\\\/\\\/folhapopular.info\\\/index.php\\\/2017\\\/08\\\/22\\\/curso-de-nutricao-da-univates-completa-15-anos\\\/#breadcrumb\",\"itemListElement\":[{\"@type\":\"ListItem\",\"position\":1,\"name\":\"In\u00edcio\",\"item\":\"https:\\\/\\\/folhapopular.info\\\/\"},{\"@type\":\"ListItem\",\"position\":2,\"name\":\"Curso de Nutri\u00e7\u00e3o da Univates completa 15 anos\"}]},{\"@type\":\"WebSite\",\"@id\":\"https:\\\/\\\/folhapopular.info\\\/#website\",\"url\":\"https:\\\/\\\/folhapopular.info\\\/\",\"name\":\"Folha Popular\",\"description\":\"Onde voc\u00ea tem vez e voz\",\"potentialAction\":[{\"@type\":\"SearchAction\",\"target\":{\"@type\":\"EntryPoint\",\"urlTemplate\":\"https:\\\/\\\/folhapopular.info\\\/?s={search_term_string}\"},\"query-input\":{\"@type\":\"PropertyValueSpecification\",\"valueRequired\":true,\"valueName\":\"search_term_string\"}}],\"inLanguage\":\"pt-BR\"},{\"@type\":\"Person\",\"@id\":\"https:\\\/\\\/folhapopular.info\\\/#\\\/schema\\\/person\\\/2814e8a0df7643585a9ca38bc6eb9d4b\",\"name\":\"Reda\u00e7\u00e3o Folha Popular\",\"image\":{\"@type\":\"ImageObject\",\"inLanguage\":\"pt-BR\",\"@id\":\"https:\\\/\\\/folhapopular.info\\\/wp-content\\\/uploads\\\/2026\\\/04\\\/Folha-1.webp\",\"url\":\"https:\\\/\\\/folhapopular.info\\\/wp-content\\\/uploads\\\/2026\\\/04\\\/Folha-1.webp\",\"contentUrl\":\"https:\\\/\\\/folhapopular.info\\\/wp-content\\\/uploads\\\/2026\\\/04\\\/Folha-1.webp\",\"caption\":\"Reda\u00e7\u00e3o Folha Popular\"},\"url\":\"https:\\\/\\\/folhapopular.info\\\/index.php\\\/author\\\/redacao\\\/\"}]}<\/script>\n<!-- \/ Yoast SEO plugin. -->","yoast_head_json":{"title":"Curso de Nutri\u00e7\u00e3o da Univates completa 15 anos - Folha Popular","robots":{"index":"index","follow":"follow","max-snippet":"max-snippet:-1","max-image-preview":"max-image-preview:large","max-video-preview":"max-video-preview:-1"},"canonical":"https:\/\/folhapopular.info\/index.php\/2017\/08\/22\/curso-de-nutricao-da-univates-completa-15-anos\/","og_locale":"pt_BR","og_type":"article","og_title":"Curso de Nutri\u00e7\u00e3o da Univates completa 15 anos - Folha Popular","og_description":"O curso de Nutri\u00e7\u00e3o da Univates completa 15 anos no m\u00eas de agosto. Com mais de 280 diplomados, o curso tem buscado ampliar a capacita\u00e7\u00e3o pedag\u00f3gica dos docentes, a rela\u00e7\u00e3o com a comunidade e modernizar a estrutura da Institui\u00e7\u00e3o. Adriana Ulsenheimer colou grau na primeira turma do curso, em 2007. Atualmente a diplomada coordena o [&hellip;]","og_url":"https:\/\/folhapopular.info\/index.php\/2017\/08\/22\/curso-de-nutricao-da-univates-completa-15-anos\/","og_site_name":"Folha Popular","article_published_time":"2017-08-22T13:06:50+00:00","og_image":[{"width":1000,"height":667,"url":"https:\/\/folhapopular.info\/wp-content\/uploads\/2017\/08\/nutricao-e1503407137560.jpg","type":"image\/jpeg"}],"author":"Reda\u00e7\u00e3o Folha Popular","twitter_card":"summary_large_image","twitter_misc":{"Escrito por":"Reda\u00e7\u00e3o Folha Popular","Est. tempo de leitura":"2 minutos"},"schema":{"@context":"https:\/\/schema.org","@graph":[{"@type":"Article","@id":"https:\/\/folhapopular.info\/index.php\/2017\/08\/22\/curso-de-nutricao-da-univates-completa-15-anos\/#article","isPartOf":{"@id":"https:\/\/folhapopular.info\/index.php\/2017\/08\/22\/curso-de-nutricao-da-univates-completa-15-anos\/"},"author":{"name":"Reda\u00e7\u00e3o Folha Popular","@id":"https:\/\/folhapopular.info\/#\/schema\/person\/2814e8a0df7643585a9ca38bc6eb9d4b"},"headline":"Curso de Nutri\u00e7\u00e3o da Univates completa 15 anos","datePublished":"2017-08-22T13:06:50+00:00","mainEntityOfPage":{"@id":"https:\/\/folhapopular.info\/index.php\/2017\/08\/22\/curso-de-nutricao-da-univates-completa-15-anos\/"},"wordCount":444,"commentCount":0,"image":{"@id":"https:\/\/folhapopular.info\/index.php\/2017\/08\/22\/curso-de-nutricao-da-univates-completa-15-anos\/#primaryimage"},"thumbnailUrl":"https:\/\/folhapopular.info\/wp-content\/uploads\/2017\/08\/nutricao-e1503407137560.jpg","keywords":["15 anos","Curso","Lajeado","Nutri\u00e7\u00e3o","Sa\u00fade","Univates"],"articleSection":["Geral"],"inLanguage":"pt-BR","potentialAction":[{"@type":"CommentAction","name":"Comment","target":["https:\/\/folhapopular.info\/index.php\/2017\/08\/22\/curso-de-nutricao-da-univates-completa-15-anos\/#respond"]}]},{"@type":"WebPage","@id":"https:\/\/folhapopular.info\/index.php\/2017\/08\/22\/curso-de-nutricao-da-univates-completa-15-anos\/","url":"https:\/\/folhapopular.info\/index.php\/2017\/08\/22\/curso-de-nutricao-da-univates-completa-15-anos\/","name":"Curso de Nutri\u00e7\u00e3o da Univates completa 15 anos - Folha Popular","isPartOf":{"@id":"https:\/\/folhapopular.info\/#website"},"primaryImageOfPage":{"@id":"https:\/\/folhapopular.info\/index.php\/2017\/08\/22\/curso-de-nutricao-da-univates-completa-15-anos\/#primaryimage"},"image":{"@id":"https:\/\/folhapopular.info\/index.php\/2017\/08\/22\/curso-de-nutricao-da-univates-completa-15-anos\/#primaryimage"},"thumbnailUrl":"https:\/\/folhapopular.info\/wp-content\/uploads\/2017\/08\/nutricao-e1503407137560.jpg","datePublished":"2017-08-22T13:06:50+00:00","author":{"@id":"https:\/\/folhapopular.info\/#\/schema\/person\/2814e8a0df7643585a9ca38bc6eb9d4b"},"breadcrumb":{"@id":"https:\/\/folhapopular.info\/index.php\/2017\/08\/22\/curso-de-nutricao-da-univates-completa-15-anos\/#breadcrumb"},"inLanguage":"pt-BR","potentialAction":[{"@type":"ReadAction","target":["https:\/\/folhapopular.info\/index.php\/2017\/08\/22\/curso-de-nutricao-da-univates-completa-15-anos\/"]}]},{"@type":"ImageObject","inLanguage":"pt-BR","@id":"https:\/\/folhapopular.info\/index.php\/2017\/08\/22\/curso-de-nutricao-da-univates-completa-15-anos\/#primaryimage","url":"https:\/\/folhapopular.info\/wp-content\/uploads\/2017\/08\/nutricao-e1503407137560.jpg","contentUrl":"https:\/\/folhapopular.info\/wp-content\/uploads\/2017\/08\/nutricao-e1503407137560.jpg","width":1000,"height":667,"caption":"Curso de Nutri\u00e7\u00e3o da Univates completa 15 anos \/ Cr\u00e9dito da foto: Rodrigo Balbueno \/ Divulga\u00e7\u00e3o"},{"@type":"BreadcrumbList","@id":"https:\/\/folhapopular.info\/index.php\/2017\/08\/22\/curso-de-nutricao-da-univates-completa-15-anos\/#breadcrumb","itemListElement":[{"@type":"ListItem","position":1,"name":"In\u00edcio","item":"https:\/\/folhapopular.info\/"},{"@type":"ListItem","position":2,"name":"Curso de Nutri\u00e7\u00e3o da Univates completa 15 anos"}]},{"@type":"WebSite","@id":"https:\/\/folhapopular.info\/#website","url":"https:\/\/folhapopular.info\/","name":"Folha Popular","description":"Onde voc\u00ea tem vez e voz","potentialAction":[{"@type":"SearchAction","target":{"@type":"EntryPoint","urlTemplate":"https:\/\/folhapopular.info\/?s={search_term_string}"},"query-input":{"@type":"PropertyValueSpecification","valueRequired":true,"valueName":"search_term_string"}}],"inLanguage":"pt-BR"},{"@type":"Person","@id":"https:\/\/folhapopular.info\/#\/schema\/person\/2814e8a0df7643585a9ca38bc6eb9d4b","name":"Reda\u00e7\u00e3o Folha Popular","image":{"@type":"ImageObject","inLanguage":"pt-BR","@id":"https:\/\/folhapopular.info\/wp-content\/uploads\/2026\/04\/Folha-1.webp","url":"https:\/\/folhapopular.info\/wp-content\/uploads\/2026\/04\/Folha-1.webp","contentUrl":"https:\/\/folhapopular.info\/wp-content\/uploads\/2026\/04\/Folha-1.webp","caption":"Reda\u00e7\u00e3o Folha Popular"},"url":"https:\/\/folhapopular.info\/index.php\/author\/redacao\/"}]}},"jetpack_featured_media_url":"https:\/\/folhapopular.info\/wp-content\/uploads\/2017\/08\/nutricao-e1503407137560.jpg","jetpack_sharing_enabled":true,"amp_enabled":true,"_links":{"self":[{"href":"https:\/\/folhapopular.info\/index.php\/wp-json\/wp\/v2\/posts\/34274","targetHints":{"allow":["GET"]}}],"collection":[{"href":"https:\/\/folhapopular.info\/index.php\/wp-json\/wp\/v2\/posts"}],"about":[{"href":"https:\/\/folhapopular.info\/index.php\/wp-json\/wp\/v2\/types\/post"}],"author":[{"embeddable":true,"href":"https:\/\/folhapopular.info\/index.php\/wp-json\/wp\/v2\/users\/8"}],"replies":[{"embeddable":true,"href":"https:\/\/folhapopular.info\/index.php\/wp-json\/wp\/v2\/comments?post=34274"}],"version-history":[{"count":0,"href":"https:\/\/folhapopular.info\/index.php\/wp-json\/wp\/v2\/posts\/34274\/revisions"}],"wp:featuredmedia":[{"embeddable":true,"href":"https:\/\/folhapopular.info\/index.php\/wp-json\/wp\/v2\/media\/34275"}],"wp:attachment":[{"href":"https:\/\/folhapopular.info\/index.php\/wp-json\/wp\/v2\/media?parent=34274"}],"wp:term":[{"taxonomy":"category","embeddable":true,"href":"https:\/\/folhapopular.info\/index.php\/wp-json\/wp\/v2\/categories?post=34274"},{"taxonomy":"post_tag","embeddable":true,"href":"https:\/\/folhapopular.info\/index.php\/wp-json\/wp\/v2\/tags?post=34274"}],"curies":[{"name":"wp","href":"https:\/\/api.w.org\/{rel}","templated":true}]}}