{"id":34338,"date":"2017-08-23T13:00:15","date_gmt":"2017-08-23T16:00:15","guid":{"rendered":"http:\/\/folhapopular.info\/?p=34338"},"modified":"2017-08-23T08:36:08","modified_gmt":"2017-08-23T11:36:08","slug":"domingo-cultural-apresenta-vicente-breyer-trio","status":"publish","type":"post","link":"https:\/\/folhapopular.info\/index.php\/2017\/08\/23\/domingo-cultural-apresenta-vicente-breyer-trio\/","title":{"rendered":"Domingo\u00a0Cultural apresenta Vicente Breyer Trio"},"content":{"rendered":"<p>A Secretaria de Cultura e Turismo de Estrela (Secultur) promove, no pr\u00f3ximo\u00a0domingo\u00a0(27.08), mais uma edi\u00e7\u00e3o do\u00a0Domingo\u00a0Cultural. O evento ser\u00e1 realizado na C\u00e2mara de Vereadores, a partir das 19h, com entrada franca. A atra\u00e7\u00e3o \u00e9 o grupo Vicente Breyer Trio, formado por Solon Chaves no contrabaixo, Vicente Breyer no piano e Maur\u00edcio Malaggi na bateria. Haver\u00e1 a participa\u00e7\u00e3o especial de Alex Melena.<\/p>\n<p>Vicente Breyer Trio teve in\u00edcio em 2009 e passou por algumas transforma\u00e7\u00f5es durante esse tempo. No show apresenta, prioritariamente, m\u00fasicas autorais de Vicente Breyer, e faz um resgate de m\u00fasicas brasileiras que fazem parte da mem\u00f3ria da m\u00fasica do Brasil.<\/p>\n<p>Can\u00e7\u00f5es que lembram a \u00e9poca de compositores do chamado Clube da Esquina &#8211; Milton Nascimento, L\u00f4 Borges, Beto Guedes &#8211; al\u00e9m de alguns &#8220;standars&#8221; do jazz, conhecidos mundialmente, tamb\u00e9m est\u00e3o no repert\u00f3rio que ser\u00e1 apresentado no\u00a0Domingo\u00a0Cultural.<\/p>\n","protected":false},"excerpt":{"rendered":"<p>A Secretaria de Cultura e Turismo de Estrela (Secultur) promove, no pr\u00f3ximo\u00a0domingo\u00a0(27.08), mais uma edi\u00e7\u00e3o do\u00a0Domingo\u00a0Cultural. O evento ser\u00e1 realizado na C\u00e2mara de Vereadores, a partir das 19h, com entrada franca. A atra\u00e7\u00e3o \u00e9 o grupo Vicente Breyer Trio, formado por Solon Chaves no contrabaixo, Vicente Breyer no piano e Maur\u00edcio Malaggi na bateria. Haver\u00e1 [&hellip;]<\/p>\n","protected":false},"author":8,"featured_media":34340,"comment_status":"open","ping_status":"open","sticky":false,"template":"","format":"standard","meta":{"pmpro_default_level":"","_jetpack_memberships_contains_paid_content":false,"footnotes":""},"categories":[6],"tags":[],"class_list":{"0":"post-34338","1":"post","2":"type-post","3":"status-publish","4":"format-standard","5":"has-post-thumbnail","7":"category-inclusive","8":"pmpro-has-access"},"yoast_head":"<!-- This site is optimized with the Yoast SEO plugin v27.5 - https:\/\/yoast.com\/product\/yoast-seo-wordpress\/ -->\n<title>Domingo\u00a0Cultural apresenta Vicente Breyer Trio - Folha Popular<\/title>\n<meta name=\"robots\" content=\"index, follow, max-snippet:-1, max-image-preview:large, max-video-preview:-1\" \/>\n<link rel=\"canonical\" href=\"https:\/\/folhapopular.info\/index.php\/2017\/08\/23\/domingo-cultural-apresenta-vicente-breyer-trio\/\" \/>\n<meta property=\"og:locale\" content=\"pt_BR\" \/>\n<meta property=\"og:type\" content=\"article\" \/>\n<meta property=\"og:title\" content=\"Domingo\u00a0Cultural apresenta Vicente Breyer Trio - Folha Popular\" \/>\n<meta property=\"og:description\" content=\"A Secretaria de Cultura e Turismo de Estrela (Secultur) promove, no pr\u00f3ximo\u00a0domingo\u00a0(27.08), mais uma edi\u00e7\u00e3o do\u00a0Domingo\u00a0Cultural. O evento ser\u00e1 realizado na C\u00e2mara de Vereadores, a partir das 19h, com entrada franca. A atra\u00e7\u00e3o \u00e9 o grupo Vicente Breyer Trio, formado por Solon Chaves no contrabaixo, Vicente Breyer no piano e Maur\u00edcio Malaggi na bateria. Haver\u00e1 [&hellip;]\" \/>\n<meta property=\"og:url\" content=\"https:\/\/folhapopular.info\/index.php\/2017\/08\/23\/domingo-cultural-apresenta-vicente-breyer-trio\/\" \/>\n<meta property=\"og:site_name\" content=\"Folha Popular\" \/>\n<meta property=\"article:published_time\" content=\"2017-08-23T16:00:15+00:00\" \/>\n<meta property=\"og:image\" content=\"https:\/\/folhapopular.info\/wp-content\/uploads\/2017\/08\/Vicente-Breyer.jpg\" \/>\n\t<meta property=\"og:image:width\" content=\"720\" \/>\n\t<meta property=\"og:image:height\" content=\"476\" \/>\n\t<meta property=\"og:image:type\" content=\"image\/jpeg\" \/>\n<meta name=\"author\" content=\"Reda\u00e7\u00e3o Folha Popular\" \/>\n<meta name=\"twitter:card\" content=\"summary_large_image\" \/>\n<meta name=\"twitter:label1\" content=\"Escrito por\" \/>\n\t<meta name=\"twitter:data1\" content=\"Reda\u00e7\u00e3o Folha Popular\" \/>\n\t<meta name=\"twitter:label2\" content=\"Est. tempo de leitura\" \/>\n\t<meta name=\"twitter:data2\" content=\"1 minuto\" \/>\n<script type=\"application\/ld+json\" class=\"yoast-schema-graph\">{\"@context\":\"https:\\\/\\\/schema.org\",\"@graph\":[{\"@type\":\"Article\",\"@id\":\"https:\\\/\\\/folhapopular.info\\\/index.php\\\/2017\\\/08\\\/23\\\/domingo-cultural-apresenta-vicente-breyer-trio\\\/#article\",\"isPartOf\":{\"@id\":\"https:\\\/\\\/folhapopular.info\\\/index.php\\\/2017\\\/08\\\/23\\\/domingo-cultural-apresenta-vicente-breyer-trio\\\/\"},\"author\":{\"name\":\"Reda\u00e7\u00e3o Folha Popular\",\"@id\":\"https:\\\/\\\/folhapopular.info\\\/#\\\/schema\\\/person\\\/2814e8a0df7643585a9ca38bc6eb9d4b\"},\"headline\":\"Domingo\u00a0Cultural apresenta Vicente Breyer Trio\",\"datePublished\":\"2017-08-23T16:00:15+00:00\",\"mainEntityOfPage\":{\"@id\":\"https:\\\/\\\/folhapopular.info\\\/index.php\\\/2017\\\/08\\\/23\\\/domingo-cultural-apresenta-vicente-breyer-trio\\\/\"},\"wordCount\":163,\"commentCount\":0,\"image\":{\"@id\":\"https:\\\/\\\/folhapopular.info\\\/index.php\\\/2017\\\/08\\\/23\\\/domingo-cultural-apresenta-vicente-breyer-trio\\\/#primaryimage\"},\"thumbnailUrl\":\"https:\\\/\\\/folhapopular.info\\\/wp-content\\\/uploads\\\/2017\\\/08\\\/Vicente-Breyer.jpg\",\"articleSection\":[\"Inclusive\"],\"inLanguage\":\"pt-BR\",\"potentialAction\":[{\"@type\":\"CommentAction\",\"name\":\"Comment\",\"target\":[\"https:\\\/\\\/folhapopular.info\\\/index.php\\\/2017\\\/08\\\/23\\\/domingo-cultural-apresenta-vicente-breyer-trio\\\/#respond\"]}]},{\"@type\":\"WebPage\",\"@id\":\"https:\\\/\\\/folhapopular.info\\\/index.php\\\/2017\\\/08\\\/23\\\/domingo-cultural-apresenta-vicente-breyer-trio\\\/\",\"url\":\"https:\\\/\\\/folhapopular.info\\\/index.php\\\/2017\\\/08\\\/23\\\/domingo-cultural-apresenta-vicente-breyer-trio\\\/\",\"name\":\"Domingo\u00a0Cultural apresenta Vicente Breyer Trio - Folha Popular\",\"isPartOf\":{\"@id\":\"https:\\\/\\\/folhapopular.info\\\/#website\"},\"primaryImageOfPage\":{\"@id\":\"https:\\\/\\\/folhapopular.info\\\/index.php\\\/2017\\\/08\\\/23\\\/domingo-cultural-apresenta-vicente-breyer-trio\\\/#primaryimage\"},\"image\":{\"@id\":\"https:\\\/\\\/folhapopular.info\\\/index.php\\\/2017\\\/08\\\/23\\\/domingo-cultural-apresenta-vicente-breyer-trio\\\/#primaryimage\"},\"thumbnailUrl\":\"https:\\\/\\\/folhapopular.info\\\/wp-content\\\/uploads\\\/2017\\\/08\\\/Vicente-Breyer.jpg\",\"datePublished\":\"2017-08-23T16:00:15+00:00\",\"author\":{\"@id\":\"https:\\\/\\\/folhapopular.info\\\/#\\\/schema\\\/person\\\/2814e8a0df7643585a9ca38bc6eb9d4b\"},\"breadcrumb\":{\"@id\":\"https:\\\/\\\/folhapopular.info\\\/index.php\\\/2017\\\/08\\\/23\\\/domingo-cultural-apresenta-vicente-breyer-trio\\\/#breadcrumb\"},\"inLanguage\":\"pt-BR\",\"potentialAction\":[{\"@type\":\"ReadAction\",\"target\":[\"https:\\\/\\\/folhapopular.info\\\/index.php\\\/2017\\\/08\\\/23\\\/domingo-cultural-apresenta-vicente-breyer-trio\\\/\"]}]},{\"@type\":\"ImageObject\",\"inLanguage\":\"pt-BR\",\"@id\":\"https:\\\/\\\/folhapopular.info\\\/index.php\\\/2017\\\/08\\\/23\\\/domingo-cultural-apresenta-vicente-breyer-trio\\\/#primaryimage\",\"url\":\"https:\\\/\\\/folhapopular.info\\\/wp-content\\\/uploads\\\/2017\\\/08\\\/Vicente-Breyer.jpg\",\"contentUrl\":\"https:\\\/\\\/folhapopular.info\\\/wp-content\\\/uploads\\\/2017\\\/08\\\/Vicente-Breyer.jpg\",\"width\":720,\"height\":476,\"caption\":\"Vicente Breyer\"},{\"@type\":\"BreadcrumbList\",\"@id\":\"https:\\\/\\\/folhapopular.info\\\/index.php\\\/2017\\\/08\\\/23\\\/domingo-cultural-apresenta-vicente-breyer-trio\\\/#breadcrumb\",\"itemListElement\":[{\"@type\":\"ListItem\",\"position\":1,\"name\":\"In\u00edcio\",\"item\":\"https:\\\/\\\/folhapopular.info\\\/\"},{\"@type\":\"ListItem\",\"position\":2,\"name\":\"Domingo\u00a0Cultural apresenta Vicente Breyer Trio\"}]},{\"@type\":\"WebSite\",\"@id\":\"https:\\\/\\\/folhapopular.info\\\/#website\",\"url\":\"https:\\\/\\\/folhapopular.info\\\/\",\"name\":\"Folha Popular\",\"description\":\"Onde voc\u00ea tem vez e voz\",\"potentialAction\":[{\"@type\":\"SearchAction\",\"target\":{\"@type\":\"EntryPoint\",\"urlTemplate\":\"https:\\\/\\\/folhapopular.info\\\/?s={search_term_string}\"},\"query-input\":{\"@type\":\"PropertyValueSpecification\",\"valueRequired\":true,\"valueName\":\"search_term_string\"}}],\"inLanguage\":\"pt-BR\"},{\"@type\":\"Person\",\"@id\":\"https:\\\/\\\/folhapopular.info\\\/#\\\/schema\\\/person\\\/2814e8a0df7643585a9ca38bc6eb9d4b\",\"name\":\"Reda\u00e7\u00e3o Folha Popular\",\"image\":{\"@type\":\"ImageObject\",\"inLanguage\":\"pt-BR\",\"@id\":\"https:\\\/\\\/folhapopular.info\\\/wp-content\\\/uploads\\\/2026\\\/04\\\/Folha-1.webp\",\"url\":\"https:\\\/\\\/folhapopular.info\\\/wp-content\\\/uploads\\\/2026\\\/04\\\/Folha-1.webp\",\"contentUrl\":\"https:\\\/\\\/folhapopular.info\\\/wp-content\\\/uploads\\\/2026\\\/04\\\/Folha-1.webp\",\"caption\":\"Reda\u00e7\u00e3o Folha Popular\"},\"url\":\"https:\\\/\\\/folhapopular.info\\\/index.php\\\/author\\\/redacao\\\/\"}]}<\/script>\n<!-- \/ Yoast SEO plugin. -->","yoast_head_json":{"title":"Domingo\u00a0Cultural apresenta Vicente Breyer Trio - Folha Popular","robots":{"index":"index","follow":"follow","max-snippet":"max-snippet:-1","max-image-preview":"max-image-preview:large","max-video-preview":"max-video-preview:-1"},"canonical":"https:\/\/folhapopular.info\/index.php\/2017\/08\/23\/domingo-cultural-apresenta-vicente-breyer-trio\/","og_locale":"pt_BR","og_type":"article","og_title":"Domingo\u00a0Cultural apresenta Vicente Breyer Trio - Folha Popular","og_description":"A Secretaria de Cultura e Turismo de Estrela (Secultur) promove, no pr\u00f3ximo\u00a0domingo\u00a0(27.08), mais uma edi\u00e7\u00e3o do\u00a0Domingo\u00a0Cultural. O evento ser\u00e1 realizado na C\u00e2mara de Vereadores, a partir das 19h, com entrada franca. A atra\u00e7\u00e3o \u00e9 o grupo Vicente Breyer Trio, formado por Solon Chaves no contrabaixo, Vicente Breyer no piano e Maur\u00edcio Malaggi na bateria. Haver\u00e1 [&hellip;]","og_url":"https:\/\/folhapopular.info\/index.php\/2017\/08\/23\/domingo-cultural-apresenta-vicente-breyer-trio\/","og_site_name":"Folha Popular","article_published_time":"2017-08-23T16:00:15+00:00","og_image":[{"width":720,"height":476,"url":"https:\/\/folhapopular.info\/wp-content\/uploads\/2017\/08\/Vicente-Breyer.jpg","type":"image\/jpeg"}],"author":"Reda\u00e7\u00e3o Folha Popular","twitter_card":"summary_large_image","twitter_misc":{"Escrito por":"Reda\u00e7\u00e3o Folha Popular","Est. tempo de leitura":"1 minuto"},"schema":{"@context":"https:\/\/schema.org","@graph":[{"@type":"Article","@id":"https:\/\/folhapopular.info\/index.php\/2017\/08\/23\/domingo-cultural-apresenta-vicente-breyer-trio\/#article","isPartOf":{"@id":"https:\/\/folhapopular.info\/index.php\/2017\/08\/23\/domingo-cultural-apresenta-vicente-breyer-trio\/"},"author":{"name":"Reda\u00e7\u00e3o Folha Popular","@id":"https:\/\/folhapopular.info\/#\/schema\/person\/2814e8a0df7643585a9ca38bc6eb9d4b"},"headline":"Domingo\u00a0Cultural apresenta Vicente Breyer Trio","datePublished":"2017-08-23T16:00:15+00:00","mainEntityOfPage":{"@id":"https:\/\/folhapopular.info\/index.php\/2017\/08\/23\/domingo-cultural-apresenta-vicente-breyer-trio\/"},"wordCount":163,"commentCount":0,"image":{"@id":"https:\/\/folhapopular.info\/index.php\/2017\/08\/23\/domingo-cultural-apresenta-vicente-breyer-trio\/#primaryimage"},"thumbnailUrl":"https:\/\/folhapopular.info\/wp-content\/uploads\/2017\/08\/Vicente-Breyer.jpg","articleSection":["Inclusive"],"inLanguage":"pt-BR","potentialAction":[{"@type":"CommentAction","name":"Comment","target":["https:\/\/folhapopular.info\/index.php\/2017\/08\/23\/domingo-cultural-apresenta-vicente-breyer-trio\/#respond"]}]},{"@type":"WebPage","@id":"https:\/\/folhapopular.info\/index.php\/2017\/08\/23\/domingo-cultural-apresenta-vicente-breyer-trio\/","url":"https:\/\/folhapopular.info\/index.php\/2017\/08\/23\/domingo-cultural-apresenta-vicente-breyer-trio\/","name":"Domingo\u00a0Cultural apresenta Vicente Breyer Trio - Folha Popular","isPartOf":{"@id":"https:\/\/folhapopular.info\/#website"},"primaryImageOfPage":{"@id":"https:\/\/folhapopular.info\/index.php\/2017\/08\/23\/domingo-cultural-apresenta-vicente-breyer-trio\/#primaryimage"},"image":{"@id":"https:\/\/folhapopular.info\/index.php\/2017\/08\/23\/domingo-cultural-apresenta-vicente-breyer-trio\/#primaryimage"},"thumbnailUrl":"https:\/\/folhapopular.info\/wp-content\/uploads\/2017\/08\/Vicente-Breyer.jpg","datePublished":"2017-08-23T16:00:15+00:00","author":{"@id":"https:\/\/folhapopular.info\/#\/schema\/person\/2814e8a0df7643585a9ca38bc6eb9d4b"},"breadcrumb":{"@id":"https:\/\/folhapopular.info\/index.php\/2017\/08\/23\/domingo-cultural-apresenta-vicente-breyer-trio\/#breadcrumb"},"inLanguage":"pt-BR","potentialAction":[{"@type":"ReadAction","target":["https:\/\/folhapopular.info\/index.php\/2017\/08\/23\/domingo-cultural-apresenta-vicente-breyer-trio\/"]}]},{"@type":"ImageObject","inLanguage":"pt-BR","@id":"https:\/\/folhapopular.info\/index.php\/2017\/08\/23\/domingo-cultural-apresenta-vicente-breyer-trio\/#primaryimage","url":"https:\/\/folhapopular.info\/wp-content\/uploads\/2017\/08\/Vicente-Breyer.jpg","contentUrl":"https:\/\/folhapopular.info\/wp-content\/uploads\/2017\/08\/Vicente-Breyer.jpg","width":720,"height":476,"caption":"Vicente Breyer"},{"@type":"BreadcrumbList","@id":"https:\/\/folhapopular.info\/index.php\/2017\/08\/23\/domingo-cultural-apresenta-vicente-breyer-trio\/#breadcrumb","itemListElement":[{"@type":"ListItem","position":1,"name":"In\u00edcio","item":"https:\/\/folhapopular.info\/"},{"@type":"ListItem","position":2,"name":"Domingo\u00a0Cultural apresenta Vicente Breyer Trio"}]},{"@type":"WebSite","@id":"https:\/\/folhapopular.info\/#website","url":"https:\/\/folhapopular.info\/","name":"Folha Popular","description":"Onde voc\u00ea tem vez e voz","potentialAction":[{"@type":"SearchAction","target":{"@type":"EntryPoint","urlTemplate":"https:\/\/folhapopular.info\/?s={search_term_string}"},"query-input":{"@type":"PropertyValueSpecification","valueRequired":true,"valueName":"search_term_string"}}],"inLanguage":"pt-BR"},{"@type":"Person","@id":"https:\/\/folhapopular.info\/#\/schema\/person\/2814e8a0df7643585a9ca38bc6eb9d4b","name":"Reda\u00e7\u00e3o Folha Popular","image":{"@type":"ImageObject","inLanguage":"pt-BR","@id":"https:\/\/folhapopular.info\/wp-content\/uploads\/2026\/04\/Folha-1.webp","url":"https:\/\/folhapopular.info\/wp-content\/uploads\/2026\/04\/Folha-1.webp","contentUrl":"https:\/\/folhapopular.info\/wp-content\/uploads\/2026\/04\/Folha-1.webp","caption":"Reda\u00e7\u00e3o Folha Popular"},"url":"https:\/\/folhapopular.info\/index.php\/author\/redacao\/"}]}},"jetpack_featured_media_url":"https:\/\/folhapopular.info\/wp-content\/uploads\/2017\/08\/Vicente-Breyer.jpg","jetpack_sharing_enabled":true,"amp_enabled":true,"_links":{"self":[{"href":"https:\/\/folhapopular.info\/index.php\/wp-json\/wp\/v2\/posts\/34338","targetHints":{"allow":["GET"]}}],"collection":[{"href":"https:\/\/folhapopular.info\/index.php\/wp-json\/wp\/v2\/posts"}],"about":[{"href":"https:\/\/folhapopular.info\/index.php\/wp-json\/wp\/v2\/types\/post"}],"author":[{"embeddable":true,"href":"https:\/\/folhapopular.info\/index.php\/wp-json\/wp\/v2\/users\/8"}],"replies":[{"embeddable":true,"href":"https:\/\/folhapopular.info\/index.php\/wp-json\/wp\/v2\/comments?post=34338"}],"version-history":[{"count":0,"href":"https:\/\/folhapopular.info\/index.php\/wp-json\/wp\/v2\/posts\/34338\/revisions"}],"wp:featuredmedia":[{"embeddable":true,"href":"https:\/\/folhapopular.info\/index.php\/wp-json\/wp\/v2\/media\/34340"}],"wp:attachment":[{"href":"https:\/\/folhapopular.info\/index.php\/wp-json\/wp\/v2\/media?parent=34338"}],"wp:term":[{"taxonomy":"category","embeddable":true,"href":"https:\/\/folhapopular.info\/index.php\/wp-json\/wp\/v2\/categories?post=34338"},{"taxonomy":"post_tag","embeddable":true,"href":"https:\/\/folhapopular.info\/index.php\/wp-json\/wp\/v2\/tags?post=34338"}],"curies":[{"name":"wp","href":"https:\/\/api.w.org\/{rel}","templated":true}]}}