{"id":34488,"date":"2017-08-26T11:00:05","date_gmt":"2017-08-26T14:00:05","guid":{"rendered":"http:\/\/folhapopular.info\/?p=34488"},"modified":"2017-08-26T07:44:03","modified_gmt":"2017-08-26T10:44:03","slug":"cras-realizou-atividade-referente-a-semana-da-pessoa-com-deficiencia","status":"publish","type":"post","link":"https:\/\/folhapopular.info\/index.php\/2017\/08\/26\/cras-realizou-atividade-referente-a-semana-da-pessoa-com-deficiencia\/","title":{"rendered":"CRAS realizou atividade referente \u00e0 Semana da Pessoa com Defici\u00eancia"},"content":{"rendered":"<p>Para enfatizar a Semana Nacional da Pessoa com Defici\u00eancia Intelectual e M\u00faltipla, que acontece do dia 21 a 28 de agosto, o CRAS de Imigrante proporcionou uma tarde diferente para as pessoas atendidas no Grupo Renascer. O encontro ocorreu na quinta-feira (24\/08) \u00a0na Pra\u00e7a Municipal Henrique Br\u00fcckner.<\/p>\n<p>Um piquenique foi realizado com roda de conversa dirigida pela Assistente Social Ana Caroline Schneider, atividades com viol\u00e3o e m\u00fasica coordenadas pela psic\u00f3loga Denise Junqueira e a din\u00e2mica de dan\u00e7a sentada com a volunt\u00e1ria Elisa Magedanz.<\/p>\n<p>Para este encontro foram convidadas as fam\u00edlias dos membros do grupo, para conversarem sobre as diferen\u00e7as, dificuldades encontradas, potencialidades e o papel das fam\u00edlias e sociedade no compromisso da inclus\u00e3o e respeito, objetivando o dever da igualdade para inclus\u00e3o.<br \/>\n&#8220;Pensar a pessoa com defici\u00eancia \u00e9 olhar para as habilidades, potencialidades e agir na promo\u00e7\u00e3o de condi\u00e7\u00f5es para a supera\u00e7\u00e3o das dificuldades, enfrentamento de barreiras e conquista da autonomia&#8221;, ressalta a Assistente Social Ana Caroline Schneider.<\/p>\n<p>Os temas inclus\u00e3o e respeito s\u00e3o trabalhados em todos os grupos atendidos pelo CRAS. Atualmente as novas inclus\u00f5es de pessoas com defici\u00eancia est\u00e3o ocorrendo nos grupos conforme faixa et\u00e1ria.<\/p>\n","protected":false},"excerpt":{"rendered":"<p>Para enfatizar a Semana Nacional da Pessoa com Defici\u00eancia Intelectual e M\u00faltipla, que acontece do dia 21 a 28 de agosto, o CRAS de Imigrante proporcionou uma tarde diferente para as pessoas atendidas no Grupo Renascer. O encontro ocorreu na quinta-feira (24\/08) \u00a0na Pra\u00e7a Municipal Henrique Br\u00fcckner. Um piquenique foi realizado com roda de conversa [&hellip;]<\/p>\n","protected":false},"author":8,"featured_media":34489,"comment_status":"open","ping_status":"open","sticky":false,"template":"","format":"standard","meta":{"pmpro_default_level":"","_jetpack_memberships_contains_paid_content":false,"footnotes":""},"categories":[3],"tags":[51,34,889],"class_list":{"0":"post-34488","1":"post","2":"type-post","3":"status-publish","4":"format-standard","5":"has-post-thumbnail","7":"category-geral","8":"tag-cras","9":"tag-imigrante","10":"tag-semana-nacional-da-pessoa-com-deficiencia-intelectual-e-multipla","11":"pmpro-has-access"},"yoast_head":"<!-- This site is optimized with the Yoast SEO plugin v27.5 - https:\/\/yoast.com\/product\/yoast-seo-wordpress\/ -->\n<title>CRAS realizou atividade referente \u00e0 Semana da Pessoa com Defici\u00eancia - Folha Popular<\/title>\n<meta name=\"robots\" content=\"index, follow, max-snippet:-1, max-image-preview:large, max-video-preview:-1\" \/>\n<link rel=\"canonical\" href=\"https:\/\/folhapopular.info\/index.php\/2017\/08\/26\/cras-realizou-atividade-referente-a-semana-da-pessoa-com-deficiencia\/\" \/>\n<meta property=\"og:locale\" content=\"pt_BR\" \/>\n<meta property=\"og:type\" content=\"article\" \/>\n<meta property=\"og:title\" content=\"CRAS realizou atividade referente \u00e0 Semana da Pessoa com Defici\u00eancia - Folha Popular\" \/>\n<meta property=\"og:description\" content=\"Para enfatizar a Semana Nacional da Pessoa com Defici\u00eancia Intelectual e M\u00faltipla, que acontece do dia 21 a 28 de agosto, o CRAS de Imigrante proporcionou uma tarde diferente para as pessoas atendidas no Grupo Renascer. O encontro ocorreu na quinta-feira (24\/08) \u00a0na Pra\u00e7a Municipal Henrique Br\u00fcckner. Um piquenique foi realizado com roda de conversa [&hellip;]\" \/>\n<meta property=\"og:url\" content=\"https:\/\/folhapopular.info\/index.php\/2017\/08\/26\/cras-realizou-atividade-referente-a-semana-da-pessoa-com-deficiencia\/\" \/>\n<meta property=\"og:site_name\" content=\"Folha Popular\" \/>\n<meta property=\"article:published_time\" content=\"2017-08-26T14:00:05+00:00\" \/>\n<meta property=\"og:image\" content=\"https:\/\/folhapopular.info\/wp-content\/uploads\/2017\/08\/semana_pessoa_com_deficiencia2-foto_luise_tombini-e1503744198463.jpg\" \/>\n\t<meta property=\"og:image:width\" content=\"1000\" \/>\n\t<meta property=\"og:image:height\" content=\"665\" \/>\n\t<meta property=\"og:image:type\" content=\"image\/jpeg\" \/>\n<meta name=\"author\" content=\"Reda\u00e7\u00e3o Folha Popular\" \/>\n<meta name=\"twitter:card\" content=\"summary_large_image\" \/>\n<meta name=\"twitter:label1\" content=\"Escrito por\" \/>\n\t<meta name=\"twitter:data1\" content=\"Reda\u00e7\u00e3o Folha Popular\" \/>\n\t<meta name=\"twitter:label2\" content=\"Est. tempo de leitura\" \/>\n\t<meta name=\"twitter:data2\" content=\"1 minuto\" \/>\n<script type=\"application\/ld+json\" class=\"yoast-schema-graph\">{\"@context\":\"https:\\\/\\\/schema.org\",\"@graph\":[{\"@type\":\"Article\",\"@id\":\"https:\\\/\\\/folhapopular.info\\\/index.php\\\/2017\\\/08\\\/26\\\/cras-realizou-atividade-referente-a-semana-da-pessoa-com-deficiencia\\\/#article\",\"isPartOf\":{\"@id\":\"https:\\\/\\\/folhapopular.info\\\/index.php\\\/2017\\\/08\\\/26\\\/cras-realizou-atividade-referente-a-semana-da-pessoa-com-deficiencia\\\/\"},\"author\":{\"name\":\"Reda\u00e7\u00e3o Folha Popular\",\"@id\":\"https:\\\/\\\/folhapopular.info\\\/#\\\/schema\\\/person\\\/2814e8a0df7643585a9ca38bc6eb9d4b\"},\"headline\":\"CRAS realizou atividade referente \u00e0 Semana da Pessoa com Defici\u00eancia\",\"datePublished\":\"2017-08-26T14:00:05+00:00\",\"mainEntityOfPage\":{\"@id\":\"https:\\\/\\\/folhapopular.info\\\/index.php\\\/2017\\\/08\\\/26\\\/cras-realizou-atividade-referente-a-semana-da-pessoa-com-deficiencia\\\/\"},\"wordCount\":218,\"commentCount\":0,\"image\":{\"@id\":\"https:\\\/\\\/folhapopular.info\\\/index.php\\\/2017\\\/08\\\/26\\\/cras-realizou-atividade-referente-a-semana-da-pessoa-com-deficiencia\\\/#primaryimage\"},\"thumbnailUrl\":\"https:\\\/\\\/folhapopular.info\\\/wp-content\\\/uploads\\\/2017\\\/08\\\/semana_pessoa_com_deficiencia2-foto_luise_tombini-e1503744198463.jpg\",\"keywords\":[\"CRAS\",\"Imigrante\",\"Semana Nacional da Pessoa com Defici\u00eancia Intelectual e M\u00faltipla\"],\"articleSection\":[\"Geral\"],\"inLanguage\":\"pt-BR\",\"potentialAction\":[{\"@type\":\"CommentAction\",\"name\":\"Comment\",\"target\":[\"https:\\\/\\\/folhapopular.info\\\/index.php\\\/2017\\\/08\\\/26\\\/cras-realizou-atividade-referente-a-semana-da-pessoa-com-deficiencia\\\/#respond\"]}]},{\"@type\":\"WebPage\",\"@id\":\"https:\\\/\\\/folhapopular.info\\\/index.php\\\/2017\\\/08\\\/26\\\/cras-realizou-atividade-referente-a-semana-da-pessoa-com-deficiencia\\\/\",\"url\":\"https:\\\/\\\/folhapopular.info\\\/index.php\\\/2017\\\/08\\\/26\\\/cras-realizou-atividade-referente-a-semana-da-pessoa-com-deficiencia\\\/\",\"name\":\"CRAS realizou atividade referente \u00e0 Semana da Pessoa com Defici\u00eancia - Folha Popular\",\"isPartOf\":{\"@id\":\"https:\\\/\\\/folhapopular.info\\\/#website\"},\"primaryImageOfPage\":{\"@id\":\"https:\\\/\\\/folhapopular.info\\\/index.php\\\/2017\\\/08\\\/26\\\/cras-realizou-atividade-referente-a-semana-da-pessoa-com-deficiencia\\\/#primaryimage\"},\"image\":{\"@id\":\"https:\\\/\\\/folhapopular.info\\\/index.php\\\/2017\\\/08\\\/26\\\/cras-realizou-atividade-referente-a-semana-da-pessoa-com-deficiencia\\\/#primaryimage\"},\"thumbnailUrl\":\"https:\\\/\\\/folhapopular.info\\\/wp-content\\\/uploads\\\/2017\\\/08\\\/semana_pessoa_com_deficiencia2-foto_luise_tombini-e1503744198463.jpg\",\"datePublished\":\"2017-08-26T14:00:05+00:00\",\"author\":{\"@id\":\"https:\\\/\\\/folhapopular.info\\\/#\\\/schema\\\/person\\\/2814e8a0df7643585a9ca38bc6eb9d4b\"},\"breadcrumb\":{\"@id\":\"https:\\\/\\\/folhapopular.info\\\/index.php\\\/2017\\\/08\\\/26\\\/cras-realizou-atividade-referente-a-semana-da-pessoa-com-deficiencia\\\/#breadcrumb\"},\"inLanguage\":\"pt-BR\",\"potentialAction\":[{\"@type\":\"ReadAction\",\"target\":[\"https:\\\/\\\/folhapopular.info\\\/index.php\\\/2017\\\/08\\\/26\\\/cras-realizou-atividade-referente-a-semana-da-pessoa-com-deficiencia\\\/\"]}]},{\"@type\":\"ImageObject\",\"inLanguage\":\"pt-BR\",\"@id\":\"https:\\\/\\\/folhapopular.info\\\/index.php\\\/2017\\\/08\\\/26\\\/cras-realizou-atividade-referente-a-semana-da-pessoa-com-deficiencia\\\/#primaryimage\",\"url\":\"https:\\\/\\\/folhapopular.info\\\/wp-content\\\/uploads\\\/2017\\\/08\\\/semana_pessoa_com_deficiencia2-foto_luise_tombini-e1503744198463.jpg\",\"contentUrl\":\"https:\\\/\\\/folhapopular.info\\\/wp-content\\\/uploads\\\/2017\\\/08\\\/semana_pessoa_com_deficiencia2-foto_luise_tombini-e1503744198463.jpg\",\"width\":1000,\"height\":665,\"caption\":\"Um piquenique foi realizado com roda de conversa\"},{\"@type\":\"BreadcrumbList\",\"@id\":\"https:\\\/\\\/folhapopular.info\\\/index.php\\\/2017\\\/08\\\/26\\\/cras-realizou-atividade-referente-a-semana-da-pessoa-com-deficiencia\\\/#breadcrumb\",\"itemListElement\":[{\"@type\":\"ListItem\",\"position\":1,\"name\":\"In\u00edcio\",\"item\":\"https:\\\/\\\/folhapopular.info\\\/\"},{\"@type\":\"ListItem\",\"position\":2,\"name\":\"CRAS realizou atividade referente \u00e0 Semana da Pessoa com Defici\u00eancia\"}]},{\"@type\":\"WebSite\",\"@id\":\"https:\\\/\\\/folhapopular.info\\\/#website\",\"url\":\"https:\\\/\\\/folhapopular.info\\\/\",\"name\":\"Folha Popular\",\"description\":\"Onde voc\u00ea tem vez e voz\",\"potentialAction\":[{\"@type\":\"SearchAction\",\"target\":{\"@type\":\"EntryPoint\",\"urlTemplate\":\"https:\\\/\\\/folhapopular.info\\\/?s={search_term_string}\"},\"query-input\":{\"@type\":\"PropertyValueSpecification\",\"valueRequired\":true,\"valueName\":\"search_term_string\"}}],\"inLanguage\":\"pt-BR\"},{\"@type\":\"Person\",\"@id\":\"https:\\\/\\\/folhapopular.info\\\/#\\\/schema\\\/person\\\/2814e8a0df7643585a9ca38bc6eb9d4b\",\"name\":\"Reda\u00e7\u00e3o Folha Popular\",\"image\":{\"@type\":\"ImageObject\",\"inLanguage\":\"pt-BR\",\"@id\":\"https:\\\/\\\/folhapopular.info\\\/wp-content\\\/uploads\\\/2026\\\/04\\\/Folha-1.webp\",\"url\":\"https:\\\/\\\/folhapopular.info\\\/wp-content\\\/uploads\\\/2026\\\/04\\\/Folha-1.webp\",\"contentUrl\":\"https:\\\/\\\/folhapopular.info\\\/wp-content\\\/uploads\\\/2026\\\/04\\\/Folha-1.webp\",\"caption\":\"Reda\u00e7\u00e3o Folha Popular\"},\"url\":\"https:\\\/\\\/folhapopular.info\\\/index.php\\\/author\\\/redacao\\\/\"}]}<\/script>\n<!-- \/ Yoast SEO plugin. -->","yoast_head_json":{"title":"CRAS realizou atividade referente \u00e0 Semana da Pessoa com Defici\u00eancia - Folha Popular","robots":{"index":"index","follow":"follow","max-snippet":"max-snippet:-1","max-image-preview":"max-image-preview:large","max-video-preview":"max-video-preview:-1"},"canonical":"https:\/\/folhapopular.info\/index.php\/2017\/08\/26\/cras-realizou-atividade-referente-a-semana-da-pessoa-com-deficiencia\/","og_locale":"pt_BR","og_type":"article","og_title":"CRAS realizou atividade referente \u00e0 Semana da Pessoa com Defici\u00eancia - Folha Popular","og_description":"Para enfatizar a Semana Nacional da Pessoa com Defici\u00eancia Intelectual e M\u00faltipla, que acontece do dia 21 a 28 de agosto, o CRAS de Imigrante proporcionou uma tarde diferente para as pessoas atendidas no Grupo Renascer. O encontro ocorreu na quinta-feira (24\/08) \u00a0na Pra\u00e7a Municipal Henrique Br\u00fcckner. Um piquenique foi realizado com roda de conversa [&hellip;]","og_url":"https:\/\/folhapopular.info\/index.php\/2017\/08\/26\/cras-realizou-atividade-referente-a-semana-da-pessoa-com-deficiencia\/","og_site_name":"Folha Popular","article_published_time":"2017-08-26T14:00:05+00:00","og_image":[{"width":1000,"height":665,"url":"https:\/\/folhapopular.info\/wp-content\/uploads\/2017\/08\/semana_pessoa_com_deficiencia2-foto_luise_tombini-e1503744198463.jpg","type":"image\/jpeg"}],"author":"Reda\u00e7\u00e3o Folha Popular","twitter_card":"summary_large_image","twitter_misc":{"Escrito por":"Reda\u00e7\u00e3o Folha Popular","Est. tempo de leitura":"1 minuto"},"schema":{"@context":"https:\/\/schema.org","@graph":[{"@type":"Article","@id":"https:\/\/folhapopular.info\/index.php\/2017\/08\/26\/cras-realizou-atividade-referente-a-semana-da-pessoa-com-deficiencia\/#article","isPartOf":{"@id":"https:\/\/folhapopular.info\/index.php\/2017\/08\/26\/cras-realizou-atividade-referente-a-semana-da-pessoa-com-deficiencia\/"},"author":{"name":"Reda\u00e7\u00e3o Folha Popular","@id":"https:\/\/folhapopular.info\/#\/schema\/person\/2814e8a0df7643585a9ca38bc6eb9d4b"},"headline":"CRAS realizou atividade referente \u00e0 Semana da Pessoa com Defici\u00eancia","datePublished":"2017-08-26T14:00:05+00:00","mainEntityOfPage":{"@id":"https:\/\/folhapopular.info\/index.php\/2017\/08\/26\/cras-realizou-atividade-referente-a-semana-da-pessoa-com-deficiencia\/"},"wordCount":218,"commentCount":0,"image":{"@id":"https:\/\/folhapopular.info\/index.php\/2017\/08\/26\/cras-realizou-atividade-referente-a-semana-da-pessoa-com-deficiencia\/#primaryimage"},"thumbnailUrl":"https:\/\/folhapopular.info\/wp-content\/uploads\/2017\/08\/semana_pessoa_com_deficiencia2-foto_luise_tombini-e1503744198463.jpg","keywords":["CRAS","Imigrante","Semana Nacional da Pessoa com Defici\u00eancia Intelectual e M\u00faltipla"],"articleSection":["Geral"],"inLanguage":"pt-BR","potentialAction":[{"@type":"CommentAction","name":"Comment","target":["https:\/\/folhapopular.info\/index.php\/2017\/08\/26\/cras-realizou-atividade-referente-a-semana-da-pessoa-com-deficiencia\/#respond"]}]},{"@type":"WebPage","@id":"https:\/\/folhapopular.info\/index.php\/2017\/08\/26\/cras-realizou-atividade-referente-a-semana-da-pessoa-com-deficiencia\/","url":"https:\/\/folhapopular.info\/index.php\/2017\/08\/26\/cras-realizou-atividade-referente-a-semana-da-pessoa-com-deficiencia\/","name":"CRAS realizou atividade referente \u00e0 Semana da Pessoa com Defici\u00eancia - Folha Popular","isPartOf":{"@id":"https:\/\/folhapopular.info\/#website"},"primaryImageOfPage":{"@id":"https:\/\/folhapopular.info\/index.php\/2017\/08\/26\/cras-realizou-atividade-referente-a-semana-da-pessoa-com-deficiencia\/#primaryimage"},"image":{"@id":"https:\/\/folhapopular.info\/index.php\/2017\/08\/26\/cras-realizou-atividade-referente-a-semana-da-pessoa-com-deficiencia\/#primaryimage"},"thumbnailUrl":"https:\/\/folhapopular.info\/wp-content\/uploads\/2017\/08\/semana_pessoa_com_deficiencia2-foto_luise_tombini-e1503744198463.jpg","datePublished":"2017-08-26T14:00:05+00:00","author":{"@id":"https:\/\/folhapopular.info\/#\/schema\/person\/2814e8a0df7643585a9ca38bc6eb9d4b"},"breadcrumb":{"@id":"https:\/\/folhapopular.info\/index.php\/2017\/08\/26\/cras-realizou-atividade-referente-a-semana-da-pessoa-com-deficiencia\/#breadcrumb"},"inLanguage":"pt-BR","potentialAction":[{"@type":"ReadAction","target":["https:\/\/folhapopular.info\/index.php\/2017\/08\/26\/cras-realizou-atividade-referente-a-semana-da-pessoa-com-deficiencia\/"]}]},{"@type":"ImageObject","inLanguage":"pt-BR","@id":"https:\/\/folhapopular.info\/index.php\/2017\/08\/26\/cras-realizou-atividade-referente-a-semana-da-pessoa-com-deficiencia\/#primaryimage","url":"https:\/\/folhapopular.info\/wp-content\/uploads\/2017\/08\/semana_pessoa_com_deficiencia2-foto_luise_tombini-e1503744198463.jpg","contentUrl":"https:\/\/folhapopular.info\/wp-content\/uploads\/2017\/08\/semana_pessoa_com_deficiencia2-foto_luise_tombini-e1503744198463.jpg","width":1000,"height":665,"caption":"Um piquenique foi realizado com roda de conversa"},{"@type":"BreadcrumbList","@id":"https:\/\/folhapopular.info\/index.php\/2017\/08\/26\/cras-realizou-atividade-referente-a-semana-da-pessoa-com-deficiencia\/#breadcrumb","itemListElement":[{"@type":"ListItem","position":1,"name":"In\u00edcio","item":"https:\/\/folhapopular.info\/"},{"@type":"ListItem","position":2,"name":"CRAS realizou atividade referente \u00e0 Semana da Pessoa com Defici\u00eancia"}]},{"@type":"WebSite","@id":"https:\/\/folhapopular.info\/#website","url":"https:\/\/folhapopular.info\/","name":"Folha Popular","description":"Onde voc\u00ea tem vez e voz","potentialAction":[{"@type":"SearchAction","target":{"@type":"EntryPoint","urlTemplate":"https:\/\/folhapopular.info\/?s={search_term_string}"},"query-input":{"@type":"PropertyValueSpecification","valueRequired":true,"valueName":"search_term_string"}}],"inLanguage":"pt-BR"},{"@type":"Person","@id":"https:\/\/folhapopular.info\/#\/schema\/person\/2814e8a0df7643585a9ca38bc6eb9d4b","name":"Reda\u00e7\u00e3o Folha Popular","image":{"@type":"ImageObject","inLanguage":"pt-BR","@id":"https:\/\/folhapopular.info\/wp-content\/uploads\/2026\/04\/Folha-1.webp","url":"https:\/\/folhapopular.info\/wp-content\/uploads\/2026\/04\/Folha-1.webp","contentUrl":"https:\/\/folhapopular.info\/wp-content\/uploads\/2026\/04\/Folha-1.webp","caption":"Reda\u00e7\u00e3o Folha Popular"},"url":"https:\/\/folhapopular.info\/index.php\/author\/redacao\/"}]}},"jetpack_featured_media_url":"https:\/\/folhapopular.info\/wp-content\/uploads\/2017\/08\/semana_pessoa_com_deficiencia2-foto_luise_tombini-e1503744198463.jpg","jetpack_sharing_enabled":true,"amp_enabled":true,"_links":{"self":[{"href":"https:\/\/folhapopular.info\/index.php\/wp-json\/wp\/v2\/posts\/34488","targetHints":{"allow":["GET"]}}],"collection":[{"href":"https:\/\/folhapopular.info\/index.php\/wp-json\/wp\/v2\/posts"}],"about":[{"href":"https:\/\/folhapopular.info\/index.php\/wp-json\/wp\/v2\/types\/post"}],"author":[{"embeddable":true,"href":"https:\/\/folhapopular.info\/index.php\/wp-json\/wp\/v2\/users\/8"}],"replies":[{"embeddable":true,"href":"https:\/\/folhapopular.info\/index.php\/wp-json\/wp\/v2\/comments?post=34488"}],"version-history":[{"count":0,"href":"https:\/\/folhapopular.info\/index.php\/wp-json\/wp\/v2\/posts\/34488\/revisions"}],"wp:featuredmedia":[{"embeddable":true,"href":"https:\/\/folhapopular.info\/index.php\/wp-json\/wp\/v2\/media\/34489"}],"wp:attachment":[{"href":"https:\/\/folhapopular.info\/index.php\/wp-json\/wp\/v2\/media?parent=34488"}],"wp:term":[{"taxonomy":"category","embeddable":true,"href":"https:\/\/folhapopular.info\/index.php\/wp-json\/wp\/v2\/categories?post=34488"},{"taxonomy":"post_tag","embeddable":true,"href":"https:\/\/folhapopular.info\/index.php\/wp-json\/wp\/v2\/tags?post=34488"}],"curies":[{"name":"wp","href":"https:\/\/api.w.org\/{rel}","templated":true}]}}