{"id":34494,"date":"2017-08-26T15:00:39","date_gmt":"2017-08-26T18:00:39","guid":{"rendered":"http:\/\/folhapopular.info\/?p=34494"},"modified":"2017-08-26T10:32:56","modified_gmt":"2017-08-26T13:32:56","slug":"veteranos-voltam-a-campo-na-manha-deste-domingo","status":"publish","type":"post","link":"https:\/\/folhapopular.info\/index.php\/2017\/08\/26\/veteranos-voltam-a-campo-na-manha-deste-domingo\/","title":{"rendered":"Veteranos voltam a campo na manh\u00e3 deste domingo"},"content":{"rendered":"<p>A categoria Veteranos do Regional Certel Sicredi ter\u00e1 jogos \u00e0s 10 horas deste domingo (27\/08), v\u00e1lidos pela 5\u00aa rodada da 1\u00aa fase. Em Lajeado, o Estudiantes encara o \u00c1guia Azul. Em Estrela, tem Arroio do Ouro x Juventude da Frank, no duelo dos \u00faltimos dois campe\u00f5es. Em Forquetinha, o Arroio Alegrense tenta pontuar diante da ASSESPE, um dos l\u00edderes. Em Teut\u00f4nia, o outro l\u00edder, Ga\u00facho, encara o XV de Novembro de S\u00e9rio. E em Encantado, o Uni\u00e3o de Palmas enfrenta o Rudibar de Bom Retiro.<\/p>\n<figure id=\"attachment_34495\" aria-describedby=\"caption-attachment-34495\" style=\"width: 696px\" class=\"wp-caption alignnone\"><img loading=\"lazy\" decoding=\"async\" class=\"wp-image-34495 size-large\" src=\"https:\/\/folhapopular.info\/wp-content\/uploads\/2017\/08\/ASSESPE-1-1024x583.jpeg\" alt=\"\" width=\"696\" height=\"396\" srcset=\"https:\/\/folhapopular.info\/wp-content\/uploads\/2017\/08\/ASSESPE-1-1024x583.jpeg 1024w, https:\/\/folhapopular.info\/wp-content\/uploads\/2017\/08\/ASSESPE-1-300x171.jpeg 300w, https:\/\/folhapopular.info\/wp-content\/uploads\/2017\/08\/ASSESPE-1-768x438.jpeg 768w, https:\/\/folhapopular.info\/wp-content\/uploads\/2017\/08\/ASSESPE-1-696x397.jpeg 696w, https:\/\/folhapopular.info\/wp-content\/uploads\/2017\/08\/ASSESPE-1-1068x608.jpeg 1068w, https:\/\/folhapopular.info\/wp-content\/uploads\/2017\/08\/ASSESPE-1-737x420.jpeg 737w, https:\/\/folhapopular.info\/wp-content\/uploads\/2017\/08\/ASSESPE-1.jpeg 1069w\" sizes=\"auto, (max-width: 696px) 100vw, 696px\" \/><figcaption id=\"caption-attachment-34495\" class=\"wp-caption-text\">ASSESPE divide a lideran\u00e7a com o Ga\u00facho<\/figcaption><\/figure>\n","protected":false},"excerpt":{"rendered":"<p>A categoria Veteranos do Regional Certel Sicredi ter\u00e1 jogos \u00e0s 10 horas deste domingo (27\/08), v\u00e1lidos pela 5\u00aa rodada da 1\u00aa fase. Em Lajeado, o Estudiantes encara o \u00c1guia Azul. Em Estrela, tem Arroio do Ouro x Juventude da Frank, no duelo dos \u00faltimos dois campe\u00f5es. Em Forquetinha, o Arroio Alegrense tenta pontuar diante da [&hellip;]<\/p>\n","protected":false},"author":8,"featured_media":34496,"comment_status":"open","ping_status":"open","sticky":false,"template":"","format":"standard","meta":{"pmpro_default_level":"","_jetpack_memberships_contains_paid_content":false,"footnotes":""},"categories":[5,240,288],"tags":[318,315,556,864],"class_list":{"0":"post-34494","1":"post","2":"type-post","3":"status-publish","4":"format-standard","5":"has-post-thumbnail","7":"category-esportes","8":"category-futebol-amador","9":"category-regional-da-aslivata","10":"tag-copa-certel-sicredi","11":"tag-regiao","12":"tag-regional-da-aslivata","13":"tag-veteranos","14":"pmpro-has-access"},"yoast_head":"<!-- This site is optimized with the Yoast SEO plugin v27.5 - https:\/\/yoast.com\/product\/yoast-seo-wordpress\/ -->\n<title>Veteranos voltam a campo na manh\u00e3 deste domingo - Folha Popular<\/title>\n<meta name=\"robots\" content=\"index, follow, max-snippet:-1, max-image-preview:large, max-video-preview:-1\" \/>\n<link rel=\"canonical\" href=\"https:\/\/folhapopular.info\/index.php\/2017\/08\/26\/veteranos-voltam-a-campo-na-manha-deste-domingo\/\" \/>\n<meta property=\"og:locale\" content=\"pt_BR\" \/>\n<meta property=\"og:type\" content=\"article\" \/>\n<meta property=\"og:title\" content=\"Veteranos voltam a campo na manh\u00e3 deste domingo - Folha Popular\" \/>\n<meta property=\"og:description\" content=\"A categoria Veteranos do Regional Certel Sicredi ter\u00e1 jogos \u00e0s 10 horas deste domingo (27\/08), v\u00e1lidos pela 5\u00aa rodada da 1\u00aa fase. Em Lajeado, o Estudiantes encara o \u00c1guia Azul. Em Estrela, tem Arroio do Ouro x Juventude da Frank, no duelo dos \u00faltimos dois campe\u00f5es. Em Forquetinha, o Arroio Alegrense tenta pontuar diante da [&hellip;]\" \/>\n<meta property=\"og:url\" content=\"https:\/\/folhapopular.info\/index.php\/2017\/08\/26\/veteranos-voltam-a-campo-na-manha-deste-domingo\/\" \/>\n<meta property=\"og:site_name\" content=\"Folha Popular\" \/>\n<meta property=\"article:published_time\" content=\"2017-08-26T18:00:39+00:00\" \/>\n<meta property=\"og:image\" content=\"https:\/\/folhapopular.info\/wp-content\/uploads\/2017\/08\/Ga\u00facho-1.jpeg\" \/>\n\t<meta property=\"og:image:width\" content=\"977\" \/>\n\t<meta property=\"og:image:height\" content=\"517\" \/>\n\t<meta property=\"og:image:type\" content=\"image\/jpeg\" \/>\n<meta name=\"author\" content=\"Reda\u00e7\u00e3o Folha Popular\" \/>\n<meta name=\"twitter:card\" content=\"summary_large_image\" \/>\n<meta name=\"twitter:label1\" content=\"Escrito por\" \/>\n\t<meta name=\"twitter:data1\" content=\"Reda\u00e7\u00e3o Folha Popular\" \/>\n\t<meta name=\"twitter:label2\" content=\"Est. tempo de leitura\" \/>\n\t<meta name=\"twitter:data2\" content=\"1 minuto\" \/>\n<script type=\"application\/ld+json\" class=\"yoast-schema-graph\">{\"@context\":\"https:\\\/\\\/schema.org\",\"@graph\":[{\"@type\":\"Article\",\"@id\":\"https:\\\/\\\/folhapopular.info\\\/index.php\\\/2017\\\/08\\\/26\\\/veteranos-voltam-a-campo-na-manha-deste-domingo\\\/#article\",\"isPartOf\":{\"@id\":\"https:\\\/\\\/folhapopular.info\\\/index.php\\\/2017\\\/08\\\/26\\\/veteranos-voltam-a-campo-na-manha-deste-domingo\\\/\"},\"author\":{\"name\":\"Reda\u00e7\u00e3o Folha Popular\",\"@id\":\"https:\\\/\\\/folhapopular.info\\\/#\\\/schema\\\/person\\\/2814e8a0df7643585a9ca38bc6eb9d4b\"},\"headline\":\"Veteranos voltam a campo na manh\u00e3 deste domingo\",\"datePublished\":\"2017-08-26T18:00:39+00:00\",\"mainEntityOfPage\":{\"@id\":\"https:\\\/\\\/folhapopular.info\\\/index.php\\\/2017\\\/08\\\/26\\\/veteranos-voltam-a-campo-na-manha-deste-domingo\\\/\"},\"wordCount\":113,\"commentCount\":0,\"image\":{\"@id\":\"https:\\\/\\\/folhapopular.info\\\/index.php\\\/2017\\\/08\\\/26\\\/veteranos-voltam-a-campo-na-manha-deste-domingo\\\/#primaryimage\"},\"thumbnailUrl\":\"https:\\\/\\\/folhapopular.info\\\/wp-content\\\/uploads\\\/2017\\\/08\\\/Ga\u00facho-1.jpeg\",\"keywords\":[\"Copa Certel Sicredi\",\"Regi\u00e3o\",\"Regional da Aslivata\",\"Veteranos\"],\"articleSection\":[\"Esportes\",\"Futebol Amador\",\"Regional da Aslivata\"],\"inLanguage\":\"pt-BR\",\"potentialAction\":[{\"@type\":\"CommentAction\",\"name\":\"Comment\",\"target\":[\"https:\\\/\\\/folhapopular.info\\\/index.php\\\/2017\\\/08\\\/26\\\/veteranos-voltam-a-campo-na-manha-deste-domingo\\\/#respond\"]}]},{\"@type\":\"WebPage\",\"@id\":\"https:\\\/\\\/folhapopular.info\\\/index.php\\\/2017\\\/08\\\/26\\\/veteranos-voltam-a-campo-na-manha-deste-domingo\\\/\",\"url\":\"https:\\\/\\\/folhapopular.info\\\/index.php\\\/2017\\\/08\\\/26\\\/veteranos-voltam-a-campo-na-manha-deste-domingo\\\/\",\"name\":\"Veteranos voltam a campo na manh\u00e3 deste domingo - Folha Popular\",\"isPartOf\":{\"@id\":\"https:\\\/\\\/folhapopular.info\\\/#website\"},\"primaryImageOfPage\":{\"@id\":\"https:\\\/\\\/folhapopular.info\\\/index.php\\\/2017\\\/08\\\/26\\\/veteranos-voltam-a-campo-na-manha-deste-domingo\\\/#primaryimage\"},\"image\":{\"@id\":\"https:\\\/\\\/folhapopular.info\\\/index.php\\\/2017\\\/08\\\/26\\\/veteranos-voltam-a-campo-na-manha-deste-domingo\\\/#primaryimage\"},\"thumbnailUrl\":\"https:\\\/\\\/folhapopular.info\\\/wp-content\\\/uploads\\\/2017\\\/08\\\/Ga\u00facho-1.jpeg\",\"datePublished\":\"2017-08-26T18:00:39+00:00\",\"author\":{\"@id\":\"https:\\\/\\\/folhapopular.info\\\/#\\\/schema\\\/person\\\/2814e8a0df7643585a9ca38bc6eb9d4b\"},\"breadcrumb\":{\"@id\":\"https:\\\/\\\/folhapopular.info\\\/index.php\\\/2017\\\/08\\\/26\\\/veteranos-voltam-a-campo-na-manha-deste-domingo\\\/#breadcrumb\"},\"inLanguage\":\"pt-BR\",\"potentialAction\":[{\"@type\":\"ReadAction\",\"target\":[\"https:\\\/\\\/folhapopular.info\\\/index.php\\\/2017\\\/08\\\/26\\\/veteranos-voltam-a-campo-na-manha-deste-domingo\\\/\"]}]},{\"@type\":\"ImageObject\",\"inLanguage\":\"pt-BR\",\"@id\":\"https:\\\/\\\/folhapopular.info\\\/index.php\\\/2017\\\/08\\\/26\\\/veteranos-voltam-a-campo-na-manha-deste-domingo\\\/#primaryimage\",\"url\":\"https:\\\/\\\/folhapopular.info\\\/wp-content\\\/uploads\\\/2017\\\/08\\\/Ga\u00facho-1.jpeg\",\"contentUrl\":\"https:\\\/\\\/folhapopular.info\\\/wp-content\\\/uploads\\\/2017\\\/08\\\/Ga\u00facho-1.jpeg\",\"width\":977,\"height\":517,\"caption\":\"Ga\u00facho de Teut\u00f4nia eliminou o Uni\u00e3o de Palmas na semifinal\"},{\"@type\":\"BreadcrumbList\",\"@id\":\"https:\\\/\\\/folhapopular.info\\\/index.php\\\/2017\\\/08\\\/26\\\/veteranos-voltam-a-campo-na-manha-deste-domingo\\\/#breadcrumb\",\"itemListElement\":[{\"@type\":\"ListItem\",\"position\":1,\"name\":\"In\u00edcio\",\"item\":\"https:\\\/\\\/folhapopular.info\\\/\"},{\"@type\":\"ListItem\",\"position\":2,\"name\":\"Veteranos voltam a campo na manh\u00e3 deste domingo\"}]},{\"@type\":\"WebSite\",\"@id\":\"https:\\\/\\\/folhapopular.info\\\/#website\",\"url\":\"https:\\\/\\\/folhapopular.info\\\/\",\"name\":\"Folha Popular\",\"description\":\"Onde voc\u00ea tem vez e voz\",\"potentialAction\":[{\"@type\":\"SearchAction\",\"target\":{\"@type\":\"EntryPoint\",\"urlTemplate\":\"https:\\\/\\\/folhapopular.info\\\/?s={search_term_string}\"},\"query-input\":{\"@type\":\"PropertyValueSpecification\",\"valueRequired\":true,\"valueName\":\"search_term_string\"}}],\"inLanguage\":\"pt-BR\"},{\"@type\":\"Person\",\"@id\":\"https:\\\/\\\/folhapopular.info\\\/#\\\/schema\\\/person\\\/2814e8a0df7643585a9ca38bc6eb9d4b\",\"name\":\"Reda\u00e7\u00e3o Folha Popular\",\"image\":{\"@type\":\"ImageObject\",\"inLanguage\":\"pt-BR\",\"@id\":\"https:\\\/\\\/folhapopular.info\\\/wp-content\\\/uploads\\\/2026\\\/04\\\/Folha-1.webp\",\"url\":\"https:\\\/\\\/folhapopular.info\\\/wp-content\\\/uploads\\\/2026\\\/04\\\/Folha-1.webp\",\"contentUrl\":\"https:\\\/\\\/folhapopular.info\\\/wp-content\\\/uploads\\\/2026\\\/04\\\/Folha-1.webp\",\"caption\":\"Reda\u00e7\u00e3o Folha Popular\"},\"url\":\"https:\\\/\\\/folhapopular.info\\\/index.php\\\/author\\\/redacao\\\/\"}]}<\/script>\n<!-- \/ Yoast SEO plugin. -->","yoast_head_json":{"title":"Veteranos voltam a campo na manh\u00e3 deste domingo - Folha Popular","robots":{"index":"index","follow":"follow","max-snippet":"max-snippet:-1","max-image-preview":"max-image-preview:large","max-video-preview":"max-video-preview:-1"},"canonical":"https:\/\/folhapopular.info\/index.php\/2017\/08\/26\/veteranos-voltam-a-campo-na-manha-deste-domingo\/","og_locale":"pt_BR","og_type":"article","og_title":"Veteranos voltam a campo na manh\u00e3 deste domingo - Folha Popular","og_description":"A categoria Veteranos do Regional Certel Sicredi ter\u00e1 jogos \u00e0s 10 horas deste domingo (27\/08), v\u00e1lidos pela 5\u00aa rodada da 1\u00aa fase. Em Lajeado, o Estudiantes encara o \u00c1guia Azul. Em Estrela, tem Arroio do Ouro x Juventude da Frank, no duelo dos \u00faltimos dois campe\u00f5es. Em Forquetinha, o Arroio Alegrense tenta pontuar diante da [&hellip;]","og_url":"https:\/\/folhapopular.info\/index.php\/2017\/08\/26\/veteranos-voltam-a-campo-na-manha-deste-domingo\/","og_site_name":"Folha Popular","article_published_time":"2017-08-26T18:00:39+00:00","og_image":[{"width":977,"height":517,"url":"https:\/\/folhapopular.info\/wp-content\/uploads\/2017\/08\/Ga\u00facho-1.jpeg","type":"image\/jpeg"}],"author":"Reda\u00e7\u00e3o Folha Popular","twitter_card":"summary_large_image","twitter_misc":{"Escrito por":"Reda\u00e7\u00e3o Folha Popular","Est. tempo de leitura":"1 minuto"},"schema":{"@context":"https:\/\/schema.org","@graph":[{"@type":"Article","@id":"https:\/\/folhapopular.info\/index.php\/2017\/08\/26\/veteranos-voltam-a-campo-na-manha-deste-domingo\/#article","isPartOf":{"@id":"https:\/\/folhapopular.info\/index.php\/2017\/08\/26\/veteranos-voltam-a-campo-na-manha-deste-domingo\/"},"author":{"name":"Reda\u00e7\u00e3o Folha Popular","@id":"https:\/\/folhapopular.info\/#\/schema\/person\/2814e8a0df7643585a9ca38bc6eb9d4b"},"headline":"Veteranos voltam a campo na manh\u00e3 deste domingo","datePublished":"2017-08-26T18:00:39+00:00","mainEntityOfPage":{"@id":"https:\/\/folhapopular.info\/index.php\/2017\/08\/26\/veteranos-voltam-a-campo-na-manha-deste-domingo\/"},"wordCount":113,"commentCount":0,"image":{"@id":"https:\/\/folhapopular.info\/index.php\/2017\/08\/26\/veteranos-voltam-a-campo-na-manha-deste-domingo\/#primaryimage"},"thumbnailUrl":"https:\/\/folhapopular.info\/wp-content\/uploads\/2017\/08\/Ga\u00facho-1.jpeg","keywords":["Copa Certel Sicredi","Regi\u00e3o","Regional da Aslivata","Veteranos"],"articleSection":["Esportes","Futebol Amador","Regional da Aslivata"],"inLanguage":"pt-BR","potentialAction":[{"@type":"CommentAction","name":"Comment","target":["https:\/\/folhapopular.info\/index.php\/2017\/08\/26\/veteranos-voltam-a-campo-na-manha-deste-domingo\/#respond"]}]},{"@type":"WebPage","@id":"https:\/\/folhapopular.info\/index.php\/2017\/08\/26\/veteranos-voltam-a-campo-na-manha-deste-domingo\/","url":"https:\/\/folhapopular.info\/index.php\/2017\/08\/26\/veteranos-voltam-a-campo-na-manha-deste-domingo\/","name":"Veteranos voltam a campo na manh\u00e3 deste domingo - Folha Popular","isPartOf":{"@id":"https:\/\/folhapopular.info\/#website"},"primaryImageOfPage":{"@id":"https:\/\/folhapopular.info\/index.php\/2017\/08\/26\/veteranos-voltam-a-campo-na-manha-deste-domingo\/#primaryimage"},"image":{"@id":"https:\/\/folhapopular.info\/index.php\/2017\/08\/26\/veteranos-voltam-a-campo-na-manha-deste-domingo\/#primaryimage"},"thumbnailUrl":"https:\/\/folhapopular.info\/wp-content\/uploads\/2017\/08\/Ga\u00facho-1.jpeg","datePublished":"2017-08-26T18:00:39+00:00","author":{"@id":"https:\/\/folhapopular.info\/#\/schema\/person\/2814e8a0df7643585a9ca38bc6eb9d4b"},"breadcrumb":{"@id":"https:\/\/folhapopular.info\/index.php\/2017\/08\/26\/veteranos-voltam-a-campo-na-manha-deste-domingo\/#breadcrumb"},"inLanguage":"pt-BR","potentialAction":[{"@type":"ReadAction","target":["https:\/\/folhapopular.info\/index.php\/2017\/08\/26\/veteranos-voltam-a-campo-na-manha-deste-domingo\/"]}]},{"@type":"ImageObject","inLanguage":"pt-BR","@id":"https:\/\/folhapopular.info\/index.php\/2017\/08\/26\/veteranos-voltam-a-campo-na-manha-deste-domingo\/#primaryimage","url":"https:\/\/folhapopular.info\/wp-content\/uploads\/2017\/08\/Ga\u00facho-1.jpeg","contentUrl":"https:\/\/folhapopular.info\/wp-content\/uploads\/2017\/08\/Ga\u00facho-1.jpeg","width":977,"height":517,"caption":"Ga\u00facho de Teut\u00f4nia eliminou o Uni\u00e3o de Palmas na semifinal"},{"@type":"BreadcrumbList","@id":"https:\/\/folhapopular.info\/index.php\/2017\/08\/26\/veteranos-voltam-a-campo-na-manha-deste-domingo\/#breadcrumb","itemListElement":[{"@type":"ListItem","position":1,"name":"In\u00edcio","item":"https:\/\/folhapopular.info\/"},{"@type":"ListItem","position":2,"name":"Veteranos voltam a campo na manh\u00e3 deste domingo"}]},{"@type":"WebSite","@id":"https:\/\/folhapopular.info\/#website","url":"https:\/\/folhapopular.info\/","name":"Folha Popular","description":"Onde voc\u00ea tem vez e voz","potentialAction":[{"@type":"SearchAction","target":{"@type":"EntryPoint","urlTemplate":"https:\/\/folhapopular.info\/?s={search_term_string}"},"query-input":{"@type":"PropertyValueSpecification","valueRequired":true,"valueName":"search_term_string"}}],"inLanguage":"pt-BR"},{"@type":"Person","@id":"https:\/\/folhapopular.info\/#\/schema\/person\/2814e8a0df7643585a9ca38bc6eb9d4b","name":"Reda\u00e7\u00e3o Folha Popular","image":{"@type":"ImageObject","inLanguage":"pt-BR","@id":"https:\/\/folhapopular.info\/wp-content\/uploads\/2026\/04\/Folha-1.webp","url":"https:\/\/folhapopular.info\/wp-content\/uploads\/2026\/04\/Folha-1.webp","contentUrl":"https:\/\/folhapopular.info\/wp-content\/uploads\/2026\/04\/Folha-1.webp","caption":"Reda\u00e7\u00e3o Folha Popular"},"url":"https:\/\/folhapopular.info\/index.php\/author\/redacao\/"}]}},"jetpack_featured_media_url":"https:\/\/folhapopular.info\/wp-content\/uploads\/2017\/08\/Ga\u00facho-1.jpeg","jetpack_sharing_enabled":true,"amp_enabled":true,"_links":{"self":[{"href":"https:\/\/folhapopular.info\/index.php\/wp-json\/wp\/v2\/posts\/34494","targetHints":{"allow":["GET"]}}],"collection":[{"href":"https:\/\/folhapopular.info\/index.php\/wp-json\/wp\/v2\/posts"}],"about":[{"href":"https:\/\/folhapopular.info\/index.php\/wp-json\/wp\/v2\/types\/post"}],"author":[{"embeddable":true,"href":"https:\/\/folhapopular.info\/index.php\/wp-json\/wp\/v2\/users\/8"}],"replies":[{"embeddable":true,"href":"https:\/\/folhapopular.info\/index.php\/wp-json\/wp\/v2\/comments?post=34494"}],"version-history":[{"count":0,"href":"https:\/\/folhapopular.info\/index.php\/wp-json\/wp\/v2\/posts\/34494\/revisions"}],"wp:featuredmedia":[{"embeddable":true,"href":"https:\/\/folhapopular.info\/index.php\/wp-json\/wp\/v2\/media\/34496"}],"wp:attachment":[{"href":"https:\/\/folhapopular.info\/index.php\/wp-json\/wp\/v2\/media?parent=34494"}],"wp:term":[{"taxonomy":"category","embeddable":true,"href":"https:\/\/folhapopular.info\/index.php\/wp-json\/wp\/v2\/categories?post=34494"},{"taxonomy":"post_tag","embeddable":true,"href":"https:\/\/folhapopular.info\/index.php\/wp-json\/wp\/v2\/tags?post=34494"}],"curies":[{"name":"wp","href":"https:\/\/api.w.org\/{rel}","templated":true}]}}