{"id":34691,"date":"2017-09-01T17:30:41","date_gmt":"2017-09-01T20:30:41","guid":{"rendered":"http:\/\/folhapopular.info\/?p=34691"},"modified":"2017-09-01T17:30:41","modified_gmt":"2017-09-01T20:30:41","slug":"mulher-morre-em-acidente-de-transito-em-lajeado","status":"publish","type":"post","link":"https:\/\/folhapopular.info\/index.php\/2017\/09\/01\/mulher-morre-em-acidente-de-transito-em-lajeado\/","title":{"rendered":"Mulher morre em acidente de tr\u00e2nsito em Lajeado"},"content":{"rendered":"<p class=\"western\" align=\"left\"><span style=\"color: #000000\"><span style=\"font-family: arial, sans-serif\"><span style=\"font-size: medium\">Um acidente de tr\u00e2nsito resultou na morte de uma pessoa por volta das 11h45min desta sexta-feira (01\/09), no Bairro Moinhos em Lajeado. A v\u00edtima, identificada como <\/span><\/span><\/span><span style=\"color: #000000\"><span style=\"font-family: arial, sans-serif\"><span style=\"font-size: medium\">Carolina Veridiana Hemming Feldens, <\/span><\/span><\/span><span style=\"color: #000000\"><span style=\"font-family: arial, sans-serif\"><span style=\"font-size: medium\">de <\/span><\/span><\/span><span style=\"color: #000000\"><span style=\"font-family: arial, sans-serif\"><span style=\"font-size: medium\">37 <\/span><\/span><\/span><span style=\"color: #000000\"><span style=\"font-family: arial, sans-serif\"><span style=\"font-size: medium\">anos, seguia pela Rua Castelo Branco, em uma motocicleta. <\/span><\/span><\/span><\/p>\n<p class=\"western\" align=\"left\"><span style=\"color: #000000\"><span style=\"font-family: arial, sans-serif\"><span style=\"font-size: medium\">Na esquina da Rua Carlos Sphor Filho, <\/span><\/span><\/span><span style=\"color: #000000\"><span style=\"font-family: arial, sans-serif\"><span style=\"font-size: medium\">pr\u00f3ximo ao Posto Moinhos,<\/span><\/span><\/span><span style=\"color: #000000\"><span style=\"font-family: arial, sans-serif\"><span style=\"font-size: medium\"> a condutora <\/span><\/span><\/span><span style=\"color: #000000\"><span style=\"font-family: arial, sans-serif\"><span style=\"font-size: medium\">colidiu na lateral de uma carreta que seguia no sentido ERS-130 ao <\/span><\/span><\/span><span style=\"color: #000000\"><span style=\"font-family: arial, sans-serif\"><span style=\"font-size: medium\">B<\/span><\/span><\/span><span style=\"color: #000000\"><span style=\"font-family: arial, sans-serif\"><span style=\"font-size: medium\">airro <\/span><\/span><\/span><span style=\"color: #000000\"><span style=\"font-family: arial, sans-serif\"><span style=\"font-size: medium\">Moinhos. A mulher n\u00e3o resistiu aos ferimentos e morreu no local do acidente. Na carona da moto estava um menino de 12 anos que foi encaminhado ao hospital com ferimentos. <\/span><\/span><\/span><\/p>\n","protected":false},"excerpt":{"rendered":"<p>Um acidente de tr\u00e2nsito resultou na morte de uma pessoa por volta das 11h45min desta sexta-feira (01\/09), no Bairro Moinhos em Lajeado. A v\u00edtima, identificada como Carolina Veridiana Hemming Feldens, de 37 anos, seguia pela Rua Castelo Branco, em uma motocicleta. Na esquina da Rua Carlos Sphor Filho, pr\u00f3ximo ao Posto Moinhos, a condutora colidiu [&hellip;]<\/p>\n","protected":false},"author":8,"featured_media":31878,"comment_status":"open","ping_status":"open","sticky":false,"template":"","format":"standard","meta":{"pmpro_default_level":"","_jetpack_memberships_contains_paid_content":false,"footnotes":""},"categories":[2,7],"tags":[195,27,113],"class_list":{"0":"post-34691","1":"post","2":"type-post","3":"status-publish","4":"format-standard","5":"has-post-thumbnail","7":"category-featured","8":"category-seguranca","9":"tag-acidente","10":"tag-lajeado","11":"tag-transito","12":"pmpro-has-access"},"yoast_head":"<!-- This site is optimized with the Yoast SEO plugin v27.5 - https:\/\/yoast.com\/product\/yoast-seo-wordpress\/ -->\n<title>Mulher morre em acidente de tr\u00e2nsito em Lajeado - Folha Popular<\/title>\n<meta name=\"robots\" content=\"index, follow, max-snippet:-1, max-image-preview:large, max-video-preview:-1\" \/>\n<link rel=\"canonical\" href=\"https:\/\/folhapopular.info\/index.php\/2017\/09\/01\/mulher-morre-em-acidente-de-transito-em-lajeado\/\" \/>\n<meta property=\"og:locale\" content=\"pt_BR\" \/>\n<meta property=\"og:type\" content=\"article\" \/>\n<meta property=\"og:title\" content=\"Mulher morre em acidente de tr\u00e2nsito em Lajeado - Folha Popular\" \/>\n<meta property=\"og:description\" content=\"Um acidente de tr\u00e2nsito resultou na morte de uma pessoa por volta das 11h45min desta sexta-feira (01\/09), no Bairro Moinhos em Lajeado. A v\u00edtima, identificada como Carolina Veridiana Hemming Feldens, de 37 anos, seguia pela Rua Castelo Branco, em uma motocicleta. Na esquina da Rua Carlos Sphor Filho, pr\u00f3ximo ao Posto Moinhos, a condutora colidiu [&hellip;]\" \/>\n<meta property=\"og:url\" content=\"https:\/\/folhapopular.info\/index.php\/2017\/09\/01\/mulher-morre-em-acidente-de-transito-em-lajeado\/\" \/>\n<meta property=\"og:site_name\" content=\"Folha Popular\" \/>\n<meta property=\"article:published_time\" content=\"2017-09-01T20:30:41+00:00\" \/>\n<meta property=\"og:image\" content=\"https:\/\/folhapopular.info\/wp-content\/uploads\/2017\/06\/Tr\u00e2nsito_SITE-e1545295844946.jpg\" \/>\n\t<meta property=\"og:image:width\" content=\"800\" \/>\n\t<meta property=\"og:image:height\" content=\"514\" \/>\n\t<meta property=\"og:image:type\" content=\"image\/jpeg\" \/>\n<meta name=\"author\" content=\"Reda\u00e7\u00e3o Folha Popular\" \/>\n<meta name=\"twitter:card\" content=\"summary_large_image\" \/>\n<meta name=\"twitter:label1\" content=\"Escrito por\" \/>\n\t<meta name=\"twitter:data1\" content=\"Reda\u00e7\u00e3o Folha Popular\" \/>\n<script type=\"application\/ld+json\" class=\"yoast-schema-graph\">{\"@context\":\"https:\\\/\\\/schema.org\",\"@graph\":[{\"@type\":\"Article\",\"@id\":\"https:\\\/\\\/folhapopular.info\\\/index.php\\\/2017\\\/09\\\/01\\\/mulher-morre-em-acidente-de-transito-em-lajeado\\\/#article\",\"isPartOf\":{\"@id\":\"https:\\\/\\\/folhapopular.info\\\/index.php\\\/2017\\\/09\\\/01\\\/mulher-morre-em-acidente-de-transito-em-lajeado\\\/\"},\"author\":{\"name\":\"Reda\u00e7\u00e3o Folha Popular\",\"@id\":\"https:\\\/\\\/folhapopular.info\\\/#\\\/schema\\\/person\\\/2814e8a0df7643585a9ca38bc6eb9d4b\"},\"headline\":\"Mulher morre em acidente de tr\u00e2nsito em Lajeado\",\"datePublished\":\"2017-09-01T20:30:41+00:00\",\"mainEntityOfPage\":{\"@id\":\"https:\\\/\\\/folhapopular.info\\\/index.php\\\/2017\\\/09\\\/01\\\/mulher-morre-em-acidente-de-transito-em-lajeado\\\/\"},\"wordCount\":109,\"commentCount\":0,\"image\":{\"@id\":\"https:\\\/\\\/folhapopular.info\\\/index.php\\\/2017\\\/09\\\/01\\\/mulher-morre-em-acidente-de-transito-em-lajeado\\\/#primaryimage\"},\"thumbnailUrl\":\"https:\\\/\\\/folhapopular.info\\\/wp-content\\\/uploads\\\/2017\\\/06\\\/Tr\u00e2nsito_SITE-e1545295844946.jpg\",\"keywords\":[\"Acidente\",\"Lajeado\",\"Tr\u00e2nsito\"],\"articleSection\":[\"Destaques\",\"Seguran\u00e7a\"],\"inLanguage\":\"pt-BR\",\"potentialAction\":[{\"@type\":\"CommentAction\",\"name\":\"Comment\",\"target\":[\"https:\\\/\\\/folhapopular.info\\\/index.php\\\/2017\\\/09\\\/01\\\/mulher-morre-em-acidente-de-transito-em-lajeado\\\/#respond\"]}]},{\"@type\":\"WebPage\",\"@id\":\"https:\\\/\\\/folhapopular.info\\\/index.php\\\/2017\\\/09\\\/01\\\/mulher-morre-em-acidente-de-transito-em-lajeado\\\/\",\"url\":\"https:\\\/\\\/folhapopular.info\\\/index.php\\\/2017\\\/09\\\/01\\\/mulher-morre-em-acidente-de-transito-em-lajeado\\\/\",\"name\":\"Mulher morre em acidente de tr\u00e2nsito em Lajeado - Folha Popular\",\"isPartOf\":{\"@id\":\"https:\\\/\\\/folhapopular.info\\\/#website\"},\"primaryImageOfPage\":{\"@id\":\"https:\\\/\\\/folhapopular.info\\\/index.php\\\/2017\\\/09\\\/01\\\/mulher-morre-em-acidente-de-transito-em-lajeado\\\/#primaryimage\"},\"image\":{\"@id\":\"https:\\\/\\\/folhapopular.info\\\/index.php\\\/2017\\\/09\\\/01\\\/mulher-morre-em-acidente-de-transito-em-lajeado\\\/#primaryimage\"},\"thumbnailUrl\":\"https:\\\/\\\/folhapopular.info\\\/wp-content\\\/uploads\\\/2017\\\/06\\\/Tr\u00e2nsito_SITE-e1545295844946.jpg\",\"datePublished\":\"2017-09-01T20:30:41+00:00\",\"author\":{\"@id\":\"https:\\\/\\\/folhapopular.info\\\/#\\\/schema\\\/person\\\/2814e8a0df7643585a9ca38bc6eb9d4b\"},\"breadcrumb\":{\"@id\":\"https:\\\/\\\/folhapopular.info\\\/index.php\\\/2017\\\/09\\\/01\\\/mulher-morre-em-acidente-de-transito-em-lajeado\\\/#breadcrumb\"},\"inLanguage\":\"pt-BR\",\"potentialAction\":[{\"@type\":\"ReadAction\",\"target\":[\"https:\\\/\\\/folhapopular.info\\\/index.php\\\/2017\\\/09\\\/01\\\/mulher-morre-em-acidente-de-transito-em-lajeado\\\/\"]}]},{\"@type\":\"ImageObject\",\"inLanguage\":\"pt-BR\",\"@id\":\"https:\\\/\\\/folhapopular.info\\\/index.php\\\/2017\\\/09\\\/01\\\/mulher-morre-em-acidente-de-transito-em-lajeado\\\/#primaryimage\",\"url\":\"https:\\\/\\\/folhapopular.info\\\/wp-content\\\/uploads\\\/2017\\\/06\\\/Tr\u00e2nsito_SITE-e1545295844946.jpg\",\"contentUrl\":\"https:\\\/\\\/folhapopular.info\\\/wp-content\\\/uploads\\\/2017\\\/06\\\/Tr\u00e2nsito_SITE-e1545295844946.jpg\",\"width\":800,\"height\":514},{\"@type\":\"BreadcrumbList\",\"@id\":\"https:\\\/\\\/folhapopular.info\\\/index.php\\\/2017\\\/09\\\/01\\\/mulher-morre-em-acidente-de-transito-em-lajeado\\\/#breadcrumb\",\"itemListElement\":[{\"@type\":\"ListItem\",\"position\":1,\"name\":\"In\u00edcio\",\"item\":\"https:\\\/\\\/folhapopular.info\\\/\"},{\"@type\":\"ListItem\",\"position\":2,\"name\":\"Mulher morre em acidente de tr\u00e2nsito em Lajeado\"}]},{\"@type\":\"WebSite\",\"@id\":\"https:\\\/\\\/folhapopular.info\\\/#website\",\"url\":\"https:\\\/\\\/folhapopular.info\\\/\",\"name\":\"Folha Popular\",\"description\":\"Onde voc\u00ea tem vez e voz\",\"potentialAction\":[{\"@type\":\"SearchAction\",\"target\":{\"@type\":\"EntryPoint\",\"urlTemplate\":\"https:\\\/\\\/folhapopular.info\\\/?s={search_term_string}\"},\"query-input\":{\"@type\":\"PropertyValueSpecification\",\"valueRequired\":true,\"valueName\":\"search_term_string\"}}],\"inLanguage\":\"pt-BR\"},{\"@type\":\"Person\",\"@id\":\"https:\\\/\\\/folhapopular.info\\\/#\\\/schema\\\/person\\\/2814e8a0df7643585a9ca38bc6eb9d4b\",\"name\":\"Reda\u00e7\u00e3o Folha Popular\",\"image\":{\"@type\":\"ImageObject\",\"inLanguage\":\"pt-BR\",\"@id\":\"https:\\\/\\\/folhapopular.info\\\/wp-content\\\/uploads\\\/2026\\\/04\\\/Folha-1.webp\",\"url\":\"https:\\\/\\\/folhapopular.info\\\/wp-content\\\/uploads\\\/2026\\\/04\\\/Folha-1.webp\",\"contentUrl\":\"https:\\\/\\\/folhapopular.info\\\/wp-content\\\/uploads\\\/2026\\\/04\\\/Folha-1.webp\",\"caption\":\"Reda\u00e7\u00e3o Folha Popular\"},\"url\":\"https:\\\/\\\/folhapopular.info\\\/index.php\\\/author\\\/redacao\\\/\"}]}<\/script>\n<!-- \/ Yoast SEO plugin. -->","yoast_head_json":{"title":"Mulher morre em acidente de tr\u00e2nsito em Lajeado - Folha Popular","robots":{"index":"index","follow":"follow","max-snippet":"max-snippet:-1","max-image-preview":"max-image-preview:large","max-video-preview":"max-video-preview:-1"},"canonical":"https:\/\/folhapopular.info\/index.php\/2017\/09\/01\/mulher-morre-em-acidente-de-transito-em-lajeado\/","og_locale":"pt_BR","og_type":"article","og_title":"Mulher morre em acidente de tr\u00e2nsito em Lajeado - Folha Popular","og_description":"Um acidente de tr\u00e2nsito resultou na morte de uma pessoa por volta das 11h45min desta sexta-feira (01\/09), no Bairro Moinhos em Lajeado. A v\u00edtima, identificada como Carolina Veridiana Hemming Feldens, de 37 anos, seguia pela Rua Castelo Branco, em uma motocicleta. Na esquina da Rua Carlos Sphor Filho, pr\u00f3ximo ao Posto Moinhos, a condutora colidiu [&hellip;]","og_url":"https:\/\/folhapopular.info\/index.php\/2017\/09\/01\/mulher-morre-em-acidente-de-transito-em-lajeado\/","og_site_name":"Folha Popular","article_published_time":"2017-09-01T20:30:41+00:00","og_image":[{"width":800,"height":514,"url":"https:\/\/folhapopular.info\/wp-content\/uploads\/2017\/06\/Tr\u00e2nsito_SITE-e1545295844946.jpg","type":"image\/jpeg"}],"author":"Reda\u00e7\u00e3o Folha Popular","twitter_card":"summary_large_image","twitter_misc":{"Escrito por":"Reda\u00e7\u00e3o Folha Popular"},"schema":{"@context":"https:\/\/schema.org","@graph":[{"@type":"Article","@id":"https:\/\/folhapopular.info\/index.php\/2017\/09\/01\/mulher-morre-em-acidente-de-transito-em-lajeado\/#article","isPartOf":{"@id":"https:\/\/folhapopular.info\/index.php\/2017\/09\/01\/mulher-morre-em-acidente-de-transito-em-lajeado\/"},"author":{"name":"Reda\u00e7\u00e3o Folha Popular","@id":"https:\/\/folhapopular.info\/#\/schema\/person\/2814e8a0df7643585a9ca38bc6eb9d4b"},"headline":"Mulher morre em acidente de tr\u00e2nsito em Lajeado","datePublished":"2017-09-01T20:30:41+00:00","mainEntityOfPage":{"@id":"https:\/\/folhapopular.info\/index.php\/2017\/09\/01\/mulher-morre-em-acidente-de-transito-em-lajeado\/"},"wordCount":109,"commentCount":0,"image":{"@id":"https:\/\/folhapopular.info\/index.php\/2017\/09\/01\/mulher-morre-em-acidente-de-transito-em-lajeado\/#primaryimage"},"thumbnailUrl":"https:\/\/folhapopular.info\/wp-content\/uploads\/2017\/06\/Tr\u00e2nsito_SITE-e1545295844946.jpg","keywords":["Acidente","Lajeado","Tr\u00e2nsito"],"articleSection":["Destaques","Seguran\u00e7a"],"inLanguage":"pt-BR","potentialAction":[{"@type":"CommentAction","name":"Comment","target":["https:\/\/folhapopular.info\/index.php\/2017\/09\/01\/mulher-morre-em-acidente-de-transito-em-lajeado\/#respond"]}]},{"@type":"WebPage","@id":"https:\/\/folhapopular.info\/index.php\/2017\/09\/01\/mulher-morre-em-acidente-de-transito-em-lajeado\/","url":"https:\/\/folhapopular.info\/index.php\/2017\/09\/01\/mulher-morre-em-acidente-de-transito-em-lajeado\/","name":"Mulher morre em acidente de tr\u00e2nsito em Lajeado - Folha Popular","isPartOf":{"@id":"https:\/\/folhapopular.info\/#website"},"primaryImageOfPage":{"@id":"https:\/\/folhapopular.info\/index.php\/2017\/09\/01\/mulher-morre-em-acidente-de-transito-em-lajeado\/#primaryimage"},"image":{"@id":"https:\/\/folhapopular.info\/index.php\/2017\/09\/01\/mulher-morre-em-acidente-de-transito-em-lajeado\/#primaryimage"},"thumbnailUrl":"https:\/\/folhapopular.info\/wp-content\/uploads\/2017\/06\/Tr\u00e2nsito_SITE-e1545295844946.jpg","datePublished":"2017-09-01T20:30:41+00:00","author":{"@id":"https:\/\/folhapopular.info\/#\/schema\/person\/2814e8a0df7643585a9ca38bc6eb9d4b"},"breadcrumb":{"@id":"https:\/\/folhapopular.info\/index.php\/2017\/09\/01\/mulher-morre-em-acidente-de-transito-em-lajeado\/#breadcrumb"},"inLanguage":"pt-BR","potentialAction":[{"@type":"ReadAction","target":["https:\/\/folhapopular.info\/index.php\/2017\/09\/01\/mulher-morre-em-acidente-de-transito-em-lajeado\/"]}]},{"@type":"ImageObject","inLanguage":"pt-BR","@id":"https:\/\/folhapopular.info\/index.php\/2017\/09\/01\/mulher-morre-em-acidente-de-transito-em-lajeado\/#primaryimage","url":"https:\/\/folhapopular.info\/wp-content\/uploads\/2017\/06\/Tr\u00e2nsito_SITE-e1545295844946.jpg","contentUrl":"https:\/\/folhapopular.info\/wp-content\/uploads\/2017\/06\/Tr\u00e2nsito_SITE-e1545295844946.jpg","width":800,"height":514},{"@type":"BreadcrumbList","@id":"https:\/\/folhapopular.info\/index.php\/2017\/09\/01\/mulher-morre-em-acidente-de-transito-em-lajeado\/#breadcrumb","itemListElement":[{"@type":"ListItem","position":1,"name":"In\u00edcio","item":"https:\/\/folhapopular.info\/"},{"@type":"ListItem","position":2,"name":"Mulher morre em acidente de tr\u00e2nsito em Lajeado"}]},{"@type":"WebSite","@id":"https:\/\/folhapopular.info\/#website","url":"https:\/\/folhapopular.info\/","name":"Folha Popular","description":"Onde voc\u00ea tem vez e voz","potentialAction":[{"@type":"SearchAction","target":{"@type":"EntryPoint","urlTemplate":"https:\/\/folhapopular.info\/?s={search_term_string}"},"query-input":{"@type":"PropertyValueSpecification","valueRequired":true,"valueName":"search_term_string"}}],"inLanguage":"pt-BR"},{"@type":"Person","@id":"https:\/\/folhapopular.info\/#\/schema\/person\/2814e8a0df7643585a9ca38bc6eb9d4b","name":"Reda\u00e7\u00e3o Folha Popular","image":{"@type":"ImageObject","inLanguage":"pt-BR","@id":"https:\/\/folhapopular.info\/wp-content\/uploads\/2026\/04\/Folha-1.webp","url":"https:\/\/folhapopular.info\/wp-content\/uploads\/2026\/04\/Folha-1.webp","contentUrl":"https:\/\/folhapopular.info\/wp-content\/uploads\/2026\/04\/Folha-1.webp","caption":"Reda\u00e7\u00e3o Folha Popular"},"url":"https:\/\/folhapopular.info\/index.php\/author\/redacao\/"}]}},"jetpack_featured_media_url":"https:\/\/folhapopular.info\/wp-content\/uploads\/2017\/06\/Tr\u00e2nsito_SITE-e1545295844946.jpg","jetpack_sharing_enabled":true,"amp_enabled":true,"_links":{"self":[{"href":"https:\/\/folhapopular.info\/index.php\/wp-json\/wp\/v2\/posts\/34691","targetHints":{"allow":["GET"]}}],"collection":[{"href":"https:\/\/folhapopular.info\/index.php\/wp-json\/wp\/v2\/posts"}],"about":[{"href":"https:\/\/folhapopular.info\/index.php\/wp-json\/wp\/v2\/types\/post"}],"author":[{"embeddable":true,"href":"https:\/\/folhapopular.info\/index.php\/wp-json\/wp\/v2\/users\/8"}],"replies":[{"embeddable":true,"href":"https:\/\/folhapopular.info\/index.php\/wp-json\/wp\/v2\/comments?post=34691"}],"version-history":[{"count":0,"href":"https:\/\/folhapopular.info\/index.php\/wp-json\/wp\/v2\/posts\/34691\/revisions"}],"wp:featuredmedia":[{"embeddable":true,"href":"https:\/\/folhapopular.info\/index.php\/wp-json\/wp\/v2\/media\/31878"}],"wp:attachment":[{"href":"https:\/\/folhapopular.info\/index.php\/wp-json\/wp\/v2\/media?parent=34691"}],"wp:term":[{"taxonomy":"category","embeddable":true,"href":"https:\/\/folhapopular.info\/index.php\/wp-json\/wp\/v2\/categories?post=34691"},{"taxonomy":"post_tag","embeddable":true,"href":"https:\/\/folhapopular.info\/index.php\/wp-json\/wp\/v2\/tags?post=34691"}],"curies":[{"name":"wp","href":"https:\/\/api.w.org\/{rel}","templated":true}]}}