{"id":35277,"date":"2017-09-16T18:05:30","date_gmt":"2017-09-16T21:05:30","guid":{"rendered":"http:\/\/folhapopular.info\/?p=35277"},"modified":"2017-09-16T18:08:42","modified_gmt":"2017-09-16T21:08:42","slug":"acbf-perde-para-o-minas-no-jogo-de-ida-das-oitavas-da-liga-nacional","status":"publish","type":"post","link":"https:\/\/folhapopular.info\/index.php\/2017\/09\/16\/acbf-perde-para-o-minas-no-jogo-de-ida-das-oitavas-da-liga-nacional\/","title":{"rendered":"ACBF perde para o Minas no jogo de ida das oitavas da Liga Nacional"},"content":{"rendered":"<p>Ficou tudo para Carlos Barbosa. No primeiro jogo das oitavas de final da Liga Nacional de Futsal (LNF), a ACBF perdeu para o Minas por 3&#215;1, fora de casa, na tarde deste s\u00e1bado (16\/09). Agora, s\u00f3 a vit\u00f3ria interessa para o time laranja avan\u00e7ar na competi\u00e7\u00e3o.\u00a0A partida de volta ser\u00e1 no dia 06\/10, \u00e0s 19h15min, em Carlos Barbosa. Para classificar, a ACBF precisa vencer no tempo normal e empatar na prorroga\u00e7\u00e3o.<\/p>\n<p>No primeiro tempo, n\u00e3o teve bola na rede. O destaque nos primeiros 20 minutos foi a forte marca\u00e7\u00e3o e os times chegaram ao limite de cinco faltas logo aos 10 minutos. Apesar disso, Rafa ainda teve uma chance de abrir o placar, aos 10 minutos, quando tocou uma bola de cabe\u00e7a na trave.<\/p>\n<p>Por\u00e9m, na segunda etapa, o Minas voltou melhor e conseguiu abrir o placar aos 9 minutos, com Augusto. A situa\u00e7\u00e3o piorou quando Marlon foi expulso aos 14 minutos. Mesmo assim, a equipe de Carlos Barbosa conseguiu um tiro-livre a seu favor e Jo\u00e3o empatou. No entanto, Gess\u00e9 aproveitou que a ACBF ainda tinha um a menos em quadra e fez 2&#215;1.<\/p>\n<p>O t\u00e9cnico Marquinhos Xavier colocou goleiro-linha e arrancou mais um tiro-livre. Ap\u00f3s um desentendimento, Ci\u00e7o e Diece foram expulsos deixando ambas as equipes com um a menos. Na cobran\u00e7a, Jo\u00e3o chutou no travess\u00e3o. Aos 19, Pequeno marcou o gol que decretou a vit\u00f3ria do Minas por 3 a 1.<\/p>\n","protected":false},"excerpt":{"rendered":"<p>Ficou tudo para Carlos Barbosa. No primeiro jogo das oitavas de final da Liga Nacional de Futsal (LNF), a ACBF perdeu para o Minas por 3&#215;1, fora de casa, na tarde deste s\u00e1bado (16\/09). Agora, s\u00f3 a vit\u00f3ria interessa para o time laranja avan\u00e7ar na competi\u00e7\u00e3o.\u00a0A partida de volta ser\u00e1 no dia 06\/10, \u00e0s 19h15min, [&hellip;]<\/p>\n","protected":false},"author":8,"featured_media":35278,"comment_status":"open","ping_status":"open","sticky":false,"template":"","format":"standard","meta":{"pmpro_default_level":"","_jetpack_memberships_contains_paid_content":false,"footnotes":""},"categories":[2,5,530],"tags":[29,30,115],"class_list":{"0":"post-35277","1":"post","2":"type-post","3":"status-publish","4":"format-standard","5":"has-post-thumbnail","7":"category-featured","8":"category-esportes","9":"category-futsal","10":"tag-acbf","11":"tag-carlos-barbosa","12":"tag-liga-nacional-de-futsal","13":"pmpro-has-access"},"yoast_head":"<!-- This site is optimized with the Yoast SEO plugin v27.5 - https:\/\/yoast.com\/product\/yoast-seo-wordpress\/ -->\n<title>ACBF perde para o Minas no jogo de ida das oitavas da Liga Nacional - Folha Popular<\/title>\n<meta name=\"robots\" content=\"index, follow, max-snippet:-1, max-image-preview:large, max-video-preview:-1\" \/>\n<link rel=\"canonical\" href=\"https:\/\/folhapopular.info\/index.php\/2017\/09\/16\/acbf-perde-para-o-minas-no-jogo-de-ida-das-oitavas-da-liga-nacional\/\" \/>\n<meta property=\"og:locale\" content=\"pt_BR\" \/>\n<meta property=\"og:type\" content=\"article\" \/>\n<meta property=\"og:title\" content=\"ACBF perde para o Minas no jogo de ida das oitavas da Liga Nacional - Folha Popular\" \/>\n<meta property=\"og:description\" content=\"Ficou tudo para Carlos Barbosa. No primeiro jogo das oitavas de final da Liga Nacional de Futsal (LNF), a ACBF perdeu para o Minas por 3&#215;1, fora de casa, na tarde deste s\u00e1bado (16\/09). Agora, s\u00f3 a vit\u00f3ria interessa para o time laranja avan\u00e7ar na competi\u00e7\u00e3o.\u00a0A partida de volta ser\u00e1 no dia 06\/10, \u00e0s 19h15min, [&hellip;]\" \/>\n<meta property=\"og:url\" content=\"https:\/\/folhapopular.info\/index.php\/2017\/09\/16\/acbf-perde-para-o-minas-no-jogo-de-ida-das-oitavas-da-liga-nacional\/\" \/>\n<meta property=\"og:site_name\" content=\"Folha Popular\" \/>\n<meta property=\"article:published_time\" content=\"2017-09-16T21:05:30+00:00\" \/>\n<meta property=\"article:modified_time\" content=\"2017-09-16T21:08:42+00:00\" \/>\n<meta property=\"og:image\" content=\"https:\/\/folhapopular.info\/wp-content\/uploads\/2017\/09\/unnamed-7.jpg\" \/>\n\t<meta property=\"og:image:width\" content=\"1024\" \/>\n\t<meta property=\"og:image:height\" content=\"678\" \/>\n\t<meta property=\"og:image:type\" content=\"image\/jpeg\" \/>\n<meta name=\"author\" content=\"Reda\u00e7\u00e3o Folha Popular\" \/>\n<meta name=\"twitter:card\" content=\"summary_large_image\" \/>\n<meta name=\"twitter:label1\" content=\"Escrito por\" \/>\n\t<meta name=\"twitter:data1\" content=\"Reda\u00e7\u00e3o Folha Popular\" \/>\n\t<meta name=\"twitter:label2\" content=\"Est. tempo de leitura\" \/>\n\t<meta name=\"twitter:data2\" content=\"1 minuto\" \/>\n<script type=\"application\/ld+json\" class=\"yoast-schema-graph\">{\"@context\":\"https:\\\/\\\/schema.org\",\"@graph\":[{\"@type\":\"Article\",\"@id\":\"https:\\\/\\\/folhapopular.info\\\/index.php\\\/2017\\\/09\\\/16\\\/acbf-perde-para-o-minas-no-jogo-de-ida-das-oitavas-da-liga-nacional\\\/#article\",\"isPartOf\":{\"@id\":\"https:\\\/\\\/folhapopular.info\\\/index.php\\\/2017\\\/09\\\/16\\\/acbf-perde-para-o-minas-no-jogo-de-ida-das-oitavas-da-liga-nacional\\\/\"},\"author\":{\"name\":\"Reda\u00e7\u00e3o Folha Popular\",\"@id\":\"https:\\\/\\\/folhapopular.info\\\/#\\\/schema\\\/person\\\/2814e8a0df7643585a9ca38bc6eb9d4b\"},\"headline\":\"ACBF perde para o Minas no jogo de ida das oitavas da Liga Nacional\",\"datePublished\":\"2017-09-16T21:05:30+00:00\",\"dateModified\":\"2017-09-16T21:08:42+00:00\",\"mainEntityOfPage\":{\"@id\":\"https:\\\/\\\/folhapopular.info\\\/index.php\\\/2017\\\/09\\\/16\\\/acbf-perde-para-o-minas-no-jogo-de-ida-das-oitavas-da-liga-nacional\\\/\"},\"wordCount\":258,\"commentCount\":0,\"image\":{\"@id\":\"https:\\\/\\\/folhapopular.info\\\/index.php\\\/2017\\\/09\\\/16\\\/acbf-perde-para-o-minas-no-jogo-de-ida-das-oitavas-da-liga-nacional\\\/#primaryimage\"},\"thumbnailUrl\":\"https:\\\/\\\/folhapopular.info\\\/wp-content\\\/uploads\\\/2017\\\/09\\\/unnamed-7.jpg\",\"keywords\":[\"ACBF\",\"Carlos Barbosa\",\"Liga Nacional de Futsal\"],\"articleSection\":[\"Destaques\",\"Esportes\",\"Futsal\"],\"inLanguage\":\"pt-BR\",\"potentialAction\":[{\"@type\":\"CommentAction\",\"name\":\"Comment\",\"target\":[\"https:\\\/\\\/folhapopular.info\\\/index.php\\\/2017\\\/09\\\/16\\\/acbf-perde-para-o-minas-no-jogo-de-ida-das-oitavas-da-liga-nacional\\\/#respond\"]}]},{\"@type\":\"WebPage\",\"@id\":\"https:\\\/\\\/folhapopular.info\\\/index.php\\\/2017\\\/09\\\/16\\\/acbf-perde-para-o-minas-no-jogo-de-ida-das-oitavas-da-liga-nacional\\\/\",\"url\":\"https:\\\/\\\/folhapopular.info\\\/index.php\\\/2017\\\/09\\\/16\\\/acbf-perde-para-o-minas-no-jogo-de-ida-das-oitavas-da-liga-nacional\\\/\",\"name\":\"ACBF perde para o Minas no jogo de ida das oitavas da Liga Nacional - Folha Popular\",\"isPartOf\":{\"@id\":\"https:\\\/\\\/folhapopular.info\\\/#website\"},\"primaryImageOfPage\":{\"@id\":\"https:\\\/\\\/folhapopular.info\\\/index.php\\\/2017\\\/09\\\/16\\\/acbf-perde-para-o-minas-no-jogo-de-ida-das-oitavas-da-liga-nacional\\\/#primaryimage\"},\"image\":{\"@id\":\"https:\\\/\\\/folhapopular.info\\\/index.php\\\/2017\\\/09\\\/16\\\/acbf-perde-para-o-minas-no-jogo-de-ida-das-oitavas-da-liga-nacional\\\/#primaryimage\"},\"thumbnailUrl\":\"https:\\\/\\\/folhapopular.info\\\/wp-content\\\/uploads\\\/2017\\\/09\\\/unnamed-7.jpg\",\"datePublished\":\"2017-09-16T21:05:30+00:00\",\"dateModified\":\"2017-09-16T21:08:42+00:00\",\"author\":{\"@id\":\"https:\\\/\\\/folhapopular.info\\\/#\\\/schema\\\/person\\\/2814e8a0df7643585a9ca38bc6eb9d4b\"},\"breadcrumb\":{\"@id\":\"https:\\\/\\\/folhapopular.info\\\/index.php\\\/2017\\\/09\\\/16\\\/acbf-perde-para-o-minas-no-jogo-de-ida-das-oitavas-da-liga-nacional\\\/#breadcrumb\"},\"inLanguage\":\"pt-BR\",\"potentialAction\":[{\"@type\":\"ReadAction\",\"target\":[\"https:\\\/\\\/folhapopular.info\\\/index.php\\\/2017\\\/09\\\/16\\\/acbf-perde-para-o-minas-no-jogo-de-ida-das-oitavas-da-liga-nacional\\\/\"]}]},{\"@type\":\"ImageObject\",\"inLanguage\":\"pt-BR\",\"@id\":\"https:\\\/\\\/folhapopular.info\\\/index.php\\\/2017\\\/09\\\/16\\\/acbf-perde-para-o-minas-no-jogo-de-ida-das-oitavas-da-liga-nacional\\\/#primaryimage\",\"url\":\"https:\\\/\\\/folhapopular.info\\\/wp-content\\\/uploads\\\/2017\\\/09\\\/unnamed-7.jpg\",\"contentUrl\":\"https:\\\/\\\/folhapopular.info\\\/wp-content\\\/uploads\\\/2017\\\/09\\\/unnamed-7.jpg\",\"width\":1024,\"height\":678,\"caption\":\"Diece foi expulso e n\u00e3o jogar\u00e1 a partida de volta em Carlos Barbosa\"},{\"@type\":\"BreadcrumbList\",\"@id\":\"https:\\\/\\\/folhapopular.info\\\/index.php\\\/2017\\\/09\\\/16\\\/acbf-perde-para-o-minas-no-jogo-de-ida-das-oitavas-da-liga-nacional\\\/#breadcrumb\",\"itemListElement\":[{\"@type\":\"ListItem\",\"position\":1,\"name\":\"In\u00edcio\",\"item\":\"https:\\\/\\\/folhapopular.info\\\/\"},{\"@type\":\"ListItem\",\"position\":2,\"name\":\"ACBF perde para o Minas no jogo de ida das oitavas da Liga Nacional\"}]},{\"@type\":\"WebSite\",\"@id\":\"https:\\\/\\\/folhapopular.info\\\/#website\",\"url\":\"https:\\\/\\\/folhapopular.info\\\/\",\"name\":\"Folha Popular\",\"description\":\"Onde voc\u00ea tem vez e voz\",\"potentialAction\":[{\"@type\":\"SearchAction\",\"target\":{\"@type\":\"EntryPoint\",\"urlTemplate\":\"https:\\\/\\\/folhapopular.info\\\/?s={search_term_string}\"},\"query-input\":{\"@type\":\"PropertyValueSpecification\",\"valueRequired\":true,\"valueName\":\"search_term_string\"}}],\"inLanguage\":\"pt-BR\"},{\"@type\":\"Person\",\"@id\":\"https:\\\/\\\/folhapopular.info\\\/#\\\/schema\\\/person\\\/2814e8a0df7643585a9ca38bc6eb9d4b\",\"name\":\"Reda\u00e7\u00e3o Folha Popular\",\"image\":{\"@type\":\"ImageObject\",\"inLanguage\":\"pt-BR\",\"@id\":\"https:\\\/\\\/folhapopular.info\\\/wp-content\\\/uploads\\\/2026\\\/04\\\/Folha-1.webp\",\"url\":\"https:\\\/\\\/folhapopular.info\\\/wp-content\\\/uploads\\\/2026\\\/04\\\/Folha-1.webp\",\"contentUrl\":\"https:\\\/\\\/folhapopular.info\\\/wp-content\\\/uploads\\\/2026\\\/04\\\/Folha-1.webp\",\"caption\":\"Reda\u00e7\u00e3o Folha Popular\"},\"url\":\"https:\\\/\\\/folhapopular.info\\\/index.php\\\/author\\\/redacao\\\/\"}]}<\/script>\n<!-- \/ Yoast SEO plugin. -->","yoast_head_json":{"title":"ACBF perde para o Minas no jogo de ida das oitavas da Liga Nacional - Folha Popular","robots":{"index":"index","follow":"follow","max-snippet":"max-snippet:-1","max-image-preview":"max-image-preview:large","max-video-preview":"max-video-preview:-1"},"canonical":"https:\/\/folhapopular.info\/index.php\/2017\/09\/16\/acbf-perde-para-o-minas-no-jogo-de-ida-das-oitavas-da-liga-nacional\/","og_locale":"pt_BR","og_type":"article","og_title":"ACBF perde para o Minas no jogo de ida das oitavas da Liga Nacional - Folha Popular","og_description":"Ficou tudo para Carlos Barbosa. No primeiro jogo das oitavas de final da Liga Nacional de Futsal (LNF), a ACBF perdeu para o Minas por 3&#215;1, fora de casa, na tarde deste s\u00e1bado (16\/09). Agora, s\u00f3 a vit\u00f3ria interessa para o time laranja avan\u00e7ar na competi\u00e7\u00e3o.\u00a0A partida de volta ser\u00e1 no dia 06\/10, \u00e0s 19h15min, [&hellip;]","og_url":"https:\/\/folhapopular.info\/index.php\/2017\/09\/16\/acbf-perde-para-o-minas-no-jogo-de-ida-das-oitavas-da-liga-nacional\/","og_site_name":"Folha Popular","article_published_time":"2017-09-16T21:05:30+00:00","article_modified_time":"2017-09-16T21:08:42+00:00","og_image":[{"width":1024,"height":678,"url":"https:\/\/folhapopular.info\/wp-content\/uploads\/2017\/09\/unnamed-7.jpg","type":"image\/jpeg"}],"author":"Reda\u00e7\u00e3o Folha Popular","twitter_card":"summary_large_image","twitter_misc":{"Escrito por":"Reda\u00e7\u00e3o Folha Popular","Est. tempo de leitura":"1 minuto"},"schema":{"@context":"https:\/\/schema.org","@graph":[{"@type":"Article","@id":"https:\/\/folhapopular.info\/index.php\/2017\/09\/16\/acbf-perde-para-o-minas-no-jogo-de-ida-das-oitavas-da-liga-nacional\/#article","isPartOf":{"@id":"https:\/\/folhapopular.info\/index.php\/2017\/09\/16\/acbf-perde-para-o-minas-no-jogo-de-ida-das-oitavas-da-liga-nacional\/"},"author":{"name":"Reda\u00e7\u00e3o Folha Popular","@id":"https:\/\/folhapopular.info\/#\/schema\/person\/2814e8a0df7643585a9ca38bc6eb9d4b"},"headline":"ACBF perde para o Minas no jogo de ida das oitavas da Liga Nacional","datePublished":"2017-09-16T21:05:30+00:00","dateModified":"2017-09-16T21:08:42+00:00","mainEntityOfPage":{"@id":"https:\/\/folhapopular.info\/index.php\/2017\/09\/16\/acbf-perde-para-o-minas-no-jogo-de-ida-das-oitavas-da-liga-nacional\/"},"wordCount":258,"commentCount":0,"image":{"@id":"https:\/\/folhapopular.info\/index.php\/2017\/09\/16\/acbf-perde-para-o-minas-no-jogo-de-ida-das-oitavas-da-liga-nacional\/#primaryimage"},"thumbnailUrl":"https:\/\/folhapopular.info\/wp-content\/uploads\/2017\/09\/unnamed-7.jpg","keywords":["ACBF","Carlos Barbosa","Liga Nacional de Futsal"],"articleSection":["Destaques","Esportes","Futsal"],"inLanguage":"pt-BR","potentialAction":[{"@type":"CommentAction","name":"Comment","target":["https:\/\/folhapopular.info\/index.php\/2017\/09\/16\/acbf-perde-para-o-minas-no-jogo-de-ida-das-oitavas-da-liga-nacional\/#respond"]}]},{"@type":"WebPage","@id":"https:\/\/folhapopular.info\/index.php\/2017\/09\/16\/acbf-perde-para-o-minas-no-jogo-de-ida-das-oitavas-da-liga-nacional\/","url":"https:\/\/folhapopular.info\/index.php\/2017\/09\/16\/acbf-perde-para-o-minas-no-jogo-de-ida-das-oitavas-da-liga-nacional\/","name":"ACBF perde para o Minas no jogo de ida das oitavas da Liga Nacional - Folha Popular","isPartOf":{"@id":"https:\/\/folhapopular.info\/#website"},"primaryImageOfPage":{"@id":"https:\/\/folhapopular.info\/index.php\/2017\/09\/16\/acbf-perde-para-o-minas-no-jogo-de-ida-das-oitavas-da-liga-nacional\/#primaryimage"},"image":{"@id":"https:\/\/folhapopular.info\/index.php\/2017\/09\/16\/acbf-perde-para-o-minas-no-jogo-de-ida-das-oitavas-da-liga-nacional\/#primaryimage"},"thumbnailUrl":"https:\/\/folhapopular.info\/wp-content\/uploads\/2017\/09\/unnamed-7.jpg","datePublished":"2017-09-16T21:05:30+00:00","dateModified":"2017-09-16T21:08:42+00:00","author":{"@id":"https:\/\/folhapopular.info\/#\/schema\/person\/2814e8a0df7643585a9ca38bc6eb9d4b"},"breadcrumb":{"@id":"https:\/\/folhapopular.info\/index.php\/2017\/09\/16\/acbf-perde-para-o-minas-no-jogo-de-ida-das-oitavas-da-liga-nacional\/#breadcrumb"},"inLanguage":"pt-BR","potentialAction":[{"@type":"ReadAction","target":["https:\/\/folhapopular.info\/index.php\/2017\/09\/16\/acbf-perde-para-o-minas-no-jogo-de-ida-das-oitavas-da-liga-nacional\/"]}]},{"@type":"ImageObject","inLanguage":"pt-BR","@id":"https:\/\/folhapopular.info\/index.php\/2017\/09\/16\/acbf-perde-para-o-minas-no-jogo-de-ida-das-oitavas-da-liga-nacional\/#primaryimage","url":"https:\/\/folhapopular.info\/wp-content\/uploads\/2017\/09\/unnamed-7.jpg","contentUrl":"https:\/\/folhapopular.info\/wp-content\/uploads\/2017\/09\/unnamed-7.jpg","width":1024,"height":678,"caption":"Diece foi expulso e n\u00e3o jogar\u00e1 a partida de volta em Carlos Barbosa"},{"@type":"BreadcrumbList","@id":"https:\/\/folhapopular.info\/index.php\/2017\/09\/16\/acbf-perde-para-o-minas-no-jogo-de-ida-das-oitavas-da-liga-nacional\/#breadcrumb","itemListElement":[{"@type":"ListItem","position":1,"name":"In\u00edcio","item":"https:\/\/folhapopular.info\/"},{"@type":"ListItem","position":2,"name":"ACBF perde para o Minas no jogo de ida das oitavas da Liga Nacional"}]},{"@type":"WebSite","@id":"https:\/\/folhapopular.info\/#website","url":"https:\/\/folhapopular.info\/","name":"Folha Popular","description":"Onde voc\u00ea tem vez e voz","potentialAction":[{"@type":"SearchAction","target":{"@type":"EntryPoint","urlTemplate":"https:\/\/folhapopular.info\/?s={search_term_string}"},"query-input":{"@type":"PropertyValueSpecification","valueRequired":true,"valueName":"search_term_string"}}],"inLanguage":"pt-BR"},{"@type":"Person","@id":"https:\/\/folhapopular.info\/#\/schema\/person\/2814e8a0df7643585a9ca38bc6eb9d4b","name":"Reda\u00e7\u00e3o Folha Popular","image":{"@type":"ImageObject","inLanguage":"pt-BR","@id":"https:\/\/folhapopular.info\/wp-content\/uploads\/2026\/04\/Folha-1.webp","url":"https:\/\/folhapopular.info\/wp-content\/uploads\/2026\/04\/Folha-1.webp","contentUrl":"https:\/\/folhapopular.info\/wp-content\/uploads\/2026\/04\/Folha-1.webp","caption":"Reda\u00e7\u00e3o Folha Popular"},"url":"https:\/\/folhapopular.info\/index.php\/author\/redacao\/"}]}},"jetpack_featured_media_url":"https:\/\/folhapopular.info\/wp-content\/uploads\/2017\/09\/unnamed-7.jpg","jetpack_sharing_enabled":true,"amp_enabled":true,"_links":{"self":[{"href":"https:\/\/folhapopular.info\/index.php\/wp-json\/wp\/v2\/posts\/35277","targetHints":{"allow":["GET"]}}],"collection":[{"href":"https:\/\/folhapopular.info\/index.php\/wp-json\/wp\/v2\/posts"}],"about":[{"href":"https:\/\/folhapopular.info\/index.php\/wp-json\/wp\/v2\/types\/post"}],"author":[{"embeddable":true,"href":"https:\/\/folhapopular.info\/index.php\/wp-json\/wp\/v2\/users\/8"}],"replies":[{"embeddable":true,"href":"https:\/\/folhapopular.info\/index.php\/wp-json\/wp\/v2\/comments?post=35277"}],"version-history":[{"count":0,"href":"https:\/\/folhapopular.info\/index.php\/wp-json\/wp\/v2\/posts\/35277\/revisions"}],"wp:featuredmedia":[{"embeddable":true,"href":"https:\/\/folhapopular.info\/index.php\/wp-json\/wp\/v2\/media\/35278"}],"wp:attachment":[{"href":"https:\/\/folhapopular.info\/index.php\/wp-json\/wp\/v2\/media?parent=35277"}],"wp:term":[{"taxonomy":"category","embeddable":true,"href":"https:\/\/folhapopular.info\/index.php\/wp-json\/wp\/v2\/categories?post=35277"},{"taxonomy":"post_tag","embeddable":true,"href":"https:\/\/folhapopular.info\/index.php\/wp-json\/wp\/v2\/tags?post=35277"}],"curies":[{"name":"wp","href":"https:\/\/api.w.org\/{rel}","templated":true}]}}