{"id":35593,"date":"2017-09-26T10:00:24","date_gmt":"2017-09-26T13:00:24","guid":{"rendered":"http:\/\/folhapopular.info\/?p=35593"},"modified":"2017-09-26T10:04:37","modified_gmt":"2017-09-26T13:04:37","slug":"2o-passeio-ciclistico-dia-das-criancas-celebrara-outra-importante-data","status":"publish","type":"post","link":"https:\/\/folhapopular.info\/index.php\/2017\/09\/26\/2o-passeio-ciclistico-dia-das-criancas-celebrara-outra-importante-data\/","title":{"rendered":"2\u00ba Passeio Cicl\u00edstico Dia das Crian\u00e7as celebrar\u00e1 outra importante data"},"content":{"rendered":"<p>A Prefeitura de Estrela, atrav\u00e9s da Secretaria Municipal de Esportes e Lazer (Smel), apoia a realiza\u00e7\u00e3o do 2\u00ba Passeio Cicl\u00edstico Dia das Crian\u00e7as. Apesar de remeter \u00e0s crian\u00e7as, o evento ser\u00e1 aberto a toda a fam\u00edlia. Agendado para dia 12, com largada \u00e0s 10h, no Parque Princesa do Vale, o passeio solid\u00e1rio tamb\u00e9m marcar\u00e1 nesta edi\u00e7\u00e3o as comemora\u00e7\u00f5es pela passagem dos 500 anos da Reforma, e tem na organiza\u00e7\u00e3o o Grupo Riders, de Estrela. Para participar basta levar um quilo de alimento n\u00e3o perec\u00edvel ou um brinquedo. Inscri\u00e7\u00f5es na hora.<\/p>\n<p>O passeio ter\u00e1 trajeto aproximado de seis quil\u00f4metros, todo realizado pela \u00e1rea central da cidade, com passagem pelas ruas Coronel Britto, Germano Hasslocher e Av. Rio Branco, com chegada tamb\u00e9m no Parque Princesa do Vale. \u201cBuscamos fazer um trajeto leve at\u00e9 para que todos possam participar. E de certa forma para que todos sejam prestigiados por quem estiver pelas ruas ou em suas casas\u201d, destaca Paulo Gustavo Sehn, do Grupo Riders. Seu irm\u00e3o, Frederico Sehn, detalha. \u201cSer\u00e1 com certeza um passeio, nada de competi\u00e7\u00e3o, em que pessoas de todas as idades poder\u00e3o faz\u00ea-lo sem maiores problemas.\u201d<\/p>\n<p>Quanto a homenagem deste ano, eles afirmam. \u201c\u00c9 um passeio alusivo ao Dia da Crian\u00e7a, mas que denominamos \u2018dos 500 anos da Reforma\u2019 em homenagem \u00e0 nossa Comunidade Evang\u00e9lica de Estrela e esta importante data\u201d, diz Gustavo. A quest\u00e3o \u201csolidariedade\u201d tamb\u00e9m n\u00e3o ser\u00e1 esquecida. No ano passado o nome do evento, inclusive, foi Passeio Solid\u00e1rio. \u201cAl\u00e9m da quest\u00e3o integra\u00e7\u00e3o, de valoriza\u00e7\u00e3o do ciclismo do qual somos defensores e da boa sa\u00fade como consequ\u00eancia, h\u00e1 o cunho solid\u00e1rio da iniciativa, pois os brinquedos e os alimentos doados far\u00e3o parte da A\u00e7\u00e3o Solid\u00e1ria de Natal do Riders\u201d, completa.<\/p>\n","protected":false},"excerpt":{"rendered":"<p>A Prefeitura de Estrela, atrav\u00e9s da Secretaria Municipal de Esportes e Lazer (Smel), apoia a realiza\u00e7\u00e3o do 2\u00ba Passeio Cicl\u00edstico Dia das Crian\u00e7as. Apesar de remeter \u00e0s crian\u00e7as, o evento ser\u00e1 aberto a toda a fam\u00edlia. Agendado para dia 12, com largada \u00e0s 10h, no Parque Princesa do Vale, o passeio solid\u00e1rio tamb\u00e9m marcar\u00e1 nesta [&hellip;]<\/p>\n","protected":false},"author":8,"featured_media":35594,"comment_status":"open","ping_status":"open","sticky":false,"template":"","format":"standard","meta":{"pmpro_default_level":"","_jetpack_memberships_contains_paid_content":false,"footnotes":""},"categories":[3],"tags":[1121,1119,8,1120],"class_list":{"0":"post-35593","1":"post","2":"type-post","3":"status-publish","4":"format-standard","5":"has-post-thumbnail","7":"category-geral","8":"tag-500-anos-da-reforma","9":"tag-dia-das-criancas","10":"tag-estrela","11":"tag-passeio-ciclistico","12":"pmpro-has-access"},"yoast_head":"<!-- This site is optimized with the Yoast SEO plugin v27.5 - https:\/\/yoast.com\/product\/yoast-seo-wordpress\/ -->\n<title>2\u00ba Passeio Cicl\u00edstico Dia das Crian\u00e7as celebrar\u00e1 outra importante data - Folha Popular<\/title>\n<meta name=\"robots\" content=\"index, follow, max-snippet:-1, max-image-preview:large, max-video-preview:-1\" \/>\n<link rel=\"canonical\" href=\"https:\/\/folhapopular.info\/index.php\/2017\/09\/26\/2o-passeio-ciclistico-dia-das-criancas-celebrara-outra-importante-data\/\" \/>\n<meta property=\"og:locale\" content=\"pt_BR\" \/>\n<meta property=\"og:type\" content=\"article\" \/>\n<meta property=\"og:title\" content=\"2\u00ba Passeio Cicl\u00edstico Dia das Crian\u00e7as celebrar\u00e1 outra importante data - Folha Popular\" \/>\n<meta property=\"og:description\" content=\"A Prefeitura de Estrela, atrav\u00e9s da Secretaria Municipal de Esportes e Lazer (Smel), apoia a realiza\u00e7\u00e3o do 2\u00ba Passeio Cicl\u00edstico Dia das Crian\u00e7as. Apesar de remeter \u00e0s crian\u00e7as, o evento ser\u00e1 aberto a toda a fam\u00edlia. Agendado para dia 12, com largada \u00e0s 10h, no Parque Princesa do Vale, o passeio solid\u00e1rio tamb\u00e9m marcar\u00e1 nesta [&hellip;]\" \/>\n<meta property=\"og:url\" content=\"https:\/\/folhapopular.info\/index.php\/2017\/09\/26\/2o-passeio-ciclistico-dia-das-criancas-celebrara-outra-importante-data\/\" \/>\n<meta property=\"og:site_name\" content=\"Folha Popular\" \/>\n<meta property=\"article:published_time\" content=\"2017-09-26T13:00:24+00:00\" \/>\n<meta property=\"article:modified_time\" content=\"2017-09-26T13:04:37+00:00\" \/>\n<meta property=\"og:image\" content=\"https:\/\/folhapopular.info\/wp-content\/uploads\/2017\/09\/Passeio-Ciclistico-arquivo-e1506431053259.jpg\" \/>\n\t<meta property=\"og:image:width\" content=\"1000\" \/>\n\t<meta property=\"og:image:height\" content=\"475\" \/>\n\t<meta property=\"og:image:type\" content=\"image\/jpeg\" \/>\n<meta name=\"author\" content=\"Reda\u00e7\u00e3o Folha Popular\" \/>\n<meta name=\"twitter:card\" content=\"summary_large_image\" \/>\n<meta name=\"twitter:label1\" content=\"Escrito por\" \/>\n\t<meta name=\"twitter:data1\" content=\"Reda\u00e7\u00e3o Folha Popular\" \/>\n\t<meta name=\"twitter:label2\" content=\"Est. tempo de leitura\" \/>\n\t<meta name=\"twitter:data2\" content=\"2 minutos\" \/>\n<script type=\"application\/ld+json\" class=\"yoast-schema-graph\">{\"@context\":\"https:\\\/\\\/schema.org\",\"@graph\":[{\"@type\":\"Article\",\"@id\":\"https:\\\/\\\/folhapopular.info\\\/index.php\\\/2017\\\/09\\\/26\\\/2o-passeio-ciclistico-dia-das-criancas-celebrara-outra-importante-data\\\/#article\",\"isPartOf\":{\"@id\":\"https:\\\/\\\/folhapopular.info\\\/index.php\\\/2017\\\/09\\\/26\\\/2o-passeio-ciclistico-dia-das-criancas-celebrara-outra-importante-data\\\/\"},\"author\":{\"name\":\"Reda\u00e7\u00e3o Folha Popular\",\"@id\":\"https:\\\/\\\/folhapopular.info\\\/#\\\/schema\\\/person\\\/2814e8a0df7643585a9ca38bc6eb9d4b\"},\"headline\":\"2\u00ba Passeio Cicl\u00edstico Dia das Crian\u00e7as celebrar\u00e1 outra importante data\",\"datePublished\":\"2017-09-26T13:00:24+00:00\",\"dateModified\":\"2017-09-26T13:04:37+00:00\",\"mainEntityOfPage\":{\"@id\":\"https:\\\/\\\/folhapopular.info\\\/index.php\\\/2017\\\/09\\\/26\\\/2o-passeio-ciclistico-dia-das-criancas-celebrara-outra-importante-data\\\/\"},\"wordCount\":323,\"commentCount\":0,\"image\":{\"@id\":\"https:\\\/\\\/folhapopular.info\\\/index.php\\\/2017\\\/09\\\/26\\\/2o-passeio-ciclistico-dia-das-criancas-celebrara-outra-importante-data\\\/#primaryimage\"},\"thumbnailUrl\":\"https:\\\/\\\/folhapopular.info\\\/wp-content\\\/uploads\\\/2017\\\/09\\\/Passeio-Ciclistico-arquivo-e1506431053259.jpg\",\"keywords\":[\"500 anos da Reforma\",\"Dia das Crian\u00e7as\",\"Estrela\",\"Passeio Ciclistico\"],\"articleSection\":[\"Geral\"],\"inLanguage\":\"pt-BR\",\"potentialAction\":[{\"@type\":\"CommentAction\",\"name\":\"Comment\",\"target\":[\"https:\\\/\\\/folhapopular.info\\\/index.php\\\/2017\\\/09\\\/26\\\/2o-passeio-ciclistico-dia-das-criancas-celebrara-outra-importante-data\\\/#respond\"]}]},{\"@type\":\"WebPage\",\"@id\":\"https:\\\/\\\/folhapopular.info\\\/index.php\\\/2017\\\/09\\\/26\\\/2o-passeio-ciclistico-dia-das-criancas-celebrara-outra-importante-data\\\/\",\"url\":\"https:\\\/\\\/folhapopular.info\\\/index.php\\\/2017\\\/09\\\/26\\\/2o-passeio-ciclistico-dia-das-criancas-celebrara-outra-importante-data\\\/\",\"name\":\"2\u00ba Passeio Cicl\u00edstico Dia das Crian\u00e7as celebrar\u00e1 outra importante data - Folha Popular\",\"isPartOf\":{\"@id\":\"https:\\\/\\\/folhapopular.info\\\/#website\"},\"primaryImageOfPage\":{\"@id\":\"https:\\\/\\\/folhapopular.info\\\/index.php\\\/2017\\\/09\\\/26\\\/2o-passeio-ciclistico-dia-das-criancas-celebrara-outra-importante-data\\\/#primaryimage\"},\"image\":{\"@id\":\"https:\\\/\\\/folhapopular.info\\\/index.php\\\/2017\\\/09\\\/26\\\/2o-passeio-ciclistico-dia-das-criancas-celebrara-outra-importante-data\\\/#primaryimage\"},\"thumbnailUrl\":\"https:\\\/\\\/folhapopular.info\\\/wp-content\\\/uploads\\\/2017\\\/09\\\/Passeio-Ciclistico-arquivo-e1506431053259.jpg\",\"datePublished\":\"2017-09-26T13:00:24+00:00\",\"dateModified\":\"2017-09-26T13:04:37+00:00\",\"author\":{\"@id\":\"https:\\\/\\\/folhapopular.info\\\/#\\\/schema\\\/person\\\/2814e8a0df7643585a9ca38bc6eb9d4b\"},\"breadcrumb\":{\"@id\":\"https:\\\/\\\/folhapopular.info\\\/index.php\\\/2017\\\/09\\\/26\\\/2o-passeio-ciclistico-dia-das-criancas-celebrara-outra-importante-data\\\/#breadcrumb\"},\"inLanguage\":\"pt-BR\",\"potentialAction\":[{\"@type\":\"ReadAction\",\"target\":[\"https:\\\/\\\/folhapopular.info\\\/index.php\\\/2017\\\/09\\\/26\\\/2o-passeio-ciclistico-dia-das-criancas-celebrara-outra-importante-data\\\/\"]}]},{\"@type\":\"ImageObject\",\"inLanguage\":\"pt-BR\",\"@id\":\"https:\\\/\\\/folhapopular.info\\\/index.php\\\/2017\\\/09\\\/26\\\/2o-passeio-ciclistico-dia-das-criancas-celebrara-outra-importante-data\\\/#primaryimage\",\"url\":\"https:\\\/\\\/folhapopular.info\\\/wp-content\\\/uploads\\\/2017\\\/09\\\/Passeio-Ciclistico-arquivo-e1506431053259.jpg\",\"contentUrl\":\"https:\\\/\\\/folhapopular.info\\\/wp-content\\\/uploads\\\/2017\\\/09\\\/Passeio-Ciclistico-arquivo-e1506431053259.jpg\",\"width\":1000,\"height\":475,\"caption\":\"Passeio promete marcar datas e arrecadar brinquedos e alimentos. Inscri\u00e7\u00f5es na hora\"},{\"@type\":\"BreadcrumbList\",\"@id\":\"https:\\\/\\\/folhapopular.info\\\/index.php\\\/2017\\\/09\\\/26\\\/2o-passeio-ciclistico-dia-das-criancas-celebrara-outra-importante-data\\\/#breadcrumb\",\"itemListElement\":[{\"@type\":\"ListItem\",\"position\":1,\"name\":\"In\u00edcio\",\"item\":\"https:\\\/\\\/folhapopular.info\\\/\"},{\"@type\":\"ListItem\",\"position\":2,\"name\":\"2\u00ba Passeio Cicl\u00edstico Dia das Crian\u00e7as celebrar\u00e1 outra importante data\"}]},{\"@type\":\"WebSite\",\"@id\":\"https:\\\/\\\/folhapopular.info\\\/#website\",\"url\":\"https:\\\/\\\/folhapopular.info\\\/\",\"name\":\"Folha Popular\",\"description\":\"Onde voc\u00ea tem vez e voz\",\"potentialAction\":[{\"@type\":\"SearchAction\",\"target\":{\"@type\":\"EntryPoint\",\"urlTemplate\":\"https:\\\/\\\/folhapopular.info\\\/?s={search_term_string}\"},\"query-input\":{\"@type\":\"PropertyValueSpecification\",\"valueRequired\":true,\"valueName\":\"search_term_string\"}}],\"inLanguage\":\"pt-BR\"},{\"@type\":\"Person\",\"@id\":\"https:\\\/\\\/folhapopular.info\\\/#\\\/schema\\\/person\\\/2814e8a0df7643585a9ca38bc6eb9d4b\",\"name\":\"Reda\u00e7\u00e3o Folha Popular\",\"image\":{\"@type\":\"ImageObject\",\"inLanguage\":\"pt-BR\",\"@id\":\"https:\\\/\\\/folhapopular.info\\\/wp-content\\\/uploads\\\/2026\\\/04\\\/Folha-1.webp\",\"url\":\"https:\\\/\\\/folhapopular.info\\\/wp-content\\\/uploads\\\/2026\\\/04\\\/Folha-1.webp\",\"contentUrl\":\"https:\\\/\\\/folhapopular.info\\\/wp-content\\\/uploads\\\/2026\\\/04\\\/Folha-1.webp\",\"caption\":\"Reda\u00e7\u00e3o Folha Popular\"},\"url\":\"https:\\\/\\\/folhapopular.info\\\/index.php\\\/author\\\/redacao\\\/\"}]}<\/script>\n<!-- \/ Yoast SEO plugin. -->","yoast_head_json":{"title":"2\u00ba Passeio Cicl\u00edstico Dia das Crian\u00e7as celebrar\u00e1 outra importante data - Folha Popular","robots":{"index":"index","follow":"follow","max-snippet":"max-snippet:-1","max-image-preview":"max-image-preview:large","max-video-preview":"max-video-preview:-1"},"canonical":"https:\/\/folhapopular.info\/index.php\/2017\/09\/26\/2o-passeio-ciclistico-dia-das-criancas-celebrara-outra-importante-data\/","og_locale":"pt_BR","og_type":"article","og_title":"2\u00ba Passeio Cicl\u00edstico Dia das Crian\u00e7as celebrar\u00e1 outra importante data - Folha Popular","og_description":"A Prefeitura de Estrela, atrav\u00e9s da Secretaria Municipal de Esportes e Lazer (Smel), apoia a realiza\u00e7\u00e3o do 2\u00ba Passeio Cicl\u00edstico Dia das Crian\u00e7as. Apesar de remeter \u00e0s crian\u00e7as, o evento ser\u00e1 aberto a toda a fam\u00edlia. Agendado para dia 12, com largada \u00e0s 10h, no Parque Princesa do Vale, o passeio solid\u00e1rio tamb\u00e9m marcar\u00e1 nesta [&hellip;]","og_url":"https:\/\/folhapopular.info\/index.php\/2017\/09\/26\/2o-passeio-ciclistico-dia-das-criancas-celebrara-outra-importante-data\/","og_site_name":"Folha Popular","article_published_time":"2017-09-26T13:00:24+00:00","article_modified_time":"2017-09-26T13:04:37+00:00","og_image":[{"width":1000,"height":475,"url":"https:\/\/folhapopular.info\/wp-content\/uploads\/2017\/09\/Passeio-Ciclistico-arquivo-e1506431053259.jpg","type":"image\/jpeg"}],"author":"Reda\u00e7\u00e3o Folha Popular","twitter_card":"summary_large_image","twitter_misc":{"Escrito por":"Reda\u00e7\u00e3o Folha Popular","Est. tempo de leitura":"2 minutos"},"schema":{"@context":"https:\/\/schema.org","@graph":[{"@type":"Article","@id":"https:\/\/folhapopular.info\/index.php\/2017\/09\/26\/2o-passeio-ciclistico-dia-das-criancas-celebrara-outra-importante-data\/#article","isPartOf":{"@id":"https:\/\/folhapopular.info\/index.php\/2017\/09\/26\/2o-passeio-ciclistico-dia-das-criancas-celebrara-outra-importante-data\/"},"author":{"name":"Reda\u00e7\u00e3o Folha Popular","@id":"https:\/\/folhapopular.info\/#\/schema\/person\/2814e8a0df7643585a9ca38bc6eb9d4b"},"headline":"2\u00ba Passeio Cicl\u00edstico Dia das Crian\u00e7as celebrar\u00e1 outra importante data","datePublished":"2017-09-26T13:00:24+00:00","dateModified":"2017-09-26T13:04:37+00:00","mainEntityOfPage":{"@id":"https:\/\/folhapopular.info\/index.php\/2017\/09\/26\/2o-passeio-ciclistico-dia-das-criancas-celebrara-outra-importante-data\/"},"wordCount":323,"commentCount":0,"image":{"@id":"https:\/\/folhapopular.info\/index.php\/2017\/09\/26\/2o-passeio-ciclistico-dia-das-criancas-celebrara-outra-importante-data\/#primaryimage"},"thumbnailUrl":"https:\/\/folhapopular.info\/wp-content\/uploads\/2017\/09\/Passeio-Ciclistico-arquivo-e1506431053259.jpg","keywords":["500 anos da Reforma","Dia das Crian\u00e7as","Estrela","Passeio Ciclistico"],"articleSection":["Geral"],"inLanguage":"pt-BR","potentialAction":[{"@type":"CommentAction","name":"Comment","target":["https:\/\/folhapopular.info\/index.php\/2017\/09\/26\/2o-passeio-ciclistico-dia-das-criancas-celebrara-outra-importante-data\/#respond"]}]},{"@type":"WebPage","@id":"https:\/\/folhapopular.info\/index.php\/2017\/09\/26\/2o-passeio-ciclistico-dia-das-criancas-celebrara-outra-importante-data\/","url":"https:\/\/folhapopular.info\/index.php\/2017\/09\/26\/2o-passeio-ciclistico-dia-das-criancas-celebrara-outra-importante-data\/","name":"2\u00ba Passeio Cicl\u00edstico Dia das Crian\u00e7as celebrar\u00e1 outra importante data - Folha Popular","isPartOf":{"@id":"https:\/\/folhapopular.info\/#website"},"primaryImageOfPage":{"@id":"https:\/\/folhapopular.info\/index.php\/2017\/09\/26\/2o-passeio-ciclistico-dia-das-criancas-celebrara-outra-importante-data\/#primaryimage"},"image":{"@id":"https:\/\/folhapopular.info\/index.php\/2017\/09\/26\/2o-passeio-ciclistico-dia-das-criancas-celebrara-outra-importante-data\/#primaryimage"},"thumbnailUrl":"https:\/\/folhapopular.info\/wp-content\/uploads\/2017\/09\/Passeio-Ciclistico-arquivo-e1506431053259.jpg","datePublished":"2017-09-26T13:00:24+00:00","dateModified":"2017-09-26T13:04:37+00:00","author":{"@id":"https:\/\/folhapopular.info\/#\/schema\/person\/2814e8a0df7643585a9ca38bc6eb9d4b"},"breadcrumb":{"@id":"https:\/\/folhapopular.info\/index.php\/2017\/09\/26\/2o-passeio-ciclistico-dia-das-criancas-celebrara-outra-importante-data\/#breadcrumb"},"inLanguage":"pt-BR","potentialAction":[{"@type":"ReadAction","target":["https:\/\/folhapopular.info\/index.php\/2017\/09\/26\/2o-passeio-ciclistico-dia-das-criancas-celebrara-outra-importante-data\/"]}]},{"@type":"ImageObject","inLanguage":"pt-BR","@id":"https:\/\/folhapopular.info\/index.php\/2017\/09\/26\/2o-passeio-ciclistico-dia-das-criancas-celebrara-outra-importante-data\/#primaryimage","url":"https:\/\/folhapopular.info\/wp-content\/uploads\/2017\/09\/Passeio-Ciclistico-arquivo-e1506431053259.jpg","contentUrl":"https:\/\/folhapopular.info\/wp-content\/uploads\/2017\/09\/Passeio-Ciclistico-arquivo-e1506431053259.jpg","width":1000,"height":475,"caption":"Passeio promete marcar datas e arrecadar brinquedos e alimentos. Inscri\u00e7\u00f5es na hora"},{"@type":"BreadcrumbList","@id":"https:\/\/folhapopular.info\/index.php\/2017\/09\/26\/2o-passeio-ciclistico-dia-das-criancas-celebrara-outra-importante-data\/#breadcrumb","itemListElement":[{"@type":"ListItem","position":1,"name":"In\u00edcio","item":"https:\/\/folhapopular.info\/"},{"@type":"ListItem","position":2,"name":"2\u00ba Passeio Cicl\u00edstico Dia das Crian\u00e7as celebrar\u00e1 outra importante data"}]},{"@type":"WebSite","@id":"https:\/\/folhapopular.info\/#website","url":"https:\/\/folhapopular.info\/","name":"Folha Popular","description":"Onde voc\u00ea tem vez e voz","potentialAction":[{"@type":"SearchAction","target":{"@type":"EntryPoint","urlTemplate":"https:\/\/folhapopular.info\/?s={search_term_string}"},"query-input":{"@type":"PropertyValueSpecification","valueRequired":true,"valueName":"search_term_string"}}],"inLanguage":"pt-BR"},{"@type":"Person","@id":"https:\/\/folhapopular.info\/#\/schema\/person\/2814e8a0df7643585a9ca38bc6eb9d4b","name":"Reda\u00e7\u00e3o Folha Popular","image":{"@type":"ImageObject","inLanguage":"pt-BR","@id":"https:\/\/folhapopular.info\/wp-content\/uploads\/2026\/04\/Folha-1.webp","url":"https:\/\/folhapopular.info\/wp-content\/uploads\/2026\/04\/Folha-1.webp","contentUrl":"https:\/\/folhapopular.info\/wp-content\/uploads\/2026\/04\/Folha-1.webp","caption":"Reda\u00e7\u00e3o Folha Popular"},"url":"https:\/\/folhapopular.info\/index.php\/author\/redacao\/"}]}},"jetpack_featured_media_url":"https:\/\/folhapopular.info\/wp-content\/uploads\/2017\/09\/Passeio-Ciclistico-arquivo-e1506431053259.jpg","jetpack_sharing_enabled":true,"amp_enabled":true,"_links":{"self":[{"href":"https:\/\/folhapopular.info\/index.php\/wp-json\/wp\/v2\/posts\/35593","targetHints":{"allow":["GET"]}}],"collection":[{"href":"https:\/\/folhapopular.info\/index.php\/wp-json\/wp\/v2\/posts"}],"about":[{"href":"https:\/\/folhapopular.info\/index.php\/wp-json\/wp\/v2\/types\/post"}],"author":[{"embeddable":true,"href":"https:\/\/folhapopular.info\/index.php\/wp-json\/wp\/v2\/users\/8"}],"replies":[{"embeddable":true,"href":"https:\/\/folhapopular.info\/index.php\/wp-json\/wp\/v2\/comments?post=35593"}],"version-history":[{"count":0,"href":"https:\/\/folhapopular.info\/index.php\/wp-json\/wp\/v2\/posts\/35593\/revisions"}],"wp:featuredmedia":[{"embeddable":true,"href":"https:\/\/folhapopular.info\/index.php\/wp-json\/wp\/v2\/media\/35594"}],"wp:attachment":[{"href":"https:\/\/folhapopular.info\/index.php\/wp-json\/wp\/v2\/media?parent=35593"}],"wp:term":[{"taxonomy":"category","embeddable":true,"href":"https:\/\/folhapopular.info\/index.php\/wp-json\/wp\/v2\/categories?post=35593"},{"taxonomy":"post_tag","embeddable":true,"href":"https:\/\/folhapopular.info\/index.php\/wp-json\/wp\/v2\/tags?post=35593"}],"curies":[{"name":"wp","href":"https:\/\/api.w.org\/{rel}","templated":true}]}}