{"id":36090,"date":"2017-10-08T16:46:05","date_gmt":"2017-10-08T19:46:05","guid":{"rendered":"http:\/\/folhapopular.info\/?p=36090"},"modified":"2017-10-08T16:47:23","modified_gmt":"2017-10-08T19:47:23","slug":"meia-pc-do-ecas-sofre-grave-lesao-em-marques-de-souza","status":"publish","type":"post","link":"https:\/\/folhapopular.info\/index.php\/2017\/10\/08\/meia-pc-do-ecas-sofre-grave-lesao-em-marques-de-souza\/","title":{"rendered":"Meia PC, do ECAS, sofre grave les\u00e3o em Marques de Souza"},"content":{"rendered":"<p>O meio-campista PC, do ECAS de Imigrante, saiu mais cedo do primeiro jogo das oitavas-de-final do Campeonato Regional da Aslivata &#8211; 20\u00aa Copa Certel Sicredi. Neste domingo (08\/10), o atleta sofreu uma grave les\u00e3o no Tend\u00e3o de Aquiles, ainda durante o primeiro tempo da partida diante do Brasil, em Marques de Souza.<\/p>\n<p>Ainda em campo, PC recebeu o primeiro atendimento pelo fisioterapeuta do CE Lajeadense, que tamb\u00e9m \u00e9 atleta do Brasil. PC deixou o gramado carregado em uma maca direto para uma ambul\u00e2ncia para ser levado para atendimento m\u00e9dico e avalia\u00e7\u00e3o mais aprofundada sobre a gravidade da les\u00e3o. At\u00e9 l\u00e1, n\u00e3o h\u00e1 previs\u00e3o sobre o per\u00edodo de parada do jogador.<\/p>\n<p>PC \u00e9 um dos principais jogadores do ECAS na articula\u00e7\u00e3o ofensiva, al\u00e9m de marcar dois gols.\u00a0No domingo passado, o ECAS teve o retorno de outro jogador importante de seu grupo. O atacante Felipe Spellmeier jogou por alguns minutos no empate em 2 a 2 diante do Taquariense.<\/p>\n","protected":false},"excerpt":{"rendered":"<p>O meio-campista PC, do ECAS de Imigrante, saiu mais cedo do primeiro jogo das oitavas-de-final do Campeonato Regional da Aslivata &#8211; 20\u00aa Copa Certel Sicredi. Neste domingo (08\/10), o atleta sofreu uma grave les\u00e3o no Tend\u00e3o de Aquiles, ainda durante o primeiro tempo da partida diante do Brasil, em Marques de Souza. Ainda em campo, [&hellip;]<\/p>\n","protected":false},"author":7,"featured_media":36089,"comment_status":"open","ping_status":"open","sticky":false,"template":"","format":"standard","meta":{"pmpro_default_level":"","_jetpack_memberships_contains_paid_content":false,"footnotes":""},"categories":[2,5,240,288],"tags":[318,123,147,1208,556,156],"class_list":{"0":"post-36090","1":"post","2":"type-post","3":"status-publish","4":"format-standard","5":"has-post-thumbnail","7":"category-featured","8":"category-esportes","9":"category-futebol-amador","10":"category-regional-da-aslivata","11":"tag-copa-certel-sicredi","12":"tag-ecas","13":"tag-futebol-amador","14":"tag-lesao","15":"tag-regional-da-aslivata","16":"tag-vale-do-taquari","17":"pmpro-has-access"},"yoast_head":"<!-- This site is optimized with the Yoast SEO plugin v27.5 - https:\/\/yoast.com\/product\/yoast-seo-wordpress\/ -->\n<title>Meia PC, do ECAS, sofre grave les\u00e3o em Marques de Souza - Folha Popular<\/title>\n<meta name=\"robots\" content=\"index, follow, max-snippet:-1, max-image-preview:large, max-video-preview:-1\" \/>\n<link rel=\"canonical\" href=\"https:\/\/folhapopular.info\/index.php\/2017\/10\/08\/meia-pc-do-ecas-sofre-grave-lesao-em-marques-de-souza\/\" \/>\n<meta property=\"og:locale\" content=\"pt_BR\" \/>\n<meta property=\"og:type\" content=\"article\" \/>\n<meta property=\"og:title\" content=\"Meia PC, do ECAS, sofre grave les\u00e3o em Marques de Souza - Folha Popular\" \/>\n<meta property=\"og:description\" content=\"O meio-campista PC, do ECAS de Imigrante, saiu mais cedo do primeiro jogo das oitavas-de-final do Campeonato Regional da Aslivata &#8211; 20\u00aa Copa Certel Sicredi. Neste domingo (08\/10), o atleta sofreu uma grave les\u00e3o no Tend\u00e3o de Aquiles, ainda durante o primeiro tempo da partida diante do Brasil, em Marques de Souza. Ainda em campo, [&hellip;]\" \/>\n<meta property=\"og:url\" content=\"https:\/\/folhapopular.info\/index.php\/2017\/10\/08\/meia-pc-do-ecas-sofre-grave-lesao-em-marques-de-souza\/\" \/>\n<meta property=\"og:site_name\" content=\"Folha Popular\" \/>\n<meta property=\"article:published_time\" content=\"2017-10-08T19:46:05+00:00\" \/>\n<meta property=\"article:modified_time\" content=\"2017-10-08T19:47:23+00:00\" \/>\n<meta property=\"og:image\" content=\"https:\/\/folhapopular.info\/wp-content\/uploads\/2017\/10\/WhatsApp-Image-2017-10-08-at-16.32.28.jpeg\" \/>\n\t<meta property=\"og:image:width\" content=\"1032\" \/>\n\t<meta property=\"og:image:height\" content=\"581\" \/>\n\t<meta property=\"og:image:type\" content=\"image\/jpeg\" \/>\n<meta name=\"author\" content=\"Lucas Leandro Brune\" \/>\n<meta name=\"twitter:card\" content=\"summary_large_image\" \/>\n<meta name=\"twitter:label1\" content=\"Escrito por\" \/>\n\t<meta name=\"twitter:data1\" content=\"Lucas Leandro Brune\" \/>\n\t<meta name=\"twitter:label2\" content=\"Est. tempo de leitura\" \/>\n\t<meta name=\"twitter:data2\" content=\"1 minuto\" \/>\n<script type=\"application\/ld+json\" class=\"yoast-schema-graph\">{\"@context\":\"https:\\\/\\\/schema.org\",\"@graph\":[{\"@type\":\"Article\",\"@id\":\"https:\\\/\\\/folhapopular.info\\\/index.php\\\/2017\\\/10\\\/08\\\/meia-pc-do-ecas-sofre-grave-lesao-em-marques-de-souza\\\/#article\",\"isPartOf\":{\"@id\":\"https:\\\/\\\/folhapopular.info\\\/index.php\\\/2017\\\/10\\\/08\\\/meia-pc-do-ecas-sofre-grave-lesao-em-marques-de-souza\\\/\"},\"author\":{\"name\":\"Lucas Leandro Brune\",\"@id\":\"https:\\\/\\\/folhapopular.info\\\/#\\\/schema\\\/person\\\/533a15f60cd49e81ab3a90b4ca33cb36\"},\"headline\":\"Meia PC, do ECAS, sofre grave les\u00e3o em Marques de Souza\",\"datePublished\":\"2017-10-08T19:46:05+00:00\",\"dateModified\":\"2017-10-08T19:47:23+00:00\",\"mainEntityOfPage\":{\"@id\":\"https:\\\/\\\/folhapopular.info\\\/index.php\\\/2017\\\/10\\\/08\\\/meia-pc-do-ecas-sofre-grave-lesao-em-marques-de-souza\\\/\"},\"wordCount\":176,\"commentCount\":0,\"image\":{\"@id\":\"https:\\\/\\\/folhapopular.info\\\/index.php\\\/2017\\\/10\\\/08\\\/meia-pc-do-ecas-sofre-grave-lesao-em-marques-de-souza\\\/#primaryimage\"},\"thumbnailUrl\":\"https:\\\/\\\/folhapopular.info\\\/wp-content\\\/uploads\\\/2017\\\/10\\\/WhatsApp-Image-2017-10-08-at-16.32.28.jpeg\",\"keywords\":[\"Copa Certel Sicredi\",\"ECAS\",\"futebol amador\",\"les\u00e3o\",\"Regional da Aslivata\",\"Vale do Taquari\"],\"articleSection\":[\"Destaques\",\"Esportes\",\"Futebol Amador\",\"Regional da Aslivata\"],\"inLanguage\":\"pt-BR\",\"potentialAction\":[{\"@type\":\"CommentAction\",\"name\":\"Comment\",\"target\":[\"https:\\\/\\\/folhapopular.info\\\/index.php\\\/2017\\\/10\\\/08\\\/meia-pc-do-ecas-sofre-grave-lesao-em-marques-de-souza\\\/#respond\"]}]},{\"@type\":\"WebPage\",\"@id\":\"https:\\\/\\\/folhapopular.info\\\/index.php\\\/2017\\\/10\\\/08\\\/meia-pc-do-ecas-sofre-grave-lesao-em-marques-de-souza\\\/\",\"url\":\"https:\\\/\\\/folhapopular.info\\\/index.php\\\/2017\\\/10\\\/08\\\/meia-pc-do-ecas-sofre-grave-lesao-em-marques-de-souza\\\/\",\"name\":\"Meia PC, do ECAS, sofre grave les\u00e3o em Marques de Souza - Folha Popular\",\"isPartOf\":{\"@id\":\"https:\\\/\\\/folhapopular.info\\\/#website\"},\"primaryImageOfPage\":{\"@id\":\"https:\\\/\\\/folhapopular.info\\\/index.php\\\/2017\\\/10\\\/08\\\/meia-pc-do-ecas-sofre-grave-lesao-em-marques-de-souza\\\/#primaryimage\"},\"image\":{\"@id\":\"https:\\\/\\\/folhapopular.info\\\/index.php\\\/2017\\\/10\\\/08\\\/meia-pc-do-ecas-sofre-grave-lesao-em-marques-de-souza\\\/#primaryimage\"},\"thumbnailUrl\":\"https:\\\/\\\/folhapopular.info\\\/wp-content\\\/uploads\\\/2017\\\/10\\\/WhatsApp-Image-2017-10-08-at-16.32.28.jpeg\",\"datePublished\":\"2017-10-08T19:46:05+00:00\",\"dateModified\":\"2017-10-08T19:47:23+00:00\",\"author\":{\"@id\":\"https:\\\/\\\/folhapopular.info\\\/#\\\/schema\\\/person\\\/533a15f60cd49e81ab3a90b4ca33cb36\"},\"breadcrumb\":{\"@id\":\"https:\\\/\\\/folhapopular.info\\\/index.php\\\/2017\\\/10\\\/08\\\/meia-pc-do-ecas-sofre-grave-lesao-em-marques-de-souza\\\/#breadcrumb\"},\"inLanguage\":\"pt-BR\",\"potentialAction\":[{\"@type\":\"ReadAction\",\"target\":[\"https:\\\/\\\/folhapopular.info\\\/index.php\\\/2017\\\/10\\\/08\\\/meia-pc-do-ecas-sofre-grave-lesao-em-marques-de-souza\\\/\"]}]},{\"@type\":\"ImageObject\",\"inLanguage\":\"pt-BR\",\"@id\":\"https:\\\/\\\/folhapopular.info\\\/index.php\\\/2017\\\/10\\\/08\\\/meia-pc-do-ecas-sofre-grave-lesao-em-marques-de-souza\\\/#primaryimage\",\"url\":\"https:\\\/\\\/folhapopular.info\\\/wp-content\\\/uploads\\\/2017\\\/10\\\/WhatsApp-Image-2017-10-08-at-16.32.28.jpeg\",\"contentUrl\":\"https:\\\/\\\/folhapopular.info\\\/wp-content\\\/uploads\\\/2017\\\/10\\\/WhatsApp-Image-2017-10-08-at-16.32.28.jpeg\",\"width\":1032,\"height\":581,\"caption\":\"Atleta PC, do ECAS, deixou a partida na maca em Marques de Souza, com suspeita de grave les\u00e3o no Tend\u00e3o de Aquiles\"},{\"@type\":\"BreadcrumbList\",\"@id\":\"https:\\\/\\\/folhapopular.info\\\/index.php\\\/2017\\\/10\\\/08\\\/meia-pc-do-ecas-sofre-grave-lesao-em-marques-de-souza\\\/#breadcrumb\",\"itemListElement\":[{\"@type\":\"ListItem\",\"position\":1,\"name\":\"In\u00edcio\",\"item\":\"https:\\\/\\\/folhapopular.info\\\/\"},{\"@type\":\"ListItem\",\"position\":2,\"name\":\"Meia PC, do ECAS, sofre grave les\u00e3o em Marques de Souza\"}]},{\"@type\":\"WebSite\",\"@id\":\"https:\\\/\\\/folhapopular.info\\\/#website\",\"url\":\"https:\\\/\\\/folhapopular.info\\\/\",\"name\":\"Folha Popular\",\"description\":\"Onde voc\u00ea tem vez e voz\",\"potentialAction\":[{\"@type\":\"SearchAction\",\"target\":{\"@type\":\"EntryPoint\",\"urlTemplate\":\"https:\\\/\\\/folhapopular.info\\\/?s={search_term_string}\"},\"query-input\":{\"@type\":\"PropertyValueSpecification\",\"valueRequired\":true,\"valueName\":\"search_term_string\"}}],\"inLanguage\":\"pt-BR\"},{\"@type\":\"Person\",\"@id\":\"https:\\\/\\\/folhapopular.info\\\/#\\\/schema\\\/person\\\/533a15f60cd49e81ab3a90b4ca33cb36\",\"name\":\"Lucas Leandro Brune\",\"image\":{\"@type\":\"ImageObject\",\"inLanguage\":\"pt-BR\",\"@id\":\"https:\\\/\\\/folhapopular.info\\\/wp-content\\\/uploads\\\/2026\\\/04\\\/LUCAS-1-1.webp\",\"url\":\"https:\\\/\\\/folhapopular.info\\\/wp-content\\\/uploads\\\/2026\\\/04\\\/LUCAS-1-1.webp\",\"contentUrl\":\"https:\\\/\\\/folhapopular.info\\\/wp-content\\\/uploads\\\/2026\\\/04\\\/LUCAS-1-1.webp\",\"caption\":\"Lucas Leandro Brune\"},\"description\":\"Jornalista Profissional Diplomado MTB\\\/RS 14.333\",\"url\":\"https:\\\/\\\/folhapopular.info\\\/index.php\\\/author\\\/lucas-brune\\\/\"}]}<\/script>\n<!-- \/ Yoast SEO plugin. -->","yoast_head_json":{"title":"Meia PC, do ECAS, sofre grave les\u00e3o em Marques de Souza - Folha Popular","robots":{"index":"index","follow":"follow","max-snippet":"max-snippet:-1","max-image-preview":"max-image-preview:large","max-video-preview":"max-video-preview:-1"},"canonical":"https:\/\/folhapopular.info\/index.php\/2017\/10\/08\/meia-pc-do-ecas-sofre-grave-lesao-em-marques-de-souza\/","og_locale":"pt_BR","og_type":"article","og_title":"Meia PC, do ECAS, sofre grave les\u00e3o em Marques de Souza - Folha Popular","og_description":"O meio-campista PC, do ECAS de Imigrante, saiu mais cedo do primeiro jogo das oitavas-de-final do Campeonato Regional da Aslivata &#8211; 20\u00aa Copa Certel Sicredi. Neste domingo (08\/10), o atleta sofreu uma grave les\u00e3o no Tend\u00e3o de Aquiles, ainda durante o primeiro tempo da partida diante do Brasil, em Marques de Souza. Ainda em campo, [&hellip;]","og_url":"https:\/\/folhapopular.info\/index.php\/2017\/10\/08\/meia-pc-do-ecas-sofre-grave-lesao-em-marques-de-souza\/","og_site_name":"Folha Popular","article_published_time":"2017-10-08T19:46:05+00:00","article_modified_time":"2017-10-08T19:47:23+00:00","og_image":[{"width":1032,"height":581,"url":"https:\/\/folhapopular.info\/wp-content\/uploads\/2017\/10\/WhatsApp-Image-2017-10-08-at-16.32.28.jpeg","type":"image\/jpeg"}],"author":"Lucas Leandro Brune","twitter_card":"summary_large_image","twitter_misc":{"Escrito por":"Lucas Leandro Brune","Est. tempo de leitura":"1 minuto"},"schema":{"@context":"https:\/\/schema.org","@graph":[{"@type":"Article","@id":"https:\/\/folhapopular.info\/index.php\/2017\/10\/08\/meia-pc-do-ecas-sofre-grave-lesao-em-marques-de-souza\/#article","isPartOf":{"@id":"https:\/\/folhapopular.info\/index.php\/2017\/10\/08\/meia-pc-do-ecas-sofre-grave-lesao-em-marques-de-souza\/"},"author":{"name":"Lucas Leandro Brune","@id":"https:\/\/folhapopular.info\/#\/schema\/person\/533a15f60cd49e81ab3a90b4ca33cb36"},"headline":"Meia PC, do ECAS, sofre grave les\u00e3o em Marques de Souza","datePublished":"2017-10-08T19:46:05+00:00","dateModified":"2017-10-08T19:47:23+00:00","mainEntityOfPage":{"@id":"https:\/\/folhapopular.info\/index.php\/2017\/10\/08\/meia-pc-do-ecas-sofre-grave-lesao-em-marques-de-souza\/"},"wordCount":176,"commentCount":0,"image":{"@id":"https:\/\/folhapopular.info\/index.php\/2017\/10\/08\/meia-pc-do-ecas-sofre-grave-lesao-em-marques-de-souza\/#primaryimage"},"thumbnailUrl":"https:\/\/folhapopular.info\/wp-content\/uploads\/2017\/10\/WhatsApp-Image-2017-10-08-at-16.32.28.jpeg","keywords":["Copa Certel Sicredi","ECAS","futebol amador","les\u00e3o","Regional da Aslivata","Vale do Taquari"],"articleSection":["Destaques","Esportes","Futebol Amador","Regional da Aslivata"],"inLanguage":"pt-BR","potentialAction":[{"@type":"CommentAction","name":"Comment","target":["https:\/\/folhapopular.info\/index.php\/2017\/10\/08\/meia-pc-do-ecas-sofre-grave-lesao-em-marques-de-souza\/#respond"]}]},{"@type":"WebPage","@id":"https:\/\/folhapopular.info\/index.php\/2017\/10\/08\/meia-pc-do-ecas-sofre-grave-lesao-em-marques-de-souza\/","url":"https:\/\/folhapopular.info\/index.php\/2017\/10\/08\/meia-pc-do-ecas-sofre-grave-lesao-em-marques-de-souza\/","name":"Meia PC, do ECAS, sofre grave les\u00e3o em Marques de Souza - Folha Popular","isPartOf":{"@id":"https:\/\/folhapopular.info\/#website"},"primaryImageOfPage":{"@id":"https:\/\/folhapopular.info\/index.php\/2017\/10\/08\/meia-pc-do-ecas-sofre-grave-lesao-em-marques-de-souza\/#primaryimage"},"image":{"@id":"https:\/\/folhapopular.info\/index.php\/2017\/10\/08\/meia-pc-do-ecas-sofre-grave-lesao-em-marques-de-souza\/#primaryimage"},"thumbnailUrl":"https:\/\/folhapopular.info\/wp-content\/uploads\/2017\/10\/WhatsApp-Image-2017-10-08-at-16.32.28.jpeg","datePublished":"2017-10-08T19:46:05+00:00","dateModified":"2017-10-08T19:47:23+00:00","author":{"@id":"https:\/\/folhapopular.info\/#\/schema\/person\/533a15f60cd49e81ab3a90b4ca33cb36"},"breadcrumb":{"@id":"https:\/\/folhapopular.info\/index.php\/2017\/10\/08\/meia-pc-do-ecas-sofre-grave-lesao-em-marques-de-souza\/#breadcrumb"},"inLanguage":"pt-BR","potentialAction":[{"@type":"ReadAction","target":["https:\/\/folhapopular.info\/index.php\/2017\/10\/08\/meia-pc-do-ecas-sofre-grave-lesao-em-marques-de-souza\/"]}]},{"@type":"ImageObject","inLanguage":"pt-BR","@id":"https:\/\/folhapopular.info\/index.php\/2017\/10\/08\/meia-pc-do-ecas-sofre-grave-lesao-em-marques-de-souza\/#primaryimage","url":"https:\/\/folhapopular.info\/wp-content\/uploads\/2017\/10\/WhatsApp-Image-2017-10-08-at-16.32.28.jpeg","contentUrl":"https:\/\/folhapopular.info\/wp-content\/uploads\/2017\/10\/WhatsApp-Image-2017-10-08-at-16.32.28.jpeg","width":1032,"height":581,"caption":"Atleta PC, do ECAS, deixou a partida na maca em Marques de Souza, com suspeita de grave les\u00e3o no Tend\u00e3o de Aquiles"},{"@type":"BreadcrumbList","@id":"https:\/\/folhapopular.info\/index.php\/2017\/10\/08\/meia-pc-do-ecas-sofre-grave-lesao-em-marques-de-souza\/#breadcrumb","itemListElement":[{"@type":"ListItem","position":1,"name":"In\u00edcio","item":"https:\/\/folhapopular.info\/"},{"@type":"ListItem","position":2,"name":"Meia PC, do ECAS, sofre grave les\u00e3o em Marques de Souza"}]},{"@type":"WebSite","@id":"https:\/\/folhapopular.info\/#website","url":"https:\/\/folhapopular.info\/","name":"Folha Popular","description":"Onde voc\u00ea tem vez e voz","potentialAction":[{"@type":"SearchAction","target":{"@type":"EntryPoint","urlTemplate":"https:\/\/folhapopular.info\/?s={search_term_string}"},"query-input":{"@type":"PropertyValueSpecification","valueRequired":true,"valueName":"search_term_string"}}],"inLanguage":"pt-BR"},{"@type":"Person","@id":"https:\/\/folhapopular.info\/#\/schema\/person\/533a15f60cd49e81ab3a90b4ca33cb36","name":"Lucas Leandro Brune","image":{"@type":"ImageObject","inLanguage":"pt-BR","@id":"https:\/\/folhapopular.info\/wp-content\/uploads\/2026\/04\/LUCAS-1-1.webp","url":"https:\/\/folhapopular.info\/wp-content\/uploads\/2026\/04\/LUCAS-1-1.webp","contentUrl":"https:\/\/folhapopular.info\/wp-content\/uploads\/2026\/04\/LUCAS-1-1.webp","caption":"Lucas Leandro Brune"},"description":"Jornalista Profissional Diplomado MTB\/RS 14.333","url":"https:\/\/folhapopular.info\/index.php\/author\/lucas-brune\/"}]}},"jetpack_featured_media_url":"https:\/\/folhapopular.info\/wp-content\/uploads\/2017\/10\/WhatsApp-Image-2017-10-08-at-16.32.28.jpeg","jetpack_sharing_enabled":true,"amp_enabled":true,"_links":{"self":[{"href":"https:\/\/folhapopular.info\/index.php\/wp-json\/wp\/v2\/posts\/36090","targetHints":{"allow":["GET"]}}],"collection":[{"href":"https:\/\/folhapopular.info\/index.php\/wp-json\/wp\/v2\/posts"}],"about":[{"href":"https:\/\/folhapopular.info\/index.php\/wp-json\/wp\/v2\/types\/post"}],"author":[{"embeddable":true,"href":"https:\/\/folhapopular.info\/index.php\/wp-json\/wp\/v2\/users\/7"}],"replies":[{"embeddable":true,"href":"https:\/\/folhapopular.info\/index.php\/wp-json\/wp\/v2\/comments?post=36090"}],"version-history":[{"count":0,"href":"https:\/\/folhapopular.info\/index.php\/wp-json\/wp\/v2\/posts\/36090\/revisions"}],"wp:featuredmedia":[{"embeddable":true,"href":"https:\/\/folhapopular.info\/index.php\/wp-json\/wp\/v2\/media\/36089"}],"wp:attachment":[{"href":"https:\/\/folhapopular.info\/index.php\/wp-json\/wp\/v2\/media?parent=36090"}],"wp:term":[{"taxonomy":"category","embeddable":true,"href":"https:\/\/folhapopular.info\/index.php\/wp-json\/wp\/v2\/categories?post=36090"},{"taxonomy":"post_tag","embeddable":true,"href":"https:\/\/folhapopular.info\/index.php\/wp-json\/wp\/v2\/tags?post=36090"}],"curies":[{"name":"wp","href":"https:\/\/api.w.org\/{rel}","templated":true}]}}