{"id":36169,"date":"2017-10-10T09:15:47","date_gmt":"2017-10-10T12:15:47","guid":{"rendered":"http:\/\/folhapopular.info\/?p=36169"},"modified":"2017-10-10T09:15:47","modified_gmt":"2017-10-10T12:15:47","slug":"oktoberfest-de-marata-inicia-quarta-feira","status":"publish","type":"post","link":"https:\/\/folhapopular.info\/index.php\/2017\/10\/10\/oktoberfest-de-marata-inicia-quarta-feira\/","title":{"rendered":"Oktoberfest de Marat\u00e1 inicia quarta-feira"},"content":{"rendered":"<p class=\"western\">Marat\u00e1 se prepara para realizar o maior evento do munic\u00edpio, a Oktoberfest, que ocorre em sua 14\u00aa edi\u00e7\u00e3o. O evento inicia na quarta-feira, dia 11, e segue at\u00e9 o dia 15, prometendo muita alegria e divers\u00e3o para o p\u00fablico, de todas as idades. Haver\u00e1 muita m\u00fasica, com atra\u00e7\u00f5es nacional e regionais, al\u00e9m de, diariamente, bandinha t\u00edpica circulando pelo Parque e passeios de dindinho pelos pontos tur\u00edsticos e Cervejaria GoldBier Aus Marat\u00e1. O evento ainda ter\u00e1 tamb\u00e9m feira industrial, comercial e de agroneg\u00f3cios, pra\u00e7a de alimenta\u00e7\u00e3o, 2\u00aa Feira de Produtos Coloniais e parque de divers\u00f5es. A entrada \u00e9 franca para quem vier tipicamente trajado, exceto no dia 14.<\/p>\n<p class=\"western\">A rainha Larissa Grub e as princesas Deisi Braun e Gabriela Schreiner est\u00e3o divulgando a festa. Na quarta-feira, as soberanas visitaram o Grupo Popular de Comunica\u00e7\u00e3o, onde apresentaram detalhes da programa\u00e7\u00e3o e convidaram toda a comunidade regional por meio dos microfones da R\u00e1dio Popular FM.<\/p>\n<p class=\"western\">A programa\u00e7\u00e3o inicia na quarta-feira, dia 11, com o Desfile das Comunidades pelas ruas da cidade, com o tema \u201cMarat\u00e1 25 Anos de Cultura, Tradi\u00e7\u00e3o e Desenvolvimento\u201d. \u00c0s 21 horas, ocorre a Sangria do 1\u00ba Barril de Chopp, no pavilh\u00e3o do Parque Municipal, com apresenta\u00e7\u00f5es de dan\u00e7as folcl\u00f3ricas alem\u00e3s e da Banda Municipal.<\/p>\n<p class=\"western\">A programa\u00e7\u00e3o da quinta-feira, dia 12, inicia \u00e0s 9h, com a Sprinhenfest que chega a sua 4\u00aa edi\u00e7\u00e3o, com o objetivo de promover a sa\u00fade, que consiste numa corrida de meia r\u00fastica e que percorre algumas ruas da cidade. A partir das 14h, haver\u00e1 atra\u00e7\u00f5es especiais para as crian\u00e7as. Na sexta-feira, dia 13, haver\u00e1 Baile da Melhor Idade, a partir das 13h. \u00c0 noite, ocorre o show com Lucas e Felipe. No s\u00e1bado, dia 14, o destaque \u00e9 a dupla sertaneja Z\u00e9 Neto e Cristiano, \u00e0s 20h. No domingo, dia 15, as atra\u00e7\u00f5es ser\u00e3o voltadas para todo p\u00fablico, entre elas a apresenta\u00e7\u00e3o da Orquestra de Teut\u00f4nia, \u00e0s 11h; Rodada de Chopp em Metro; show com Serginho Moah e Banda, vocalista do Papas da L\u00edngua, \u00e0s 19h; e encerramento com show de fogos de artif\u00edcio, \u00e0s 22h.<\/p>\n<p class=\"western\">A Oktoberfest \u00e9 uma realiza\u00e7\u00e3o da Associa\u00e7\u00e3o Cultural de Marat\u00e1 e conta com o apoio da Prefeitura e Banrisul. Patrocinam o evento: Sicredi, Leben, Cordi Bolsas, GoldBier Aus Marat\u00e1, Lojas Solar, Comauto, M\u00f3veis Kappesberg, Jarau Pap\u00e9is. Kildare, Cooperativa Languiru, Camillinho Materiais de Constru\u00e7\u00e3o, Naturovos e Macothal.<\/p>\n<p><b>Bierwagen e o Concurso de Chopp<br \/>\n<\/b>Por se tratar de um evento tipicamente alem\u00e3o, n\u00e3o faltar\u00e1 o chopp. Os visitantes ter\u00e3o a oportunidade de apreciar um \u201cchopinho\u201d de gra\u00e7a durante a passagem do Bierwagen e no Concurso de Chopp. Durante a passagem do Bierwagen, uma carro\u00e7a carregada com barris puxada por um trator, os organizadores distribuir\u00e3o chopp gratuitamente aos visitantes. O Bierwagen far\u00e1 sua primeira passagem durante a tarde do dia 11 de outubro pelas ruas centrais de Marat\u00e1.<\/p>\n<p class=\"western\">J\u00e1 no Concurso de Chopp em Metro, os participantes poder\u00e3o tomar um metro de chopp, de 600ml, ao concorrer na prova. O concurso ter\u00e1 diversas rodadas durante o dia, com cinco participantes em cada uma. No final do evento, \u00e0s 21h de domingo, ocorre a final do concurso, definindo o campe\u00e3o do Chopp em Metro da 14\u00aa Oktoberfest.<\/p>\n<p class=\"western\"><b>Aten\u00e7\u00e3o especial \u00e0 seguran\u00e7a<br \/>\n<\/b>Um forte esquema de seguran\u00e7a foi montado para garantir tranquilidade ao p\u00fablico durante a Oktoberfest de Marat\u00e1. Mais de 100 pessoas estar\u00e3o envolvidas com o esquema interno de seguran\u00e7a, controlando todos os espa\u00e7os. O sistema ser\u00e1 refor\u00e7ado durante os bailes, nos port\u00f5es de acesso e sanit\u00e1rios. Os seguran\u00e7as tamb\u00e9m estar\u00e3o agindo durante o intervalo, para garantir a tranquilidade dos expositores. A Brigada Militar tamb\u00e9m estar\u00e1 envolvida na fiscaliza\u00e7\u00e3o.<\/p>\n<p class=\"western\"><b>Est\u00edmulo ao turismo<br \/>\n<\/b>A Oktoberfest, por ser a principal festa do munic\u00edpio, mobiliza toda a popula\u00e7\u00e3o e \u00e9 uma oportunidade para divulgar as potencialidades locais, atrav\u00e9s da vis\u00e3o de que trazer visitantes para o evento \u00e9 tamb\u00e9m estimular o turismo. Entre os principais pontos tur\u00edsticos est\u00e3o: a Cascata de Vit\u00f3ria, Cachoeira Marat\u00e1, a Trilha Tur\u00edstica, o Morro Ibitic\u00e3, a Cervejaria GoldBier Aus Marat\u00e1, a Pra\u00e7a Municipal Dora L\u00eddia Brocker, a Casa do Turista e os pr\u00e9dios em estilo enxaimel. Todos os potenciais marataenses poder vistos atrav\u00e9s do site oficial do munic\u00edpio, <span style=\"color: #000080\"><span lang=\"zxx\"><u><a href=\"http:\/\/www.maratars.com.br\/\">www.maratars.com.br<\/a><\/u><\/span><\/span>.<\/p>\n<p class=\"western\"><b>Programa\u00e7\u00e3o<\/b><b> 14\u00aa Oktoberfest Marat\u00e1<br \/>\n<\/b><b>&gt;&gt;&gt; 11 DE OUTUBRO (quarta-feira)<\/b> \u2013 Ingresso: R$ 10,00<br \/>\n12h: Almo\u00e7o no Restaurante Canec\u00e3o<br \/>\n12h30min: Passagem do Bierwagen pela cidade<br \/>\n19h30min: In\u00edcio do Desfile das Comunidades &#8211; Marat\u00e1 25 Anos de Cultura, Tradi\u00e7\u00e3o e Desenvolvimento<br \/>\n21h: Abertura oficial, com a Sangria do 1\u00ba Barril de Chopp<br \/>\n23h: Banda La Montanara \u2013 Palco Principal<br \/>\nNo Palco Alternativo, Balada Oktoberfest: 23h, Dj Lucas Muller; 1h, Dj William Schrammel; 2h, Dj Paulo Martins<\/p>\n<p class=\"western\"><b>&gt;&gt;&gt; 12 DE OUTUBRO (quinta-feira)<\/b> \u2013 Ingresso: 10,00<br \/>\n9h: 4\u00aa Sprinhenfest \u2013 R\u00fastica de Marat\u00e1\/SESC<br \/>\n10h: Abertura dos port\u00f5es<br \/>\n12h: Almo\u00e7o no Restaurante Canec\u00e3o<br \/>\n12h30min: Passagem do Bierwagen pelo Parque<br \/>\n13h: Programa\u00e7\u00e3o para as crian\u00e7as<br \/>\n13h30min: Banda Champion \u2013 Palco Principal<br \/>\n17h15min: 1\u00aa rodada do Chopp em Metro<br \/>\n17h30min: Banda Flor da Serra \u2013 Palco 2<br \/>\n18h30min: Passagem do Bierwagen pelo Parque<br \/>\n19h: Entrega da premia\u00e7\u00e3o do Concurso de Decora\u00e7\u00e3o das Casas e do Com\u00e9rcio do Centro de Marat\u00e1<br \/>\n21h30min: 2\u00aa rodada do Chopp em Metro<br \/>\n21h30min: Banda Barbarella \u2013 Palco Principal<br \/>\nNo Palco Alternativo, Balada Oktoberfest: 22h, Dj Lucas Muller; 0h, Dj William Schrammel; 1h, Dj Paulo Martins<\/p>\n<p class=\"western\"><b>&gt;&gt;&gt; 13 DE OUTUBRO (sexta-feira)<\/b> \u2013 Ingresso: R$ 10,00<br \/>\n10h: Abertura dos port\u00f5es<br \/>\n12h: Almo\u00e7o no Restaurante Canec\u00e3o<br \/>\n13h: Banda Monte Azul \u2013 Palco Principal<br \/>\n17h: Banda Hopus \u2013 Palco 2 \u2013 Baile da Melhor Idade<br \/>\n17h: 1\u00aa rodada do Chopp em Metro<br \/>\n18h30min: Passagem do Bierwagen pelo Parque<br \/>\n21h: Show com Lucas e Felipe \u2013 Palco Principal<br \/>\n22h: Passagem do Bierwagen pelo Parque<br \/>\n23h: 2\u00aa rodada do Chopp em Metro<br \/>\n23h: Banda Chopp\u00e3o \u2013 Palco 2<br \/>\nNo Palco Alternativo, Oktoberrock: 20h15min, Don Camale\u00e3o; 21h30min, Banda Foolmax; 22h45min, Back Light. Balada Oktoberfest: 0h, Dj R\u00e9gis Deejay; 1h, Dj Tiago Dewes<\/p>\n<p class=\"western\"><b>&gt;&gt;&gt; 14 DE OUTUBRO (s\u00e1bado) <\/b>\u2013 Ingresso: 10,00 at\u00e9 as 14h, ap\u00f3s R$ 40,00<br \/>\n10h: Abertura dos port\u00f5es<br \/>\n12h: Almo\u00e7o no Restaurante Canec\u00e3o<br \/>\n13h: Abertura da Oktober Tch\u00ea \u2013 CTG Encontro das \u00c1guias de Marat\u00e1<br \/>\n13h30min: Encontro de Grupos de Invernada do Vale do Ca\u00ed \u2013 apresenta\u00e7\u00f5es art\u00edsticas \u2013 Palco 2<br \/>\n15h: Gaiteiros do Marat\u00e1<br \/>\n15h30min: Encontro de grupos de dan\u00e7as alem\u00e3s<br \/>\n16h30min: Passagem do Bierwagen pelo Parque<br \/>\n18h: Joel Carlo \u2013 Palco 2<br \/>\n18h30min: Passagem do Bierwagen pelo Parque<br \/>\n19h: 1\u00aa rodada do Chopp em Metro<br \/>\n20h: Show nacional com Z\u00e9 Neto e Cristiano \u2013 Palco Principal<br \/>\n22h: Show com Djs Vincce &amp; Luo<br \/>\n23h: Banda Fritz 4<br \/>\n0h: 2\u00aa Rodada do Chopp em Metro<br \/>\n3h: Banda Hatfield<br \/>\n4h: Cassius e Mateus<br \/>\nNo Palco Alternativo, Balada Oktoberfest: 15h30min, Alma do Pampa; 17h, Banda Alegria; 21h, R\u00e9gis Deejay; 23h, Dj Lucas M\u00fcller; 0h, Dj Tiago Dewes; 1h30min, Dj Karen Dennes; 3h, Dj William Schrammel<\/p>\n<p class=\"western\"><b>&gt;&gt;&gt; 15 DE OUTUBRO (domingo)<\/b> \u2013 Ingresso: 10,00 at\u00e9 \u00e0s 14h, ap\u00f3s R$ 15,00<br \/>\n10h: Abertura dos port\u00f5es<br \/>\n10h: Missa festiva<br \/>\n11h: Apresenta\u00e7\u00e3o da Orquestra de Teut\u00f4nia<br \/>\n11h30min: Passagem do Bierwagen pelo Parque<br \/>\n12h: Almo\u00e7o no Restaurante Canec\u00e3o<br \/>\n12h30min: Banda 0800 \u2013 Palco Principal<br \/>\n14h30min: Passagem do Bierwagen pelo Parque<br \/>\n16h15min: Banda Kanecus \u2013 Palco 2<br \/>\n16h30min: 1\u00aa rodada do Chopp em Metro<br \/>\n18h30min: Passagem do Bierwagen pelo Parque<br \/>\n19h: Serginho Moah e Banda (vocalista do Papas da L\u00edngua) \u2013 Palco Alternativo<br \/>\n19h45min: Wilceu Pause \u2013 Palco Principal<br \/>\n21h: 2\u00aa rodada do Chopp em Metro<br \/>\n21h15min: Banda Brilha Som \u2013 Palco Principal<br \/>\n22h: Encerramento com show de fogos<br \/>\nNo Palco Alternativo, Balada Oktoberfest: 15h, Banda Seres ou Senhores; 17h, Vibra\u00e7\u00e3o Sertaneja; 19h, Serginho Moah; 21h, Dj Lucas Muller; 22h30min, Dj Thiago Dewes; 0h, Dj Karen Dennes; 1h30min, Dj Paulo Martin; 2h30min, Dj Marquinhos Engel<\/p>\n<p class=\"western\">&gt; Todos os dias haver\u00e1 dois palcos sem intervalo de m\u00fasica. Palco Alternativo comandado pela equipe Conecsom e toda sua estrutura de som e luz. Diariamente: bandinha t\u00edpica Quebra Galho de Marat\u00e1 circulando pelo parque e passeios de dindinho pelos pontos tur\u00edsticos e Cervejaria GoldBier.<\/p>\n<figure id=\"attachment_36171\" aria-describedby=\"caption-attachment-36171\" style=\"width: 696px\" class=\"wp-caption aligncenter\"><img loading=\"lazy\" decoding=\"async\" class=\"size-large wp-image-36171\" src=\"https:\/\/folhapopular.info\/wp-content\/uploads\/2017\/10\/Soberanas-da-Oktoberfest-visitaram-o-Grupo-Popular-nesta-semana-1024x680.jpg\" alt=\"\" width=\"696\" height=\"462\" \/><figcaption id=\"caption-attachment-36171\" class=\"wp-caption-text\">Soberanas da Oktoberfest visitaram o Grupo Popular na semana passada &#8211; CR\u00c9DITOS DA FOTO: \u00c9dson Lu\u00eds Schaeffer<\/figcaption><\/figure>\n","protected":false},"excerpt":{"rendered":"<p>Marat\u00e1 se prepara para realizar o maior evento do munic\u00edpio, a Oktoberfest, que ocorre em sua 14\u00aa edi\u00e7\u00e3o. O evento inicia na quarta-feira, dia 11, e segue at\u00e9 o dia 15, prometendo muita alegria e divers\u00e3o para o p\u00fablico, de todas as idades. Haver\u00e1 muita m\u00fasica, com atra\u00e7\u00f5es nacional e regionais, al\u00e9m de, diariamente, bandinha [&hellip;]<\/p>\n","protected":false},"author":8,"featured_media":36170,"comment_status":"open","ping_status":"open","sticky":false,"template":"","format":"standard","meta":{"pmpro_default_level":"","_jetpack_memberships_contains_paid_content":false,"footnotes":""},"categories":[2,3],"tags":[47,1213],"class_list":{"0":"post-36169","1":"post","2":"type-post","3":"status-publish","4":"format-standard","5":"has-post-thumbnail","7":"category-featured","8":"category-geral","9":"tag-marata","10":"tag-oktoberfest","11":"pmpro-has-access"},"yoast_head":"<!-- This site is optimized with the Yoast SEO plugin v27.5 - https:\/\/yoast.com\/product\/yoast-seo-wordpress\/ -->\n<title>Oktoberfest de Marat\u00e1 inicia quarta-feira - Folha Popular<\/title>\n<meta name=\"robots\" content=\"index, follow, max-snippet:-1, max-image-preview:large, max-video-preview:-1\" \/>\n<link rel=\"canonical\" href=\"https:\/\/folhapopular.info\/index.php\/2017\/10\/10\/oktoberfest-de-marata-inicia-quarta-feira\/\" \/>\n<meta property=\"og:locale\" content=\"pt_BR\" \/>\n<meta property=\"og:type\" content=\"article\" \/>\n<meta property=\"og:title\" content=\"Oktoberfest de Marat\u00e1 inicia quarta-feira - Folha Popular\" \/>\n<meta property=\"og:description\" content=\"Marat\u00e1 se prepara para realizar o maior evento do munic\u00edpio, a Oktoberfest, que ocorre em sua 14\u00aa edi\u00e7\u00e3o. O evento inicia na quarta-feira, dia 11, e segue at\u00e9 o dia 15, prometendo muita alegria e divers\u00e3o para o p\u00fablico, de todas as idades. Haver\u00e1 muita m\u00fasica, com atra\u00e7\u00f5es nacional e regionais, al\u00e9m de, diariamente, bandinha [&hellip;]\" \/>\n<meta property=\"og:url\" content=\"https:\/\/folhapopular.info\/index.php\/2017\/10\/10\/oktoberfest-de-marata-inicia-quarta-feira\/\" \/>\n<meta property=\"og:site_name\" content=\"Folha Popular\" \/>\n<meta property=\"article:published_time\" content=\"2017-10-10T12:15:47+00:00\" \/>\n<meta property=\"og:image\" content=\"https:\/\/folhapopular.info\/wp-content\/uploads\/2017\/10\/Oktoberfest-ocorre-em-sua-14\u00aa-edi\u00e7\u00e3o-e1507637602990.jpg\" \/>\n\t<meta property=\"og:image:width\" content=\"1000\" \/>\n\t<meta property=\"og:image:height\" content=\"667\" \/>\n\t<meta property=\"og:image:type\" content=\"image\/jpeg\" \/>\n<meta name=\"author\" content=\"Reda\u00e7\u00e3o Folha Popular\" \/>\n<meta name=\"twitter:card\" content=\"summary_large_image\" \/>\n<meta name=\"twitter:label1\" content=\"Escrito por\" \/>\n\t<meta name=\"twitter:data1\" content=\"Reda\u00e7\u00e3o Folha Popular\" \/>\n\t<meta name=\"twitter:label2\" content=\"Est. tempo de leitura\" \/>\n\t<meta name=\"twitter:data2\" content=\"7 minutos\" \/>\n<script type=\"application\/ld+json\" class=\"yoast-schema-graph\">{\"@context\":\"https:\\\/\\\/schema.org\",\"@graph\":[{\"@type\":\"Article\",\"@id\":\"https:\\\/\\\/folhapopular.info\\\/index.php\\\/2017\\\/10\\\/10\\\/oktoberfest-de-marata-inicia-quarta-feira\\\/#article\",\"isPartOf\":{\"@id\":\"https:\\\/\\\/folhapopular.info\\\/index.php\\\/2017\\\/10\\\/10\\\/oktoberfest-de-marata-inicia-quarta-feira\\\/\"},\"author\":{\"name\":\"Reda\u00e7\u00e3o Folha Popular\",\"@id\":\"https:\\\/\\\/folhapopular.info\\\/#\\\/schema\\\/person\\\/2814e8a0df7643585a9ca38bc6eb9d4b\"},\"headline\":\"Oktoberfest de Marat\u00e1 inicia quarta-feira\",\"datePublished\":\"2017-10-10T12:15:47+00:00\",\"mainEntityOfPage\":{\"@id\":\"https:\\\/\\\/folhapopular.info\\\/index.php\\\/2017\\\/10\\\/10\\\/oktoberfest-de-marata-inicia-quarta-feira\\\/\"},\"wordCount\":1432,\"commentCount\":0,\"image\":{\"@id\":\"https:\\\/\\\/folhapopular.info\\\/index.php\\\/2017\\\/10\\\/10\\\/oktoberfest-de-marata-inicia-quarta-feira\\\/#primaryimage\"},\"thumbnailUrl\":\"https:\\\/\\\/folhapopular.info\\\/wp-content\\\/uploads\\\/2017\\\/10\\\/Oktoberfest-ocorre-em-sua-14\u00aa-edi\u00e7\u00e3o-e1507637602990.jpg\",\"keywords\":[\"Marat\u00e1\",\"Oktoberfest\"],\"articleSection\":[\"Destaques\",\"Geral\"],\"inLanguage\":\"pt-BR\",\"potentialAction\":[{\"@type\":\"CommentAction\",\"name\":\"Comment\",\"target\":[\"https:\\\/\\\/folhapopular.info\\\/index.php\\\/2017\\\/10\\\/10\\\/oktoberfest-de-marata-inicia-quarta-feira\\\/#respond\"]}]},{\"@type\":\"WebPage\",\"@id\":\"https:\\\/\\\/folhapopular.info\\\/index.php\\\/2017\\\/10\\\/10\\\/oktoberfest-de-marata-inicia-quarta-feira\\\/\",\"url\":\"https:\\\/\\\/folhapopular.info\\\/index.php\\\/2017\\\/10\\\/10\\\/oktoberfest-de-marata-inicia-quarta-feira\\\/\",\"name\":\"Oktoberfest de Marat\u00e1 inicia quarta-feira - Folha Popular\",\"isPartOf\":{\"@id\":\"https:\\\/\\\/folhapopular.info\\\/#website\"},\"primaryImageOfPage\":{\"@id\":\"https:\\\/\\\/folhapopular.info\\\/index.php\\\/2017\\\/10\\\/10\\\/oktoberfest-de-marata-inicia-quarta-feira\\\/#primaryimage\"},\"image\":{\"@id\":\"https:\\\/\\\/folhapopular.info\\\/index.php\\\/2017\\\/10\\\/10\\\/oktoberfest-de-marata-inicia-quarta-feira\\\/#primaryimage\"},\"thumbnailUrl\":\"https:\\\/\\\/folhapopular.info\\\/wp-content\\\/uploads\\\/2017\\\/10\\\/Oktoberfest-ocorre-em-sua-14\u00aa-edi\u00e7\u00e3o-e1507637602990.jpg\",\"datePublished\":\"2017-10-10T12:15:47+00:00\",\"author\":{\"@id\":\"https:\\\/\\\/folhapopular.info\\\/#\\\/schema\\\/person\\\/2814e8a0df7643585a9ca38bc6eb9d4b\"},\"breadcrumb\":{\"@id\":\"https:\\\/\\\/folhapopular.info\\\/index.php\\\/2017\\\/10\\\/10\\\/oktoberfest-de-marata-inicia-quarta-feira\\\/#breadcrumb\"},\"inLanguage\":\"pt-BR\",\"potentialAction\":[{\"@type\":\"ReadAction\",\"target\":[\"https:\\\/\\\/folhapopular.info\\\/index.php\\\/2017\\\/10\\\/10\\\/oktoberfest-de-marata-inicia-quarta-feira\\\/\"]}]},{\"@type\":\"ImageObject\",\"inLanguage\":\"pt-BR\",\"@id\":\"https:\\\/\\\/folhapopular.info\\\/index.php\\\/2017\\\/10\\\/10\\\/oktoberfest-de-marata-inicia-quarta-feira\\\/#primaryimage\",\"url\":\"https:\\\/\\\/folhapopular.info\\\/wp-content\\\/uploads\\\/2017\\\/10\\\/Oktoberfest-ocorre-em-sua-14\u00aa-edi\u00e7\u00e3o-e1507637602990.jpg\",\"contentUrl\":\"https:\\\/\\\/folhapopular.info\\\/wp-content\\\/uploads\\\/2017\\\/10\\\/Oktoberfest-ocorre-em-sua-14\u00aa-edi\u00e7\u00e3o-e1507637602990.jpg\",\"width\":1000,\"height\":667,\"caption\":\"Oktoberfest ocorre em sua 14\u00aa edi\u00e7\u00e3o - CR\u00c9DITOS DA FOTO: divulga\u00e7\u00e3o\"},{\"@type\":\"BreadcrumbList\",\"@id\":\"https:\\\/\\\/folhapopular.info\\\/index.php\\\/2017\\\/10\\\/10\\\/oktoberfest-de-marata-inicia-quarta-feira\\\/#breadcrumb\",\"itemListElement\":[{\"@type\":\"ListItem\",\"position\":1,\"name\":\"In\u00edcio\",\"item\":\"https:\\\/\\\/folhapopular.info\\\/\"},{\"@type\":\"ListItem\",\"position\":2,\"name\":\"Oktoberfest de Marat\u00e1 inicia quarta-feira\"}]},{\"@type\":\"WebSite\",\"@id\":\"https:\\\/\\\/folhapopular.info\\\/#website\",\"url\":\"https:\\\/\\\/folhapopular.info\\\/\",\"name\":\"Folha Popular\",\"description\":\"Onde voc\u00ea tem vez e voz\",\"potentialAction\":[{\"@type\":\"SearchAction\",\"target\":{\"@type\":\"EntryPoint\",\"urlTemplate\":\"https:\\\/\\\/folhapopular.info\\\/?s={search_term_string}\"},\"query-input\":{\"@type\":\"PropertyValueSpecification\",\"valueRequired\":true,\"valueName\":\"search_term_string\"}}],\"inLanguage\":\"pt-BR\"},{\"@type\":\"Person\",\"@id\":\"https:\\\/\\\/folhapopular.info\\\/#\\\/schema\\\/person\\\/2814e8a0df7643585a9ca38bc6eb9d4b\",\"name\":\"Reda\u00e7\u00e3o Folha Popular\",\"image\":{\"@type\":\"ImageObject\",\"inLanguage\":\"pt-BR\",\"@id\":\"https:\\\/\\\/folhapopular.info\\\/wp-content\\\/uploads\\\/2026\\\/04\\\/Folha-1.webp\",\"url\":\"https:\\\/\\\/folhapopular.info\\\/wp-content\\\/uploads\\\/2026\\\/04\\\/Folha-1.webp\",\"contentUrl\":\"https:\\\/\\\/folhapopular.info\\\/wp-content\\\/uploads\\\/2026\\\/04\\\/Folha-1.webp\",\"caption\":\"Reda\u00e7\u00e3o Folha Popular\"},\"url\":\"https:\\\/\\\/folhapopular.info\\\/index.php\\\/author\\\/redacao\\\/\"}]}<\/script>\n<!-- \/ Yoast SEO plugin. -->","yoast_head_json":{"title":"Oktoberfest de Marat\u00e1 inicia quarta-feira - Folha Popular","robots":{"index":"index","follow":"follow","max-snippet":"max-snippet:-1","max-image-preview":"max-image-preview:large","max-video-preview":"max-video-preview:-1"},"canonical":"https:\/\/folhapopular.info\/index.php\/2017\/10\/10\/oktoberfest-de-marata-inicia-quarta-feira\/","og_locale":"pt_BR","og_type":"article","og_title":"Oktoberfest de Marat\u00e1 inicia quarta-feira - Folha Popular","og_description":"Marat\u00e1 se prepara para realizar o maior evento do munic\u00edpio, a Oktoberfest, que ocorre em sua 14\u00aa edi\u00e7\u00e3o. O evento inicia na quarta-feira, dia 11, e segue at\u00e9 o dia 15, prometendo muita alegria e divers\u00e3o para o p\u00fablico, de todas as idades. Haver\u00e1 muita m\u00fasica, com atra\u00e7\u00f5es nacional e regionais, al\u00e9m de, diariamente, bandinha [&hellip;]","og_url":"https:\/\/folhapopular.info\/index.php\/2017\/10\/10\/oktoberfest-de-marata-inicia-quarta-feira\/","og_site_name":"Folha Popular","article_published_time":"2017-10-10T12:15:47+00:00","og_image":[{"width":1000,"height":667,"url":"https:\/\/folhapopular.info\/wp-content\/uploads\/2017\/10\/Oktoberfest-ocorre-em-sua-14\u00aa-edi\u00e7\u00e3o-e1507637602990.jpg","type":"image\/jpeg"}],"author":"Reda\u00e7\u00e3o Folha Popular","twitter_card":"summary_large_image","twitter_misc":{"Escrito por":"Reda\u00e7\u00e3o Folha Popular","Est. tempo de leitura":"7 minutos"},"schema":{"@context":"https:\/\/schema.org","@graph":[{"@type":"Article","@id":"https:\/\/folhapopular.info\/index.php\/2017\/10\/10\/oktoberfest-de-marata-inicia-quarta-feira\/#article","isPartOf":{"@id":"https:\/\/folhapopular.info\/index.php\/2017\/10\/10\/oktoberfest-de-marata-inicia-quarta-feira\/"},"author":{"name":"Reda\u00e7\u00e3o Folha Popular","@id":"https:\/\/folhapopular.info\/#\/schema\/person\/2814e8a0df7643585a9ca38bc6eb9d4b"},"headline":"Oktoberfest de Marat\u00e1 inicia quarta-feira","datePublished":"2017-10-10T12:15:47+00:00","mainEntityOfPage":{"@id":"https:\/\/folhapopular.info\/index.php\/2017\/10\/10\/oktoberfest-de-marata-inicia-quarta-feira\/"},"wordCount":1432,"commentCount":0,"image":{"@id":"https:\/\/folhapopular.info\/index.php\/2017\/10\/10\/oktoberfest-de-marata-inicia-quarta-feira\/#primaryimage"},"thumbnailUrl":"https:\/\/folhapopular.info\/wp-content\/uploads\/2017\/10\/Oktoberfest-ocorre-em-sua-14\u00aa-edi\u00e7\u00e3o-e1507637602990.jpg","keywords":["Marat\u00e1","Oktoberfest"],"articleSection":["Destaques","Geral"],"inLanguage":"pt-BR","potentialAction":[{"@type":"CommentAction","name":"Comment","target":["https:\/\/folhapopular.info\/index.php\/2017\/10\/10\/oktoberfest-de-marata-inicia-quarta-feira\/#respond"]}]},{"@type":"WebPage","@id":"https:\/\/folhapopular.info\/index.php\/2017\/10\/10\/oktoberfest-de-marata-inicia-quarta-feira\/","url":"https:\/\/folhapopular.info\/index.php\/2017\/10\/10\/oktoberfest-de-marata-inicia-quarta-feira\/","name":"Oktoberfest de Marat\u00e1 inicia quarta-feira - Folha Popular","isPartOf":{"@id":"https:\/\/folhapopular.info\/#website"},"primaryImageOfPage":{"@id":"https:\/\/folhapopular.info\/index.php\/2017\/10\/10\/oktoberfest-de-marata-inicia-quarta-feira\/#primaryimage"},"image":{"@id":"https:\/\/folhapopular.info\/index.php\/2017\/10\/10\/oktoberfest-de-marata-inicia-quarta-feira\/#primaryimage"},"thumbnailUrl":"https:\/\/folhapopular.info\/wp-content\/uploads\/2017\/10\/Oktoberfest-ocorre-em-sua-14\u00aa-edi\u00e7\u00e3o-e1507637602990.jpg","datePublished":"2017-10-10T12:15:47+00:00","author":{"@id":"https:\/\/folhapopular.info\/#\/schema\/person\/2814e8a0df7643585a9ca38bc6eb9d4b"},"breadcrumb":{"@id":"https:\/\/folhapopular.info\/index.php\/2017\/10\/10\/oktoberfest-de-marata-inicia-quarta-feira\/#breadcrumb"},"inLanguage":"pt-BR","potentialAction":[{"@type":"ReadAction","target":["https:\/\/folhapopular.info\/index.php\/2017\/10\/10\/oktoberfest-de-marata-inicia-quarta-feira\/"]}]},{"@type":"ImageObject","inLanguage":"pt-BR","@id":"https:\/\/folhapopular.info\/index.php\/2017\/10\/10\/oktoberfest-de-marata-inicia-quarta-feira\/#primaryimage","url":"https:\/\/folhapopular.info\/wp-content\/uploads\/2017\/10\/Oktoberfest-ocorre-em-sua-14\u00aa-edi\u00e7\u00e3o-e1507637602990.jpg","contentUrl":"https:\/\/folhapopular.info\/wp-content\/uploads\/2017\/10\/Oktoberfest-ocorre-em-sua-14\u00aa-edi\u00e7\u00e3o-e1507637602990.jpg","width":1000,"height":667,"caption":"Oktoberfest ocorre em sua 14\u00aa edi\u00e7\u00e3o - CR\u00c9DITOS DA FOTO: divulga\u00e7\u00e3o"},{"@type":"BreadcrumbList","@id":"https:\/\/folhapopular.info\/index.php\/2017\/10\/10\/oktoberfest-de-marata-inicia-quarta-feira\/#breadcrumb","itemListElement":[{"@type":"ListItem","position":1,"name":"In\u00edcio","item":"https:\/\/folhapopular.info\/"},{"@type":"ListItem","position":2,"name":"Oktoberfest de Marat\u00e1 inicia quarta-feira"}]},{"@type":"WebSite","@id":"https:\/\/folhapopular.info\/#website","url":"https:\/\/folhapopular.info\/","name":"Folha Popular","description":"Onde voc\u00ea tem vez e voz","potentialAction":[{"@type":"SearchAction","target":{"@type":"EntryPoint","urlTemplate":"https:\/\/folhapopular.info\/?s={search_term_string}"},"query-input":{"@type":"PropertyValueSpecification","valueRequired":true,"valueName":"search_term_string"}}],"inLanguage":"pt-BR"},{"@type":"Person","@id":"https:\/\/folhapopular.info\/#\/schema\/person\/2814e8a0df7643585a9ca38bc6eb9d4b","name":"Reda\u00e7\u00e3o Folha Popular","image":{"@type":"ImageObject","inLanguage":"pt-BR","@id":"https:\/\/folhapopular.info\/wp-content\/uploads\/2026\/04\/Folha-1.webp","url":"https:\/\/folhapopular.info\/wp-content\/uploads\/2026\/04\/Folha-1.webp","contentUrl":"https:\/\/folhapopular.info\/wp-content\/uploads\/2026\/04\/Folha-1.webp","caption":"Reda\u00e7\u00e3o Folha Popular"},"url":"https:\/\/folhapopular.info\/index.php\/author\/redacao\/"}]}},"jetpack_featured_media_url":"https:\/\/folhapopular.info\/wp-content\/uploads\/2017\/10\/Oktoberfest-ocorre-em-sua-14\u00aa-edi\u00e7\u00e3o-e1507637602990.jpg","jetpack_sharing_enabled":true,"amp_enabled":true,"_links":{"self":[{"href":"https:\/\/folhapopular.info\/index.php\/wp-json\/wp\/v2\/posts\/36169","targetHints":{"allow":["GET"]}}],"collection":[{"href":"https:\/\/folhapopular.info\/index.php\/wp-json\/wp\/v2\/posts"}],"about":[{"href":"https:\/\/folhapopular.info\/index.php\/wp-json\/wp\/v2\/types\/post"}],"author":[{"embeddable":true,"href":"https:\/\/folhapopular.info\/index.php\/wp-json\/wp\/v2\/users\/8"}],"replies":[{"embeddable":true,"href":"https:\/\/folhapopular.info\/index.php\/wp-json\/wp\/v2\/comments?post=36169"}],"version-history":[{"count":0,"href":"https:\/\/folhapopular.info\/index.php\/wp-json\/wp\/v2\/posts\/36169\/revisions"}],"wp:featuredmedia":[{"embeddable":true,"href":"https:\/\/folhapopular.info\/index.php\/wp-json\/wp\/v2\/media\/36170"}],"wp:attachment":[{"href":"https:\/\/folhapopular.info\/index.php\/wp-json\/wp\/v2\/media?parent=36169"}],"wp:term":[{"taxonomy":"category","embeddable":true,"href":"https:\/\/folhapopular.info\/index.php\/wp-json\/wp\/v2\/categories?post=36169"},{"taxonomy":"post_tag","embeddable":true,"href":"https:\/\/folhapopular.info\/index.php\/wp-json\/wp\/v2\/tags?post=36169"}],"curies":[{"name":"wp","href":"https:\/\/api.w.org\/{rel}","templated":true}]}}