{"id":36324,"date":"2017-10-13T14:37:26","date_gmt":"2017-10-13T17:37:26","guid":{"rendered":"http:\/\/folhapopular.info\/?p=36324"},"modified":"2017-10-13T14:37:26","modified_gmt":"2017-10-13T17:37:26","slug":"defesa-civil-e-prefeitura-de-lajeado-se-mobilizam-em-funcao-de-nova-enchente","status":"publish","type":"post","link":"https:\/\/folhapopular.info\/index.php\/2017\/10\/13\/defesa-civil-e-prefeitura-de-lajeado-se-mobilizam-em-funcao-de-nova-enchente\/","title":{"rendered":"Defesa Civil e Prefeitura de Lajeado se mobilizam em fun\u00e7\u00e3o de nova enchente"},"content":{"rendered":"<p>As fortes chuvas registradas nos \u00faltimos dias ir\u00e3o acometer as \u00e1reas mais baixas da cidade de Lajeado com alagamentos. Conforme o coordenador da Defesa Civil de Lajeado, Heitor Hoppe, o Rio Taquari deve atingir a cota dos 20,5 metros a 21 metros at\u00e9 a meia noite desta sexta-feira, dia 13 de outubro. \u201cO n\u00edvel do Rio Taquari est\u00e1 subindo devagar, mas com base nos dados, trabalhamos com a expectativa do rio coninuar subindo at\u00e9 por volta da meia noite desta sexta-feira\u201d, adianta Hoppe. \u00c0s 10h desta sexta-feira, o Rio Taquari atingiu o n\u00edvel dos 18m76cm em Lajeado, tendo subido 11cm entre as 9h e 10h da manh\u00e3. O n\u00edvel normal do Rio Taquari, em Lajeado, \u00e9 de 13 metros. De acordo com Hoppe, duas fam\u00edlias j\u00e1 foram retiradas de suas casas, mas a expectativa \u00e9 de que essa enchente demande a retirada de 10 a 12 fam\u00edlias. Se chegar \u00e0 cota dos 21 metros, cerca de 15 fam\u00edlias dever\u00e3o ser retiradas de suas casas.<\/p>\n<p>\u201cEstamos monitorando o comportamento do rio e vamos retirar as fam\u00edlias antes que as \u00e1guas atinjam suas resid\u00eancias\u201d, esclarece Hoppe. As fam\u00edlias que n\u00e3o puderem se abrigar na casa de parentes, ser\u00e3o levadas para o Centro Esportivo Municipal (CEM) M\u00e1rio Lampert, no Bairro S\u00e3o Crist\u00f3v\u00e3o. A Prefeitura de Lajeado, atrav\u00e9s das secretarias de Obras e Servi\u00e7os P\u00fablicos (Seosp), Trabalho, Habita\u00e7\u00e3o e Assistencia Social (Sthas), Meio Ambiente (Sema) e Sa\u00fade (Sesa), est\u00e3o mobilizadas na retirada das fam\u00edlias e na assist\u00eancia prestada junto ao abrigo montado no CEM. Refei\u00e7\u00f5es ser\u00e3o distribuidas aos desalojados, de modo que recebem caf\u00e9, almo\u00e7o e janta. O Departamento de Tr\u00e2nsito, por sua vez, monitora as vias que devem ser atingidas pelas \u00e1guas e, por consequ\u00eancia, ficarem interditadas. A Rua Arnoldo Uhry, entre os bairros Moinhos e Jardim do Cedro, bem como as vias Francisco Oscar Karnal, D\u00e9cio Martins Costa, Santos Filho e Carlos Sphor Filho, no Centro, devem ficar alagadas caso a n\u00edvel do Rio ultrapasse o n\u00edvel dos 20,5 metros.<\/p>\n","protected":false},"excerpt":{"rendered":"<p>As fortes chuvas registradas nos \u00faltimos dias ir\u00e3o acometer as \u00e1reas mais baixas da cidade de Lajeado com alagamentos. Conforme o coordenador da Defesa Civil de Lajeado, Heitor Hoppe, o Rio Taquari deve atingir a cota dos 20,5 metros a 21 metros at\u00e9 a meia noite desta sexta-feira, dia 13 de outubro. \u201cO n\u00edvel do [&hellip;]<\/p>\n","protected":false},"author":8,"featured_media":36325,"comment_status":"open","ping_status":"open","sticky":false,"template":"","format":"standard","meta":{"pmpro_default_level":"","_jetpack_memberships_contains_paid_content":false,"footnotes":""},"categories":[2,3],"tags":[1240,27,207],"class_list":{"0":"post-36324","1":"post","2":"type-post","3":"status-publish","4":"format-standard","5":"has-post-thumbnail","7":"category-featured","8":"category-geral","9":"tag-cheias","10":"tag-lajeado","11":"tag-rio-taquari","12":"pmpro-has-access"},"yoast_head":"<!-- This site is optimized with the Yoast SEO plugin v27.5 - https:\/\/yoast.com\/product\/yoast-seo-wordpress\/ -->\n<title>Defesa Civil e Prefeitura de Lajeado se mobilizam em fun\u00e7\u00e3o de nova enchente - Folha Popular<\/title>\n<meta name=\"robots\" content=\"index, follow, max-snippet:-1, max-image-preview:large, max-video-preview:-1\" \/>\n<link rel=\"canonical\" href=\"https:\/\/folhapopular.info\/index.php\/2017\/10\/13\/defesa-civil-e-prefeitura-de-lajeado-se-mobilizam-em-funcao-de-nova-enchente\/\" \/>\n<meta property=\"og:locale\" content=\"pt_BR\" \/>\n<meta property=\"og:type\" content=\"article\" \/>\n<meta property=\"og:title\" content=\"Defesa Civil e Prefeitura de Lajeado se mobilizam em fun\u00e7\u00e3o de nova enchente - Folha Popular\" \/>\n<meta property=\"og:description\" content=\"As fortes chuvas registradas nos \u00faltimos dias ir\u00e3o acometer as \u00e1reas mais baixas da cidade de Lajeado com alagamentos. Conforme o coordenador da Defesa Civil de Lajeado, Heitor Hoppe, o Rio Taquari deve atingir a cota dos 20,5 metros a 21 metros at\u00e9 a meia noite desta sexta-feira, dia 13 de outubro. \u201cO n\u00edvel do [&hellip;]\" \/>\n<meta property=\"og:url\" content=\"https:\/\/folhapopular.info\/index.php\/2017\/10\/13\/defesa-civil-e-prefeitura-de-lajeado-se-mobilizam-em-funcao-de-nova-enchente\/\" \/>\n<meta property=\"og:site_name\" content=\"Folha Popular\" \/>\n<meta property=\"article:published_time\" content=\"2017-10-13T17:37:26+00:00\" \/>\n<meta property=\"og:image\" content=\"https:\/\/folhapopular.info\/wp-content\/uploads\/2017\/10\/Rio-Taquari-deve-atingir-cota-acima-dos-20-metros-em-Lajeado-e1507916234310.jpg\" \/>\n\t<meta property=\"og:image:width\" content=\"1000\" \/>\n\t<meta property=\"og:image:height\" content=\"667\" \/>\n\t<meta property=\"og:image:type\" content=\"image\/jpeg\" \/>\n<meta name=\"author\" content=\"Reda\u00e7\u00e3o Folha Popular\" \/>\n<meta name=\"twitter:card\" content=\"summary_large_image\" \/>\n<meta name=\"twitter:label1\" content=\"Escrito por\" \/>\n\t<meta name=\"twitter:data1\" content=\"Reda\u00e7\u00e3o Folha Popular\" \/>\n\t<meta name=\"twitter:label2\" content=\"Est. tempo de leitura\" \/>\n\t<meta name=\"twitter:data2\" content=\"2 minutos\" \/>\n<script type=\"application\/ld+json\" class=\"yoast-schema-graph\">{\"@context\":\"https:\\\/\\\/schema.org\",\"@graph\":[{\"@type\":\"Article\",\"@id\":\"https:\\\/\\\/folhapopular.info\\\/index.php\\\/2017\\\/10\\\/13\\\/defesa-civil-e-prefeitura-de-lajeado-se-mobilizam-em-funcao-de-nova-enchente\\\/#article\",\"isPartOf\":{\"@id\":\"https:\\\/\\\/folhapopular.info\\\/index.php\\\/2017\\\/10\\\/13\\\/defesa-civil-e-prefeitura-de-lajeado-se-mobilizam-em-funcao-de-nova-enchente\\\/\"},\"author\":{\"name\":\"Reda\u00e7\u00e3o Folha Popular\",\"@id\":\"https:\\\/\\\/folhapopular.info\\\/#\\\/schema\\\/person\\\/2814e8a0df7643585a9ca38bc6eb9d4b\"},\"headline\":\"Defesa Civil e Prefeitura de Lajeado se mobilizam em fun\u00e7\u00e3o de nova enchente\",\"datePublished\":\"2017-10-13T17:37:26+00:00\",\"mainEntityOfPage\":{\"@id\":\"https:\\\/\\\/folhapopular.info\\\/index.php\\\/2017\\\/10\\\/13\\\/defesa-civil-e-prefeitura-de-lajeado-se-mobilizam-em-funcao-de-nova-enchente\\\/\"},\"wordCount\":364,\"commentCount\":0,\"image\":{\"@id\":\"https:\\\/\\\/folhapopular.info\\\/index.php\\\/2017\\\/10\\\/13\\\/defesa-civil-e-prefeitura-de-lajeado-se-mobilizam-em-funcao-de-nova-enchente\\\/#primaryimage\"},\"thumbnailUrl\":\"https:\\\/\\\/folhapopular.info\\\/wp-content\\\/uploads\\\/2017\\\/10\\\/Rio-Taquari-deve-atingir-cota-acima-dos-20-metros-em-Lajeado-e1507916234310.jpg\",\"keywords\":[\"Cheias\",\"Lajeado\",\"Rio Taquari\"],\"articleSection\":[\"Destaques\",\"Geral\"],\"inLanguage\":\"pt-BR\",\"potentialAction\":[{\"@type\":\"CommentAction\",\"name\":\"Comment\",\"target\":[\"https:\\\/\\\/folhapopular.info\\\/index.php\\\/2017\\\/10\\\/13\\\/defesa-civil-e-prefeitura-de-lajeado-se-mobilizam-em-funcao-de-nova-enchente\\\/#respond\"]}]},{\"@type\":\"WebPage\",\"@id\":\"https:\\\/\\\/folhapopular.info\\\/index.php\\\/2017\\\/10\\\/13\\\/defesa-civil-e-prefeitura-de-lajeado-se-mobilizam-em-funcao-de-nova-enchente\\\/\",\"url\":\"https:\\\/\\\/folhapopular.info\\\/index.php\\\/2017\\\/10\\\/13\\\/defesa-civil-e-prefeitura-de-lajeado-se-mobilizam-em-funcao-de-nova-enchente\\\/\",\"name\":\"Defesa Civil e Prefeitura de Lajeado se mobilizam em fun\u00e7\u00e3o de nova enchente - Folha Popular\",\"isPartOf\":{\"@id\":\"https:\\\/\\\/folhapopular.info\\\/#website\"},\"primaryImageOfPage\":{\"@id\":\"https:\\\/\\\/folhapopular.info\\\/index.php\\\/2017\\\/10\\\/13\\\/defesa-civil-e-prefeitura-de-lajeado-se-mobilizam-em-funcao-de-nova-enchente\\\/#primaryimage\"},\"image\":{\"@id\":\"https:\\\/\\\/folhapopular.info\\\/index.php\\\/2017\\\/10\\\/13\\\/defesa-civil-e-prefeitura-de-lajeado-se-mobilizam-em-funcao-de-nova-enchente\\\/#primaryimage\"},\"thumbnailUrl\":\"https:\\\/\\\/folhapopular.info\\\/wp-content\\\/uploads\\\/2017\\\/10\\\/Rio-Taquari-deve-atingir-cota-acima-dos-20-metros-em-Lajeado-e1507916234310.jpg\",\"datePublished\":\"2017-10-13T17:37:26+00:00\",\"author\":{\"@id\":\"https:\\\/\\\/folhapopular.info\\\/#\\\/schema\\\/person\\\/2814e8a0df7643585a9ca38bc6eb9d4b\"},\"breadcrumb\":{\"@id\":\"https:\\\/\\\/folhapopular.info\\\/index.php\\\/2017\\\/10\\\/13\\\/defesa-civil-e-prefeitura-de-lajeado-se-mobilizam-em-funcao-de-nova-enchente\\\/#breadcrumb\"},\"inLanguage\":\"pt-BR\",\"potentialAction\":[{\"@type\":\"ReadAction\",\"target\":[\"https:\\\/\\\/folhapopular.info\\\/index.php\\\/2017\\\/10\\\/13\\\/defesa-civil-e-prefeitura-de-lajeado-se-mobilizam-em-funcao-de-nova-enchente\\\/\"]}]},{\"@type\":\"ImageObject\",\"inLanguage\":\"pt-BR\",\"@id\":\"https:\\\/\\\/folhapopular.info\\\/index.php\\\/2017\\\/10\\\/13\\\/defesa-civil-e-prefeitura-de-lajeado-se-mobilizam-em-funcao-de-nova-enchente\\\/#primaryimage\",\"url\":\"https:\\\/\\\/folhapopular.info\\\/wp-content\\\/uploads\\\/2017\\\/10\\\/Rio-Taquari-deve-atingir-cota-acima-dos-20-metros-em-Lajeado-e1507916234310.jpg\",\"contentUrl\":\"https:\\\/\\\/folhapopular.info\\\/wp-content\\\/uploads\\\/2017\\\/10\\\/Rio-Taquari-deve-atingir-cota-acima-dos-20-metros-em-Lajeado-e1507916234310.jpg\",\"width\":1000,\"height\":667,\"caption\":\"Rio Taquari deve atingir cota acima dos 20 metros em Lajeado\"},{\"@type\":\"BreadcrumbList\",\"@id\":\"https:\\\/\\\/folhapopular.info\\\/index.php\\\/2017\\\/10\\\/13\\\/defesa-civil-e-prefeitura-de-lajeado-se-mobilizam-em-funcao-de-nova-enchente\\\/#breadcrumb\",\"itemListElement\":[{\"@type\":\"ListItem\",\"position\":1,\"name\":\"In\u00edcio\",\"item\":\"https:\\\/\\\/folhapopular.info\\\/\"},{\"@type\":\"ListItem\",\"position\":2,\"name\":\"Defesa Civil e Prefeitura de Lajeado se mobilizam em fun\u00e7\u00e3o de nova enchente\"}]},{\"@type\":\"WebSite\",\"@id\":\"https:\\\/\\\/folhapopular.info\\\/#website\",\"url\":\"https:\\\/\\\/folhapopular.info\\\/\",\"name\":\"Folha Popular\",\"description\":\"Onde voc\u00ea tem vez e voz\",\"potentialAction\":[{\"@type\":\"SearchAction\",\"target\":{\"@type\":\"EntryPoint\",\"urlTemplate\":\"https:\\\/\\\/folhapopular.info\\\/?s={search_term_string}\"},\"query-input\":{\"@type\":\"PropertyValueSpecification\",\"valueRequired\":true,\"valueName\":\"search_term_string\"}}],\"inLanguage\":\"pt-BR\"},{\"@type\":\"Person\",\"@id\":\"https:\\\/\\\/folhapopular.info\\\/#\\\/schema\\\/person\\\/2814e8a0df7643585a9ca38bc6eb9d4b\",\"name\":\"Reda\u00e7\u00e3o Folha Popular\",\"image\":{\"@type\":\"ImageObject\",\"inLanguage\":\"pt-BR\",\"@id\":\"https:\\\/\\\/folhapopular.info\\\/wp-content\\\/uploads\\\/2026\\\/04\\\/Folha-1.webp\",\"url\":\"https:\\\/\\\/folhapopular.info\\\/wp-content\\\/uploads\\\/2026\\\/04\\\/Folha-1.webp\",\"contentUrl\":\"https:\\\/\\\/folhapopular.info\\\/wp-content\\\/uploads\\\/2026\\\/04\\\/Folha-1.webp\",\"caption\":\"Reda\u00e7\u00e3o Folha Popular\"},\"url\":\"https:\\\/\\\/folhapopular.info\\\/index.php\\\/author\\\/redacao\\\/\"}]}<\/script>\n<!-- \/ Yoast SEO plugin. -->","yoast_head_json":{"title":"Defesa Civil e Prefeitura de Lajeado se mobilizam em fun\u00e7\u00e3o de nova enchente - Folha Popular","robots":{"index":"index","follow":"follow","max-snippet":"max-snippet:-1","max-image-preview":"max-image-preview:large","max-video-preview":"max-video-preview:-1"},"canonical":"https:\/\/folhapopular.info\/index.php\/2017\/10\/13\/defesa-civil-e-prefeitura-de-lajeado-se-mobilizam-em-funcao-de-nova-enchente\/","og_locale":"pt_BR","og_type":"article","og_title":"Defesa Civil e Prefeitura de Lajeado se mobilizam em fun\u00e7\u00e3o de nova enchente - Folha Popular","og_description":"As fortes chuvas registradas nos \u00faltimos dias ir\u00e3o acometer as \u00e1reas mais baixas da cidade de Lajeado com alagamentos. Conforme o coordenador da Defesa Civil de Lajeado, Heitor Hoppe, o Rio Taquari deve atingir a cota dos 20,5 metros a 21 metros at\u00e9 a meia noite desta sexta-feira, dia 13 de outubro. \u201cO n\u00edvel do [&hellip;]","og_url":"https:\/\/folhapopular.info\/index.php\/2017\/10\/13\/defesa-civil-e-prefeitura-de-lajeado-se-mobilizam-em-funcao-de-nova-enchente\/","og_site_name":"Folha Popular","article_published_time":"2017-10-13T17:37:26+00:00","og_image":[{"width":1000,"height":667,"url":"https:\/\/folhapopular.info\/wp-content\/uploads\/2017\/10\/Rio-Taquari-deve-atingir-cota-acima-dos-20-metros-em-Lajeado-e1507916234310.jpg","type":"image\/jpeg"}],"author":"Reda\u00e7\u00e3o Folha Popular","twitter_card":"summary_large_image","twitter_misc":{"Escrito por":"Reda\u00e7\u00e3o Folha Popular","Est. tempo de leitura":"2 minutos"},"schema":{"@context":"https:\/\/schema.org","@graph":[{"@type":"Article","@id":"https:\/\/folhapopular.info\/index.php\/2017\/10\/13\/defesa-civil-e-prefeitura-de-lajeado-se-mobilizam-em-funcao-de-nova-enchente\/#article","isPartOf":{"@id":"https:\/\/folhapopular.info\/index.php\/2017\/10\/13\/defesa-civil-e-prefeitura-de-lajeado-se-mobilizam-em-funcao-de-nova-enchente\/"},"author":{"name":"Reda\u00e7\u00e3o Folha Popular","@id":"https:\/\/folhapopular.info\/#\/schema\/person\/2814e8a0df7643585a9ca38bc6eb9d4b"},"headline":"Defesa Civil e Prefeitura de Lajeado se mobilizam em fun\u00e7\u00e3o de nova enchente","datePublished":"2017-10-13T17:37:26+00:00","mainEntityOfPage":{"@id":"https:\/\/folhapopular.info\/index.php\/2017\/10\/13\/defesa-civil-e-prefeitura-de-lajeado-se-mobilizam-em-funcao-de-nova-enchente\/"},"wordCount":364,"commentCount":0,"image":{"@id":"https:\/\/folhapopular.info\/index.php\/2017\/10\/13\/defesa-civil-e-prefeitura-de-lajeado-se-mobilizam-em-funcao-de-nova-enchente\/#primaryimage"},"thumbnailUrl":"https:\/\/folhapopular.info\/wp-content\/uploads\/2017\/10\/Rio-Taquari-deve-atingir-cota-acima-dos-20-metros-em-Lajeado-e1507916234310.jpg","keywords":["Cheias","Lajeado","Rio Taquari"],"articleSection":["Destaques","Geral"],"inLanguage":"pt-BR","potentialAction":[{"@type":"CommentAction","name":"Comment","target":["https:\/\/folhapopular.info\/index.php\/2017\/10\/13\/defesa-civil-e-prefeitura-de-lajeado-se-mobilizam-em-funcao-de-nova-enchente\/#respond"]}]},{"@type":"WebPage","@id":"https:\/\/folhapopular.info\/index.php\/2017\/10\/13\/defesa-civil-e-prefeitura-de-lajeado-se-mobilizam-em-funcao-de-nova-enchente\/","url":"https:\/\/folhapopular.info\/index.php\/2017\/10\/13\/defesa-civil-e-prefeitura-de-lajeado-se-mobilizam-em-funcao-de-nova-enchente\/","name":"Defesa Civil e Prefeitura de Lajeado se mobilizam em fun\u00e7\u00e3o de nova enchente - Folha Popular","isPartOf":{"@id":"https:\/\/folhapopular.info\/#website"},"primaryImageOfPage":{"@id":"https:\/\/folhapopular.info\/index.php\/2017\/10\/13\/defesa-civil-e-prefeitura-de-lajeado-se-mobilizam-em-funcao-de-nova-enchente\/#primaryimage"},"image":{"@id":"https:\/\/folhapopular.info\/index.php\/2017\/10\/13\/defesa-civil-e-prefeitura-de-lajeado-se-mobilizam-em-funcao-de-nova-enchente\/#primaryimage"},"thumbnailUrl":"https:\/\/folhapopular.info\/wp-content\/uploads\/2017\/10\/Rio-Taquari-deve-atingir-cota-acima-dos-20-metros-em-Lajeado-e1507916234310.jpg","datePublished":"2017-10-13T17:37:26+00:00","author":{"@id":"https:\/\/folhapopular.info\/#\/schema\/person\/2814e8a0df7643585a9ca38bc6eb9d4b"},"breadcrumb":{"@id":"https:\/\/folhapopular.info\/index.php\/2017\/10\/13\/defesa-civil-e-prefeitura-de-lajeado-se-mobilizam-em-funcao-de-nova-enchente\/#breadcrumb"},"inLanguage":"pt-BR","potentialAction":[{"@type":"ReadAction","target":["https:\/\/folhapopular.info\/index.php\/2017\/10\/13\/defesa-civil-e-prefeitura-de-lajeado-se-mobilizam-em-funcao-de-nova-enchente\/"]}]},{"@type":"ImageObject","inLanguage":"pt-BR","@id":"https:\/\/folhapopular.info\/index.php\/2017\/10\/13\/defesa-civil-e-prefeitura-de-lajeado-se-mobilizam-em-funcao-de-nova-enchente\/#primaryimage","url":"https:\/\/folhapopular.info\/wp-content\/uploads\/2017\/10\/Rio-Taquari-deve-atingir-cota-acima-dos-20-metros-em-Lajeado-e1507916234310.jpg","contentUrl":"https:\/\/folhapopular.info\/wp-content\/uploads\/2017\/10\/Rio-Taquari-deve-atingir-cota-acima-dos-20-metros-em-Lajeado-e1507916234310.jpg","width":1000,"height":667,"caption":"Rio Taquari deve atingir cota acima dos 20 metros em Lajeado"},{"@type":"BreadcrumbList","@id":"https:\/\/folhapopular.info\/index.php\/2017\/10\/13\/defesa-civil-e-prefeitura-de-lajeado-se-mobilizam-em-funcao-de-nova-enchente\/#breadcrumb","itemListElement":[{"@type":"ListItem","position":1,"name":"In\u00edcio","item":"https:\/\/folhapopular.info\/"},{"@type":"ListItem","position":2,"name":"Defesa Civil e Prefeitura de Lajeado se mobilizam em fun\u00e7\u00e3o de nova enchente"}]},{"@type":"WebSite","@id":"https:\/\/folhapopular.info\/#website","url":"https:\/\/folhapopular.info\/","name":"Folha Popular","description":"Onde voc\u00ea tem vez e voz","potentialAction":[{"@type":"SearchAction","target":{"@type":"EntryPoint","urlTemplate":"https:\/\/folhapopular.info\/?s={search_term_string}"},"query-input":{"@type":"PropertyValueSpecification","valueRequired":true,"valueName":"search_term_string"}}],"inLanguage":"pt-BR"},{"@type":"Person","@id":"https:\/\/folhapopular.info\/#\/schema\/person\/2814e8a0df7643585a9ca38bc6eb9d4b","name":"Reda\u00e7\u00e3o Folha Popular","image":{"@type":"ImageObject","inLanguage":"pt-BR","@id":"https:\/\/folhapopular.info\/wp-content\/uploads\/2026\/04\/Folha-1.webp","url":"https:\/\/folhapopular.info\/wp-content\/uploads\/2026\/04\/Folha-1.webp","contentUrl":"https:\/\/folhapopular.info\/wp-content\/uploads\/2026\/04\/Folha-1.webp","caption":"Reda\u00e7\u00e3o Folha Popular"},"url":"https:\/\/folhapopular.info\/index.php\/author\/redacao\/"}]}},"jetpack_featured_media_url":"https:\/\/folhapopular.info\/wp-content\/uploads\/2017\/10\/Rio-Taquari-deve-atingir-cota-acima-dos-20-metros-em-Lajeado-e1507916234310.jpg","jetpack_sharing_enabled":true,"amp_enabled":true,"_links":{"self":[{"href":"https:\/\/folhapopular.info\/index.php\/wp-json\/wp\/v2\/posts\/36324","targetHints":{"allow":["GET"]}}],"collection":[{"href":"https:\/\/folhapopular.info\/index.php\/wp-json\/wp\/v2\/posts"}],"about":[{"href":"https:\/\/folhapopular.info\/index.php\/wp-json\/wp\/v2\/types\/post"}],"author":[{"embeddable":true,"href":"https:\/\/folhapopular.info\/index.php\/wp-json\/wp\/v2\/users\/8"}],"replies":[{"embeddable":true,"href":"https:\/\/folhapopular.info\/index.php\/wp-json\/wp\/v2\/comments?post=36324"}],"version-history":[{"count":0,"href":"https:\/\/folhapopular.info\/index.php\/wp-json\/wp\/v2\/posts\/36324\/revisions"}],"wp:featuredmedia":[{"embeddable":true,"href":"https:\/\/folhapopular.info\/index.php\/wp-json\/wp\/v2\/media\/36325"}],"wp:attachment":[{"href":"https:\/\/folhapopular.info\/index.php\/wp-json\/wp\/v2\/media?parent=36324"}],"wp:term":[{"taxonomy":"category","embeddable":true,"href":"https:\/\/folhapopular.info\/index.php\/wp-json\/wp\/v2\/categories?post=36324"},{"taxonomy":"post_tag","embeddable":true,"href":"https:\/\/folhapopular.info\/index.php\/wp-json\/wp\/v2\/tags?post=36324"}],"curies":[{"name":"wp","href":"https:\/\/api.w.org\/{rel}","templated":true}]}}