{"id":36519,"date":"2017-10-19T14:00:53","date_gmt":"2017-10-19T16:00:53","guid":{"rendered":"http:\/\/folhapopular.info\/?p=36519"},"modified":"2017-10-19T09:41:05","modified_gmt":"2017-10-19T11:41:05","slug":"imigrante-sediara-o-5o-encontro-de-agroecologia-do-vale-do-taquari","status":"publish","type":"post","link":"https:\/\/folhapopular.info\/index.php\/2017\/10\/19\/imigrante-sediara-o-5o-encontro-de-agroecologia-do-vale-do-taquari\/","title":{"rendered":"Imigrante sediar\u00e1 o 5\u00ba Encontro de Agroecologia do Vale do Taquari"},"content":{"rendered":"<p>O quinto Encontro Regional de Agroecologia do Vale do Taquari, organizado pela Articula\u00e7\u00e3o de Agroecologia do Vale do Taquari (AAVT), ser\u00e1 realizado no dia 26 de outubro, na sede do Piquete Ra\u00e7a Campeira, em Imigrante. \u201cConstruindo a agroecologia no Vale do Taquari\u201d \u00e9 o tema das atividades, que ser\u00e3o voltadas para a produ\u00e7\u00e3o org\u00e2nica.<\/p>\n<p>O encontro ir\u00e1 iniciar \u00e0s 8h30min, com recep\u00e7\u00e3o, credenciamento e a abertura. \u00c0s 9h30min ser\u00e1 realizada palestra com o M\u00e9dico Veterin\u00e1rioe HomeopataPopular, Alexandre Mendon\u00e7a. J\u00e1 \u00e0s 11h15min, o agricultor biodin\u00e2mico, Juarez Ant\u00f4nio Pereira, ir\u00e1 falar sobre produ\u00e7\u00e3o agroecol\u00f3gica em escala de arroz org\u00e2nico.<\/p>\n<p>Ao meio-dia haver\u00e1 um almo\u00e7o comunit\u00e1rio, no qual a proposta \u00e9 que cada participante traga um lanche que ser\u00e1 compartilhado com os demais, bem como sementes e mudas que ser\u00e3o trocadas.<\/p>\n<p>A partir das 13h30min ser\u00e3o realizadas oficinas sobre a vespa para controle biol\u00f3gico de lagartas com a bi\u00f3loga Gabriela Alles, controle de \u00e1caro praga com \u00e1caros predadores do Laborat\u00f3rio de Acarologia da UNIVATES, homeopatia na produ\u00e7\u00e3o animal e vegetal com Alexandre Mendon\u00e7a, e agricultura biodin\u00e2mica com Juarez Ant\u00f4nio Pereira.<\/p>\n<p>A organiza\u00e7\u00e3o recomenda que os interessados em participar tragam, al\u00e9m do lanche, caneta, bloco de anota\u00e7\u00f5es, e as mudas e sementes para trocar.<\/p>\n<p>O encontro \u00e9 promovido pela AAVT e conta com o apoio do Munic\u00edpio de Imigrnte. Mais informa\u00e7\u00f5es podem ser obtidas diretamente com a equipe da Emater-RsAscar de Imigrante ou pelo telefone (51) 3754 1032.<\/p>\n","protected":false},"excerpt":{"rendered":"<p>O quinto Encontro Regional de Agroecologia do Vale do Taquari, organizado pela Articula\u00e7\u00e3o de Agroecologia do Vale do Taquari (AAVT), ser\u00e1 realizado no dia 26 de outubro, na sede do Piquete Ra\u00e7a Campeira, em Imigrante. \u201cConstruindo a agroecologia no Vale do Taquari\u201d \u00e9 o tema das atividades, que ser\u00e3o voltadas para a produ\u00e7\u00e3o org\u00e2nica. O [&hellip;]<\/p>\n","protected":false},"author":8,"featured_media":31867,"comment_status":"open","ping_status":"open","sticky":false,"template":"","format":"standard","meta":{"pmpro_default_level":"","_jetpack_memberships_contains_paid_content":false,"footnotes":""},"categories":[3],"tags":[1271,34],"class_list":{"0":"post-36519","1":"post","2":"type-post","3":"status-publish","4":"format-standard","5":"has-post-thumbnail","7":"category-geral","8":"tag-encontro-de-agroecologia-do-vale-do-taquari","9":"tag-imigrante","10":"pmpro-has-access"},"yoast_head":"<!-- This site is optimized with the Yoast SEO plugin v27.5 - https:\/\/yoast.com\/product\/yoast-seo-wordpress\/ -->\n<title>Imigrante sediar\u00e1 o 5\u00ba Encontro de Agroecologia do Vale do Taquari - Folha Popular<\/title>\n<meta name=\"robots\" content=\"index, follow, max-snippet:-1, max-image-preview:large, max-video-preview:-1\" \/>\n<link rel=\"canonical\" href=\"https:\/\/folhapopular.info\/index.php\/2017\/10\/19\/imigrante-sediara-o-5o-encontro-de-agroecologia-do-vale-do-taquari\/\" \/>\n<meta property=\"og:locale\" content=\"pt_BR\" \/>\n<meta property=\"og:type\" content=\"article\" \/>\n<meta property=\"og:title\" content=\"Imigrante sediar\u00e1 o 5\u00ba Encontro de Agroecologia do Vale do Taquari - Folha Popular\" \/>\n<meta property=\"og:description\" content=\"O quinto Encontro Regional de Agroecologia do Vale do Taquari, organizado pela Articula\u00e7\u00e3o de Agroecologia do Vale do Taquari (AAVT), ser\u00e1 realizado no dia 26 de outubro, na sede do Piquete Ra\u00e7a Campeira, em Imigrante. \u201cConstruindo a agroecologia no Vale do Taquari\u201d \u00e9 o tema das atividades, que ser\u00e3o voltadas para a produ\u00e7\u00e3o org\u00e2nica. O [&hellip;]\" \/>\n<meta property=\"og:url\" content=\"https:\/\/folhapopular.info\/index.php\/2017\/10\/19\/imigrante-sediara-o-5o-encontro-de-agroecologia-do-vale-do-taquari\/\" \/>\n<meta property=\"og:site_name\" content=\"Folha Popular\" \/>\n<meta property=\"article:published_time\" content=\"2017-10-19T16:00:53+00:00\" \/>\n<meta property=\"og:image\" content=\"https:\/\/folhapopular.info\/wp-content\/uploads\/2017\/06\/Not\u00edcias_SITE-1-e1543404686907.jpg\" \/>\n\t<meta property=\"og:image:width\" content=\"800\" \/>\n\t<meta property=\"og:image:height\" content=\"514\" \/>\n\t<meta property=\"og:image:type\" content=\"image\/jpeg\" \/>\n<meta name=\"author\" content=\"Reda\u00e7\u00e3o Folha Popular\" \/>\n<meta name=\"twitter:card\" content=\"summary_large_image\" \/>\n<meta name=\"twitter:label1\" content=\"Escrito por\" \/>\n\t<meta name=\"twitter:data1\" content=\"Reda\u00e7\u00e3o Folha Popular\" \/>\n\t<meta name=\"twitter:label2\" content=\"Est. tempo de leitura\" \/>\n\t<meta name=\"twitter:data2\" content=\"1 minuto\" \/>\n<script type=\"application\/ld+json\" class=\"yoast-schema-graph\">{\"@context\":\"https:\\\/\\\/schema.org\",\"@graph\":[{\"@type\":\"Article\",\"@id\":\"https:\\\/\\\/folhapopular.info\\\/index.php\\\/2017\\\/10\\\/19\\\/imigrante-sediara-o-5o-encontro-de-agroecologia-do-vale-do-taquari\\\/#article\",\"isPartOf\":{\"@id\":\"https:\\\/\\\/folhapopular.info\\\/index.php\\\/2017\\\/10\\\/19\\\/imigrante-sediara-o-5o-encontro-de-agroecologia-do-vale-do-taquari\\\/\"},\"author\":{\"name\":\"Reda\u00e7\u00e3o Folha Popular\",\"@id\":\"https:\\\/\\\/folhapopular.info\\\/#\\\/schema\\\/person\\\/2814e8a0df7643585a9ca38bc6eb9d4b\"},\"headline\":\"Imigrante sediar\u00e1 o 5\u00ba Encontro de Agroecologia do Vale do Taquari\",\"datePublished\":\"2017-10-19T16:00:53+00:00\",\"mainEntityOfPage\":{\"@id\":\"https:\\\/\\\/folhapopular.info\\\/index.php\\\/2017\\\/10\\\/19\\\/imigrante-sediara-o-5o-encontro-de-agroecologia-do-vale-do-taquari\\\/\"},\"wordCount\":271,\"commentCount\":0,\"image\":{\"@id\":\"https:\\\/\\\/folhapopular.info\\\/index.php\\\/2017\\\/10\\\/19\\\/imigrante-sediara-o-5o-encontro-de-agroecologia-do-vale-do-taquari\\\/#primaryimage\"},\"thumbnailUrl\":\"https:\\\/\\\/folhapopular.info\\\/wp-content\\\/uploads\\\/2017\\\/06\\\/Not\u00edcias_SITE-1-e1543404686907.jpg\",\"keywords\":[\"Encontro de Agroecologia do Vale do Taquari\",\"Imigrante\"],\"articleSection\":[\"Geral\"],\"inLanguage\":\"pt-BR\",\"potentialAction\":[{\"@type\":\"CommentAction\",\"name\":\"Comment\",\"target\":[\"https:\\\/\\\/folhapopular.info\\\/index.php\\\/2017\\\/10\\\/19\\\/imigrante-sediara-o-5o-encontro-de-agroecologia-do-vale-do-taquari\\\/#respond\"]}]},{\"@type\":\"WebPage\",\"@id\":\"https:\\\/\\\/folhapopular.info\\\/index.php\\\/2017\\\/10\\\/19\\\/imigrante-sediara-o-5o-encontro-de-agroecologia-do-vale-do-taquari\\\/\",\"url\":\"https:\\\/\\\/folhapopular.info\\\/index.php\\\/2017\\\/10\\\/19\\\/imigrante-sediara-o-5o-encontro-de-agroecologia-do-vale-do-taquari\\\/\",\"name\":\"Imigrante sediar\u00e1 o 5\u00ba Encontro de Agroecologia do Vale do Taquari - Folha Popular\",\"isPartOf\":{\"@id\":\"https:\\\/\\\/folhapopular.info\\\/#website\"},\"primaryImageOfPage\":{\"@id\":\"https:\\\/\\\/folhapopular.info\\\/index.php\\\/2017\\\/10\\\/19\\\/imigrante-sediara-o-5o-encontro-de-agroecologia-do-vale-do-taquari\\\/#primaryimage\"},\"image\":{\"@id\":\"https:\\\/\\\/folhapopular.info\\\/index.php\\\/2017\\\/10\\\/19\\\/imigrante-sediara-o-5o-encontro-de-agroecologia-do-vale-do-taquari\\\/#primaryimage\"},\"thumbnailUrl\":\"https:\\\/\\\/folhapopular.info\\\/wp-content\\\/uploads\\\/2017\\\/06\\\/Not\u00edcias_SITE-1-e1543404686907.jpg\",\"datePublished\":\"2017-10-19T16:00:53+00:00\",\"author\":{\"@id\":\"https:\\\/\\\/folhapopular.info\\\/#\\\/schema\\\/person\\\/2814e8a0df7643585a9ca38bc6eb9d4b\"},\"breadcrumb\":{\"@id\":\"https:\\\/\\\/folhapopular.info\\\/index.php\\\/2017\\\/10\\\/19\\\/imigrante-sediara-o-5o-encontro-de-agroecologia-do-vale-do-taquari\\\/#breadcrumb\"},\"inLanguage\":\"pt-BR\",\"potentialAction\":[{\"@type\":\"ReadAction\",\"target\":[\"https:\\\/\\\/folhapopular.info\\\/index.php\\\/2017\\\/10\\\/19\\\/imigrante-sediara-o-5o-encontro-de-agroecologia-do-vale-do-taquari\\\/\"]}]},{\"@type\":\"ImageObject\",\"inLanguage\":\"pt-BR\",\"@id\":\"https:\\\/\\\/folhapopular.info\\\/index.php\\\/2017\\\/10\\\/19\\\/imigrante-sediara-o-5o-encontro-de-agroecologia-do-vale-do-taquari\\\/#primaryimage\",\"url\":\"https:\\\/\\\/folhapopular.info\\\/wp-content\\\/uploads\\\/2017\\\/06\\\/Not\u00edcias_SITE-1-e1543404686907.jpg\",\"contentUrl\":\"https:\\\/\\\/folhapopular.info\\\/wp-content\\\/uploads\\\/2017\\\/06\\\/Not\u00edcias_SITE-1-e1543404686907.jpg\",\"width\":800,\"height\":514,\"caption\":\"Cadastro reserva ser\u00e1 para cinco \u00e1reas de atua\u00e7\u00e3o nas salas de aula\"},{\"@type\":\"BreadcrumbList\",\"@id\":\"https:\\\/\\\/folhapopular.info\\\/index.php\\\/2017\\\/10\\\/19\\\/imigrante-sediara-o-5o-encontro-de-agroecologia-do-vale-do-taquari\\\/#breadcrumb\",\"itemListElement\":[{\"@type\":\"ListItem\",\"position\":1,\"name\":\"In\u00edcio\",\"item\":\"https:\\\/\\\/folhapopular.info\\\/\"},{\"@type\":\"ListItem\",\"position\":2,\"name\":\"Imigrante sediar\u00e1 o 5\u00ba Encontro de Agroecologia do Vale do Taquari\"}]},{\"@type\":\"WebSite\",\"@id\":\"https:\\\/\\\/folhapopular.info\\\/#website\",\"url\":\"https:\\\/\\\/folhapopular.info\\\/\",\"name\":\"Folha Popular\",\"description\":\"Onde voc\u00ea tem vez e voz\",\"potentialAction\":[{\"@type\":\"SearchAction\",\"target\":{\"@type\":\"EntryPoint\",\"urlTemplate\":\"https:\\\/\\\/folhapopular.info\\\/?s={search_term_string}\"},\"query-input\":{\"@type\":\"PropertyValueSpecification\",\"valueRequired\":true,\"valueName\":\"search_term_string\"}}],\"inLanguage\":\"pt-BR\"},{\"@type\":\"Person\",\"@id\":\"https:\\\/\\\/folhapopular.info\\\/#\\\/schema\\\/person\\\/2814e8a0df7643585a9ca38bc6eb9d4b\",\"name\":\"Reda\u00e7\u00e3o Folha Popular\",\"image\":{\"@type\":\"ImageObject\",\"inLanguage\":\"pt-BR\",\"@id\":\"https:\\\/\\\/folhapopular.info\\\/wp-content\\\/uploads\\\/2026\\\/04\\\/Folha-1.webp\",\"url\":\"https:\\\/\\\/folhapopular.info\\\/wp-content\\\/uploads\\\/2026\\\/04\\\/Folha-1.webp\",\"contentUrl\":\"https:\\\/\\\/folhapopular.info\\\/wp-content\\\/uploads\\\/2026\\\/04\\\/Folha-1.webp\",\"caption\":\"Reda\u00e7\u00e3o Folha Popular\"},\"url\":\"https:\\\/\\\/folhapopular.info\\\/index.php\\\/author\\\/redacao\\\/\"}]}<\/script>\n<!-- \/ Yoast SEO plugin. -->","yoast_head_json":{"title":"Imigrante sediar\u00e1 o 5\u00ba Encontro de Agroecologia do Vale do Taquari - Folha Popular","robots":{"index":"index","follow":"follow","max-snippet":"max-snippet:-1","max-image-preview":"max-image-preview:large","max-video-preview":"max-video-preview:-1"},"canonical":"https:\/\/folhapopular.info\/index.php\/2017\/10\/19\/imigrante-sediara-o-5o-encontro-de-agroecologia-do-vale-do-taquari\/","og_locale":"pt_BR","og_type":"article","og_title":"Imigrante sediar\u00e1 o 5\u00ba Encontro de Agroecologia do Vale do Taquari - Folha Popular","og_description":"O quinto Encontro Regional de Agroecologia do Vale do Taquari, organizado pela Articula\u00e7\u00e3o de Agroecologia do Vale do Taquari (AAVT), ser\u00e1 realizado no dia 26 de outubro, na sede do Piquete Ra\u00e7a Campeira, em Imigrante. \u201cConstruindo a agroecologia no Vale do Taquari\u201d \u00e9 o tema das atividades, que ser\u00e3o voltadas para a produ\u00e7\u00e3o org\u00e2nica. O [&hellip;]","og_url":"https:\/\/folhapopular.info\/index.php\/2017\/10\/19\/imigrante-sediara-o-5o-encontro-de-agroecologia-do-vale-do-taquari\/","og_site_name":"Folha Popular","article_published_time":"2017-10-19T16:00:53+00:00","og_image":[{"width":800,"height":514,"url":"https:\/\/folhapopular.info\/wp-content\/uploads\/2017\/06\/Not\u00edcias_SITE-1-e1543404686907.jpg","type":"image\/jpeg"}],"author":"Reda\u00e7\u00e3o Folha Popular","twitter_card":"summary_large_image","twitter_misc":{"Escrito por":"Reda\u00e7\u00e3o Folha Popular","Est. tempo de leitura":"1 minuto"},"schema":{"@context":"https:\/\/schema.org","@graph":[{"@type":"Article","@id":"https:\/\/folhapopular.info\/index.php\/2017\/10\/19\/imigrante-sediara-o-5o-encontro-de-agroecologia-do-vale-do-taquari\/#article","isPartOf":{"@id":"https:\/\/folhapopular.info\/index.php\/2017\/10\/19\/imigrante-sediara-o-5o-encontro-de-agroecologia-do-vale-do-taquari\/"},"author":{"name":"Reda\u00e7\u00e3o Folha Popular","@id":"https:\/\/folhapopular.info\/#\/schema\/person\/2814e8a0df7643585a9ca38bc6eb9d4b"},"headline":"Imigrante sediar\u00e1 o 5\u00ba Encontro de Agroecologia do Vale do Taquari","datePublished":"2017-10-19T16:00:53+00:00","mainEntityOfPage":{"@id":"https:\/\/folhapopular.info\/index.php\/2017\/10\/19\/imigrante-sediara-o-5o-encontro-de-agroecologia-do-vale-do-taquari\/"},"wordCount":271,"commentCount":0,"image":{"@id":"https:\/\/folhapopular.info\/index.php\/2017\/10\/19\/imigrante-sediara-o-5o-encontro-de-agroecologia-do-vale-do-taquari\/#primaryimage"},"thumbnailUrl":"https:\/\/folhapopular.info\/wp-content\/uploads\/2017\/06\/Not\u00edcias_SITE-1-e1543404686907.jpg","keywords":["Encontro de Agroecologia do Vale do Taquari","Imigrante"],"articleSection":["Geral"],"inLanguage":"pt-BR","potentialAction":[{"@type":"CommentAction","name":"Comment","target":["https:\/\/folhapopular.info\/index.php\/2017\/10\/19\/imigrante-sediara-o-5o-encontro-de-agroecologia-do-vale-do-taquari\/#respond"]}]},{"@type":"WebPage","@id":"https:\/\/folhapopular.info\/index.php\/2017\/10\/19\/imigrante-sediara-o-5o-encontro-de-agroecologia-do-vale-do-taquari\/","url":"https:\/\/folhapopular.info\/index.php\/2017\/10\/19\/imigrante-sediara-o-5o-encontro-de-agroecologia-do-vale-do-taquari\/","name":"Imigrante sediar\u00e1 o 5\u00ba Encontro de Agroecologia do Vale do Taquari - Folha Popular","isPartOf":{"@id":"https:\/\/folhapopular.info\/#website"},"primaryImageOfPage":{"@id":"https:\/\/folhapopular.info\/index.php\/2017\/10\/19\/imigrante-sediara-o-5o-encontro-de-agroecologia-do-vale-do-taquari\/#primaryimage"},"image":{"@id":"https:\/\/folhapopular.info\/index.php\/2017\/10\/19\/imigrante-sediara-o-5o-encontro-de-agroecologia-do-vale-do-taquari\/#primaryimage"},"thumbnailUrl":"https:\/\/folhapopular.info\/wp-content\/uploads\/2017\/06\/Not\u00edcias_SITE-1-e1543404686907.jpg","datePublished":"2017-10-19T16:00:53+00:00","author":{"@id":"https:\/\/folhapopular.info\/#\/schema\/person\/2814e8a0df7643585a9ca38bc6eb9d4b"},"breadcrumb":{"@id":"https:\/\/folhapopular.info\/index.php\/2017\/10\/19\/imigrante-sediara-o-5o-encontro-de-agroecologia-do-vale-do-taquari\/#breadcrumb"},"inLanguage":"pt-BR","potentialAction":[{"@type":"ReadAction","target":["https:\/\/folhapopular.info\/index.php\/2017\/10\/19\/imigrante-sediara-o-5o-encontro-de-agroecologia-do-vale-do-taquari\/"]}]},{"@type":"ImageObject","inLanguage":"pt-BR","@id":"https:\/\/folhapopular.info\/index.php\/2017\/10\/19\/imigrante-sediara-o-5o-encontro-de-agroecologia-do-vale-do-taquari\/#primaryimage","url":"https:\/\/folhapopular.info\/wp-content\/uploads\/2017\/06\/Not\u00edcias_SITE-1-e1543404686907.jpg","contentUrl":"https:\/\/folhapopular.info\/wp-content\/uploads\/2017\/06\/Not\u00edcias_SITE-1-e1543404686907.jpg","width":800,"height":514,"caption":"Cadastro reserva ser\u00e1 para cinco \u00e1reas de atua\u00e7\u00e3o nas salas de aula"},{"@type":"BreadcrumbList","@id":"https:\/\/folhapopular.info\/index.php\/2017\/10\/19\/imigrante-sediara-o-5o-encontro-de-agroecologia-do-vale-do-taquari\/#breadcrumb","itemListElement":[{"@type":"ListItem","position":1,"name":"In\u00edcio","item":"https:\/\/folhapopular.info\/"},{"@type":"ListItem","position":2,"name":"Imigrante sediar\u00e1 o 5\u00ba Encontro de Agroecologia do Vale do Taquari"}]},{"@type":"WebSite","@id":"https:\/\/folhapopular.info\/#website","url":"https:\/\/folhapopular.info\/","name":"Folha Popular","description":"Onde voc\u00ea tem vez e voz","potentialAction":[{"@type":"SearchAction","target":{"@type":"EntryPoint","urlTemplate":"https:\/\/folhapopular.info\/?s={search_term_string}"},"query-input":{"@type":"PropertyValueSpecification","valueRequired":true,"valueName":"search_term_string"}}],"inLanguage":"pt-BR"},{"@type":"Person","@id":"https:\/\/folhapopular.info\/#\/schema\/person\/2814e8a0df7643585a9ca38bc6eb9d4b","name":"Reda\u00e7\u00e3o Folha Popular","image":{"@type":"ImageObject","inLanguage":"pt-BR","@id":"https:\/\/folhapopular.info\/wp-content\/uploads\/2026\/04\/Folha-1.webp","url":"https:\/\/folhapopular.info\/wp-content\/uploads\/2026\/04\/Folha-1.webp","contentUrl":"https:\/\/folhapopular.info\/wp-content\/uploads\/2026\/04\/Folha-1.webp","caption":"Reda\u00e7\u00e3o Folha Popular"},"url":"https:\/\/folhapopular.info\/index.php\/author\/redacao\/"}]}},"jetpack_featured_media_url":"https:\/\/folhapopular.info\/wp-content\/uploads\/2017\/06\/Not\u00edcias_SITE-1-e1543404686907.jpg","jetpack_sharing_enabled":true,"amp_enabled":true,"_links":{"self":[{"href":"https:\/\/folhapopular.info\/index.php\/wp-json\/wp\/v2\/posts\/36519","targetHints":{"allow":["GET"]}}],"collection":[{"href":"https:\/\/folhapopular.info\/index.php\/wp-json\/wp\/v2\/posts"}],"about":[{"href":"https:\/\/folhapopular.info\/index.php\/wp-json\/wp\/v2\/types\/post"}],"author":[{"embeddable":true,"href":"https:\/\/folhapopular.info\/index.php\/wp-json\/wp\/v2\/users\/8"}],"replies":[{"embeddable":true,"href":"https:\/\/folhapopular.info\/index.php\/wp-json\/wp\/v2\/comments?post=36519"}],"version-history":[{"count":0,"href":"https:\/\/folhapopular.info\/index.php\/wp-json\/wp\/v2\/posts\/36519\/revisions"}],"wp:featuredmedia":[{"embeddable":true,"href":"https:\/\/folhapopular.info\/index.php\/wp-json\/wp\/v2\/media\/31867"}],"wp:attachment":[{"href":"https:\/\/folhapopular.info\/index.php\/wp-json\/wp\/v2\/media?parent=36519"}],"wp:term":[{"taxonomy":"category","embeddable":true,"href":"https:\/\/folhapopular.info\/index.php\/wp-json\/wp\/v2\/categories?post=36519"},{"taxonomy":"post_tag","embeddable":true,"href":"https:\/\/folhapopular.info\/index.php\/wp-json\/wp\/v2\/tags?post=36519"}],"curies":[{"name":"wp","href":"https:\/\/api.w.org\/{rel}","templated":true}]}}