{"id":36819,"date":"2017-10-26T08:00:28","date_gmt":"2017-10-26T10:00:28","guid":{"rendered":"http:\/\/folhapopular.info\/?p=36819"},"modified":"2017-10-25T15:09:44","modified_gmt":"2017-10-25T17:09:44","slug":"entrega-oficial-das-obras-na-rua-coberta-acontece-no-dia-10","status":"publish","type":"post","link":"https:\/\/folhapopular.info\/index.php\/2017\/10\/26\/entrega-oficial-das-obras-na-rua-coberta-acontece-no-dia-10\/","title":{"rendered":"Entrega oficial das obras na Rua Coberta acontece no dia 10"},"content":{"rendered":"<p>As melhorias na Rua Coberta de Carlos Barbosa est\u00e3o sendo finalizadas e segundo o Secret\u00e1rio Municipal de Projetos P\u00fablicos, Rodrigo Stradiotti, resta apenas o servi\u00e7o de instala\u00e7\u00e3o de lumin\u00e1rias. A Solenidade de Entrega das Obras de Revitaliza\u00e7\u00e3o e Melhorias acontece no dia 10 de novembro, \u00e0s 19h, durante a 26\u00ba Feira do Livro que acontecer\u00e1 no mesmo local.<br \/>\nO projeto foi elaborado pela equipe da Secretaria de Projetos P\u00fablicos e a obra, atrav\u00e9s de parceria p\u00fablico-privada, est\u00e1 sendo custeada pela empresa Tramontina, com o valor de R$699.883,91.<\/p>\n","protected":false},"excerpt":{"rendered":"<p>As melhorias na Rua Coberta de Carlos Barbosa est\u00e3o sendo finalizadas e segundo o Secret\u00e1rio Municipal de Projetos P\u00fablicos, Rodrigo Stradiotti, resta apenas o servi\u00e7o de instala\u00e7\u00e3o de lumin\u00e1rias. A Solenidade de Entrega das Obras de Revitaliza\u00e7\u00e3o e Melhorias acontece no dia 10 de novembro, \u00e0s 19h, durante a 26\u00ba Feira do Livro que acontecer\u00e1 [&hellip;]<\/p>\n","protected":false},"author":8,"featured_media":36820,"comment_status":"open","ping_status":"open","sticky":false,"template":"","format":"standard","meta":{"pmpro_default_level":"","_jetpack_memberships_contains_paid_content":false,"footnotes":""},"categories":[3],"tags":[30,714],"class_list":{"0":"post-36819","1":"post","2":"type-post","3":"status-publish","4":"format-standard","5":"has-post-thumbnail","7":"category-geral","8":"tag-carlos-barbosa","9":"tag-rua-coberta","10":"pmpro-has-access"},"yoast_head":"<!-- This site is optimized with the Yoast SEO plugin v27.5 - https:\/\/yoast.com\/product\/yoast-seo-wordpress\/ -->\n<title>Entrega oficial das obras na Rua Coberta acontece no dia 10 - Folha Popular<\/title>\n<meta name=\"robots\" content=\"index, follow, max-snippet:-1, max-image-preview:large, max-video-preview:-1\" \/>\n<link rel=\"canonical\" href=\"https:\/\/folhapopular.info\/index.php\/2017\/10\/26\/entrega-oficial-das-obras-na-rua-coberta-acontece-no-dia-10\/\" \/>\n<meta property=\"og:locale\" content=\"pt_BR\" \/>\n<meta property=\"og:type\" content=\"article\" \/>\n<meta property=\"og:title\" content=\"Entrega oficial das obras na Rua Coberta acontece no dia 10 - Folha Popular\" \/>\n<meta property=\"og:description\" content=\"As melhorias na Rua Coberta de Carlos Barbosa est\u00e3o sendo finalizadas e segundo o Secret\u00e1rio Municipal de Projetos P\u00fablicos, Rodrigo Stradiotti, resta apenas o servi\u00e7o de instala\u00e7\u00e3o de lumin\u00e1rias. A Solenidade de Entrega das Obras de Revitaliza\u00e7\u00e3o e Melhorias acontece no dia 10 de novembro, \u00e0s 19h, durante a 26\u00ba Feira do Livro que acontecer\u00e1 [&hellip;]\" \/>\n<meta property=\"og:url\" content=\"https:\/\/folhapopular.info\/index.php\/2017\/10\/26\/entrega-oficial-das-obras-na-rua-coberta-acontece-no-dia-10\/\" \/>\n<meta property=\"og:site_name\" content=\"Folha Popular\" \/>\n<meta property=\"article:published_time\" content=\"2017-10-26T10:00:28+00:00\" \/>\n<meta property=\"og:image\" content=\"https:\/\/folhapopular.info\/wp-content\/uploads\/2017\/10\/2017_10_25_1508949348.jpg\" \/>\n\t<meta property=\"og:image:width\" content=\"980\" \/>\n\t<meta property=\"og:image:height\" content=\"653\" \/>\n\t<meta property=\"og:image:type\" content=\"image\/jpeg\" \/>\n<meta name=\"author\" content=\"Reda\u00e7\u00e3o Folha Popular\" \/>\n<meta name=\"twitter:card\" content=\"summary_large_image\" \/>\n<meta name=\"twitter:label1\" content=\"Escrito por\" \/>\n\t<meta name=\"twitter:data1\" content=\"Reda\u00e7\u00e3o Folha Popular\" \/>\n<script type=\"application\/ld+json\" class=\"yoast-schema-graph\">{\"@context\":\"https:\\\/\\\/schema.org\",\"@graph\":[{\"@type\":\"Article\",\"@id\":\"https:\\\/\\\/folhapopular.info\\\/index.php\\\/2017\\\/10\\\/26\\\/entrega-oficial-das-obras-na-rua-coberta-acontece-no-dia-10\\\/#article\",\"isPartOf\":{\"@id\":\"https:\\\/\\\/folhapopular.info\\\/index.php\\\/2017\\\/10\\\/26\\\/entrega-oficial-das-obras-na-rua-coberta-acontece-no-dia-10\\\/\"},\"author\":{\"name\":\"Reda\u00e7\u00e3o Folha Popular\",\"@id\":\"https:\\\/\\\/folhapopular.info\\\/#\\\/schema\\\/person\\\/2814e8a0df7643585a9ca38bc6eb9d4b\"},\"headline\":\"Entrega oficial das obras na Rua Coberta acontece no dia 10\",\"datePublished\":\"2017-10-26T10:00:28+00:00\",\"mainEntityOfPage\":{\"@id\":\"https:\\\/\\\/folhapopular.info\\\/index.php\\\/2017\\\/10\\\/26\\\/entrega-oficial-das-obras-na-rua-coberta-acontece-no-dia-10\\\/\"},\"wordCount\":105,\"commentCount\":0,\"image\":{\"@id\":\"https:\\\/\\\/folhapopular.info\\\/index.php\\\/2017\\\/10\\\/26\\\/entrega-oficial-das-obras-na-rua-coberta-acontece-no-dia-10\\\/#primaryimage\"},\"thumbnailUrl\":\"https:\\\/\\\/folhapopular.info\\\/wp-content\\\/uploads\\\/2017\\\/10\\\/2017_10_25_1508949348.jpg\",\"keywords\":[\"Carlos Barbosa\",\"Rua Coberta\"],\"articleSection\":[\"Geral\"],\"inLanguage\":\"pt-BR\",\"potentialAction\":[{\"@type\":\"CommentAction\",\"name\":\"Comment\",\"target\":[\"https:\\\/\\\/folhapopular.info\\\/index.php\\\/2017\\\/10\\\/26\\\/entrega-oficial-das-obras-na-rua-coberta-acontece-no-dia-10\\\/#respond\"]}]},{\"@type\":\"WebPage\",\"@id\":\"https:\\\/\\\/folhapopular.info\\\/index.php\\\/2017\\\/10\\\/26\\\/entrega-oficial-das-obras-na-rua-coberta-acontece-no-dia-10\\\/\",\"url\":\"https:\\\/\\\/folhapopular.info\\\/index.php\\\/2017\\\/10\\\/26\\\/entrega-oficial-das-obras-na-rua-coberta-acontece-no-dia-10\\\/\",\"name\":\"Entrega oficial das obras na Rua Coberta acontece no dia 10 - Folha Popular\",\"isPartOf\":{\"@id\":\"https:\\\/\\\/folhapopular.info\\\/#website\"},\"primaryImageOfPage\":{\"@id\":\"https:\\\/\\\/folhapopular.info\\\/index.php\\\/2017\\\/10\\\/26\\\/entrega-oficial-das-obras-na-rua-coberta-acontece-no-dia-10\\\/#primaryimage\"},\"image\":{\"@id\":\"https:\\\/\\\/folhapopular.info\\\/index.php\\\/2017\\\/10\\\/26\\\/entrega-oficial-das-obras-na-rua-coberta-acontece-no-dia-10\\\/#primaryimage\"},\"thumbnailUrl\":\"https:\\\/\\\/folhapopular.info\\\/wp-content\\\/uploads\\\/2017\\\/10\\\/2017_10_25_1508949348.jpg\",\"datePublished\":\"2017-10-26T10:00:28+00:00\",\"author\":{\"@id\":\"https:\\\/\\\/folhapopular.info\\\/#\\\/schema\\\/person\\\/2814e8a0df7643585a9ca38bc6eb9d4b\"},\"breadcrumb\":{\"@id\":\"https:\\\/\\\/folhapopular.info\\\/index.php\\\/2017\\\/10\\\/26\\\/entrega-oficial-das-obras-na-rua-coberta-acontece-no-dia-10\\\/#breadcrumb\"},\"inLanguage\":\"pt-BR\",\"potentialAction\":[{\"@type\":\"ReadAction\",\"target\":[\"https:\\\/\\\/folhapopular.info\\\/index.php\\\/2017\\\/10\\\/26\\\/entrega-oficial-das-obras-na-rua-coberta-acontece-no-dia-10\\\/\"]}]},{\"@type\":\"ImageObject\",\"inLanguage\":\"pt-BR\",\"@id\":\"https:\\\/\\\/folhapopular.info\\\/index.php\\\/2017\\\/10\\\/26\\\/entrega-oficial-das-obras-na-rua-coberta-acontece-no-dia-10\\\/#primaryimage\",\"url\":\"https:\\\/\\\/folhapopular.info\\\/wp-content\\\/uploads\\\/2017\\\/10\\\/2017_10_25_1508949348.jpg\",\"contentUrl\":\"https:\\\/\\\/folhapopular.info\\\/wp-content\\\/uploads\\\/2017\\\/10\\\/2017_10_25_1508949348.jpg\",\"width\":980,\"height\":653},{\"@type\":\"BreadcrumbList\",\"@id\":\"https:\\\/\\\/folhapopular.info\\\/index.php\\\/2017\\\/10\\\/26\\\/entrega-oficial-das-obras-na-rua-coberta-acontece-no-dia-10\\\/#breadcrumb\",\"itemListElement\":[{\"@type\":\"ListItem\",\"position\":1,\"name\":\"In\u00edcio\",\"item\":\"https:\\\/\\\/folhapopular.info\\\/\"},{\"@type\":\"ListItem\",\"position\":2,\"name\":\"Entrega oficial das obras na Rua Coberta acontece no dia 10\"}]},{\"@type\":\"WebSite\",\"@id\":\"https:\\\/\\\/folhapopular.info\\\/#website\",\"url\":\"https:\\\/\\\/folhapopular.info\\\/\",\"name\":\"Folha Popular\",\"description\":\"Onde voc\u00ea tem vez e voz\",\"potentialAction\":[{\"@type\":\"SearchAction\",\"target\":{\"@type\":\"EntryPoint\",\"urlTemplate\":\"https:\\\/\\\/folhapopular.info\\\/?s={search_term_string}\"},\"query-input\":{\"@type\":\"PropertyValueSpecification\",\"valueRequired\":true,\"valueName\":\"search_term_string\"}}],\"inLanguage\":\"pt-BR\"},{\"@type\":\"Person\",\"@id\":\"https:\\\/\\\/folhapopular.info\\\/#\\\/schema\\\/person\\\/2814e8a0df7643585a9ca38bc6eb9d4b\",\"name\":\"Reda\u00e7\u00e3o Folha Popular\",\"image\":{\"@type\":\"ImageObject\",\"inLanguage\":\"pt-BR\",\"@id\":\"https:\\\/\\\/folhapopular.info\\\/wp-content\\\/uploads\\\/2026\\\/04\\\/Folha-1.webp\",\"url\":\"https:\\\/\\\/folhapopular.info\\\/wp-content\\\/uploads\\\/2026\\\/04\\\/Folha-1.webp\",\"contentUrl\":\"https:\\\/\\\/folhapopular.info\\\/wp-content\\\/uploads\\\/2026\\\/04\\\/Folha-1.webp\",\"caption\":\"Reda\u00e7\u00e3o Folha Popular\"},\"url\":\"https:\\\/\\\/folhapopular.info\\\/index.php\\\/author\\\/redacao\\\/\"}]}<\/script>\n<!-- \/ Yoast SEO plugin. -->","yoast_head_json":{"title":"Entrega oficial das obras na Rua Coberta acontece no dia 10 - Folha Popular","robots":{"index":"index","follow":"follow","max-snippet":"max-snippet:-1","max-image-preview":"max-image-preview:large","max-video-preview":"max-video-preview:-1"},"canonical":"https:\/\/folhapopular.info\/index.php\/2017\/10\/26\/entrega-oficial-das-obras-na-rua-coberta-acontece-no-dia-10\/","og_locale":"pt_BR","og_type":"article","og_title":"Entrega oficial das obras na Rua Coberta acontece no dia 10 - Folha Popular","og_description":"As melhorias na Rua Coberta de Carlos Barbosa est\u00e3o sendo finalizadas e segundo o Secret\u00e1rio Municipal de Projetos P\u00fablicos, Rodrigo Stradiotti, resta apenas o servi\u00e7o de instala\u00e7\u00e3o de lumin\u00e1rias. A Solenidade de Entrega das Obras de Revitaliza\u00e7\u00e3o e Melhorias acontece no dia 10 de novembro, \u00e0s 19h, durante a 26\u00ba Feira do Livro que acontecer\u00e1 [&hellip;]","og_url":"https:\/\/folhapopular.info\/index.php\/2017\/10\/26\/entrega-oficial-das-obras-na-rua-coberta-acontece-no-dia-10\/","og_site_name":"Folha Popular","article_published_time":"2017-10-26T10:00:28+00:00","og_image":[{"width":980,"height":653,"url":"https:\/\/folhapopular.info\/wp-content\/uploads\/2017\/10\/2017_10_25_1508949348.jpg","type":"image\/jpeg"}],"author":"Reda\u00e7\u00e3o Folha Popular","twitter_card":"summary_large_image","twitter_misc":{"Escrito por":"Reda\u00e7\u00e3o Folha Popular"},"schema":{"@context":"https:\/\/schema.org","@graph":[{"@type":"Article","@id":"https:\/\/folhapopular.info\/index.php\/2017\/10\/26\/entrega-oficial-das-obras-na-rua-coberta-acontece-no-dia-10\/#article","isPartOf":{"@id":"https:\/\/folhapopular.info\/index.php\/2017\/10\/26\/entrega-oficial-das-obras-na-rua-coberta-acontece-no-dia-10\/"},"author":{"name":"Reda\u00e7\u00e3o Folha Popular","@id":"https:\/\/folhapopular.info\/#\/schema\/person\/2814e8a0df7643585a9ca38bc6eb9d4b"},"headline":"Entrega oficial das obras na Rua Coberta acontece no dia 10","datePublished":"2017-10-26T10:00:28+00:00","mainEntityOfPage":{"@id":"https:\/\/folhapopular.info\/index.php\/2017\/10\/26\/entrega-oficial-das-obras-na-rua-coberta-acontece-no-dia-10\/"},"wordCount":105,"commentCount":0,"image":{"@id":"https:\/\/folhapopular.info\/index.php\/2017\/10\/26\/entrega-oficial-das-obras-na-rua-coberta-acontece-no-dia-10\/#primaryimage"},"thumbnailUrl":"https:\/\/folhapopular.info\/wp-content\/uploads\/2017\/10\/2017_10_25_1508949348.jpg","keywords":["Carlos Barbosa","Rua Coberta"],"articleSection":["Geral"],"inLanguage":"pt-BR","potentialAction":[{"@type":"CommentAction","name":"Comment","target":["https:\/\/folhapopular.info\/index.php\/2017\/10\/26\/entrega-oficial-das-obras-na-rua-coberta-acontece-no-dia-10\/#respond"]}]},{"@type":"WebPage","@id":"https:\/\/folhapopular.info\/index.php\/2017\/10\/26\/entrega-oficial-das-obras-na-rua-coberta-acontece-no-dia-10\/","url":"https:\/\/folhapopular.info\/index.php\/2017\/10\/26\/entrega-oficial-das-obras-na-rua-coberta-acontece-no-dia-10\/","name":"Entrega oficial das obras na Rua Coberta acontece no dia 10 - Folha Popular","isPartOf":{"@id":"https:\/\/folhapopular.info\/#website"},"primaryImageOfPage":{"@id":"https:\/\/folhapopular.info\/index.php\/2017\/10\/26\/entrega-oficial-das-obras-na-rua-coberta-acontece-no-dia-10\/#primaryimage"},"image":{"@id":"https:\/\/folhapopular.info\/index.php\/2017\/10\/26\/entrega-oficial-das-obras-na-rua-coberta-acontece-no-dia-10\/#primaryimage"},"thumbnailUrl":"https:\/\/folhapopular.info\/wp-content\/uploads\/2017\/10\/2017_10_25_1508949348.jpg","datePublished":"2017-10-26T10:00:28+00:00","author":{"@id":"https:\/\/folhapopular.info\/#\/schema\/person\/2814e8a0df7643585a9ca38bc6eb9d4b"},"breadcrumb":{"@id":"https:\/\/folhapopular.info\/index.php\/2017\/10\/26\/entrega-oficial-das-obras-na-rua-coberta-acontece-no-dia-10\/#breadcrumb"},"inLanguage":"pt-BR","potentialAction":[{"@type":"ReadAction","target":["https:\/\/folhapopular.info\/index.php\/2017\/10\/26\/entrega-oficial-das-obras-na-rua-coberta-acontece-no-dia-10\/"]}]},{"@type":"ImageObject","inLanguage":"pt-BR","@id":"https:\/\/folhapopular.info\/index.php\/2017\/10\/26\/entrega-oficial-das-obras-na-rua-coberta-acontece-no-dia-10\/#primaryimage","url":"https:\/\/folhapopular.info\/wp-content\/uploads\/2017\/10\/2017_10_25_1508949348.jpg","contentUrl":"https:\/\/folhapopular.info\/wp-content\/uploads\/2017\/10\/2017_10_25_1508949348.jpg","width":980,"height":653},{"@type":"BreadcrumbList","@id":"https:\/\/folhapopular.info\/index.php\/2017\/10\/26\/entrega-oficial-das-obras-na-rua-coberta-acontece-no-dia-10\/#breadcrumb","itemListElement":[{"@type":"ListItem","position":1,"name":"In\u00edcio","item":"https:\/\/folhapopular.info\/"},{"@type":"ListItem","position":2,"name":"Entrega oficial das obras na Rua Coberta acontece no dia 10"}]},{"@type":"WebSite","@id":"https:\/\/folhapopular.info\/#website","url":"https:\/\/folhapopular.info\/","name":"Folha Popular","description":"Onde voc\u00ea tem vez e voz","potentialAction":[{"@type":"SearchAction","target":{"@type":"EntryPoint","urlTemplate":"https:\/\/folhapopular.info\/?s={search_term_string}"},"query-input":{"@type":"PropertyValueSpecification","valueRequired":true,"valueName":"search_term_string"}}],"inLanguage":"pt-BR"},{"@type":"Person","@id":"https:\/\/folhapopular.info\/#\/schema\/person\/2814e8a0df7643585a9ca38bc6eb9d4b","name":"Reda\u00e7\u00e3o Folha Popular","image":{"@type":"ImageObject","inLanguage":"pt-BR","@id":"https:\/\/folhapopular.info\/wp-content\/uploads\/2026\/04\/Folha-1.webp","url":"https:\/\/folhapopular.info\/wp-content\/uploads\/2026\/04\/Folha-1.webp","contentUrl":"https:\/\/folhapopular.info\/wp-content\/uploads\/2026\/04\/Folha-1.webp","caption":"Reda\u00e7\u00e3o Folha Popular"},"url":"https:\/\/folhapopular.info\/index.php\/author\/redacao\/"}]}},"jetpack_featured_media_url":"https:\/\/folhapopular.info\/wp-content\/uploads\/2017\/10\/2017_10_25_1508949348.jpg","jetpack_sharing_enabled":true,"amp_enabled":true,"_links":{"self":[{"href":"https:\/\/folhapopular.info\/index.php\/wp-json\/wp\/v2\/posts\/36819","targetHints":{"allow":["GET"]}}],"collection":[{"href":"https:\/\/folhapopular.info\/index.php\/wp-json\/wp\/v2\/posts"}],"about":[{"href":"https:\/\/folhapopular.info\/index.php\/wp-json\/wp\/v2\/types\/post"}],"author":[{"embeddable":true,"href":"https:\/\/folhapopular.info\/index.php\/wp-json\/wp\/v2\/users\/8"}],"replies":[{"embeddable":true,"href":"https:\/\/folhapopular.info\/index.php\/wp-json\/wp\/v2\/comments?post=36819"}],"version-history":[{"count":0,"href":"https:\/\/folhapopular.info\/index.php\/wp-json\/wp\/v2\/posts\/36819\/revisions"}],"wp:featuredmedia":[{"embeddable":true,"href":"https:\/\/folhapopular.info\/index.php\/wp-json\/wp\/v2\/media\/36820"}],"wp:attachment":[{"href":"https:\/\/folhapopular.info\/index.php\/wp-json\/wp\/v2\/media?parent=36819"}],"wp:term":[{"taxonomy":"category","embeddable":true,"href":"https:\/\/folhapopular.info\/index.php\/wp-json\/wp\/v2\/categories?post=36819"},{"taxonomy":"post_tag","embeddable":true,"href":"https:\/\/folhapopular.info\/index.php\/wp-json\/wp\/v2\/tags?post=36819"}],"curies":[{"name":"wp","href":"https:\/\/api.w.org\/{rel}","templated":true}]}}