{"id":36859,"date":"2017-10-26T16:33:26","date_gmt":"2017-10-26T18:33:26","guid":{"rendered":"http:\/\/folhapopular.info\/?p=36859"},"modified":"2017-10-26T17:01:47","modified_gmt":"2017-10-26T19:01:47","slug":"dois-homens-sao-presos-por-receptacao-de-veiculo-roubado-em-lajeado","status":"publish","type":"post","link":"https:\/\/folhapopular.info\/index.php\/2017\/10\/26\/dois-homens-sao-presos-por-receptacao-de-veiculo-roubado-em-lajeado\/","title":{"rendered":"Dois homens s\u00e3o presos por recepta\u00e7\u00e3o de ve\u00edculo roubado em Lajeado"},"content":{"rendered":"<p class=\"western\" align=\"left\"><span style=\"color: #000000\"><span style=\"font-family: arial, sans-serif\"><span style=\"font-size: medium\">Uma guarni\u00e7\u00e3o do policiamento comunit\u00e1rio da Brigada Militar de Lajeado prendeu dois indiv\u00edduos por recepta\u00e7\u00e3o de ve\u00edculo furtado. A pris\u00e3o ocorreu na madrugada desta quinta-feira (26\/10), no bairro Centro. A guarni\u00e7\u00e3o estava em patrulhamento, quando avistou um Corsa com dois indiv\u00edduos. Os policiais sabiam que o carro estava na situa\u00e7\u00e3o de furto e abordaram ve\u00edculo. Os indiv\u00edduos foram identificados e s\u00e3o conhecidos das guarni\u00e7\u00f5es por cometer diversos furtos. Foi dado voz de pris\u00e3o e os dois homens foram conduzidos a Delegacia de Pol\u00edcia de Pronto Atendimento (DPPA), onde foi lavrado o flagrante.<\/span><\/span><\/span><\/p>\n","protected":false},"excerpt":{"rendered":"<p>Uma guarni\u00e7\u00e3o do policiamento comunit\u00e1rio da Brigada Militar de Lajeado prendeu dois indiv\u00edduos por recepta\u00e7\u00e3o de ve\u00edculo furtado. A pris\u00e3o ocorreu na madrugada desta quinta-feira (26\/10), no bairro Centro. A guarni\u00e7\u00e3o estava em patrulhamento, quando avistou um Corsa com dois indiv\u00edduos. Os policiais sabiam que o carro estava na situa\u00e7\u00e3o de furto e abordaram ve\u00edculo. [&hellip;]<\/p>\n","protected":false},"author":8,"featured_media":36860,"comment_status":"open","ping_status":"open","sticky":false,"template":"","format":"standard","meta":{"pmpro_default_level":"","_jetpack_memberships_contains_paid_content":false,"footnotes":""},"categories":[3,7],"tags":[295,27,107,1260],"class_list":{"0":"post-36859","1":"post","2":"type-post","3":"status-publish","4":"format-standard","5":"has-post-thumbnail","7":"category-geral","8":"category-seguranca","9":"tag-bm","10":"tag-lajeado","11":"tag-prisao","12":"tag-receptacao","13":"pmpro-has-access"},"yoast_head":"<!-- This site is optimized with the Yoast SEO plugin v27.5 - https:\/\/yoast.com\/product\/yoast-seo-wordpress\/ -->\n<title>Dois homens s\u00e3o presos por recepta\u00e7\u00e3o de ve\u00edculo roubado em Lajeado - Folha Popular<\/title>\n<meta name=\"robots\" content=\"index, follow, max-snippet:-1, max-image-preview:large, max-video-preview:-1\" \/>\n<link rel=\"canonical\" href=\"https:\/\/folhapopular.info\/index.php\/2017\/10\/26\/dois-homens-sao-presos-por-receptacao-de-veiculo-roubado-em-lajeado\/\" \/>\n<meta property=\"og:locale\" content=\"pt_BR\" \/>\n<meta property=\"og:type\" content=\"article\" \/>\n<meta property=\"og:title\" content=\"Dois homens s\u00e3o presos por recepta\u00e7\u00e3o de ve\u00edculo roubado em Lajeado - Folha Popular\" \/>\n<meta property=\"og:description\" content=\"Uma guarni\u00e7\u00e3o do policiamento comunit\u00e1rio da Brigada Militar de Lajeado prendeu dois indiv\u00edduos por recepta\u00e7\u00e3o de ve\u00edculo furtado. A pris\u00e3o ocorreu na madrugada desta quinta-feira (26\/10), no bairro Centro. A guarni\u00e7\u00e3o estava em patrulhamento, quando avistou um Corsa com dois indiv\u00edduos. Os policiais sabiam que o carro estava na situa\u00e7\u00e3o de furto e abordaram ve\u00edculo. [&hellip;]\" \/>\n<meta property=\"og:url\" content=\"https:\/\/folhapopular.info\/index.php\/2017\/10\/26\/dois-homens-sao-presos-por-receptacao-de-veiculo-roubado-em-lajeado\/\" \/>\n<meta property=\"og:site_name\" content=\"Folha Popular\" \/>\n<meta property=\"article:published_time\" content=\"2017-10-26T18:33:26+00:00\" \/>\n<meta property=\"article:modified_time\" content=\"2017-10-26T19:01:47+00:00\" \/>\n<meta property=\"og:image\" content=\"https:\/\/folhapopular.info\/wp-content\/uploads\/2017\/10\/22730559_1981825888724618_4900626080781639741_n.jpg\" \/>\n\t<meta property=\"og:image:width\" content=\"480\" \/>\n\t<meta property=\"og:image:height\" content=\"640\" \/>\n\t<meta property=\"og:image:type\" content=\"image\/jpeg\" \/>\n<meta name=\"author\" content=\"Reda\u00e7\u00e3o Folha Popular\" \/>\n<meta name=\"twitter:card\" content=\"summary_large_image\" \/>\n<meta name=\"twitter:label1\" content=\"Escrito por\" \/>\n\t<meta name=\"twitter:data1\" content=\"Reda\u00e7\u00e3o Folha Popular\" \/>\n\t<meta name=\"twitter:label2\" content=\"Est. tempo de leitura\" \/>\n\t<meta name=\"twitter:data2\" content=\"1 minuto\" \/>\n<script type=\"application\/ld+json\" class=\"yoast-schema-graph\">{\"@context\":\"https:\\\/\\\/schema.org\",\"@graph\":[{\"@type\":\"Article\",\"@id\":\"https:\\\/\\\/folhapopular.info\\\/index.php\\\/2017\\\/10\\\/26\\\/dois-homens-sao-presos-por-receptacao-de-veiculo-roubado-em-lajeado\\\/#article\",\"isPartOf\":{\"@id\":\"https:\\\/\\\/folhapopular.info\\\/index.php\\\/2017\\\/10\\\/26\\\/dois-homens-sao-presos-por-receptacao-de-veiculo-roubado-em-lajeado\\\/\"},\"author\":{\"name\":\"Reda\u00e7\u00e3o Folha Popular\",\"@id\":\"https:\\\/\\\/folhapopular.info\\\/#\\\/schema\\\/person\\\/2814e8a0df7643585a9ca38bc6eb9d4b\"},\"headline\":\"Dois homens s\u00e3o presos por recepta\u00e7\u00e3o de ve\u00edculo roubado em Lajeado\",\"datePublished\":\"2017-10-26T18:33:26+00:00\",\"dateModified\":\"2017-10-26T19:01:47+00:00\",\"mainEntityOfPage\":{\"@id\":\"https:\\\/\\\/folhapopular.info\\\/index.php\\\/2017\\\/10\\\/26\\\/dois-homens-sao-presos-por-receptacao-de-veiculo-roubado-em-lajeado\\\/\"},\"wordCount\":120,\"commentCount\":0,\"image\":{\"@id\":\"https:\\\/\\\/folhapopular.info\\\/index.php\\\/2017\\\/10\\\/26\\\/dois-homens-sao-presos-por-receptacao-de-veiculo-roubado-em-lajeado\\\/#primaryimage\"},\"thumbnailUrl\":\"https:\\\/\\\/folhapopular.info\\\/wp-content\\\/uploads\\\/2017\\\/10\\\/22730559_1981825888724618_4900626080781639741_n.jpg\",\"keywords\":[\"BM\",\"Lajeado\",\"Pris\u00e3o\",\"Recepta\u00e7\u00e3o\"],\"articleSection\":[\"Geral\",\"Seguran\u00e7a\"],\"inLanguage\":\"pt-BR\",\"potentialAction\":[{\"@type\":\"CommentAction\",\"name\":\"Comment\",\"target\":[\"https:\\\/\\\/folhapopular.info\\\/index.php\\\/2017\\\/10\\\/26\\\/dois-homens-sao-presos-por-receptacao-de-veiculo-roubado-em-lajeado\\\/#respond\"]}]},{\"@type\":\"WebPage\",\"@id\":\"https:\\\/\\\/folhapopular.info\\\/index.php\\\/2017\\\/10\\\/26\\\/dois-homens-sao-presos-por-receptacao-de-veiculo-roubado-em-lajeado\\\/\",\"url\":\"https:\\\/\\\/folhapopular.info\\\/index.php\\\/2017\\\/10\\\/26\\\/dois-homens-sao-presos-por-receptacao-de-veiculo-roubado-em-lajeado\\\/\",\"name\":\"Dois homens s\u00e3o presos por recepta\u00e7\u00e3o de ve\u00edculo roubado em Lajeado - Folha Popular\",\"isPartOf\":{\"@id\":\"https:\\\/\\\/folhapopular.info\\\/#website\"},\"primaryImageOfPage\":{\"@id\":\"https:\\\/\\\/folhapopular.info\\\/index.php\\\/2017\\\/10\\\/26\\\/dois-homens-sao-presos-por-receptacao-de-veiculo-roubado-em-lajeado\\\/#primaryimage\"},\"image\":{\"@id\":\"https:\\\/\\\/folhapopular.info\\\/index.php\\\/2017\\\/10\\\/26\\\/dois-homens-sao-presos-por-receptacao-de-veiculo-roubado-em-lajeado\\\/#primaryimage\"},\"thumbnailUrl\":\"https:\\\/\\\/folhapopular.info\\\/wp-content\\\/uploads\\\/2017\\\/10\\\/22730559_1981825888724618_4900626080781639741_n.jpg\",\"datePublished\":\"2017-10-26T18:33:26+00:00\",\"dateModified\":\"2017-10-26T19:01:47+00:00\",\"author\":{\"@id\":\"https:\\\/\\\/folhapopular.info\\\/#\\\/schema\\\/person\\\/2814e8a0df7643585a9ca38bc6eb9d4b\"},\"breadcrumb\":{\"@id\":\"https:\\\/\\\/folhapopular.info\\\/index.php\\\/2017\\\/10\\\/26\\\/dois-homens-sao-presos-por-receptacao-de-veiculo-roubado-em-lajeado\\\/#breadcrumb\"},\"inLanguage\":\"pt-BR\",\"potentialAction\":[{\"@type\":\"ReadAction\",\"target\":[\"https:\\\/\\\/folhapopular.info\\\/index.php\\\/2017\\\/10\\\/26\\\/dois-homens-sao-presos-por-receptacao-de-veiculo-roubado-em-lajeado\\\/\"]}]},{\"@type\":\"ImageObject\",\"inLanguage\":\"pt-BR\",\"@id\":\"https:\\\/\\\/folhapopular.info\\\/index.php\\\/2017\\\/10\\\/26\\\/dois-homens-sao-presos-por-receptacao-de-veiculo-roubado-em-lajeado\\\/#primaryimage\",\"url\":\"https:\\\/\\\/folhapopular.info\\\/wp-content\\\/uploads\\\/2017\\\/10\\\/22730559_1981825888724618_4900626080781639741_n.jpg\",\"contentUrl\":\"https:\\\/\\\/folhapopular.info\\\/wp-content\\\/uploads\\\/2017\\\/10\\\/22730559_1981825888724618_4900626080781639741_n.jpg\",\"width\":480,\"height\":640},{\"@type\":\"BreadcrumbList\",\"@id\":\"https:\\\/\\\/folhapopular.info\\\/index.php\\\/2017\\\/10\\\/26\\\/dois-homens-sao-presos-por-receptacao-de-veiculo-roubado-em-lajeado\\\/#breadcrumb\",\"itemListElement\":[{\"@type\":\"ListItem\",\"position\":1,\"name\":\"In\u00edcio\",\"item\":\"https:\\\/\\\/folhapopular.info\\\/\"},{\"@type\":\"ListItem\",\"position\":2,\"name\":\"Dois homens s\u00e3o presos por recepta\u00e7\u00e3o de ve\u00edculo roubado em Lajeado\"}]},{\"@type\":\"WebSite\",\"@id\":\"https:\\\/\\\/folhapopular.info\\\/#website\",\"url\":\"https:\\\/\\\/folhapopular.info\\\/\",\"name\":\"Folha Popular\",\"description\":\"Onde voc\u00ea tem vez e voz\",\"potentialAction\":[{\"@type\":\"SearchAction\",\"target\":{\"@type\":\"EntryPoint\",\"urlTemplate\":\"https:\\\/\\\/folhapopular.info\\\/?s={search_term_string}\"},\"query-input\":{\"@type\":\"PropertyValueSpecification\",\"valueRequired\":true,\"valueName\":\"search_term_string\"}}],\"inLanguage\":\"pt-BR\"},{\"@type\":\"Person\",\"@id\":\"https:\\\/\\\/folhapopular.info\\\/#\\\/schema\\\/person\\\/2814e8a0df7643585a9ca38bc6eb9d4b\",\"name\":\"Reda\u00e7\u00e3o Folha Popular\",\"image\":{\"@type\":\"ImageObject\",\"inLanguage\":\"pt-BR\",\"@id\":\"https:\\\/\\\/folhapopular.info\\\/wp-content\\\/uploads\\\/2026\\\/04\\\/Folha-1.webp\",\"url\":\"https:\\\/\\\/folhapopular.info\\\/wp-content\\\/uploads\\\/2026\\\/04\\\/Folha-1.webp\",\"contentUrl\":\"https:\\\/\\\/folhapopular.info\\\/wp-content\\\/uploads\\\/2026\\\/04\\\/Folha-1.webp\",\"caption\":\"Reda\u00e7\u00e3o Folha Popular\"},\"url\":\"https:\\\/\\\/folhapopular.info\\\/index.php\\\/author\\\/redacao\\\/\"}]}<\/script>\n<!-- \/ Yoast SEO plugin. -->","yoast_head_json":{"title":"Dois homens s\u00e3o presos por recepta\u00e7\u00e3o de ve\u00edculo roubado em Lajeado - Folha Popular","robots":{"index":"index","follow":"follow","max-snippet":"max-snippet:-1","max-image-preview":"max-image-preview:large","max-video-preview":"max-video-preview:-1"},"canonical":"https:\/\/folhapopular.info\/index.php\/2017\/10\/26\/dois-homens-sao-presos-por-receptacao-de-veiculo-roubado-em-lajeado\/","og_locale":"pt_BR","og_type":"article","og_title":"Dois homens s\u00e3o presos por recepta\u00e7\u00e3o de ve\u00edculo roubado em Lajeado - Folha Popular","og_description":"Uma guarni\u00e7\u00e3o do policiamento comunit\u00e1rio da Brigada Militar de Lajeado prendeu dois indiv\u00edduos por recepta\u00e7\u00e3o de ve\u00edculo furtado. A pris\u00e3o ocorreu na madrugada desta quinta-feira (26\/10), no bairro Centro. A guarni\u00e7\u00e3o estava em patrulhamento, quando avistou um Corsa com dois indiv\u00edduos. Os policiais sabiam que o carro estava na situa\u00e7\u00e3o de furto e abordaram ve\u00edculo. [&hellip;]","og_url":"https:\/\/folhapopular.info\/index.php\/2017\/10\/26\/dois-homens-sao-presos-por-receptacao-de-veiculo-roubado-em-lajeado\/","og_site_name":"Folha Popular","article_published_time":"2017-10-26T18:33:26+00:00","article_modified_time":"2017-10-26T19:01:47+00:00","og_image":[{"width":480,"height":640,"url":"https:\/\/folhapopular.info\/wp-content\/uploads\/2017\/10\/22730559_1981825888724618_4900626080781639741_n.jpg","type":"image\/jpeg"}],"author":"Reda\u00e7\u00e3o Folha Popular","twitter_card":"summary_large_image","twitter_misc":{"Escrito por":"Reda\u00e7\u00e3o Folha Popular","Est. tempo de leitura":"1 minuto"},"schema":{"@context":"https:\/\/schema.org","@graph":[{"@type":"Article","@id":"https:\/\/folhapopular.info\/index.php\/2017\/10\/26\/dois-homens-sao-presos-por-receptacao-de-veiculo-roubado-em-lajeado\/#article","isPartOf":{"@id":"https:\/\/folhapopular.info\/index.php\/2017\/10\/26\/dois-homens-sao-presos-por-receptacao-de-veiculo-roubado-em-lajeado\/"},"author":{"name":"Reda\u00e7\u00e3o Folha Popular","@id":"https:\/\/folhapopular.info\/#\/schema\/person\/2814e8a0df7643585a9ca38bc6eb9d4b"},"headline":"Dois homens s\u00e3o presos por recepta\u00e7\u00e3o de ve\u00edculo roubado em Lajeado","datePublished":"2017-10-26T18:33:26+00:00","dateModified":"2017-10-26T19:01:47+00:00","mainEntityOfPage":{"@id":"https:\/\/folhapopular.info\/index.php\/2017\/10\/26\/dois-homens-sao-presos-por-receptacao-de-veiculo-roubado-em-lajeado\/"},"wordCount":120,"commentCount":0,"image":{"@id":"https:\/\/folhapopular.info\/index.php\/2017\/10\/26\/dois-homens-sao-presos-por-receptacao-de-veiculo-roubado-em-lajeado\/#primaryimage"},"thumbnailUrl":"https:\/\/folhapopular.info\/wp-content\/uploads\/2017\/10\/22730559_1981825888724618_4900626080781639741_n.jpg","keywords":["BM","Lajeado","Pris\u00e3o","Recepta\u00e7\u00e3o"],"articleSection":["Geral","Seguran\u00e7a"],"inLanguage":"pt-BR","potentialAction":[{"@type":"CommentAction","name":"Comment","target":["https:\/\/folhapopular.info\/index.php\/2017\/10\/26\/dois-homens-sao-presos-por-receptacao-de-veiculo-roubado-em-lajeado\/#respond"]}]},{"@type":"WebPage","@id":"https:\/\/folhapopular.info\/index.php\/2017\/10\/26\/dois-homens-sao-presos-por-receptacao-de-veiculo-roubado-em-lajeado\/","url":"https:\/\/folhapopular.info\/index.php\/2017\/10\/26\/dois-homens-sao-presos-por-receptacao-de-veiculo-roubado-em-lajeado\/","name":"Dois homens s\u00e3o presos por recepta\u00e7\u00e3o de ve\u00edculo roubado em Lajeado - Folha Popular","isPartOf":{"@id":"https:\/\/folhapopular.info\/#website"},"primaryImageOfPage":{"@id":"https:\/\/folhapopular.info\/index.php\/2017\/10\/26\/dois-homens-sao-presos-por-receptacao-de-veiculo-roubado-em-lajeado\/#primaryimage"},"image":{"@id":"https:\/\/folhapopular.info\/index.php\/2017\/10\/26\/dois-homens-sao-presos-por-receptacao-de-veiculo-roubado-em-lajeado\/#primaryimage"},"thumbnailUrl":"https:\/\/folhapopular.info\/wp-content\/uploads\/2017\/10\/22730559_1981825888724618_4900626080781639741_n.jpg","datePublished":"2017-10-26T18:33:26+00:00","dateModified":"2017-10-26T19:01:47+00:00","author":{"@id":"https:\/\/folhapopular.info\/#\/schema\/person\/2814e8a0df7643585a9ca38bc6eb9d4b"},"breadcrumb":{"@id":"https:\/\/folhapopular.info\/index.php\/2017\/10\/26\/dois-homens-sao-presos-por-receptacao-de-veiculo-roubado-em-lajeado\/#breadcrumb"},"inLanguage":"pt-BR","potentialAction":[{"@type":"ReadAction","target":["https:\/\/folhapopular.info\/index.php\/2017\/10\/26\/dois-homens-sao-presos-por-receptacao-de-veiculo-roubado-em-lajeado\/"]}]},{"@type":"ImageObject","inLanguage":"pt-BR","@id":"https:\/\/folhapopular.info\/index.php\/2017\/10\/26\/dois-homens-sao-presos-por-receptacao-de-veiculo-roubado-em-lajeado\/#primaryimage","url":"https:\/\/folhapopular.info\/wp-content\/uploads\/2017\/10\/22730559_1981825888724618_4900626080781639741_n.jpg","contentUrl":"https:\/\/folhapopular.info\/wp-content\/uploads\/2017\/10\/22730559_1981825888724618_4900626080781639741_n.jpg","width":480,"height":640},{"@type":"BreadcrumbList","@id":"https:\/\/folhapopular.info\/index.php\/2017\/10\/26\/dois-homens-sao-presos-por-receptacao-de-veiculo-roubado-em-lajeado\/#breadcrumb","itemListElement":[{"@type":"ListItem","position":1,"name":"In\u00edcio","item":"https:\/\/folhapopular.info\/"},{"@type":"ListItem","position":2,"name":"Dois homens s\u00e3o presos por recepta\u00e7\u00e3o de ve\u00edculo roubado em Lajeado"}]},{"@type":"WebSite","@id":"https:\/\/folhapopular.info\/#website","url":"https:\/\/folhapopular.info\/","name":"Folha Popular","description":"Onde voc\u00ea tem vez e voz","potentialAction":[{"@type":"SearchAction","target":{"@type":"EntryPoint","urlTemplate":"https:\/\/folhapopular.info\/?s={search_term_string}"},"query-input":{"@type":"PropertyValueSpecification","valueRequired":true,"valueName":"search_term_string"}}],"inLanguage":"pt-BR"},{"@type":"Person","@id":"https:\/\/folhapopular.info\/#\/schema\/person\/2814e8a0df7643585a9ca38bc6eb9d4b","name":"Reda\u00e7\u00e3o Folha Popular","image":{"@type":"ImageObject","inLanguage":"pt-BR","@id":"https:\/\/folhapopular.info\/wp-content\/uploads\/2026\/04\/Folha-1.webp","url":"https:\/\/folhapopular.info\/wp-content\/uploads\/2026\/04\/Folha-1.webp","contentUrl":"https:\/\/folhapopular.info\/wp-content\/uploads\/2026\/04\/Folha-1.webp","caption":"Reda\u00e7\u00e3o Folha Popular"},"url":"https:\/\/folhapopular.info\/index.php\/author\/redacao\/"}]}},"jetpack_featured_media_url":"https:\/\/folhapopular.info\/wp-content\/uploads\/2017\/10\/22730559_1981825888724618_4900626080781639741_n.jpg","jetpack_sharing_enabled":true,"amp_enabled":true,"_links":{"self":[{"href":"https:\/\/folhapopular.info\/index.php\/wp-json\/wp\/v2\/posts\/36859","targetHints":{"allow":["GET"]}}],"collection":[{"href":"https:\/\/folhapopular.info\/index.php\/wp-json\/wp\/v2\/posts"}],"about":[{"href":"https:\/\/folhapopular.info\/index.php\/wp-json\/wp\/v2\/types\/post"}],"author":[{"embeddable":true,"href":"https:\/\/folhapopular.info\/index.php\/wp-json\/wp\/v2\/users\/8"}],"replies":[{"embeddable":true,"href":"https:\/\/folhapopular.info\/index.php\/wp-json\/wp\/v2\/comments?post=36859"}],"version-history":[{"count":0,"href":"https:\/\/folhapopular.info\/index.php\/wp-json\/wp\/v2\/posts\/36859\/revisions"}],"wp:featuredmedia":[{"embeddable":true,"href":"https:\/\/folhapopular.info\/index.php\/wp-json\/wp\/v2\/media\/36860"}],"wp:attachment":[{"href":"https:\/\/folhapopular.info\/index.php\/wp-json\/wp\/v2\/media?parent=36859"}],"wp:term":[{"taxonomy":"category","embeddable":true,"href":"https:\/\/folhapopular.info\/index.php\/wp-json\/wp\/v2\/categories?post=36859"},{"taxonomy":"post_tag","embeddable":true,"href":"https:\/\/folhapopular.info\/index.php\/wp-json\/wp\/v2\/tags?post=36859"}],"curies":[{"name":"wp","href":"https:\/\/api.w.org\/{rel}","templated":true}]}}