{"id":36862,"date":"2017-10-26T16:37:53","date_gmt":"2017-10-26T18:37:53","guid":{"rendered":"http:\/\/folhapopular.info\/?p=36862"},"modified":"2017-10-26T17:03:05","modified_gmt":"2017-10-26T19:03:05","slug":"prf-bm-e-policia-civil-recuperam-motocicleta-e-automovel-roubados","status":"publish","type":"post","link":"https:\/\/folhapopular.info\/index.php\/2017\/10\/26\/prf-bm-e-policia-civil-recuperam-motocicleta-e-automovel-roubados\/","title":{"rendered":"PRF, BM e Pol\u00edcia Civil recuperam motocicleta e autom\u00f3vel roubados"},"content":{"rendered":"<p class=\"western\" align=\"left\"><span style=\"color: #000000\"><span style=\"font-family: arial, sans-serif\"><span style=\"font-size: medium\">A Pol\u00edcia Rodovi\u00e1ria Federal, em a\u00e7\u00e3o que contou com a participa\u00e7\u00e3o da Brigada Militar e da Pol\u00edcia Civil, recuperou dois ve\u00edculos roubados. O fatos ocorreram no final da manh\u00e3 de quinta-feira (26), em Triunfo e Paverama. A PRF recebeu a informa\u00e7\u00e3o de que um VW Gol com placas de Canoas havia sido roubado em Triunfo, pr\u00f3ximo ao quil\u00f4metro 387 da rodovia. Dois homens armados com rev\u00f3lveres teriam chego em uma motocicleta roubada, emplacada em Fazenda Vilanova, e deixado esta no local do roubo. <\/span><\/span><\/span><\/p>\n<p><img loading=\"lazy\" decoding=\"async\" class=\"size-medium wp-image-36864 alignleft\" src=\"https:\/\/folhapopular.info\/wp-content\/uploads\/2017\/10\/WhatsApp-Image-2017-10-26-at-14.07.54-300x225.jpeg\" alt=\"\" width=\"300\" height=\"225\" \/><\/p>\n<p class=\"western\" align=\"left\"><span style=\"color: #000000\"><span style=\"font-family: arial, sans-serif\"><span style=\"font-size: medium\">Imediatamente, a PRF, juntamente com a Brigada Militar e a Pol\u00edcia Civil, iniciou buscas na regi\u00e3o, encontrando o Gol no mato, nas imedia\u00e7\u00f5es do quil\u00f4metro 376 da BR-386, em Paverama. Acredita-se que os homens abandonaram o ve\u00edculo no local para posterior utiliza\u00e7\u00e3o em uma a\u00e7\u00e3o criminosa na regi\u00e3o. A ocorr\u00eancia foi registrada nas pol\u00edcias judici\u00e1rias de Triunfo e Taba\u00ed, que dar\u00e3o continuidade \u00e0s investiga\u00e7\u00f5es. Os propriet\u00e1rios da motocicleta e do autom\u00f3vel recuperados ter\u00e3o seus ve\u00edculos de volta.<\/span><\/span><\/span><\/p>\n","protected":false},"excerpt":{"rendered":"<p>A Pol\u00edcia Rodovi\u00e1ria Federal, em a\u00e7\u00e3o que contou com a participa\u00e7\u00e3o da Brigada Militar e da Pol\u00edcia Civil, recuperou dois ve\u00edculos roubados. O fatos ocorreram no final da manh\u00e3 de quinta-feira (26), em Triunfo e Paverama. A PRF recebeu a informa\u00e7\u00e3o de que um VW Gol com placas de Canoas havia sido roubado em Triunfo, [&hellip;]<\/p>\n","protected":false},"author":8,"featured_media":36863,"comment_status":"open","ping_status":"open","sticky":false,"template":"","format":"standard","meta":{"pmpro_default_level":"","_jetpack_memberships_contains_paid_content":false,"footnotes":""},"categories":[3,7],"tags":[295,91,71,46,881,294,478,773],"class_list":{"0":"post-36862","1":"post","2":"type-post","3":"status-publish","4":"format-standard","5":"has-post-thumbnail","7":"category-geral","8":"category-seguranca","9":"tag-bm","10":"tag-br-386","11":"tag-furto","12":"tag-paverama","13":"tag-policia-civil","14":"tag-prf","15":"tag-roubo","16":"tag-triunfo","17":"pmpro-has-access"},"yoast_head":"<!-- This site is optimized with the Yoast SEO plugin v27.5 - https:\/\/yoast.com\/product\/yoast-seo-wordpress\/ -->\n<title>PRF, BM e Pol\u00edcia Civil recuperam motocicleta e autom\u00f3vel roubados - Folha Popular<\/title>\n<meta name=\"robots\" content=\"index, follow, max-snippet:-1, max-image-preview:large, max-video-preview:-1\" \/>\n<link rel=\"canonical\" href=\"https:\/\/folhapopular.info\/index.php\/2017\/10\/26\/prf-bm-e-policia-civil-recuperam-motocicleta-e-automovel-roubados\/\" \/>\n<meta property=\"og:locale\" content=\"pt_BR\" \/>\n<meta property=\"og:type\" content=\"article\" \/>\n<meta property=\"og:title\" content=\"PRF, BM e Pol\u00edcia Civil recuperam motocicleta e autom\u00f3vel roubados - Folha Popular\" \/>\n<meta property=\"og:description\" content=\"A Pol\u00edcia Rodovi\u00e1ria Federal, em a\u00e7\u00e3o que contou com a participa\u00e7\u00e3o da Brigada Militar e da Pol\u00edcia Civil, recuperou dois ve\u00edculos roubados. O fatos ocorreram no final da manh\u00e3 de quinta-feira (26), em Triunfo e Paverama. A PRF recebeu a informa\u00e7\u00e3o de que um VW Gol com placas de Canoas havia sido roubado em Triunfo, [&hellip;]\" \/>\n<meta property=\"og:url\" content=\"https:\/\/folhapopular.info\/index.php\/2017\/10\/26\/prf-bm-e-policia-civil-recuperam-motocicleta-e-automovel-roubados\/\" \/>\n<meta property=\"og:site_name\" content=\"Folha Popular\" \/>\n<meta property=\"article:published_time\" content=\"2017-10-26T18:37:53+00:00\" \/>\n<meta property=\"article:modified_time\" content=\"2017-10-26T19:03:05+00:00\" \/>\n<meta property=\"og:image\" content=\"https:\/\/folhapopular.info\/wp-content\/uploads\/2017\/10\/WhatsApp-Image-2017-10-26-at-14.07.52-e1509043000253.jpeg\" \/>\n\t<meta property=\"og:image:width\" content=\"1000\" \/>\n\t<meta property=\"og:image:height\" content=\"750\" \/>\n\t<meta property=\"og:image:type\" content=\"image\/jpeg\" \/>\n<meta name=\"author\" content=\"Reda\u00e7\u00e3o Folha Popular\" \/>\n<meta name=\"twitter:card\" content=\"summary_large_image\" \/>\n<meta name=\"twitter:label1\" content=\"Escrito por\" \/>\n\t<meta name=\"twitter:data1\" content=\"Reda\u00e7\u00e3o Folha Popular\" \/>\n\t<meta name=\"twitter:label2\" content=\"Est. tempo de leitura\" \/>\n\t<meta name=\"twitter:data2\" content=\"1 minuto\" \/>\n<script type=\"application\/ld+json\" class=\"yoast-schema-graph\">{\"@context\":\"https:\\\/\\\/schema.org\",\"@graph\":[{\"@type\":\"Article\",\"@id\":\"https:\\\/\\\/folhapopular.info\\\/index.php\\\/2017\\\/10\\\/26\\\/prf-bm-e-policia-civil-recuperam-motocicleta-e-automovel-roubados\\\/#article\",\"isPartOf\":{\"@id\":\"https:\\\/\\\/folhapopular.info\\\/index.php\\\/2017\\\/10\\\/26\\\/prf-bm-e-policia-civil-recuperam-motocicleta-e-automovel-roubados\\\/\"},\"author\":{\"name\":\"Reda\u00e7\u00e3o Folha Popular\",\"@id\":\"https:\\\/\\\/folhapopular.info\\\/#\\\/schema\\\/person\\\/2814e8a0df7643585a9ca38bc6eb9d4b\"},\"headline\":\"PRF, BM e Pol\u00edcia Civil recuperam motocicleta e autom\u00f3vel roubados\",\"datePublished\":\"2017-10-26T18:37:53+00:00\",\"dateModified\":\"2017-10-26T19:03:05+00:00\",\"mainEntityOfPage\":{\"@id\":\"https:\\\/\\\/folhapopular.info\\\/index.php\\\/2017\\\/10\\\/26\\\/prf-bm-e-policia-civil-recuperam-motocicleta-e-automovel-roubados\\\/\"},\"wordCount\":196,\"commentCount\":0,\"image\":{\"@id\":\"https:\\\/\\\/folhapopular.info\\\/index.php\\\/2017\\\/10\\\/26\\\/prf-bm-e-policia-civil-recuperam-motocicleta-e-automovel-roubados\\\/#primaryimage\"},\"thumbnailUrl\":\"https:\\\/\\\/folhapopular.info\\\/wp-content\\\/uploads\\\/2017\\\/10\\\/WhatsApp-Image-2017-10-26-at-14.07.52-e1509043000253.jpeg\",\"keywords\":[\"BM\",\"BR-386\",\"furto\",\"Paverama\",\"Policia Civil\",\"PRF\",\"Roubo\",\"Triunfo\"],\"articleSection\":[\"Geral\",\"Seguran\u00e7a\"],\"inLanguage\":\"pt-BR\",\"potentialAction\":[{\"@type\":\"CommentAction\",\"name\":\"Comment\",\"target\":[\"https:\\\/\\\/folhapopular.info\\\/index.php\\\/2017\\\/10\\\/26\\\/prf-bm-e-policia-civil-recuperam-motocicleta-e-automovel-roubados\\\/#respond\"]}]},{\"@type\":\"WebPage\",\"@id\":\"https:\\\/\\\/folhapopular.info\\\/index.php\\\/2017\\\/10\\\/26\\\/prf-bm-e-policia-civil-recuperam-motocicleta-e-automovel-roubados\\\/\",\"url\":\"https:\\\/\\\/folhapopular.info\\\/index.php\\\/2017\\\/10\\\/26\\\/prf-bm-e-policia-civil-recuperam-motocicleta-e-automovel-roubados\\\/\",\"name\":\"PRF, BM e Pol\u00edcia Civil recuperam motocicleta e autom\u00f3vel roubados - Folha Popular\",\"isPartOf\":{\"@id\":\"https:\\\/\\\/folhapopular.info\\\/#website\"},\"primaryImageOfPage\":{\"@id\":\"https:\\\/\\\/folhapopular.info\\\/index.php\\\/2017\\\/10\\\/26\\\/prf-bm-e-policia-civil-recuperam-motocicleta-e-automovel-roubados\\\/#primaryimage\"},\"image\":{\"@id\":\"https:\\\/\\\/folhapopular.info\\\/index.php\\\/2017\\\/10\\\/26\\\/prf-bm-e-policia-civil-recuperam-motocicleta-e-automovel-roubados\\\/#primaryimage\"},\"thumbnailUrl\":\"https:\\\/\\\/folhapopular.info\\\/wp-content\\\/uploads\\\/2017\\\/10\\\/WhatsApp-Image-2017-10-26-at-14.07.52-e1509043000253.jpeg\",\"datePublished\":\"2017-10-26T18:37:53+00:00\",\"dateModified\":\"2017-10-26T19:03:05+00:00\",\"author\":{\"@id\":\"https:\\\/\\\/folhapopular.info\\\/#\\\/schema\\\/person\\\/2814e8a0df7643585a9ca38bc6eb9d4b\"},\"breadcrumb\":{\"@id\":\"https:\\\/\\\/folhapopular.info\\\/index.php\\\/2017\\\/10\\\/26\\\/prf-bm-e-policia-civil-recuperam-motocicleta-e-automovel-roubados\\\/#breadcrumb\"},\"inLanguage\":\"pt-BR\",\"potentialAction\":[{\"@type\":\"ReadAction\",\"target\":[\"https:\\\/\\\/folhapopular.info\\\/index.php\\\/2017\\\/10\\\/26\\\/prf-bm-e-policia-civil-recuperam-motocicleta-e-automovel-roubados\\\/\"]}]},{\"@type\":\"ImageObject\",\"inLanguage\":\"pt-BR\",\"@id\":\"https:\\\/\\\/folhapopular.info\\\/index.php\\\/2017\\\/10\\\/26\\\/prf-bm-e-policia-civil-recuperam-motocicleta-e-automovel-roubados\\\/#primaryimage\",\"url\":\"https:\\\/\\\/folhapopular.info\\\/wp-content\\\/uploads\\\/2017\\\/10\\\/WhatsApp-Image-2017-10-26-at-14.07.52-e1509043000253.jpeg\",\"contentUrl\":\"https:\\\/\\\/folhapopular.info\\\/wp-content\\\/uploads\\\/2017\\\/10\\\/WhatsApp-Image-2017-10-26-at-14.07.52-e1509043000253.jpeg\",\"width\":1000,\"height\":750,\"caption\":\"Ve\u00edculo foi encontrado em um mato\"},{\"@type\":\"BreadcrumbList\",\"@id\":\"https:\\\/\\\/folhapopular.info\\\/index.php\\\/2017\\\/10\\\/26\\\/prf-bm-e-policia-civil-recuperam-motocicleta-e-automovel-roubados\\\/#breadcrumb\",\"itemListElement\":[{\"@type\":\"ListItem\",\"position\":1,\"name\":\"In\u00edcio\",\"item\":\"https:\\\/\\\/folhapopular.info\\\/\"},{\"@type\":\"ListItem\",\"position\":2,\"name\":\"PRF, BM e Pol\u00edcia Civil recuperam motocicleta e autom\u00f3vel roubados\"}]},{\"@type\":\"WebSite\",\"@id\":\"https:\\\/\\\/folhapopular.info\\\/#website\",\"url\":\"https:\\\/\\\/folhapopular.info\\\/\",\"name\":\"Folha Popular\",\"description\":\"Onde voc\u00ea tem vez e voz\",\"potentialAction\":[{\"@type\":\"SearchAction\",\"target\":{\"@type\":\"EntryPoint\",\"urlTemplate\":\"https:\\\/\\\/folhapopular.info\\\/?s={search_term_string}\"},\"query-input\":{\"@type\":\"PropertyValueSpecification\",\"valueRequired\":true,\"valueName\":\"search_term_string\"}}],\"inLanguage\":\"pt-BR\"},{\"@type\":\"Person\",\"@id\":\"https:\\\/\\\/folhapopular.info\\\/#\\\/schema\\\/person\\\/2814e8a0df7643585a9ca38bc6eb9d4b\",\"name\":\"Reda\u00e7\u00e3o Folha Popular\",\"image\":{\"@type\":\"ImageObject\",\"inLanguage\":\"pt-BR\",\"@id\":\"https:\\\/\\\/folhapopular.info\\\/wp-content\\\/uploads\\\/2026\\\/04\\\/Folha-1.webp\",\"url\":\"https:\\\/\\\/folhapopular.info\\\/wp-content\\\/uploads\\\/2026\\\/04\\\/Folha-1.webp\",\"contentUrl\":\"https:\\\/\\\/folhapopular.info\\\/wp-content\\\/uploads\\\/2026\\\/04\\\/Folha-1.webp\",\"caption\":\"Reda\u00e7\u00e3o Folha Popular\"},\"url\":\"https:\\\/\\\/folhapopular.info\\\/index.php\\\/author\\\/redacao\\\/\"}]}<\/script>\n<!-- \/ Yoast SEO plugin. -->","yoast_head_json":{"title":"PRF, BM e Pol\u00edcia Civil recuperam motocicleta e autom\u00f3vel roubados - Folha Popular","robots":{"index":"index","follow":"follow","max-snippet":"max-snippet:-1","max-image-preview":"max-image-preview:large","max-video-preview":"max-video-preview:-1"},"canonical":"https:\/\/folhapopular.info\/index.php\/2017\/10\/26\/prf-bm-e-policia-civil-recuperam-motocicleta-e-automovel-roubados\/","og_locale":"pt_BR","og_type":"article","og_title":"PRF, BM e Pol\u00edcia Civil recuperam motocicleta e autom\u00f3vel roubados - Folha Popular","og_description":"A Pol\u00edcia Rodovi\u00e1ria Federal, em a\u00e7\u00e3o que contou com a participa\u00e7\u00e3o da Brigada Militar e da Pol\u00edcia Civil, recuperou dois ve\u00edculos roubados. O fatos ocorreram no final da manh\u00e3 de quinta-feira (26), em Triunfo e Paverama. A PRF recebeu a informa\u00e7\u00e3o de que um VW Gol com placas de Canoas havia sido roubado em Triunfo, [&hellip;]","og_url":"https:\/\/folhapopular.info\/index.php\/2017\/10\/26\/prf-bm-e-policia-civil-recuperam-motocicleta-e-automovel-roubados\/","og_site_name":"Folha Popular","article_published_time":"2017-10-26T18:37:53+00:00","article_modified_time":"2017-10-26T19:03:05+00:00","og_image":[{"width":1000,"height":750,"url":"https:\/\/folhapopular.info\/wp-content\/uploads\/2017\/10\/WhatsApp-Image-2017-10-26-at-14.07.52-e1509043000253.jpeg","type":"image\/jpeg"}],"author":"Reda\u00e7\u00e3o Folha Popular","twitter_card":"summary_large_image","twitter_misc":{"Escrito por":"Reda\u00e7\u00e3o Folha Popular","Est. tempo de leitura":"1 minuto"},"schema":{"@context":"https:\/\/schema.org","@graph":[{"@type":"Article","@id":"https:\/\/folhapopular.info\/index.php\/2017\/10\/26\/prf-bm-e-policia-civil-recuperam-motocicleta-e-automovel-roubados\/#article","isPartOf":{"@id":"https:\/\/folhapopular.info\/index.php\/2017\/10\/26\/prf-bm-e-policia-civil-recuperam-motocicleta-e-automovel-roubados\/"},"author":{"name":"Reda\u00e7\u00e3o Folha Popular","@id":"https:\/\/folhapopular.info\/#\/schema\/person\/2814e8a0df7643585a9ca38bc6eb9d4b"},"headline":"PRF, BM e Pol\u00edcia Civil recuperam motocicleta e autom\u00f3vel roubados","datePublished":"2017-10-26T18:37:53+00:00","dateModified":"2017-10-26T19:03:05+00:00","mainEntityOfPage":{"@id":"https:\/\/folhapopular.info\/index.php\/2017\/10\/26\/prf-bm-e-policia-civil-recuperam-motocicleta-e-automovel-roubados\/"},"wordCount":196,"commentCount":0,"image":{"@id":"https:\/\/folhapopular.info\/index.php\/2017\/10\/26\/prf-bm-e-policia-civil-recuperam-motocicleta-e-automovel-roubados\/#primaryimage"},"thumbnailUrl":"https:\/\/folhapopular.info\/wp-content\/uploads\/2017\/10\/WhatsApp-Image-2017-10-26-at-14.07.52-e1509043000253.jpeg","keywords":["BM","BR-386","furto","Paverama","Policia Civil","PRF","Roubo","Triunfo"],"articleSection":["Geral","Seguran\u00e7a"],"inLanguage":"pt-BR","potentialAction":[{"@type":"CommentAction","name":"Comment","target":["https:\/\/folhapopular.info\/index.php\/2017\/10\/26\/prf-bm-e-policia-civil-recuperam-motocicleta-e-automovel-roubados\/#respond"]}]},{"@type":"WebPage","@id":"https:\/\/folhapopular.info\/index.php\/2017\/10\/26\/prf-bm-e-policia-civil-recuperam-motocicleta-e-automovel-roubados\/","url":"https:\/\/folhapopular.info\/index.php\/2017\/10\/26\/prf-bm-e-policia-civil-recuperam-motocicleta-e-automovel-roubados\/","name":"PRF, BM e Pol\u00edcia Civil recuperam motocicleta e autom\u00f3vel roubados - Folha Popular","isPartOf":{"@id":"https:\/\/folhapopular.info\/#website"},"primaryImageOfPage":{"@id":"https:\/\/folhapopular.info\/index.php\/2017\/10\/26\/prf-bm-e-policia-civil-recuperam-motocicleta-e-automovel-roubados\/#primaryimage"},"image":{"@id":"https:\/\/folhapopular.info\/index.php\/2017\/10\/26\/prf-bm-e-policia-civil-recuperam-motocicleta-e-automovel-roubados\/#primaryimage"},"thumbnailUrl":"https:\/\/folhapopular.info\/wp-content\/uploads\/2017\/10\/WhatsApp-Image-2017-10-26-at-14.07.52-e1509043000253.jpeg","datePublished":"2017-10-26T18:37:53+00:00","dateModified":"2017-10-26T19:03:05+00:00","author":{"@id":"https:\/\/folhapopular.info\/#\/schema\/person\/2814e8a0df7643585a9ca38bc6eb9d4b"},"breadcrumb":{"@id":"https:\/\/folhapopular.info\/index.php\/2017\/10\/26\/prf-bm-e-policia-civil-recuperam-motocicleta-e-automovel-roubados\/#breadcrumb"},"inLanguage":"pt-BR","potentialAction":[{"@type":"ReadAction","target":["https:\/\/folhapopular.info\/index.php\/2017\/10\/26\/prf-bm-e-policia-civil-recuperam-motocicleta-e-automovel-roubados\/"]}]},{"@type":"ImageObject","inLanguage":"pt-BR","@id":"https:\/\/folhapopular.info\/index.php\/2017\/10\/26\/prf-bm-e-policia-civil-recuperam-motocicleta-e-automovel-roubados\/#primaryimage","url":"https:\/\/folhapopular.info\/wp-content\/uploads\/2017\/10\/WhatsApp-Image-2017-10-26-at-14.07.52-e1509043000253.jpeg","contentUrl":"https:\/\/folhapopular.info\/wp-content\/uploads\/2017\/10\/WhatsApp-Image-2017-10-26-at-14.07.52-e1509043000253.jpeg","width":1000,"height":750,"caption":"Ve\u00edculo foi encontrado em um mato"},{"@type":"BreadcrumbList","@id":"https:\/\/folhapopular.info\/index.php\/2017\/10\/26\/prf-bm-e-policia-civil-recuperam-motocicleta-e-automovel-roubados\/#breadcrumb","itemListElement":[{"@type":"ListItem","position":1,"name":"In\u00edcio","item":"https:\/\/folhapopular.info\/"},{"@type":"ListItem","position":2,"name":"PRF, BM e Pol\u00edcia Civil recuperam motocicleta e autom\u00f3vel roubados"}]},{"@type":"WebSite","@id":"https:\/\/folhapopular.info\/#website","url":"https:\/\/folhapopular.info\/","name":"Folha Popular","description":"Onde voc\u00ea tem vez e voz","potentialAction":[{"@type":"SearchAction","target":{"@type":"EntryPoint","urlTemplate":"https:\/\/folhapopular.info\/?s={search_term_string}"},"query-input":{"@type":"PropertyValueSpecification","valueRequired":true,"valueName":"search_term_string"}}],"inLanguage":"pt-BR"},{"@type":"Person","@id":"https:\/\/folhapopular.info\/#\/schema\/person\/2814e8a0df7643585a9ca38bc6eb9d4b","name":"Reda\u00e7\u00e3o Folha Popular","image":{"@type":"ImageObject","inLanguage":"pt-BR","@id":"https:\/\/folhapopular.info\/wp-content\/uploads\/2026\/04\/Folha-1.webp","url":"https:\/\/folhapopular.info\/wp-content\/uploads\/2026\/04\/Folha-1.webp","contentUrl":"https:\/\/folhapopular.info\/wp-content\/uploads\/2026\/04\/Folha-1.webp","caption":"Reda\u00e7\u00e3o Folha Popular"},"url":"https:\/\/folhapopular.info\/index.php\/author\/redacao\/"}]}},"jetpack_featured_media_url":"https:\/\/folhapopular.info\/wp-content\/uploads\/2017\/10\/WhatsApp-Image-2017-10-26-at-14.07.52-e1509043000253.jpeg","jetpack_sharing_enabled":true,"amp_enabled":true,"_links":{"self":[{"href":"https:\/\/folhapopular.info\/index.php\/wp-json\/wp\/v2\/posts\/36862","targetHints":{"allow":["GET"]}}],"collection":[{"href":"https:\/\/folhapopular.info\/index.php\/wp-json\/wp\/v2\/posts"}],"about":[{"href":"https:\/\/folhapopular.info\/index.php\/wp-json\/wp\/v2\/types\/post"}],"author":[{"embeddable":true,"href":"https:\/\/folhapopular.info\/index.php\/wp-json\/wp\/v2\/users\/8"}],"replies":[{"embeddable":true,"href":"https:\/\/folhapopular.info\/index.php\/wp-json\/wp\/v2\/comments?post=36862"}],"version-history":[{"count":0,"href":"https:\/\/folhapopular.info\/index.php\/wp-json\/wp\/v2\/posts\/36862\/revisions"}],"wp:featuredmedia":[{"embeddable":true,"href":"https:\/\/folhapopular.info\/index.php\/wp-json\/wp\/v2\/media\/36863"}],"wp:attachment":[{"href":"https:\/\/folhapopular.info\/index.php\/wp-json\/wp\/v2\/media?parent=36862"}],"wp:term":[{"taxonomy":"category","embeddable":true,"href":"https:\/\/folhapopular.info\/index.php\/wp-json\/wp\/v2\/categories?post=36862"},{"taxonomy":"post_tag","embeddable":true,"href":"https:\/\/folhapopular.info\/index.php\/wp-json\/wp\/v2\/tags?post=36862"}],"curies":[{"name":"wp","href":"https:\/\/api.w.org\/{rel}","templated":true}]}}