{"id":37032,"date":"2017-10-31T09:30:06","date_gmt":"2017-10-31T11:30:06","guid":{"rendered":"http:\/\/folhapopular.info\/?p=37032"},"modified":"2017-10-31T10:02:36","modified_gmt":"2017-10-31T12:02:36","slug":"celebracao-ecumenica-marcara-os-500-anos-da-reforma-no-bairro-canabarro","status":"publish","type":"post","link":"https:\/\/folhapopular.info\/index.php\/2017\/10\/31\/celebracao-ecumenica-marcara-os-500-anos-da-reforma-no-bairro-canabarro\/","title":{"rendered":"Celebra\u00e7\u00e3o ecum\u00eanica marcar\u00e1 os 500 anos da Reforma no Bairro Canabarro"},"content":{"rendered":"<p>Os 500 anos da Reforma Luterana ter\u00e3o comemora\u00e7\u00e3o especial na noite de hoje, dia 31, no Bairro Canabarro \u2013 Teut\u00f4nia. A igreja da Comunidade Evang\u00e9lica de Confiss\u00e3o Luterana Redentor sediar\u00e1 a celebra\u00e7\u00e3o ecum\u00eanica, alusiva \u00e0 data, da Par\u00f3quia Nossa Senhora do Ros\u00e1rio e da Par\u00f3quia Evang\u00e9lica Teut\u00f4nia Sul.<\/p>\n<p>A programa\u00e7\u00e3o tem in\u00edcio \u00e0s 20 horas. O culto ser\u00e1 ministrado pelos pastores Gerson e Cristiane Echelmeier e ter\u00e1 a prega\u00e7\u00e3o feita pelo padre Eduardo Schuster. Durante a celebra\u00e7\u00e3o, haver\u00e1 a participa\u00e7\u00e3o do grande coral, composto por luteranos e cat\u00f3licos, sob reg\u00eancia de Adelaide Wiebusch. Ao final da celebra\u00e7\u00e3o, ainda est\u00e1 prevista uma surpresa por parte do grupo de casais adulto.<\/p>\n<p>Durante o m\u00eas, diversas atividades j\u00e1 marcaram os 500 anos da Reforma Luterana na Par\u00f3quia Teut\u00f4nia Sul. No p\u00e1tio da Comunidade Redentor, foi feita uma Rosa de Lutero com flores. As celebra\u00e7\u00f5es e atividades enfocaram os festejos do jubileu e cada membro da par\u00f3quia ganhou um enfeite de cuia com a Rosa de Lutero.<\/p>\n<p>&nbsp;<\/p>\n","protected":false},"excerpt":{"rendered":"<p>Os 500 anos da Reforma Luterana ter\u00e3o comemora\u00e7\u00e3o especial na noite de hoje, dia 31, no Bairro Canabarro \u2013 Teut\u00f4nia. A igreja da Comunidade Evang\u00e9lica de Confiss\u00e3o Luterana Redentor sediar\u00e1 a celebra\u00e7\u00e3o ecum\u00eanica, alusiva \u00e0 data, da Par\u00f3quia Nossa Senhora do Ros\u00e1rio e da Par\u00f3quia Evang\u00e9lica Teut\u00f4nia Sul. A programa\u00e7\u00e3o tem in\u00edcio \u00e0s 20 horas. [&hellip;]<\/p>\n","protected":false},"author":8,"featured_media":37033,"comment_status":"open","ping_status":"open","sticky":false,"template":"","format":"standard","meta":{"pmpro_default_level":"","_jetpack_memberships_contains_paid_content":false,"footnotes":""},"categories":[2,3],"tags":[1336,1337,1328,26],"class_list":{"0":"post-37032","1":"post","2":"type-post","3":"status-publish","4":"format-standard","5":"has-post-thumbnail","7":"category-featured","8":"category-geral","9":"tag-550-anos-da-reforma","10":"tag-comunidade-redentor","11":"tag-dia-da-reforma","12":"tag-teutonia","13":"pmpro-has-access"},"yoast_head":"<!-- This site is optimized with the Yoast SEO plugin v27.5 - https:\/\/yoast.com\/product\/yoast-seo-wordpress\/ -->\n<title>Celebra\u00e7\u00e3o ecum\u00eanica marcar\u00e1 os 500 anos da Reforma no Bairro Canabarro - Folha Popular<\/title>\n<meta name=\"robots\" content=\"index, follow, max-snippet:-1, max-image-preview:large, max-video-preview:-1\" \/>\n<link rel=\"canonical\" href=\"https:\/\/folhapopular.info\/index.php\/2017\/10\/31\/celebracao-ecumenica-marcara-os-500-anos-da-reforma-no-bairro-canabarro\/\" \/>\n<meta property=\"og:locale\" content=\"pt_BR\" \/>\n<meta property=\"og:type\" content=\"article\" \/>\n<meta property=\"og:title\" content=\"Celebra\u00e7\u00e3o ecum\u00eanica marcar\u00e1 os 500 anos da Reforma no Bairro Canabarro - Folha Popular\" \/>\n<meta property=\"og:description\" content=\"Os 500 anos da Reforma Luterana ter\u00e3o comemora\u00e7\u00e3o especial na noite de hoje, dia 31, no Bairro Canabarro \u2013 Teut\u00f4nia. A igreja da Comunidade Evang\u00e9lica de Confiss\u00e3o Luterana Redentor sediar\u00e1 a celebra\u00e7\u00e3o ecum\u00eanica, alusiva \u00e0 data, da Par\u00f3quia Nossa Senhora do Ros\u00e1rio e da Par\u00f3quia Evang\u00e9lica Teut\u00f4nia Sul. A programa\u00e7\u00e3o tem in\u00edcio \u00e0s 20 horas. [&hellip;]\" \/>\n<meta property=\"og:url\" content=\"https:\/\/folhapopular.info\/index.php\/2017\/10\/31\/celebracao-ecumenica-marcara-os-500-anos-da-reforma-no-bairro-canabarro\/\" \/>\n<meta property=\"og:site_name\" content=\"Folha Popular\" \/>\n<meta property=\"article:published_time\" content=\"2017-10-31T11:30:06+00:00\" \/>\n<meta property=\"article:modified_time\" content=\"2017-10-31T12:02:36+00:00\" \/>\n<meta property=\"og:image\" content=\"https:\/\/folhapopular.info\/wp-content\/uploads\/2017\/10\/Celebra\u00e7\u00e3o-ecum\u00eanica-ocorre-na-igreja-da-Comunidade-Redentor-e1509448960990.jpg\" \/>\n\t<meta property=\"og:image:width\" content=\"664\" \/>\n\t<meta property=\"og:image:height\" content=\"1000\" \/>\n\t<meta property=\"og:image:type\" content=\"image\/jpeg\" \/>\n<meta name=\"author\" content=\"Reda\u00e7\u00e3o Folha Popular\" \/>\n<meta name=\"twitter:card\" content=\"summary_large_image\" \/>\n<meta name=\"twitter:label1\" content=\"Escrito por\" \/>\n\t<meta name=\"twitter:data1\" content=\"Reda\u00e7\u00e3o Folha Popular\" \/>\n\t<meta name=\"twitter:label2\" content=\"Est. tempo de leitura\" \/>\n\t<meta name=\"twitter:data2\" content=\"1 minuto\" \/>\n<script type=\"application\/ld+json\" class=\"yoast-schema-graph\">{\"@context\":\"https:\\\/\\\/schema.org\",\"@graph\":[{\"@type\":\"Article\",\"@id\":\"https:\\\/\\\/folhapopular.info\\\/index.php\\\/2017\\\/10\\\/31\\\/celebracao-ecumenica-marcara-os-500-anos-da-reforma-no-bairro-canabarro\\\/#article\",\"isPartOf\":{\"@id\":\"https:\\\/\\\/folhapopular.info\\\/index.php\\\/2017\\\/10\\\/31\\\/celebracao-ecumenica-marcara-os-500-anos-da-reforma-no-bairro-canabarro\\\/\"},\"author\":{\"name\":\"Reda\u00e7\u00e3o Folha Popular\",\"@id\":\"https:\\\/\\\/folhapopular.info\\\/#\\\/schema\\\/person\\\/2814e8a0df7643585a9ca38bc6eb9d4b\"},\"headline\":\"Celebra\u00e7\u00e3o ecum\u00eanica marcar\u00e1 os 500 anos da Reforma no Bairro Canabarro\",\"datePublished\":\"2017-10-31T11:30:06+00:00\",\"dateModified\":\"2017-10-31T12:02:36+00:00\",\"mainEntityOfPage\":{\"@id\":\"https:\\\/\\\/folhapopular.info\\\/index.php\\\/2017\\\/10\\\/31\\\/celebracao-ecumenica-marcara-os-500-anos-da-reforma-no-bairro-canabarro\\\/\"},\"wordCount\":196,\"commentCount\":0,\"image\":{\"@id\":\"https:\\\/\\\/folhapopular.info\\\/index.php\\\/2017\\\/10\\\/31\\\/celebracao-ecumenica-marcara-os-500-anos-da-reforma-no-bairro-canabarro\\\/#primaryimage\"},\"thumbnailUrl\":\"https:\\\/\\\/folhapopular.info\\\/wp-content\\\/uploads\\\/2017\\\/10\\\/Celebra\u00e7\u00e3o-ecum\u00eanica-ocorre-na-igreja-da-Comunidade-Redentor-e1509448960990.jpg\",\"keywords\":[\"550 Anos da Reforma\",\"Comunidade Redentor\",\"Dia da Reforma\",\"Teut\u00f4nia\"],\"articleSection\":[\"Destaques\",\"Geral\"],\"inLanguage\":\"pt-BR\",\"potentialAction\":[{\"@type\":\"CommentAction\",\"name\":\"Comment\",\"target\":[\"https:\\\/\\\/folhapopular.info\\\/index.php\\\/2017\\\/10\\\/31\\\/celebracao-ecumenica-marcara-os-500-anos-da-reforma-no-bairro-canabarro\\\/#respond\"]}]},{\"@type\":\"WebPage\",\"@id\":\"https:\\\/\\\/folhapopular.info\\\/index.php\\\/2017\\\/10\\\/31\\\/celebracao-ecumenica-marcara-os-500-anos-da-reforma-no-bairro-canabarro\\\/\",\"url\":\"https:\\\/\\\/folhapopular.info\\\/index.php\\\/2017\\\/10\\\/31\\\/celebracao-ecumenica-marcara-os-500-anos-da-reforma-no-bairro-canabarro\\\/\",\"name\":\"Celebra\u00e7\u00e3o ecum\u00eanica marcar\u00e1 os 500 anos da Reforma no Bairro Canabarro - Folha Popular\",\"isPartOf\":{\"@id\":\"https:\\\/\\\/folhapopular.info\\\/#website\"},\"primaryImageOfPage\":{\"@id\":\"https:\\\/\\\/folhapopular.info\\\/index.php\\\/2017\\\/10\\\/31\\\/celebracao-ecumenica-marcara-os-500-anos-da-reforma-no-bairro-canabarro\\\/#primaryimage\"},\"image\":{\"@id\":\"https:\\\/\\\/folhapopular.info\\\/index.php\\\/2017\\\/10\\\/31\\\/celebracao-ecumenica-marcara-os-500-anos-da-reforma-no-bairro-canabarro\\\/#primaryimage\"},\"thumbnailUrl\":\"https:\\\/\\\/folhapopular.info\\\/wp-content\\\/uploads\\\/2017\\\/10\\\/Celebra\u00e7\u00e3o-ecum\u00eanica-ocorre-na-igreja-da-Comunidade-Redentor-e1509448960990.jpg\",\"datePublished\":\"2017-10-31T11:30:06+00:00\",\"dateModified\":\"2017-10-31T12:02:36+00:00\",\"author\":{\"@id\":\"https:\\\/\\\/folhapopular.info\\\/#\\\/schema\\\/person\\\/2814e8a0df7643585a9ca38bc6eb9d4b\"},\"breadcrumb\":{\"@id\":\"https:\\\/\\\/folhapopular.info\\\/index.php\\\/2017\\\/10\\\/31\\\/celebracao-ecumenica-marcara-os-500-anos-da-reforma-no-bairro-canabarro\\\/#breadcrumb\"},\"inLanguage\":\"pt-BR\",\"potentialAction\":[{\"@type\":\"ReadAction\",\"target\":[\"https:\\\/\\\/folhapopular.info\\\/index.php\\\/2017\\\/10\\\/31\\\/celebracao-ecumenica-marcara-os-500-anos-da-reforma-no-bairro-canabarro\\\/\"]}]},{\"@type\":\"ImageObject\",\"inLanguage\":\"pt-BR\",\"@id\":\"https:\\\/\\\/folhapopular.info\\\/index.php\\\/2017\\\/10\\\/31\\\/celebracao-ecumenica-marcara-os-500-anos-da-reforma-no-bairro-canabarro\\\/#primaryimage\",\"url\":\"https:\\\/\\\/folhapopular.info\\\/wp-content\\\/uploads\\\/2017\\\/10\\\/Celebra\u00e7\u00e3o-ecum\u00eanica-ocorre-na-igreja-da-Comunidade-Redentor-e1509448960990.jpg\",\"contentUrl\":\"https:\\\/\\\/folhapopular.info\\\/wp-content\\\/uploads\\\/2017\\\/10\\\/Celebra\u00e7\u00e3o-ecum\u00eanica-ocorre-na-igreja-da-Comunidade-Redentor-e1509448960990.jpg\",\"width\":664,\"height\":1000,\"caption\":\"Celebra\u00e7\u00e3o ecum\u00eanica ocorre na igreja da Comunidade Redentor\"},{\"@type\":\"BreadcrumbList\",\"@id\":\"https:\\\/\\\/folhapopular.info\\\/index.php\\\/2017\\\/10\\\/31\\\/celebracao-ecumenica-marcara-os-500-anos-da-reforma-no-bairro-canabarro\\\/#breadcrumb\",\"itemListElement\":[{\"@type\":\"ListItem\",\"position\":1,\"name\":\"In\u00edcio\",\"item\":\"https:\\\/\\\/folhapopular.info\\\/\"},{\"@type\":\"ListItem\",\"position\":2,\"name\":\"Celebra\u00e7\u00e3o ecum\u00eanica marcar\u00e1 os 500 anos da Reforma no Bairro Canabarro\"}]},{\"@type\":\"WebSite\",\"@id\":\"https:\\\/\\\/folhapopular.info\\\/#website\",\"url\":\"https:\\\/\\\/folhapopular.info\\\/\",\"name\":\"Folha Popular\",\"description\":\"Onde voc\u00ea tem vez e voz\",\"potentialAction\":[{\"@type\":\"SearchAction\",\"target\":{\"@type\":\"EntryPoint\",\"urlTemplate\":\"https:\\\/\\\/folhapopular.info\\\/?s={search_term_string}\"},\"query-input\":{\"@type\":\"PropertyValueSpecification\",\"valueRequired\":true,\"valueName\":\"search_term_string\"}}],\"inLanguage\":\"pt-BR\"},{\"@type\":\"Person\",\"@id\":\"https:\\\/\\\/folhapopular.info\\\/#\\\/schema\\\/person\\\/2814e8a0df7643585a9ca38bc6eb9d4b\",\"name\":\"Reda\u00e7\u00e3o Folha Popular\",\"image\":{\"@type\":\"ImageObject\",\"inLanguage\":\"pt-BR\",\"@id\":\"https:\\\/\\\/folhapopular.info\\\/wp-content\\\/uploads\\\/2026\\\/04\\\/Folha-1.webp\",\"url\":\"https:\\\/\\\/folhapopular.info\\\/wp-content\\\/uploads\\\/2026\\\/04\\\/Folha-1.webp\",\"contentUrl\":\"https:\\\/\\\/folhapopular.info\\\/wp-content\\\/uploads\\\/2026\\\/04\\\/Folha-1.webp\",\"caption\":\"Reda\u00e7\u00e3o Folha Popular\"},\"url\":\"https:\\\/\\\/folhapopular.info\\\/index.php\\\/author\\\/redacao\\\/\"}]}<\/script>\n<!-- \/ Yoast SEO plugin. -->","yoast_head_json":{"title":"Celebra\u00e7\u00e3o ecum\u00eanica marcar\u00e1 os 500 anos da Reforma no Bairro Canabarro - Folha Popular","robots":{"index":"index","follow":"follow","max-snippet":"max-snippet:-1","max-image-preview":"max-image-preview:large","max-video-preview":"max-video-preview:-1"},"canonical":"https:\/\/folhapopular.info\/index.php\/2017\/10\/31\/celebracao-ecumenica-marcara-os-500-anos-da-reforma-no-bairro-canabarro\/","og_locale":"pt_BR","og_type":"article","og_title":"Celebra\u00e7\u00e3o ecum\u00eanica marcar\u00e1 os 500 anos da Reforma no Bairro Canabarro - Folha Popular","og_description":"Os 500 anos da Reforma Luterana ter\u00e3o comemora\u00e7\u00e3o especial na noite de hoje, dia 31, no Bairro Canabarro \u2013 Teut\u00f4nia. A igreja da Comunidade Evang\u00e9lica de Confiss\u00e3o Luterana Redentor sediar\u00e1 a celebra\u00e7\u00e3o ecum\u00eanica, alusiva \u00e0 data, da Par\u00f3quia Nossa Senhora do Ros\u00e1rio e da Par\u00f3quia Evang\u00e9lica Teut\u00f4nia Sul. A programa\u00e7\u00e3o tem in\u00edcio \u00e0s 20 horas. [&hellip;]","og_url":"https:\/\/folhapopular.info\/index.php\/2017\/10\/31\/celebracao-ecumenica-marcara-os-500-anos-da-reforma-no-bairro-canabarro\/","og_site_name":"Folha Popular","article_published_time":"2017-10-31T11:30:06+00:00","article_modified_time":"2017-10-31T12:02:36+00:00","og_image":[{"width":664,"height":1000,"url":"https:\/\/folhapopular.info\/wp-content\/uploads\/2017\/10\/Celebra\u00e7\u00e3o-ecum\u00eanica-ocorre-na-igreja-da-Comunidade-Redentor-e1509448960990.jpg","type":"image\/jpeg"}],"author":"Reda\u00e7\u00e3o Folha Popular","twitter_card":"summary_large_image","twitter_misc":{"Escrito por":"Reda\u00e7\u00e3o Folha Popular","Est. tempo de leitura":"1 minuto"},"schema":{"@context":"https:\/\/schema.org","@graph":[{"@type":"Article","@id":"https:\/\/folhapopular.info\/index.php\/2017\/10\/31\/celebracao-ecumenica-marcara-os-500-anos-da-reforma-no-bairro-canabarro\/#article","isPartOf":{"@id":"https:\/\/folhapopular.info\/index.php\/2017\/10\/31\/celebracao-ecumenica-marcara-os-500-anos-da-reforma-no-bairro-canabarro\/"},"author":{"name":"Reda\u00e7\u00e3o Folha Popular","@id":"https:\/\/folhapopular.info\/#\/schema\/person\/2814e8a0df7643585a9ca38bc6eb9d4b"},"headline":"Celebra\u00e7\u00e3o ecum\u00eanica marcar\u00e1 os 500 anos da Reforma no Bairro Canabarro","datePublished":"2017-10-31T11:30:06+00:00","dateModified":"2017-10-31T12:02:36+00:00","mainEntityOfPage":{"@id":"https:\/\/folhapopular.info\/index.php\/2017\/10\/31\/celebracao-ecumenica-marcara-os-500-anos-da-reforma-no-bairro-canabarro\/"},"wordCount":196,"commentCount":0,"image":{"@id":"https:\/\/folhapopular.info\/index.php\/2017\/10\/31\/celebracao-ecumenica-marcara-os-500-anos-da-reforma-no-bairro-canabarro\/#primaryimage"},"thumbnailUrl":"https:\/\/folhapopular.info\/wp-content\/uploads\/2017\/10\/Celebra\u00e7\u00e3o-ecum\u00eanica-ocorre-na-igreja-da-Comunidade-Redentor-e1509448960990.jpg","keywords":["550 Anos da Reforma","Comunidade Redentor","Dia da Reforma","Teut\u00f4nia"],"articleSection":["Destaques","Geral"],"inLanguage":"pt-BR","potentialAction":[{"@type":"CommentAction","name":"Comment","target":["https:\/\/folhapopular.info\/index.php\/2017\/10\/31\/celebracao-ecumenica-marcara-os-500-anos-da-reforma-no-bairro-canabarro\/#respond"]}]},{"@type":"WebPage","@id":"https:\/\/folhapopular.info\/index.php\/2017\/10\/31\/celebracao-ecumenica-marcara-os-500-anos-da-reforma-no-bairro-canabarro\/","url":"https:\/\/folhapopular.info\/index.php\/2017\/10\/31\/celebracao-ecumenica-marcara-os-500-anos-da-reforma-no-bairro-canabarro\/","name":"Celebra\u00e7\u00e3o ecum\u00eanica marcar\u00e1 os 500 anos da Reforma no Bairro Canabarro - Folha Popular","isPartOf":{"@id":"https:\/\/folhapopular.info\/#website"},"primaryImageOfPage":{"@id":"https:\/\/folhapopular.info\/index.php\/2017\/10\/31\/celebracao-ecumenica-marcara-os-500-anos-da-reforma-no-bairro-canabarro\/#primaryimage"},"image":{"@id":"https:\/\/folhapopular.info\/index.php\/2017\/10\/31\/celebracao-ecumenica-marcara-os-500-anos-da-reforma-no-bairro-canabarro\/#primaryimage"},"thumbnailUrl":"https:\/\/folhapopular.info\/wp-content\/uploads\/2017\/10\/Celebra\u00e7\u00e3o-ecum\u00eanica-ocorre-na-igreja-da-Comunidade-Redentor-e1509448960990.jpg","datePublished":"2017-10-31T11:30:06+00:00","dateModified":"2017-10-31T12:02:36+00:00","author":{"@id":"https:\/\/folhapopular.info\/#\/schema\/person\/2814e8a0df7643585a9ca38bc6eb9d4b"},"breadcrumb":{"@id":"https:\/\/folhapopular.info\/index.php\/2017\/10\/31\/celebracao-ecumenica-marcara-os-500-anos-da-reforma-no-bairro-canabarro\/#breadcrumb"},"inLanguage":"pt-BR","potentialAction":[{"@type":"ReadAction","target":["https:\/\/folhapopular.info\/index.php\/2017\/10\/31\/celebracao-ecumenica-marcara-os-500-anos-da-reforma-no-bairro-canabarro\/"]}]},{"@type":"ImageObject","inLanguage":"pt-BR","@id":"https:\/\/folhapopular.info\/index.php\/2017\/10\/31\/celebracao-ecumenica-marcara-os-500-anos-da-reforma-no-bairro-canabarro\/#primaryimage","url":"https:\/\/folhapopular.info\/wp-content\/uploads\/2017\/10\/Celebra\u00e7\u00e3o-ecum\u00eanica-ocorre-na-igreja-da-Comunidade-Redentor-e1509448960990.jpg","contentUrl":"https:\/\/folhapopular.info\/wp-content\/uploads\/2017\/10\/Celebra\u00e7\u00e3o-ecum\u00eanica-ocorre-na-igreja-da-Comunidade-Redentor-e1509448960990.jpg","width":664,"height":1000,"caption":"Celebra\u00e7\u00e3o ecum\u00eanica ocorre na igreja da Comunidade Redentor"},{"@type":"BreadcrumbList","@id":"https:\/\/folhapopular.info\/index.php\/2017\/10\/31\/celebracao-ecumenica-marcara-os-500-anos-da-reforma-no-bairro-canabarro\/#breadcrumb","itemListElement":[{"@type":"ListItem","position":1,"name":"In\u00edcio","item":"https:\/\/folhapopular.info\/"},{"@type":"ListItem","position":2,"name":"Celebra\u00e7\u00e3o ecum\u00eanica marcar\u00e1 os 500 anos da Reforma no Bairro Canabarro"}]},{"@type":"WebSite","@id":"https:\/\/folhapopular.info\/#website","url":"https:\/\/folhapopular.info\/","name":"Folha Popular","description":"Onde voc\u00ea tem vez e voz","potentialAction":[{"@type":"SearchAction","target":{"@type":"EntryPoint","urlTemplate":"https:\/\/folhapopular.info\/?s={search_term_string}"},"query-input":{"@type":"PropertyValueSpecification","valueRequired":true,"valueName":"search_term_string"}}],"inLanguage":"pt-BR"},{"@type":"Person","@id":"https:\/\/folhapopular.info\/#\/schema\/person\/2814e8a0df7643585a9ca38bc6eb9d4b","name":"Reda\u00e7\u00e3o Folha Popular","image":{"@type":"ImageObject","inLanguage":"pt-BR","@id":"https:\/\/folhapopular.info\/wp-content\/uploads\/2026\/04\/Folha-1.webp","url":"https:\/\/folhapopular.info\/wp-content\/uploads\/2026\/04\/Folha-1.webp","contentUrl":"https:\/\/folhapopular.info\/wp-content\/uploads\/2026\/04\/Folha-1.webp","caption":"Reda\u00e7\u00e3o Folha Popular"},"url":"https:\/\/folhapopular.info\/index.php\/author\/redacao\/"}]}},"jetpack_featured_media_url":"https:\/\/folhapopular.info\/wp-content\/uploads\/2017\/10\/Celebra\u00e7\u00e3o-ecum\u00eanica-ocorre-na-igreja-da-Comunidade-Redentor-e1509448960990.jpg","jetpack_sharing_enabled":true,"amp_enabled":true,"_links":{"self":[{"href":"https:\/\/folhapopular.info\/index.php\/wp-json\/wp\/v2\/posts\/37032","targetHints":{"allow":["GET"]}}],"collection":[{"href":"https:\/\/folhapopular.info\/index.php\/wp-json\/wp\/v2\/posts"}],"about":[{"href":"https:\/\/folhapopular.info\/index.php\/wp-json\/wp\/v2\/types\/post"}],"author":[{"embeddable":true,"href":"https:\/\/folhapopular.info\/index.php\/wp-json\/wp\/v2\/users\/8"}],"replies":[{"embeddable":true,"href":"https:\/\/folhapopular.info\/index.php\/wp-json\/wp\/v2\/comments?post=37032"}],"version-history":[{"count":0,"href":"https:\/\/folhapopular.info\/index.php\/wp-json\/wp\/v2\/posts\/37032\/revisions"}],"wp:featuredmedia":[{"embeddable":true,"href":"https:\/\/folhapopular.info\/index.php\/wp-json\/wp\/v2\/media\/37033"}],"wp:attachment":[{"href":"https:\/\/folhapopular.info\/index.php\/wp-json\/wp\/v2\/media?parent=37032"}],"wp:term":[{"taxonomy":"category","embeddable":true,"href":"https:\/\/folhapopular.info\/index.php\/wp-json\/wp\/v2\/categories?post=37032"},{"taxonomy":"post_tag","embeddable":true,"href":"https:\/\/folhapopular.info\/index.php\/wp-json\/wp\/v2\/tags?post=37032"}],"curies":[{"name":"wp","href":"https:\/\/api.w.org\/{rel}","templated":true}]}}