{"id":37105,"date":"2017-11-03T08:00:51","date_gmt":"2017-11-03T10:00:51","guid":{"rendered":"http:\/\/folhapopular.info\/?p=37105"},"modified":"2017-11-03T08:11:59","modified_gmt":"2017-11-03T10:11:59","slug":"monumento-e-inaugurado-em-praca-de-estrela","status":"publish","type":"post","link":"https:\/\/folhapopular.info\/index.php\/2017\/11\/03\/monumento-e-inaugurado-em-praca-de-estrela\/","title":{"rendered":"Monumento alusivo aos 500 Anos da Reforma \u00e9 inaugurado em pra\u00e7a de Estrela"},"content":{"rendered":"<p>A ter\u00e7a-feira foi de comemora\u00e7\u00f5es e homenagens em diversas cidades do Pa\u00eds, principalmente naquelas com forte hist\u00f3rico da coloniza\u00e7\u00e3o alem\u00e3 e o luteranismo. N\u00e3o foi diferente em Estrela, onde um culto especial na Igreja Evang\u00e9lica de Confiss\u00e3o Luterana marcou a passagem dos 500 anos da Reforma. A programa\u00e7\u00e3o seguiu com a inaugura\u00e7\u00e3o de um monumento na futura Pra\u00e7a Martin Luther, para marcar a data do hist\u00f3rico movimento religioso, suas teses, causas e conquistas.<\/p>\n<p>O culto e suas diversas a\u00e7\u00f5es, que contou com hinos e frases do mentor de todo o movimento, foram comandados pelos pastores da Comunidade Evang\u00e9lica de Estrela, Milton Schmidt, \u00c2ngela Ulrich e Luiz Felipe Scheidt; e o pastor convidado Martin Dietz. Em seguida todos os participantes, tamb\u00e9m o prefeito Rafael Mallmann, caminharam por algumas dezenas de metros, at\u00e9 a futura Pra\u00e7a Martin Luther, na rua Arnaldo Jos\u00e9 Diel, que homenagear\u00e1 o hist\u00f3rico mentor do movimento. No local, prestigiaram a inaugura\u00e7\u00e3o do monumento Rosa Luterana, que resume a teologia defendida por Martinho Lutero, como \u00e9 mais conhecido no Brasil.<\/p>\n<p>Entre as caracter\u00edsticas do monumento, idealizado pelo arquiteto Mauro Jos\u00e9 Garcia Aires, est\u00e3o elementos hist\u00f3ricos da Rosa e tamb\u00e9m outras caracter\u00edsticas. \u201cPodemos, por exemplo, identificar a Rosa sobre a B\u00edblia, que \u00e9 a base de tudo; ao seu centro a cruz, no cora\u00e7\u00e3o do crist\u00e3o; as p\u00e9talas, no sentido da alegria, consolo e tudo o que elas significam na doutrina. Como n\u00e3o usamos as tradicionais cores, pensamos em faz\u00ea-la vazada, para que seja iluminada sempre ao fim da tarde pelos raios do sol, no sentido da valoriza\u00e7\u00e3o da vida e das cria\u00e7\u00f5es divinas\u201d, destaca a pastora \u00c2ngela Ulrich.<\/p>\n<p>O prefeito Rafael Mallmann ressaltou a import\u00e2ncia que o movimento teve em todo o mundo, e o que significou para a hist\u00f3ria dos crist\u00e3os. Destacou tamb\u00e9m a for\u00e7a do luteranismo em Estrela, e disse que a pra\u00e7a, que faz parte do projeto de revitaliza\u00e7\u00e3o da \u00e1rea da escadaria, n\u00e3o est\u00e1 ainda pronta por quest\u00f5es burocr\u00e1ticas. \u201cNossa ideia era nesta data estar com a pra\u00e7a totalmente pronta, mas a terceira e \u00faltima etapa da revitaliza\u00e7\u00e3o s\u00f3 n\u00e3o est\u00e1 conclu\u00edda por quest\u00f5es burocr\u00e1ticas. Mas estas ser\u00e3o superadas e esperamos em breve inaugurar a Pra\u00e7a Martin Luther.\u201d<\/p>\n","protected":false},"excerpt":{"rendered":"<p>A ter\u00e7a-feira foi de comemora\u00e7\u00f5es e homenagens em diversas cidades do Pa\u00eds, principalmente naquelas com forte hist\u00f3rico da coloniza\u00e7\u00e3o alem\u00e3 e o luteranismo. N\u00e3o foi diferente em Estrela, onde um culto especial na Igreja Evang\u00e9lica de Confiss\u00e3o Luterana marcou a passagem dos 500 anos da Reforma. A programa\u00e7\u00e3o seguiu com a inaugura\u00e7\u00e3o de um monumento [&hellip;]<\/p>\n","protected":false},"author":8,"featured_media":37106,"comment_status":"open","ping_status":"open","sticky":false,"template":"","format":"standard","meta":{"pmpro_default_level":"","_jetpack_memberships_contains_paid_content":false,"footnotes":""},"categories":[3],"tags":[1121,1328,8,1329],"class_list":{"0":"post-37105","1":"post","2":"type-post","3":"status-publish","4":"format-standard","5":"has-post-thumbnail","7":"category-geral","8":"tag-500-anos-da-reforma","9":"tag-dia-da-reforma","10":"tag-estrela","11":"tag-reforma-luterana","12":"pmpro-has-access"},"yoast_head":"<!-- This site is optimized with the Yoast SEO plugin v27.5 - https:\/\/yoast.com\/product\/yoast-seo-wordpress\/ -->\n<title>Monumento alusivo aos 500 Anos da Reforma \u00e9 inaugurado em pra\u00e7a de Estrela - Folha Popular<\/title>\n<meta name=\"robots\" content=\"index, follow, max-snippet:-1, max-image-preview:large, max-video-preview:-1\" \/>\n<link rel=\"canonical\" href=\"https:\/\/folhapopular.info\/index.php\/2017\/11\/03\/monumento-e-inaugurado-em-praca-de-estrela\/\" \/>\n<meta property=\"og:locale\" content=\"pt_BR\" \/>\n<meta property=\"og:type\" content=\"article\" \/>\n<meta property=\"og:title\" content=\"Monumento alusivo aos 500 Anos da Reforma \u00e9 inaugurado em pra\u00e7a de Estrela - Folha Popular\" \/>\n<meta property=\"og:description\" content=\"A ter\u00e7a-feira foi de comemora\u00e7\u00f5es e homenagens em diversas cidades do Pa\u00eds, principalmente naquelas com forte hist\u00f3rico da coloniza\u00e7\u00e3o alem\u00e3 e o luteranismo. N\u00e3o foi diferente em Estrela, onde um culto especial na Igreja Evang\u00e9lica de Confiss\u00e3o Luterana marcou a passagem dos 500 anos da Reforma. A programa\u00e7\u00e3o seguiu com a inaugura\u00e7\u00e3o de um monumento [&hellip;]\" \/>\n<meta property=\"og:url\" content=\"https:\/\/folhapopular.info\/index.php\/2017\/11\/03\/monumento-e-inaugurado-em-praca-de-estrela\/\" \/>\n<meta property=\"og:site_name\" content=\"Folha Popular\" \/>\n<meta property=\"article:published_time\" content=\"2017-11-03T10:00:51+00:00\" \/>\n<meta property=\"article:modified_time\" content=\"2017-11-03T10:11:59+00:00\" \/>\n<meta property=\"og:image\" content=\"https:\/\/folhapopular.info\/wp-content\/uploads\/2017\/11\/Inaugura\u00e7\u00e3o-monumento-Rosa-Luterana-3.jpg\" \/>\n\t<meta property=\"og:image:width\" content=\"540\" \/>\n\t<meta property=\"og:image:height\" content=\"960\" \/>\n\t<meta property=\"og:image:type\" content=\"image\/jpeg\" \/>\n<meta name=\"author\" content=\"Reda\u00e7\u00e3o Folha Popular\" \/>\n<meta name=\"twitter:card\" content=\"summary_large_image\" \/>\n<meta name=\"twitter:label1\" content=\"Escrito por\" \/>\n\t<meta name=\"twitter:data1\" content=\"Reda\u00e7\u00e3o Folha Popular\" \/>\n\t<meta name=\"twitter:label2\" content=\"Est. tempo de leitura\" \/>\n\t<meta name=\"twitter:data2\" content=\"2 minutos\" \/>\n<script type=\"application\/ld+json\" class=\"yoast-schema-graph\">{\"@context\":\"https:\\\/\\\/schema.org\",\"@graph\":[{\"@type\":\"Article\",\"@id\":\"https:\\\/\\\/folhapopular.info\\\/index.php\\\/2017\\\/11\\\/03\\\/monumento-e-inaugurado-em-praca-de-estrela\\\/#article\",\"isPartOf\":{\"@id\":\"https:\\\/\\\/folhapopular.info\\\/index.php\\\/2017\\\/11\\\/03\\\/monumento-e-inaugurado-em-praca-de-estrela\\\/\"},\"author\":{\"name\":\"Reda\u00e7\u00e3o Folha Popular\",\"@id\":\"https:\\\/\\\/folhapopular.info\\\/#\\\/schema\\\/person\\\/2814e8a0df7643585a9ca38bc6eb9d4b\"},\"headline\":\"Monumento alusivo aos 500 Anos da Reforma \u00e9 inaugurado em pra\u00e7a de Estrela\",\"datePublished\":\"2017-11-03T10:00:51+00:00\",\"dateModified\":\"2017-11-03T10:11:59+00:00\",\"mainEntityOfPage\":{\"@id\":\"https:\\\/\\\/folhapopular.info\\\/index.php\\\/2017\\\/11\\\/03\\\/monumento-e-inaugurado-em-praca-de-estrela\\\/\"},\"wordCount\":421,\"commentCount\":0,\"image\":{\"@id\":\"https:\\\/\\\/folhapopular.info\\\/index.php\\\/2017\\\/11\\\/03\\\/monumento-e-inaugurado-em-praca-de-estrela\\\/#primaryimage\"},\"thumbnailUrl\":\"https:\\\/\\\/folhapopular.info\\\/wp-content\\\/uploads\\\/2017\\\/11\\\/Inaugura\u00e7\u00e3o-monumento-Rosa-Luterana-3.jpg\",\"keywords\":[\"500 anos da Reforma\",\"Dia da Reforma\",\"Estrela\",\"Reforma Luterana\"],\"articleSection\":[\"Geral\"],\"inLanguage\":\"pt-BR\",\"potentialAction\":[{\"@type\":\"CommentAction\",\"name\":\"Comment\",\"target\":[\"https:\\\/\\\/folhapopular.info\\\/index.php\\\/2017\\\/11\\\/03\\\/monumento-e-inaugurado-em-praca-de-estrela\\\/#respond\"]}]},{\"@type\":\"WebPage\",\"@id\":\"https:\\\/\\\/folhapopular.info\\\/index.php\\\/2017\\\/11\\\/03\\\/monumento-e-inaugurado-em-praca-de-estrela\\\/\",\"url\":\"https:\\\/\\\/folhapopular.info\\\/index.php\\\/2017\\\/11\\\/03\\\/monumento-e-inaugurado-em-praca-de-estrela\\\/\",\"name\":\"Monumento alusivo aos 500 Anos da Reforma \u00e9 inaugurado em pra\u00e7a de Estrela - Folha Popular\",\"isPartOf\":{\"@id\":\"https:\\\/\\\/folhapopular.info\\\/#website\"},\"primaryImageOfPage\":{\"@id\":\"https:\\\/\\\/folhapopular.info\\\/index.php\\\/2017\\\/11\\\/03\\\/monumento-e-inaugurado-em-praca-de-estrela\\\/#primaryimage\"},\"image\":{\"@id\":\"https:\\\/\\\/folhapopular.info\\\/index.php\\\/2017\\\/11\\\/03\\\/monumento-e-inaugurado-em-praca-de-estrela\\\/#primaryimage\"},\"thumbnailUrl\":\"https:\\\/\\\/folhapopular.info\\\/wp-content\\\/uploads\\\/2017\\\/11\\\/Inaugura\u00e7\u00e3o-monumento-Rosa-Luterana-3.jpg\",\"datePublished\":\"2017-11-03T10:00:51+00:00\",\"dateModified\":\"2017-11-03T10:11:59+00:00\",\"author\":{\"@id\":\"https:\\\/\\\/folhapopular.info\\\/#\\\/schema\\\/person\\\/2814e8a0df7643585a9ca38bc6eb9d4b\"},\"breadcrumb\":{\"@id\":\"https:\\\/\\\/folhapopular.info\\\/index.php\\\/2017\\\/11\\\/03\\\/monumento-e-inaugurado-em-praca-de-estrela\\\/#breadcrumb\"},\"inLanguage\":\"pt-BR\",\"potentialAction\":[{\"@type\":\"ReadAction\",\"target\":[\"https:\\\/\\\/folhapopular.info\\\/index.php\\\/2017\\\/11\\\/03\\\/monumento-e-inaugurado-em-praca-de-estrela\\\/\"]}]},{\"@type\":\"ImageObject\",\"inLanguage\":\"pt-BR\",\"@id\":\"https:\\\/\\\/folhapopular.info\\\/index.php\\\/2017\\\/11\\\/03\\\/monumento-e-inaugurado-em-praca-de-estrela\\\/#primaryimage\",\"url\":\"https:\\\/\\\/folhapopular.info\\\/wp-content\\\/uploads\\\/2017\\\/11\\\/Inaugura\u00e7\u00e3o-monumento-Rosa-Luterana-3.jpg\",\"contentUrl\":\"https:\\\/\\\/folhapopular.info\\\/wp-content\\\/uploads\\\/2017\\\/11\\\/Inaugura\u00e7\u00e3o-monumento-Rosa-Luterana-3.jpg\",\"width\":540,\"height\":960,\"caption\":\"Monumento da Rosa Luterana foi inaugurado ap\u00f3s culto especial\"},{\"@type\":\"BreadcrumbList\",\"@id\":\"https:\\\/\\\/folhapopular.info\\\/index.php\\\/2017\\\/11\\\/03\\\/monumento-e-inaugurado-em-praca-de-estrela\\\/#breadcrumb\",\"itemListElement\":[{\"@type\":\"ListItem\",\"position\":1,\"name\":\"In\u00edcio\",\"item\":\"https:\\\/\\\/folhapopular.info\\\/\"},{\"@type\":\"ListItem\",\"position\":2,\"name\":\"Monumento alusivo aos 500 Anos da Reforma \u00e9 inaugurado em pra\u00e7a de Estrela\"}]},{\"@type\":\"WebSite\",\"@id\":\"https:\\\/\\\/folhapopular.info\\\/#website\",\"url\":\"https:\\\/\\\/folhapopular.info\\\/\",\"name\":\"Folha Popular\",\"description\":\"Onde voc\u00ea tem vez e voz\",\"potentialAction\":[{\"@type\":\"SearchAction\",\"target\":{\"@type\":\"EntryPoint\",\"urlTemplate\":\"https:\\\/\\\/folhapopular.info\\\/?s={search_term_string}\"},\"query-input\":{\"@type\":\"PropertyValueSpecification\",\"valueRequired\":true,\"valueName\":\"search_term_string\"}}],\"inLanguage\":\"pt-BR\"},{\"@type\":\"Person\",\"@id\":\"https:\\\/\\\/folhapopular.info\\\/#\\\/schema\\\/person\\\/2814e8a0df7643585a9ca38bc6eb9d4b\",\"name\":\"Reda\u00e7\u00e3o Folha Popular\",\"image\":{\"@type\":\"ImageObject\",\"inLanguage\":\"pt-BR\",\"@id\":\"https:\\\/\\\/folhapopular.info\\\/wp-content\\\/uploads\\\/2026\\\/04\\\/Folha-1.webp\",\"url\":\"https:\\\/\\\/folhapopular.info\\\/wp-content\\\/uploads\\\/2026\\\/04\\\/Folha-1.webp\",\"contentUrl\":\"https:\\\/\\\/folhapopular.info\\\/wp-content\\\/uploads\\\/2026\\\/04\\\/Folha-1.webp\",\"caption\":\"Reda\u00e7\u00e3o Folha Popular\"},\"url\":\"https:\\\/\\\/folhapopular.info\\\/index.php\\\/author\\\/redacao\\\/\"}]}<\/script>\n<!-- \/ Yoast SEO plugin. -->","yoast_head_json":{"title":"Monumento alusivo aos 500 Anos da Reforma \u00e9 inaugurado em pra\u00e7a de Estrela - Folha Popular","robots":{"index":"index","follow":"follow","max-snippet":"max-snippet:-1","max-image-preview":"max-image-preview:large","max-video-preview":"max-video-preview:-1"},"canonical":"https:\/\/folhapopular.info\/index.php\/2017\/11\/03\/monumento-e-inaugurado-em-praca-de-estrela\/","og_locale":"pt_BR","og_type":"article","og_title":"Monumento alusivo aos 500 Anos da Reforma \u00e9 inaugurado em pra\u00e7a de Estrela - Folha Popular","og_description":"A ter\u00e7a-feira foi de comemora\u00e7\u00f5es e homenagens em diversas cidades do Pa\u00eds, principalmente naquelas com forte hist\u00f3rico da coloniza\u00e7\u00e3o alem\u00e3 e o luteranismo. N\u00e3o foi diferente em Estrela, onde um culto especial na Igreja Evang\u00e9lica de Confiss\u00e3o Luterana marcou a passagem dos 500 anos da Reforma. A programa\u00e7\u00e3o seguiu com a inaugura\u00e7\u00e3o de um monumento [&hellip;]","og_url":"https:\/\/folhapopular.info\/index.php\/2017\/11\/03\/monumento-e-inaugurado-em-praca-de-estrela\/","og_site_name":"Folha Popular","article_published_time":"2017-11-03T10:00:51+00:00","article_modified_time":"2017-11-03T10:11:59+00:00","og_image":[{"width":540,"height":960,"url":"https:\/\/folhapopular.info\/wp-content\/uploads\/2017\/11\/Inaugura\u00e7\u00e3o-monumento-Rosa-Luterana-3.jpg","type":"image\/jpeg"}],"author":"Reda\u00e7\u00e3o Folha Popular","twitter_card":"summary_large_image","twitter_misc":{"Escrito por":"Reda\u00e7\u00e3o Folha Popular","Est. tempo de leitura":"2 minutos"},"schema":{"@context":"https:\/\/schema.org","@graph":[{"@type":"Article","@id":"https:\/\/folhapopular.info\/index.php\/2017\/11\/03\/monumento-e-inaugurado-em-praca-de-estrela\/#article","isPartOf":{"@id":"https:\/\/folhapopular.info\/index.php\/2017\/11\/03\/monumento-e-inaugurado-em-praca-de-estrela\/"},"author":{"name":"Reda\u00e7\u00e3o Folha Popular","@id":"https:\/\/folhapopular.info\/#\/schema\/person\/2814e8a0df7643585a9ca38bc6eb9d4b"},"headline":"Monumento alusivo aos 500 Anos da Reforma \u00e9 inaugurado em pra\u00e7a de Estrela","datePublished":"2017-11-03T10:00:51+00:00","dateModified":"2017-11-03T10:11:59+00:00","mainEntityOfPage":{"@id":"https:\/\/folhapopular.info\/index.php\/2017\/11\/03\/monumento-e-inaugurado-em-praca-de-estrela\/"},"wordCount":421,"commentCount":0,"image":{"@id":"https:\/\/folhapopular.info\/index.php\/2017\/11\/03\/monumento-e-inaugurado-em-praca-de-estrela\/#primaryimage"},"thumbnailUrl":"https:\/\/folhapopular.info\/wp-content\/uploads\/2017\/11\/Inaugura\u00e7\u00e3o-monumento-Rosa-Luterana-3.jpg","keywords":["500 anos da Reforma","Dia da Reforma","Estrela","Reforma Luterana"],"articleSection":["Geral"],"inLanguage":"pt-BR","potentialAction":[{"@type":"CommentAction","name":"Comment","target":["https:\/\/folhapopular.info\/index.php\/2017\/11\/03\/monumento-e-inaugurado-em-praca-de-estrela\/#respond"]}]},{"@type":"WebPage","@id":"https:\/\/folhapopular.info\/index.php\/2017\/11\/03\/monumento-e-inaugurado-em-praca-de-estrela\/","url":"https:\/\/folhapopular.info\/index.php\/2017\/11\/03\/monumento-e-inaugurado-em-praca-de-estrela\/","name":"Monumento alusivo aos 500 Anos da Reforma \u00e9 inaugurado em pra\u00e7a de Estrela - Folha Popular","isPartOf":{"@id":"https:\/\/folhapopular.info\/#website"},"primaryImageOfPage":{"@id":"https:\/\/folhapopular.info\/index.php\/2017\/11\/03\/monumento-e-inaugurado-em-praca-de-estrela\/#primaryimage"},"image":{"@id":"https:\/\/folhapopular.info\/index.php\/2017\/11\/03\/monumento-e-inaugurado-em-praca-de-estrela\/#primaryimage"},"thumbnailUrl":"https:\/\/folhapopular.info\/wp-content\/uploads\/2017\/11\/Inaugura\u00e7\u00e3o-monumento-Rosa-Luterana-3.jpg","datePublished":"2017-11-03T10:00:51+00:00","dateModified":"2017-11-03T10:11:59+00:00","author":{"@id":"https:\/\/folhapopular.info\/#\/schema\/person\/2814e8a0df7643585a9ca38bc6eb9d4b"},"breadcrumb":{"@id":"https:\/\/folhapopular.info\/index.php\/2017\/11\/03\/monumento-e-inaugurado-em-praca-de-estrela\/#breadcrumb"},"inLanguage":"pt-BR","potentialAction":[{"@type":"ReadAction","target":["https:\/\/folhapopular.info\/index.php\/2017\/11\/03\/monumento-e-inaugurado-em-praca-de-estrela\/"]}]},{"@type":"ImageObject","inLanguage":"pt-BR","@id":"https:\/\/folhapopular.info\/index.php\/2017\/11\/03\/monumento-e-inaugurado-em-praca-de-estrela\/#primaryimage","url":"https:\/\/folhapopular.info\/wp-content\/uploads\/2017\/11\/Inaugura\u00e7\u00e3o-monumento-Rosa-Luterana-3.jpg","contentUrl":"https:\/\/folhapopular.info\/wp-content\/uploads\/2017\/11\/Inaugura\u00e7\u00e3o-monumento-Rosa-Luterana-3.jpg","width":540,"height":960,"caption":"Monumento da Rosa Luterana foi inaugurado ap\u00f3s culto especial"},{"@type":"BreadcrumbList","@id":"https:\/\/folhapopular.info\/index.php\/2017\/11\/03\/monumento-e-inaugurado-em-praca-de-estrela\/#breadcrumb","itemListElement":[{"@type":"ListItem","position":1,"name":"In\u00edcio","item":"https:\/\/folhapopular.info\/"},{"@type":"ListItem","position":2,"name":"Monumento alusivo aos 500 Anos da Reforma \u00e9 inaugurado em pra\u00e7a de Estrela"}]},{"@type":"WebSite","@id":"https:\/\/folhapopular.info\/#website","url":"https:\/\/folhapopular.info\/","name":"Folha Popular","description":"Onde voc\u00ea tem vez e voz","potentialAction":[{"@type":"SearchAction","target":{"@type":"EntryPoint","urlTemplate":"https:\/\/folhapopular.info\/?s={search_term_string}"},"query-input":{"@type":"PropertyValueSpecification","valueRequired":true,"valueName":"search_term_string"}}],"inLanguage":"pt-BR"},{"@type":"Person","@id":"https:\/\/folhapopular.info\/#\/schema\/person\/2814e8a0df7643585a9ca38bc6eb9d4b","name":"Reda\u00e7\u00e3o Folha Popular","image":{"@type":"ImageObject","inLanguage":"pt-BR","@id":"https:\/\/folhapopular.info\/wp-content\/uploads\/2026\/04\/Folha-1.webp","url":"https:\/\/folhapopular.info\/wp-content\/uploads\/2026\/04\/Folha-1.webp","contentUrl":"https:\/\/folhapopular.info\/wp-content\/uploads\/2026\/04\/Folha-1.webp","caption":"Reda\u00e7\u00e3o Folha Popular"},"url":"https:\/\/folhapopular.info\/index.php\/author\/redacao\/"}]}},"jetpack_featured_media_url":"https:\/\/folhapopular.info\/wp-content\/uploads\/2017\/11\/Inaugura\u00e7\u00e3o-monumento-Rosa-Luterana-3.jpg","jetpack_sharing_enabled":true,"amp_enabled":true,"_links":{"self":[{"href":"https:\/\/folhapopular.info\/index.php\/wp-json\/wp\/v2\/posts\/37105","targetHints":{"allow":["GET"]}}],"collection":[{"href":"https:\/\/folhapopular.info\/index.php\/wp-json\/wp\/v2\/posts"}],"about":[{"href":"https:\/\/folhapopular.info\/index.php\/wp-json\/wp\/v2\/types\/post"}],"author":[{"embeddable":true,"href":"https:\/\/folhapopular.info\/index.php\/wp-json\/wp\/v2\/users\/8"}],"replies":[{"embeddable":true,"href":"https:\/\/folhapopular.info\/index.php\/wp-json\/wp\/v2\/comments?post=37105"}],"version-history":[{"count":0,"href":"https:\/\/folhapopular.info\/index.php\/wp-json\/wp\/v2\/posts\/37105\/revisions"}],"wp:featuredmedia":[{"embeddable":true,"href":"https:\/\/folhapopular.info\/index.php\/wp-json\/wp\/v2\/media\/37106"}],"wp:attachment":[{"href":"https:\/\/folhapopular.info\/index.php\/wp-json\/wp\/v2\/media?parent=37105"}],"wp:term":[{"taxonomy":"category","embeddable":true,"href":"https:\/\/folhapopular.info\/index.php\/wp-json\/wp\/v2\/categories?post=37105"},{"taxonomy":"post_tag","embeddable":true,"href":"https:\/\/folhapopular.info\/index.php\/wp-json\/wp\/v2\/tags?post=37105"}],"curies":[{"name":"wp","href":"https:\/\/api.w.org\/{rel}","templated":true}]}}