{"id":37140,"date":"2017-11-03T16:00:03","date_gmt":"2017-11-03T18:00:03","guid":{"rendered":"http:\/\/folhapopular.info\/?p=37140"},"modified":"2017-11-03T13:52:54","modified_gmt":"2017-11-03T15:52:54","slug":"prefeitura-inicia-protesto-de-contribuintes-inadimplentes","status":"publish","type":"post","link":"https:\/\/folhapopular.info\/index.php\/2017\/11\/03\/prefeitura-inicia-protesto-de-contribuintes-inadimplentes\/","title":{"rendered":"Prefeitura inicia protesto de contribuintes inadimplentes"},"content":{"rendered":"<p>Cumprindo orienta\u00e7\u00e3o do Tribunal de Contas do Rio Grande do Sul (TCE-RS) e seguindo o trabalho de recupera\u00e7\u00e3o de cr\u00e9ditos, a Prefeitura de Lajeado dar\u00e1 in\u00edcio na pr\u00f3xima semana ao encaminhamento\u00a0a protesto dos contribuintes e empresas\u00a0inscritos na d\u00edvida ativa municipal.<\/p>\n<p>O cadastro \u00e9 formado por contribuintes que t\u00eam algum tipo de d\u00edvida com o munic\u00edpio, de anos anteriores, e que n\u00e3o negociaram o d\u00e9bito. A inscri\u00e7\u00e3o em d\u00edvida ativa \u00e9 feita ao final de cada ano. D\u00edvidas de 2017, por exemplo, s\u00f3 passam a integrar a d\u00edvida ativa a partir\u00a0de janeiro de 2018.<\/p>\n<p>O envio a protesto\u00a0acarreta na negativa\u00e7\u00e3o\u00a0dos\u00a0inadimplentes junto aos \u00f3rg\u00e3os de prote\u00e7\u00e3o ao cr\u00e9dito,\u00a0afetando diretamente o dia a dia das pessoas e empresas e impedindo, por exemplo, que a pessoa possa abrir um credi\u00e1rio no com\u00e9rcio.<\/p>\n<p><strong>O que voc\u00ea precisa saber caso seja notificado:<\/strong><\/p>\n<p>&#8211; Se voc\u00ea ou sua empresa estiverem inscritos em d\u00edvida ativa, receber\u00e3o primeiramente uma notifica\u00e7\u00e3o do d\u00e9bito. Essa notifica\u00e7\u00e3o poder\u00e1 ser feita por meio de intima\u00e7\u00e3o presencial ou pela publica\u00e7\u00e3o de edital\u00a0em jornal.<\/p>\n<p>&#8211; A partir da notifica\u00e7\u00e3o (data de assinatura da intima\u00e7\u00e3o presencial ou da publica\u00e7\u00e3o do edital), come\u00e7a a correr o prazo de tr\u00eas dias para que o contribuinte acerte seu d\u00e9bito diretamente com o\u00a0Tabelionato de Protestos. Importante: at\u00e9 o vencimento do prazo constante na intima\u00e7\u00e3o, o d\u00e9bito somente poder\u00e1 ser quitado junto ao Tabelionato de Protestos (Rua Alberto Torres, 555, Centro). Nesta etapa, n\u00e3o adianta procurar a Prefeitura, porque a administra\u00e7\u00e3o n\u00e3o tem como receber nem dar baixa em d\u00e9bitos que estiverem em tramita\u00e7\u00e3o de protesto.<\/p>\n<p>&#8211; O contribuinte que efetuar o pagamento junto ao Tabelionato\u00a0dentro do prazo quitar\u00e1 o seu d\u00e9bito e n\u00e3o ser\u00e1 protestado.<\/p>\n<p>&#8211; Caso o contribuinte n\u00e3o quite o seu d\u00e9bito no prazo indicado, ele ser\u00e1 ent\u00e3o protestado e estar\u00e1 sujeito \u00e0 negativa\u00e7\u00e3o de seu nome junto aos \u00f3rg\u00e3os de prote\u00e7\u00e3o ao cr\u00e9dito, como o SPC e o SERASA.<\/p>\n<p>&#8211; A partir da efetiva\u00e7\u00e3o do protesto, o d\u00e9bito dever\u00e1 ent\u00e3o ser acertado diretamente com a Prefeitura de Lajeado. O contribuinte dever\u00e1 procurar o balc\u00e3o de atendimento da Secretaria da Fazenda (Rua J\u00falio May, 242), podendo quitar o d\u00e9bito \u00e0 vista ou parcelar em at\u00e9 36 vezes, conforme o C\u00f3digo Tribut\u00e1rio Municipal.<\/p>\n<p>&#8211; Ap\u00f3s quita\u00e7\u00e3o do t\u00edtulo protestado, a Prefeitura encaminhar\u00e1 em at\u00e9 48 horas quita\u00e7\u00e3o ao\u00a0Tabelionato\u00a0de Protestos. O\u00a0contribuinte dever\u00e1 ent\u00e3o se dirigir ao\u00a0Tabelionato de Protestos para efetuar pagamento dos emolumentos e despesas de protestos. S\u00f3 ap\u00f3s a quita\u00e7\u00e3o das custas \u00e9 que Tabelionato efetuar\u00e1 a baixa do protesto.<\/p>\n","protected":false},"excerpt":{"rendered":"<p>Cumprindo orienta\u00e7\u00e3o do Tribunal de Contas do Rio Grande do Sul (TCE-RS) e seguindo o trabalho de recupera\u00e7\u00e3o de cr\u00e9ditos, a Prefeitura de Lajeado dar\u00e1 in\u00edcio na pr\u00f3xima semana ao encaminhamento\u00a0a protesto dos contribuintes e empresas\u00a0inscritos na d\u00edvida ativa municipal. O cadastro \u00e9 formado por contribuintes que t\u00eam algum tipo de d\u00edvida com o munic\u00edpio, [&hellip;]<\/p>\n","protected":false},"author":8,"featured_media":31867,"comment_status":"open","ping_status":"open","sticky":false,"template":"","format":"standard","meta":{"pmpro_default_level":"","_jetpack_memberships_contains_paid_content":false,"footnotes":""},"categories":[3],"tags":[1361,1362,1360,27],"class_list":{"0":"post-37140","1":"post","2":"type-post","3":"status-publish","4":"format-standard","5":"has-post-thumbnail","7":"category-geral","8":"tag-contribuintes","9":"tag-divida","10":"tag-inadimplentes","11":"tag-lajeado","12":"pmpro-has-access"},"yoast_head":"<!-- This site is optimized with the Yoast SEO plugin v27.5 - https:\/\/yoast.com\/product\/yoast-seo-wordpress\/ -->\n<title>Prefeitura inicia protesto de contribuintes inadimplentes - Folha Popular<\/title>\n<meta name=\"robots\" content=\"index, follow, max-snippet:-1, max-image-preview:large, max-video-preview:-1\" \/>\n<link rel=\"canonical\" href=\"https:\/\/folhapopular.info\/index.php\/2017\/11\/03\/prefeitura-inicia-protesto-de-contribuintes-inadimplentes\/\" \/>\n<meta property=\"og:locale\" content=\"pt_BR\" \/>\n<meta property=\"og:type\" content=\"article\" \/>\n<meta property=\"og:title\" content=\"Prefeitura inicia protesto de contribuintes inadimplentes - Folha Popular\" \/>\n<meta property=\"og:description\" content=\"Cumprindo orienta\u00e7\u00e3o do Tribunal de Contas do Rio Grande do Sul (TCE-RS) e seguindo o trabalho de recupera\u00e7\u00e3o de cr\u00e9ditos, a Prefeitura de Lajeado dar\u00e1 in\u00edcio na pr\u00f3xima semana ao encaminhamento\u00a0a protesto dos contribuintes e empresas\u00a0inscritos na d\u00edvida ativa municipal. O cadastro \u00e9 formado por contribuintes que t\u00eam algum tipo de d\u00edvida com o munic\u00edpio, [&hellip;]\" \/>\n<meta property=\"og:url\" content=\"https:\/\/folhapopular.info\/index.php\/2017\/11\/03\/prefeitura-inicia-protesto-de-contribuintes-inadimplentes\/\" \/>\n<meta property=\"og:site_name\" content=\"Folha Popular\" \/>\n<meta property=\"article:published_time\" content=\"2017-11-03T18:00:03+00:00\" \/>\n<meta property=\"og:image\" content=\"https:\/\/folhapopular.info\/wp-content\/uploads\/2017\/06\/Not\u00edcias_SITE-1-e1543404686907.jpg\" \/>\n\t<meta property=\"og:image:width\" content=\"800\" \/>\n\t<meta property=\"og:image:height\" content=\"514\" \/>\n\t<meta property=\"og:image:type\" content=\"image\/jpeg\" \/>\n<meta name=\"author\" content=\"Reda\u00e7\u00e3o Folha Popular\" \/>\n<meta name=\"twitter:card\" content=\"summary_large_image\" \/>\n<meta name=\"twitter:label1\" content=\"Escrito por\" \/>\n\t<meta name=\"twitter:data1\" content=\"Reda\u00e7\u00e3o Folha Popular\" \/>\n\t<meta name=\"twitter:label2\" content=\"Est. tempo de leitura\" \/>\n\t<meta name=\"twitter:data2\" content=\"2 minutos\" \/>\n<script type=\"application\/ld+json\" class=\"yoast-schema-graph\">{\"@context\":\"https:\\\/\\\/schema.org\",\"@graph\":[{\"@type\":\"Article\",\"@id\":\"https:\\\/\\\/folhapopular.info\\\/index.php\\\/2017\\\/11\\\/03\\\/prefeitura-inicia-protesto-de-contribuintes-inadimplentes\\\/#article\",\"isPartOf\":{\"@id\":\"https:\\\/\\\/folhapopular.info\\\/index.php\\\/2017\\\/11\\\/03\\\/prefeitura-inicia-protesto-de-contribuintes-inadimplentes\\\/\"},\"author\":{\"name\":\"Reda\u00e7\u00e3o Folha Popular\",\"@id\":\"https:\\\/\\\/folhapopular.info\\\/#\\\/schema\\\/person\\\/2814e8a0df7643585a9ca38bc6eb9d4b\"},\"headline\":\"Prefeitura inicia protesto de contribuintes inadimplentes\",\"datePublished\":\"2017-11-03T18:00:03+00:00\",\"mainEntityOfPage\":{\"@id\":\"https:\\\/\\\/folhapopular.info\\\/index.php\\\/2017\\\/11\\\/03\\\/prefeitura-inicia-protesto-de-contribuintes-inadimplentes\\\/\"},\"wordCount\":485,\"commentCount\":0,\"image\":{\"@id\":\"https:\\\/\\\/folhapopular.info\\\/index.php\\\/2017\\\/11\\\/03\\\/prefeitura-inicia-protesto-de-contribuintes-inadimplentes\\\/#primaryimage\"},\"thumbnailUrl\":\"https:\\\/\\\/folhapopular.info\\\/wp-content\\\/uploads\\\/2017\\\/06\\\/Not\u00edcias_SITE-1-e1543404686907.jpg\",\"keywords\":[\"Contribuintes\",\"D\u00edvida\",\"Inadimplentes\",\"Lajeado\"],\"articleSection\":[\"Geral\"],\"inLanguage\":\"pt-BR\",\"potentialAction\":[{\"@type\":\"CommentAction\",\"name\":\"Comment\",\"target\":[\"https:\\\/\\\/folhapopular.info\\\/index.php\\\/2017\\\/11\\\/03\\\/prefeitura-inicia-protesto-de-contribuintes-inadimplentes\\\/#respond\"]}]},{\"@type\":\"WebPage\",\"@id\":\"https:\\\/\\\/folhapopular.info\\\/index.php\\\/2017\\\/11\\\/03\\\/prefeitura-inicia-protesto-de-contribuintes-inadimplentes\\\/\",\"url\":\"https:\\\/\\\/folhapopular.info\\\/index.php\\\/2017\\\/11\\\/03\\\/prefeitura-inicia-protesto-de-contribuintes-inadimplentes\\\/\",\"name\":\"Prefeitura inicia protesto de contribuintes inadimplentes - Folha Popular\",\"isPartOf\":{\"@id\":\"https:\\\/\\\/folhapopular.info\\\/#website\"},\"primaryImageOfPage\":{\"@id\":\"https:\\\/\\\/folhapopular.info\\\/index.php\\\/2017\\\/11\\\/03\\\/prefeitura-inicia-protesto-de-contribuintes-inadimplentes\\\/#primaryimage\"},\"image\":{\"@id\":\"https:\\\/\\\/folhapopular.info\\\/index.php\\\/2017\\\/11\\\/03\\\/prefeitura-inicia-protesto-de-contribuintes-inadimplentes\\\/#primaryimage\"},\"thumbnailUrl\":\"https:\\\/\\\/folhapopular.info\\\/wp-content\\\/uploads\\\/2017\\\/06\\\/Not\u00edcias_SITE-1-e1543404686907.jpg\",\"datePublished\":\"2017-11-03T18:00:03+00:00\",\"author\":{\"@id\":\"https:\\\/\\\/folhapopular.info\\\/#\\\/schema\\\/person\\\/2814e8a0df7643585a9ca38bc6eb9d4b\"},\"breadcrumb\":{\"@id\":\"https:\\\/\\\/folhapopular.info\\\/index.php\\\/2017\\\/11\\\/03\\\/prefeitura-inicia-protesto-de-contribuintes-inadimplentes\\\/#breadcrumb\"},\"inLanguage\":\"pt-BR\",\"potentialAction\":[{\"@type\":\"ReadAction\",\"target\":[\"https:\\\/\\\/folhapopular.info\\\/index.php\\\/2017\\\/11\\\/03\\\/prefeitura-inicia-protesto-de-contribuintes-inadimplentes\\\/\"]}]},{\"@type\":\"ImageObject\",\"inLanguage\":\"pt-BR\",\"@id\":\"https:\\\/\\\/folhapopular.info\\\/index.php\\\/2017\\\/11\\\/03\\\/prefeitura-inicia-protesto-de-contribuintes-inadimplentes\\\/#primaryimage\",\"url\":\"https:\\\/\\\/folhapopular.info\\\/wp-content\\\/uploads\\\/2017\\\/06\\\/Not\u00edcias_SITE-1-e1543404686907.jpg\",\"contentUrl\":\"https:\\\/\\\/folhapopular.info\\\/wp-content\\\/uploads\\\/2017\\\/06\\\/Not\u00edcias_SITE-1-e1543404686907.jpg\",\"width\":800,\"height\":514,\"caption\":\"Cadastro reserva ser\u00e1 para cinco \u00e1reas de atua\u00e7\u00e3o nas salas de aula\"},{\"@type\":\"BreadcrumbList\",\"@id\":\"https:\\\/\\\/folhapopular.info\\\/index.php\\\/2017\\\/11\\\/03\\\/prefeitura-inicia-protesto-de-contribuintes-inadimplentes\\\/#breadcrumb\",\"itemListElement\":[{\"@type\":\"ListItem\",\"position\":1,\"name\":\"In\u00edcio\",\"item\":\"https:\\\/\\\/folhapopular.info\\\/\"},{\"@type\":\"ListItem\",\"position\":2,\"name\":\"Prefeitura inicia protesto de contribuintes inadimplentes\"}]},{\"@type\":\"WebSite\",\"@id\":\"https:\\\/\\\/folhapopular.info\\\/#website\",\"url\":\"https:\\\/\\\/folhapopular.info\\\/\",\"name\":\"Folha Popular\",\"description\":\"Onde voc\u00ea tem vez e voz\",\"potentialAction\":[{\"@type\":\"SearchAction\",\"target\":{\"@type\":\"EntryPoint\",\"urlTemplate\":\"https:\\\/\\\/folhapopular.info\\\/?s={search_term_string}\"},\"query-input\":{\"@type\":\"PropertyValueSpecification\",\"valueRequired\":true,\"valueName\":\"search_term_string\"}}],\"inLanguage\":\"pt-BR\"},{\"@type\":\"Person\",\"@id\":\"https:\\\/\\\/folhapopular.info\\\/#\\\/schema\\\/person\\\/2814e8a0df7643585a9ca38bc6eb9d4b\",\"name\":\"Reda\u00e7\u00e3o Folha Popular\",\"image\":{\"@type\":\"ImageObject\",\"inLanguage\":\"pt-BR\",\"@id\":\"https:\\\/\\\/folhapopular.info\\\/wp-content\\\/uploads\\\/2026\\\/04\\\/Folha-1.webp\",\"url\":\"https:\\\/\\\/folhapopular.info\\\/wp-content\\\/uploads\\\/2026\\\/04\\\/Folha-1.webp\",\"contentUrl\":\"https:\\\/\\\/folhapopular.info\\\/wp-content\\\/uploads\\\/2026\\\/04\\\/Folha-1.webp\",\"caption\":\"Reda\u00e7\u00e3o Folha Popular\"},\"url\":\"https:\\\/\\\/folhapopular.info\\\/index.php\\\/author\\\/redacao\\\/\"}]}<\/script>\n<!-- \/ Yoast SEO plugin. -->","yoast_head_json":{"title":"Prefeitura inicia protesto de contribuintes inadimplentes - Folha Popular","robots":{"index":"index","follow":"follow","max-snippet":"max-snippet:-1","max-image-preview":"max-image-preview:large","max-video-preview":"max-video-preview:-1"},"canonical":"https:\/\/folhapopular.info\/index.php\/2017\/11\/03\/prefeitura-inicia-protesto-de-contribuintes-inadimplentes\/","og_locale":"pt_BR","og_type":"article","og_title":"Prefeitura inicia protesto de contribuintes inadimplentes - Folha Popular","og_description":"Cumprindo orienta\u00e7\u00e3o do Tribunal de Contas do Rio Grande do Sul (TCE-RS) e seguindo o trabalho de recupera\u00e7\u00e3o de cr\u00e9ditos, a Prefeitura de Lajeado dar\u00e1 in\u00edcio na pr\u00f3xima semana ao encaminhamento\u00a0a protesto dos contribuintes e empresas\u00a0inscritos na d\u00edvida ativa municipal. O cadastro \u00e9 formado por contribuintes que t\u00eam algum tipo de d\u00edvida com o munic\u00edpio, [&hellip;]","og_url":"https:\/\/folhapopular.info\/index.php\/2017\/11\/03\/prefeitura-inicia-protesto-de-contribuintes-inadimplentes\/","og_site_name":"Folha Popular","article_published_time":"2017-11-03T18:00:03+00:00","og_image":[{"width":800,"height":514,"url":"https:\/\/folhapopular.info\/wp-content\/uploads\/2017\/06\/Not\u00edcias_SITE-1-e1543404686907.jpg","type":"image\/jpeg"}],"author":"Reda\u00e7\u00e3o Folha Popular","twitter_card":"summary_large_image","twitter_misc":{"Escrito por":"Reda\u00e7\u00e3o Folha Popular","Est. tempo de leitura":"2 minutos"},"schema":{"@context":"https:\/\/schema.org","@graph":[{"@type":"Article","@id":"https:\/\/folhapopular.info\/index.php\/2017\/11\/03\/prefeitura-inicia-protesto-de-contribuintes-inadimplentes\/#article","isPartOf":{"@id":"https:\/\/folhapopular.info\/index.php\/2017\/11\/03\/prefeitura-inicia-protesto-de-contribuintes-inadimplentes\/"},"author":{"name":"Reda\u00e7\u00e3o Folha Popular","@id":"https:\/\/folhapopular.info\/#\/schema\/person\/2814e8a0df7643585a9ca38bc6eb9d4b"},"headline":"Prefeitura inicia protesto de contribuintes inadimplentes","datePublished":"2017-11-03T18:00:03+00:00","mainEntityOfPage":{"@id":"https:\/\/folhapopular.info\/index.php\/2017\/11\/03\/prefeitura-inicia-protesto-de-contribuintes-inadimplentes\/"},"wordCount":485,"commentCount":0,"image":{"@id":"https:\/\/folhapopular.info\/index.php\/2017\/11\/03\/prefeitura-inicia-protesto-de-contribuintes-inadimplentes\/#primaryimage"},"thumbnailUrl":"https:\/\/folhapopular.info\/wp-content\/uploads\/2017\/06\/Not\u00edcias_SITE-1-e1543404686907.jpg","keywords":["Contribuintes","D\u00edvida","Inadimplentes","Lajeado"],"articleSection":["Geral"],"inLanguage":"pt-BR","potentialAction":[{"@type":"CommentAction","name":"Comment","target":["https:\/\/folhapopular.info\/index.php\/2017\/11\/03\/prefeitura-inicia-protesto-de-contribuintes-inadimplentes\/#respond"]}]},{"@type":"WebPage","@id":"https:\/\/folhapopular.info\/index.php\/2017\/11\/03\/prefeitura-inicia-protesto-de-contribuintes-inadimplentes\/","url":"https:\/\/folhapopular.info\/index.php\/2017\/11\/03\/prefeitura-inicia-protesto-de-contribuintes-inadimplentes\/","name":"Prefeitura inicia protesto de contribuintes inadimplentes - Folha Popular","isPartOf":{"@id":"https:\/\/folhapopular.info\/#website"},"primaryImageOfPage":{"@id":"https:\/\/folhapopular.info\/index.php\/2017\/11\/03\/prefeitura-inicia-protesto-de-contribuintes-inadimplentes\/#primaryimage"},"image":{"@id":"https:\/\/folhapopular.info\/index.php\/2017\/11\/03\/prefeitura-inicia-protesto-de-contribuintes-inadimplentes\/#primaryimage"},"thumbnailUrl":"https:\/\/folhapopular.info\/wp-content\/uploads\/2017\/06\/Not\u00edcias_SITE-1-e1543404686907.jpg","datePublished":"2017-11-03T18:00:03+00:00","author":{"@id":"https:\/\/folhapopular.info\/#\/schema\/person\/2814e8a0df7643585a9ca38bc6eb9d4b"},"breadcrumb":{"@id":"https:\/\/folhapopular.info\/index.php\/2017\/11\/03\/prefeitura-inicia-protesto-de-contribuintes-inadimplentes\/#breadcrumb"},"inLanguage":"pt-BR","potentialAction":[{"@type":"ReadAction","target":["https:\/\/folhapopular.info\/index.php\/2017\/11\/03\/prefeitura-inicia-protesto-de-contribuintes-inadimplentes\/"]}]},{"@type":"ImageObject","inLanguage":"pt-BR","@id":"https:\/\/folhapopular.info\/index.php\/2017\/11\/03\/prefeitura-inicia-protesto-de-contribuintes-inadimplentes\/#primaryimage","url":"https:\/\/folhapopular.info\/wp-content\/uploads\/2017\/06\/Not\u00edcias_SITE-1-e1543404686907.jpg","contentUrl":"https:\/\/folhapopular.info\/wp-content\/uploads\/2017\/06\/Not\u00edcias_SITE-1-e1543404686907.jpg","width":800,"height":514,"caption":"Cadastro reserva ser\u00e1 para cinco \u00e1reas de atua\u00e7\u00e3o nas salas de aula"},{"@type":"BreadcrumbList","@id":"https:\/\/folhapopular.info\/index.php\/2017\/11\/03\/prefeitura-inicia-protesto-de-contribuintes-inadimplentes\/#breadcrumb","itemListElement":[{"@type":"ListItem","position":1,"name":"In\u00edcio","item":"https:\/\/folhapopular.info\/"},{"@type":"ListItem","position":2,"name":"Prefeitura inicia protesto de contribuintes inadimplentes"}]},{"@type":"WebSite","@id":"https:\/\/folhapopular.info\/#website","url":"https:\/\/folhapopular.info\/","name":"Folha Popular","description":"Onde voc\u00ea tem vez e voz","potentialAction":[{"@type":"SearchAction","target":{"@type":"EntryPoint","urlTemplate":"https:\/\/folhapopular.info\/?s={search_term_string}"},"query-input":{"@type":"PropertyValueSpecification","valueRequired":true,"valueName":"search_term_string"}}],"inLanguage":"pt-BR"},{"@type":"Person","@id":"https:\/\/folhapopular.info\/#\/schema\/person\/2814e8a0df7643585a9ca38bc6eb9d4b","name":"Reda\u00e7\u00e3o Folha Popular","image":{"@type":"ImageObject","inLanguage":"pt-BR","@id":"https:\/\/folhapopular.info\/wp-content\/uploads\/2026\/04\/Folha-1.webp","url":"https:\/\/folhapopular.info\/wp-content\/uploads\/2026\/04\/Folha-1.webp","contentUrl":"https:\/\/folhapopular.info\/wp-content\/uploads\/2026\/04\/Folha-1.webp","caption":"Reda\u00e7\u00e3o Folha Popular"},"url":"https:\/\/folhapopular.info\/index.php\/author\/redacao\/"}]}},"jetpack_featured_media_url":"https:\/\/folhapopular.info\/wp-content\/uploads\/2017\/06\/Not\u00edcias_SITE-1-e1543404686907.jpg","jetpack_sharing_enabled":true,"amp_enabled":true,"_links":{"self":[{"href":"https:\/\/folhapopular.info\/index.php\/wp-json\/wp\/v2\/posts\/37140","targetHints":{"allow":["GET"]}}],"collection":[{"href":"https:\/\/folhapopular.info\/index.php\/wp-json\/wp\/v2\/posts"}],"about":[{"href":"https:\/\/folhapopular.info\/index.php\/wp-json\/wp\/v2\/types\/post"}],"author":[{"embeddable":true,"href":"https:\/\/folhapopular.info\/index.php\/wp-json\/wp\/v2\/users\/8"}],"replies":[{"embeddable":true,"href":"https:\/\/folhapopular.info\/index.php\/wp-json\/wp\/v2\/comments?post=37140"}],"version-history":[{"count":0,"href":"https:\/\/folhapopular.info\/index.php\/wp-json\/wp\/v2\/posts\/37140\/revisions"}],"wp:featuredmedia":[{"embeddable":true,"href":"https:\/\/folhapopular.info\/index.php\/wp-json\/wp\/v2\/media\/31867"}],"wp:attachment":[{"href":"https:\/\/folhapopular.info\/index.php\/wp-json\/wp\/v2\/media?parent=37140"}],"wp:term":[{"taxonomy":"category","embeddable":true,"href":"https:\/\/folhapopular.info\/index.php\/wp-json\/wp\/v2\/categories?post=37140"},{"taxonomy":"post_tag","embeddable":true,"href":"https:\/\/folhapopular.info\/index.php\/wp-json\/wp\/v2\/tags?post=37140"}],"curies":[{"name":"wp","href":"https:\/\/api.w.org\/{rel}","templated":true}]}}