{"id":37318,"date":"2017-11-09T08:00:11","date_gmt":"2017-11-09T10:00:11","guid":{"rendered":"http:\/\/folhapopular.info\/?p=37318"},"modified":"2017-11-09T07:55:56","modified_gmt":"2017-11-09T09:55:56","slug":"pedagio-do-novembro-azul-ocorre-novamente-nesta-quinta-feira","status":"publish","type":"post","link":"https:\/\/folhapopular.info\/index.php\/2017\/11\/09\/pedagio-do-novembro-azul-ocorre-novamente-nesta-quinta-feira\/","title":{"rendered":"Ped\u00e1gio do Novembro Azul ocorre novamente nesta quinta-feira"},"content":{"rendered":"<p>Sa\u00fade merece aten\u00e7\u00e3o o ano todo! Mas este m\u00eas \u00e9 especial para dedicar aten\u00e7\u00e3o especial \u00e0 sa\u00fade dos homens. Em alus\u00e3o ao Novembro Azul, a Prefeitura Municipal de Garibaldi, por meio da Secretaria Municipal da Sa\u00fade (SMS), realiza a\u00e7\u00f5es educativas, com o objetivo de estimular os homens a realizar exames preventivos.<\/p>\n<p>Na \u00faltima segunda-feira, dia 6, equipes da SMS estiveram em pontos da avenida Independ\u00eancia e da rua Buarque de Macedo distribuindo material com informa\u00e7\u00f5es a motoristas e pedestres. O ped\u00e1gio informativo ser\u00e1 realizado novamente na quinta, dia 9, das 17h30 \u00e0s 19h30, entre as ruas Buarque de Macedo e Jo\u00e3o Pessoa. Em caso de chuva, a a\u00e7\u00e3o ser\u00e1 cancelada.<\/p>\n<p>Ao longo do m\u00eas, os servi\u00e7os das Unidades B\u00e1sicas de Sa\u00fade (UBSs) priorizar\u00e3o o p\u00fablico-alvo masculino. Todos os postos contam com informa\u00e7\u00f5es sobre os cuidados preventivos que os homens devem ter com a sa\u00fade, principalmente em \u00e1reas que mais causam adoecimento e mortalidade nessa popula\u00e7\u00e3o, que s\u00e3o doen\u00e7as cardiovasculares e c\u00e2nceres.<\/p>\n<p>Para ampliar o acesso \u00e0 informa\u00e7\u00e3o, todo o s\u00e1bado do m\u00eas contar\u00e1 com entrevistas sobre o tema no programa \u201cSa\u00fade e Bem-Estar\u201d, da R\u00e1dio Garibaldi. No \u00faltimo s\u00e1bado, dia 4, a secret\u00e1ria Simone Agostini de Moraes esteve no programa, que ainda contar\u00e1 com a participa\u00e7\u00e3o da m\u00e9dica cardiologista Giovana Rosa e do Corpo de Bombeiros, abordando causas e maneiras de preven\u00e7\u00e3o e cuidado.<\/p>\n","protected":false},"excerpt":{"rendered":"<p>Sa\u00fade merece aten\u00e7\u00e3o o ano todo! Mas este m\u00eas \u00e9 especial para dedicar aten\u00e7\u00e3o especial \u00e0 sa\u00fade dos homens. Em alus\u00e3o ao Novembro Azul, a Prefeitura Municipal de Garibaldi, por meio da Secretaria Municipal da Sa\u00fade (SMS), realiza a\u00e7\u00f5es educativas, com o objetivo de estimular os homens a realizar exames preventivos. Na \u00faltima segunda-feira, dia [&hellip;]<\/p>\n","protected":false},"author":8,"featured_media":37319,"comment_status":"open","ping_status":"open","sticky":false,"template":"","format":"standard","meta":{"pmpro_default_level":"","_jetpack_memberships_contains_paid_content":false,"footnotes":""},"categories":[3],"tags":[28,1353,1406],"class_list":{"0":"post-37318","1":"post","2":"type-post","3":"status-publish","4":"format-standard","5":"has-post-thumbnail","7":"category-geral","8":"tag-garibaldi","9":"tag-novembro-azul","10":"tag-pedagio-solidario","11":"pmpro-has-access"},"yoast_head":"<!-- This site is optimized with the Yoast SEO plugin v27.5 - https:\/\/yoast.com\/product\/yoast-seo-wordpress\/ -->\n<title>Ped\u00e1gio do Novembro Azul ocorre novamente nesta quinta-feira - Folha Popular<\/title>\n<meta name=\"robots\" content=\"index, follow, max-snippet:-1, max-image-preview:large, max-video-preview:-1\" \/>\n<link rel=\"canonical\" href=\"https:\/\/folhapopular.info\/index.php\/2017\/11\/09\/pedagio-do-novembro-azul-ocorre-novamente-nesta-quinta-feira\/\" \/>\n<meta property=\"og:locale\" content=\"pt_BR\" \/>\n<meta property=\"og:type\" content=\"article\" \/>\n<meta property=\"og:title\" content=\"Ped\u00e1gio do Novembro Azul ocorre novamente nesta quinta-feira - Folha Popular\" \/>\n<meta property=\"og:description\" content=\"Sa\u00fade merece aten\u00e7\u00e3o o ano todo! Mas este m\u00eas \u00e9 especial para dedicar aten\u00e7\u00e3o especial \u00e0 sa\u00fade dos homens. Em alus\u00e3o ao Novembro Azul, a Prefeitura Municipal de Garibaldi, por meio da Secretaria Municipal da Sa\u00fade (SMS), realiza a\u00e7\u00f5es educativas, com o objetivo de estimular os homens a realizar exames preventivos. Na \u00faltima segunda-feira, dia [&hellip;]\" \/>\n<meta property=\"og:url\" content=\"https:\/\/folhapopular.info\/index.php\/2017\/11\/09\/pedagio-do-novembro-azul-ocorre-novamente-nesta-quinta-feira\/\" \/>\n<meta property=\"og:site_name\" content=\"Folha Popular\" \/>\n<meta property=\"article:published_time\" content=\"2017-11-09T10:00:11+00:00\" \/>\n<meta property=\"og:image\" content=\"https:\/\/folhapopular.info\/wp-content\/uploads\/2017\/11\/Ped\u00e1gio-Novembro-Azul-Priscila-Pilletti-4.jpg\" \/>\n\t<meta property=\"og:image:width\" content=\"1000\" \/>\n\t<meta property=\"og:image:height\" content=\"666\" \/>\n\t<meta property=\"og:image:type\" content=\"image\/jpeg\" \/>\n<meta name=\"author\" content=\"Reda\u00e7\u00e3o Folha Popular\" \/>\n<meta name=\"twitter:card\" content=\"summary_large_image\" \/>\n<meta name=\"twitter:label1\" content=\"Escrito por\" \/>\n\t<meta name=\"twitter:data1\" content=\"Reda\u00e7\u00e3o Folha Popular\" \/>\n\t<meta name=\"twitter:label2\" content=\"Est. tempo de leitura\" \/>\n\t<meta name=\"twitter:data2\" content=\"1 minuto\" \/>\n<script type=\"application\/ld+json\" class=\"yoast-schema-graph\">{\"@context\":\"https:\\\/\\\/schema.org\",\"@graph\":[{\"@type\":\"Article\",\"@id\":\"https:\\\/\\\/folhapopular.info\\\/index.php\\\/2017\\\/11\\\/09\\\/pedagio-do-novembro-azul-ocorre-novamente-nesta-quinta-feira\\\/#article\",\"isPartOf\":{\"@id\":\"https:\\\/\\\/folhapopular.info\\\/index.php\\\/2017\\\/11\\\/09\\\/pedagio-do-novembro-azul-ocorre-novamente-nesta-quinta-feira\\\/\"},\"author\":{\"name\":\"Reda\u00e7\u00e3o Folha Popular\",\"@id\":\"https:\\\/\\\/folhapopular.info\\\/#\\\/schema\\\/person\\\/2814e8a0df7643585a9ca38bc6eb9d4b\"},\"headline\":\"Ped\u00e1gio do Novembro Azul ocorre novamente nesta quinta-feira\",\"datePublished\":\"2017-11-09T10:00:11+00:00\",\"mainEntityOfPage\":{\"@id\":\"https:\\\/\\\/folhapopular.info\\\/index.php\\\/2017\\\/11\\\/09\\\/pedagio-do-novembro-azul-ocorre-novamente-nesta-quinta-feira\\\/\"},\"wordCount\":262,\"commentCount\":0,\"image\":{\"@id\":\"https:\\\/\\\/folhapopular.info\\\/index.php\\\/2017\\\/11\\\/09\\\/pedagio-do-novembro-azul-ocorre-novamente-nesta-quinta-feira\\\/#primaryimage\"},\"thumbnailUrl\":\"https:\\\/\\\/folhapopular.info\\\/wp-content\\\/uploads\\\/2017\\\/11\\\/Ped\u00e1gio-Novembro-Azul-Priscila-Pilletti-4.jpg\",\"keywords\":[\"Garibaldi\",\"Novembro Azul\",\"Ped\u00e1gio Solid\u00e1rio\"],\"articleSection\":[\"Geral\"],\"inLanguage\":\"pt-BR\",\"potentialAction\":[{\"@type\":\"CommentAction\",\"name\":\"Comment\",\"target\":[\"https:\\\/\\\/folhapopular.info\\\/index.php\\\/2017\\\/11\\\/09\\\/pedagio-do-novembro-azul-ocorre-novamente-nesta-quinta-feira\\\/#respond\"]}]},{\"@type\":\"WebPage\",\"@id\":\"https:\\\/\\\/folhapopular.info\\\/index.php\\\/2017\\\/11\\\/09\\\/pedagio-do-novembro-azul-ocorre-novamente-nesta-quinta-feira\\\/\",\"url\":\"https:\\\/\\\/folhapopular.info\\\/index.php\\\/2017\\\/11\\\/09\\\/pedagio-do-novembro-azul-ocorre-novamente-nesta-quinta-feira\\\/\",\"name\":\"Ped\u00e1gio do Novembro Azul ocorre novamente nesta quinta-feira - Folha Popular\",\"isPartOf\":{\"@id\":\"https:\\\/\\\/folhapopular.info\\\/#website\"},\"primaryImageOfPage\":{\"@id\":\"https:\\\/\\\/folhapopular.info\\\/index.php\\\/2017\\\/11\\\/09\\\/pedagio-do-novembro-azul-ocorre-novamente-nesta-quinta-feira\\\/#primaryimage\"},\"image\":{\"@id\":\"https:\\\/\\\/folhapopular.info\\\/index.php\\\/2017\\\/11\\\/09\\\/pedagio-do-novembro-azul-ocorre-novamente-nesta-quinta-feira\\\/#primaryimage\"},\"thumbnailUrl\":\"https:\\\/\\\/folhapopular.info\\\/wp-content\\\/uploads\\\/2017\\\/11\\\/Ped\u00e1gio-Novembro-Azul-Priscila-Pilletti-4.jpg\",\"datePublished\":\"2017-11-09T10:00:11+00:00\",\"author\":{\"@id\":\"https:\\\/\\\/folhapopular.info\\\/#\\\/schema\\\/person\\\/2814e8a0df7643585a9ca38bc6eb9d4b\"},\"breadcrumb\":{\"@id\":\"https:\\\/\\\/folhapopular.info\\\/index.php\\\/2017\\\/11\\\/09\\\/pedagio-do-novembro-azul-ocorre-novamente-nesta-quinta-feira\\\/#breadcrumb\"},\"inLanguage\":\"pt-BR\",\"potentialAction\":[{\"@type\":\"ReadAction\",\"target\":[\"https:\\\/\\\/folhapopular.info\\\/index.php\\\/2017\\\/11\\\/09\\\/pedagio-do-novembro-azul-ocorre-novamente-nesta-quinta-feira\\\/\"]}]},{\"@type\":\"ImageObject\",\"inLanguage\":\"pt-BR\",\"@id\":\"https:\\\/\\\/folhapopular.info\\\/index.php\\\/2017\\\/11\\\/09\\\/pedagio-do-novembro-azul-ocorre-novamente-nesta-quinta-feira\\\/#primaryimage\",\"url\":\"https:\\\/\\\/folhapopular.info\\\/wp-content\\\/uploads\\\/2017\\\/11\\\/Ped\u00e1gio-Novembro-Azul-Priscila-Pilletti-4.jpg\",\"contentUrl\":\"https:\\\/\\\/folhapopular.info\\\/wp-content\\\/uploads\\\/2017\\\/11\\\/Ped\u00e1gio-Novembro-Azul-Priscila-Pilletti-4.jpg\",\"width\":1000,\"height\":666},{\"@type\":\"BreadcrumbList\",\"@id\":\"https:\\\/\\\/folhapopular.info\\\/index.php\\\/2017\\\/11\\\/09\\\/pedagio-do-novembro-azul-ocorre-novamente-nesta-quinta-feira\\\/#breadcrumb\",\"itemListElement\":[{\"@type\":\"ListItem\",\"position\":1,\"name\":\"In\u00edcio\",\"item\":\"https:\\\/\\\/folhapopular.info\\\/\"},{\"@type\":\"ListItem\",\"position\":2,\"name\":\"Ped\u00e1gio do Novembro Azul ocorre novamente nesta quinta-feira\"}]},{\"@type\":\"WebSite\",\"@id\":\"https:\\\/\\\/folhapopular.info\\\/#website\",\"url\":\"https:\\\/\\\/folhapopular.info\\\/\",\"name\":\"Folha Popular\",\"description\":\"Onde voc\u00ea tem vez e voz\",\"potentialAction\":[{\"@type\":\"SearchAction\",\"target\":{\"@type\":\"EntryPoint\",\"urlTemplate\":\"https:\\\/\\\/folhapopular.info\\\/?s={search_term_string}\"},\"query-input\":{\"@type\":\"PropertyValueSpecification\",\"valueRequired\":true,\"valueName\":\"search_term_string\"}}],\"inLanguage\":\"pt-BR\"},{\"@type\":\"Person\",\"@id\":\"https:\\\/\\\/folhapopular.info\\\/#\\\/schema\\\/person\\\/2814e8a0df7643585a9ca38bc6eb9d4b\",\"name\":\"Reda\u00e7\u00e3o Folha Popular\",\"image\":{\"@type\":\"ImageObject\",\"inLanguage\":\"pt-BR\",\"@id\":\"https:\\\/\\\/folhapopular.info\\\/wp-content\\\/uploads\\\/2026\\\/04\\\/Folha-1.webp\",\"url\":\"https:\\\/\\\/folhapopular.info\\\/wp-content\\\/uploads\\\/2026\\\/04\\\/Folha-1.webp\",\"contentUrl\":\"https:\\\/\\\/folhapopular.info\\\/wp-content\\\/uploads\\\/2026\\\/04\\\/Folha-1.webp\",\"caption\":\"Reda\u00e7\u00e3o Folha Popular\"},\"url\":\"https:\\\/\\\/folhapopular.info\\\/index.php\\\/author\\\/redacao\\\/\"}]}<\/script>\n<!-- \/ Yoast SEO plugin. -->","yoast_head_json":{"title":"Ped\u00e1gio do Novembro Azul ocorre novamente nesta quinta-feira - Folha Popular","robots":{"index":"index","follow":"follow","max-snippet":"max-snippet:-1","max-image-preview":"max-image-preview:large","max-video-preview":"max-video-preview:-1"},"canonical":"https:\/\/folhapopular.info\/index.php\/2017\/11\/09\/pedagio-do-novembro-azul-ocorre-novamente-nesta-quinta-feira\/","og_locale":"pt_BR","og_type":"article","og_title":"Ped\u00e1gio do Novembro Azul ocorre novamente nesta quinta-feira - Folha Popular","og_description":"Sa\u00fade merece aten\u00e7\u00e3o o ano todo! Mas este m\u00eas \u00e9 especial para dedicar aten\u00e7\u00e3o especial \u00e0 sa\u00fade dos homens. Em alus\u00e3o ao Novembro Azul, a Prefeitura Municipal de Garibaldi, por meio da Secretaria Municipal da Sa\u00fade (SMS), realiza a\u00e7\u00f5es educativas, com o objetivo de estimular os homens a realizar exames preventivos. Na \u00faltima segunda-feira, dia [&hellip;]","og_url":"https:\/\/folhapopular.info\/index.php\/2017\/11\/09\/pedagio-do-novembro-azul-ocorre-novamente-nesta-quinta-feira\/","og_site_name":"Folha Popular","article_published_time":"2017-11-09T10:00:11+00:00","og_image":[{"width":1000,"height":666,"url":"https:\/\/folhapopular.info\/wp-content\/uploads\/2017\/11\/Ped\u00e1gio-Novembro-Azul-Priscila-Pilletti-4.jpg","type":"image\/jpeg"}],"author":"Reda\u00e7\u00e3o Folha Popular","twitter_card":"summary_large_image","twitter_misc":{"Escrito por":"Reda\u00e7\u00e3o Folha Popular","Est. tempo de leitura":"1 minuto"},"schema":{"@context":"https:\/\/schema.org","@graph":[{"@type":"Article","@id":"https:\/\/folhapopular.info\/index.php\/2017\/11\/09\/pedagio-do-novembro-azul-ocorre-novamente-nesta-quinta-feira\/#article","isPartOf":{"@id":"https:\/\/folhapopular.info\/index.php\/2017\/11\/09\/pedagio-do-novembro-azul-ocorre-novamente-nesta-quinta-feira\/"},"author":{"name":"Reda\u00e7\u00e3o Folha Popular","@id":"https:\/\/folhapopular.info\/#\/schema\/person\/2814e8a0df7643585a9ca38bc6eb9d4b"},"headline":"Ped\u00e1gio do Novembro Azul ocorre novamente nesta quinta-feira","datePublished":"2017-11-09T10:00:11+00:00","mainEntityOfPage":{"@id":"https:\/\/folhapopular.info\/index.php\/2017\/11\/09\/pedagio-do-novembro-azul-ocorre-novamente-nesta-quinta-feira\/"},"wordCount":262,"commentCount":0,"image":{"@id":"https:\/\/folhapopular.info\/index.php\/2017\/11\/09\/pedagio-do-novembro-azul-ocorre-novamente-nesta-quinta-feira\/#primaryimage"},"thumbnailUrl":"https:\/\/folhapopular.info\/wp-content\/uploads\/2017\/11\/Ped\u00e1gio-Novembro-Azul-Priscila-Pilletti-4.jpg","keywords":["Garibaldi","Novembro Azul","Ped\u00e1gio Solid\u00e1rio"],"articleSection":["Geral"],"inLanguage":"pt-BR","potentialAction":[{"@type":"CommentAction","name":"Comment","target":["https:\/\/folhapopular.info\/index.php\/2017\/11\/09\/pedagio-do-novembro-azul-ocorre-novamente-nesta-quinta-feira\/#respond"]}]},{"@type":"WebPage","@id":"https:\/\/folhapopular.info\/index.php\/2017\/11\/09\/pedagio-do-novembro-azul-ocorre-novamente-nesta-quinta-feira\/","url":"https:\/\/folhapopular.info\/index.php\/2017\/11\/09\/pedagio-do-novembro-azul-ocorre-novamente-nesta-quinta-feira\/","name":"Ped\u00e1gio do Novembro Azul ocorre novamente nesta quinta-feira - Folha Popular","isPartOf":{"@id":"https:\/\/folhapopular.info\/#website"},"primaryImageOfPage":{"@id":"https:\/\/folhapopular.info\/index.php\/2017\/11\/09\/pedagio-do-novembro-azul-ocorre-novamente-nesta-quinta-feira\/#primaryimage"},"image":{"@id":"https:\/\/folhapopular.info\/index.php\/2017\/11\/09\/pedagio-do-novembro-azul-ocorre-novamente-nesta-quinta-feira\/#primaryimage"},"thumbnailUrl":"https:\/\/folhapopular.info\/wp-content\/uploads\/2017\/11\/Ped\u00e1gio-Novembro-Azul-Priscila-Pilletti-4.jpg","datePublished":"2017-11-09T10:00:11+00:00","author":{"@id":"https:\/\/folhapopular.info\/#\/schema\/person\/2814e8a0df7643585a9ca38bc6eb9d4b"},"breadcrumb":{"@id":"https:\/\/folhapopular.info\/index.php\/2017\/11\/09\/pedagio-do-novembro-azul-ocorre-novamente-nesta-quinta-feira\/#breadcrumb"},"inLanguage":"pt-BR","potentialAction":[{"@type":"ReadAction","target":["https:\/\/folhapopular.info\/index.php\/2017\/11\/09\/pedagio-do-novembro-azul-ocorre-novamente-nesta-quinta-feira\/"]}]},{"@type":"ImageObject","inLanguage":"pt-BR","@id":"https:\/\/folhapopular.info\/index.php\/2017\/11\/09\/pedagio-do-novembro-azul-ocorre-novamente-nesta-quinta-feira\/#primaryimage","url":"https:\/\/folhapopular.info\/wp-content\/uploads\/2017\/11\/Ped\u00e1gio-Novembro-Azul-Priscila-Pilletti-4.jpg","contentUrl":"https:\/\/folhapopular.info\/wp-content\/uploads\/2017\/11\/Ped\u00e1gio-Novembro-Azul-Priscila-Pilletti-4.jpg","width":1000,"height":666},{"@type":"BreadcrumbList","@id":"https:\/\/folhapopular.info\/index.php\/2017\/11\/09\/pedagio-do-novembro-azul-ocorre-novamente-nesta-quinta-feira\/#breadcrumb","itemListElement":[{"@type":"ListItem","position":1,"name":"In\u00edcio","item":"https:\/\/folhapopular.info\/"},{"@type":"ListItem","position":2,"name":"Ped\u00e1gio do Novembro Azul ocorre novamente nesta quinta-feira"}]},{"@type":"WebSite","@id":"https:\/\/folhapopular.info\/#website","url":"https:\/\/folhapopular.info\/","name":"Folha Popular","description":"Onde voc\u00ea tem vez e voz","potentialAction":[{"@type":"SearchAction","target":{"@type":"EntryPoint","urlTemplate":"https:\/\/folhapopular.info\/?s={search_term_string}"},"query-input":{"@type":"PropertyValueSpecification","valueRequired":true,"valueName":"search_term_string"}}],"inLanguage":"pt-BR"},{"@type":"Person","@id":"https:\/\/folhapopular.info\/#\/schema\/person\/2814e8a0df7643585a9ca38bc6eb9d4b","name":"Reda\u00e7\u00e3o Folha Popular","image":{"@type":"ImageObject","inLanguage":"pt-BR","@id":"https:\/\/folhapopular.info\/wp-content\/uploads\/2026\/04\/Folha-1.webp","url":"https:\/\/folhapopular.info\/wp-content\/uploads\/2026\/04\/Folha-1.webp","contentUrl":"https:\/\/folhapopular.info\/wp-content\/uploads\/2026\/04\/Folha-1.webp","caption":"Reda\u00e7\u00e3o Folha Popular"},"url":"https:\/\/folhapopular.info\/index.php\/author\/redacao\/"}]}},"jetpack_featured_media_url":"https:\/\/folhapopular.info\/wp-content\/uploads\/2017\/11\/Ped\u00e1gio-Novembro-Azul-Priscila-Pilletti-4.jpg","jetpack_sharing_enabled":true,"amp_enabled":true,"_links":{"self":[{"href":"https:\/\/folhapopular.info\/index.php\/wp-json\/wp\/v2\/posts\/37318","targetHints":{"allow":["GET"]}}],"collection":[{"href":"https:\/\/folhapopular.info\/index.php\/wp-json\/wp\/v2\/posts"}],"about":[{"href":"https:\/\/folhapopular.info\/index.php\/wp-json\/wp\/v2\/types\/post"}],"author":[{"embeddable":true,"href":"https:\/\/folhapopular.info\/index.php\/wp-json\/wp\/v2\/users\/8"}],"replies":[{"embeddable":true,"href":"https:\/\/folhapopular.info\/index.php\/wp-json\/wp\/v2\/comments?post=37318"}],"version-history":[{"count":0,"href":"https:\/\/folhapopular.info\/index.php\/wp-json\/wp\/v2\/posts\/37318\/revisions"}],"wp:featuredmedia":[{"embeddable":true,"href":"https:\/\/folhapopular.info\/index.php\/wp-json\/wp\/v2\/media\/37319"}],"wp:attachment":[{"href":"https:\/\/folhapopular.info\/index.php\/wp-json\/wp\/v2\/media?parent=37318"}],"wp:term":[{"taxonomy":"category","embeddable":true,"href":"https:\/\/folhapopular.info\/index.php\/wp-json\/wp\/v2\/categories?post=37318"},{"taxonomy":"post_tag","embeddable":true,"href":"https:\/\/folhapopular.info\/index.php\/wp-json\/wp\/v2\/tags?post=37318"}],"curies":[{"name":"wp","href":"https:\/\/api.w.org\/{rel}","templated":true}]}}