{"id":37358,"date":"2017-11-09T16:00:26","date_gmt":"2017-11-09T18:00:26","guid":{"rendered":"http:\/\/folhapopular.info\/?p=37358"},"modified":"2017-11-09T16:29:08","modified_gmt":"2017-11-09T18:29:08","slug":"garibaldi-e-reconhecida-no-premio-gestor-publico-pelo-projeto-da-turistica-via-organica","status":"publish","type":"post","link":"https:\/\/folhapopular.info\/index.php\/2017\/11\/09\/garibaldi-e-reconhecida-no-premio-gestor-publico-pelo-projeto-da-turistica-via-organica\/","title":{"rendered":"Garibaldi \u00e9 reconhecida no Pr\u00eamio Gestor P\u00fablico pelo projeto da Rota Tur\u00edstica Via Org\u00e2nica"},"content":{"rendered":"<p>O Teatro Dante Barone da Assembleia Legislativa do RS esteve lotado na noite desta ter\u00e7a-feira, dia 7, para premiar os melhores projetos p\u00fablicos dos munic\u00edpios ga\u00fachos inscritos na 16\u00aa edi\u00e7\u00e3o do\u00a0Pr\u00eamio\u00a0Gestor P\u00fablico (PGP). O PGP \u00e9 promovido, desde 2002, pela categoria dos auditores-fiscais da Receita Estadual do RS, atrav\u00e9s do Sindicato dos Servidores P\u00fablicos da Administra\u00e7\u00e3o Tribut\u00e1ria do RS (Sindifisco-RS) e da Associa\u00e7\u00e3o dos Fiscais de Tributos Estaduais do RS (Afisvec). Garibaldi foi certificado com o projeto\u00a0Rota Tur\u00edstica Via Org\u00e2nica.<\/p>\n<p>Com o projeto Centro Integrado de Seguran\u00e7a P\u00fablica e Cidadania (CISPC), o munic\u00edpio de Santa Cruz do Sul conquistou o trof\u00e9u\u00a0Pr\u00eamio Gestor P\u00fablico Especial 2017, condecora\u00e7\u00e3o m\u00e1xima do certame. O trof\u00e9u destaque da 16\u00aa edi\u00e7\u00e3o do\u00a0Pr\u00eamio\u00a0Gestor P\u00fablico, que tem como tema central \u201cSeguran\u00e7a P\u00fablica: prefeitura atuante, comunidade segura\u201d, ficou com o munic\u00edpio serrano de Bento Gon\u00e7alves, que venceu com o projeto Multi Seguran\u00e7a Bento. A Administra\u00e7\u00e3o Tribut\u00e1ria, \u00e1rea essencial ao funcionamento do Estado e dos munic\u00edpios, tamb\u00e9m foi destacada com o trof\u00e9u\u00a0Pr\u00eamio\u00a0Gestor P\u00fablico Administra\u00e7\u00e3o Tribut\u00e1ria, conquistado pelo projeto Atitude Cidad\u00e3, do munic\u00edpio de Farroupilha.<\/p>\n<p>Recepcionando os convidados, ap\u00f3s as apresenta\u00e7\u00f5es do projeto Revivendo a Hist\u00f3ria atrav\u00e9s da m\u00fasica, do munic\u00edpio de Tr\u00eas Arroios, e do show de Os cinquent\u00f5es, o presidente do Sindifisco-RS, Celso Malhani, saudou a presen\u00e7a das autoridades municipais, estaduais e representativas. \u201cTemos a certeza de que hoje, pela natureza do trabalho liderado por nossos prefeitos, todos os ga\u00fachos s\u00e3o vencedores\u201d, comemorou Malhani. A lideran\u00e7a tamb\u00e9m ressaltou a qualidade dos projetos que concorreram nesta edi\u00e7\u00e3o, destacando a criatividade empregada em fun\u00e7\u00e3o dos escassos recursos p\u00fablicos dispon\u00edveis nos munic\u00edpios. O presidente do Sindicato enfatizou ainda a coragem dos gestores municipais que aceitaram submeter seus projetos \u00e0 rigorosa avalia\u00e7\u00e3o dos auditores-fiscais da Receita Estadual, que participam do processo de forma volunt\u00e1ria. \u201cEsses gestores demonstram inequ\u00edvoco comprometimento com as suas comunidades\u201d, declarou.<\/p>\n<p>Abel Ferreira, presidente da Afisvec, deu as boas-vindas aos presentes e falou sobre a trajet\u00f3ria do PGP, que iniciou em 2002. \u201cNesses anos de atua\u00e7\u00e3o, o\u00a0Pr\u00eamio\u00a0Gestor P\u00fablico constatou a qualidade do trabalho desses gestores municipais que realizam seus projetos com muita qualidade e dedica\u00e7\u00e3o\u201d, testemunhou o presidente da Associa\u00e7\u00e3o dos auditores-fiscais.<\/p>\n<p>O deputado estadual Edegar Pretto, presidente da Assembleia Legislativa, falou da import\u00e2ncia de sediar a cerim\u00f4nia de premia\u00e7\u00e3o do PGP. \u201cO\u00a0Pr\u00eamio\u00a0Gestor P\u00fablico destaca os que fazem muito com pouco, e isso dignifica essa casa\u201d, afirmou Pretto. Pretto parabenizou os vencedores pela coragem de colocar seus projetos para avalia\u00e7\u00e3o. \u201cA Assembleia, certamente, pele dignidade desse\u00a0pr\u00eamio, continuar\u00e1, por muitos e muitos anos, sendo parceira do\u00a0Pr\u00eamio\u00a0Gestor P\u00fablico\u201d, finalizou.<\/p>\n<p>O coordenador do PGP, auditor-fiscal Altemir Feltrin da Silva, vice-presidente do Sindifisco-RS, comemorou o sucesso da edi\u00e7\u00e3o. \u201cS\u00e3o muitas horas de dedica\u00e7\u00e3o e milhares de quil\u00f4metros rodados pelo Rio Grande do Sul. \u00c9 um intenso ano de trabalho, mas o resultado compensa e \u00e9 muito animador para a nossa categoria poder conhecer, avaliar e premiar projetos que resultam em muitos benef\u00edcios para as comunidades ga\u00fachas\u201d afirmou o coordenador do\u00a0Pr\u00eamio\u00a0Gestor P\u00fablico.<\/p>\n<p>O prefeito de Garibaldi, Antonio Cettolin falou em nome de um dos grupos de agraciados e parabenizou os organizadores pela iniciativa do\u00a0pr\u00eamio\u00a0que proporciona aos gestores e suas equipes, a oportunidade de mostrar os projetos que est\u00e3o melhorando as comunidades. \u201cPara os prefeitos receber este reconhecimento \u00e9 muito gratificante, sabemos que cabe ao gestor superar a crise, inovar e desenvolver a\u00e7\u00f5es que proporcionem melhor qualidade de vida e essa \u00e9 nossa busca di\u00e1ria. Com gestos de coragem e buscando elevar a autoestima dos nossos moradores, poder apresentar nossos projetos, e ainda ser contemplado, \u00e9 uma satisfa\u00e7\u00e3o muito grande\u201d concluiu.<\/p>\n","protected":false},"excerpt":{"rendered":"<p>O Teatro Dante Barone da Assembleia Legislativa do RS esteve lotado na noite desta ter\u00e7a-feira, dia 7, para premiar os melhores projetos p\u00fablicos dos munic\u00edpios ga\u00fachos inscritos na 16\u00aa edi\u00e7\u00e3o do\u00a0Pr\u00eamio\u00a0Gestor P\u00fablico (PGP). O PGP \u00e9 promovido, desde 2002, pela categoria dos auditores-fiscais da Receita Estadual do RS, atrav\u00e9s do Sindicato dos Servidores P\u00fablicos da [&hellip;]<\/p>\n","protected":false},"author":8,"featured_media":37359,"comment_status":"open","ping_status":"open","sticky":false,"template":"","format":"standard","meta":{"pmpro_default_level":"","_jetpack_memberships_contains_paid_content":false,"footnotes":""},"categories":[3],"tags":[28,1380,1425],"class_list":{"0":"post-37358","1":"post","2":"type-post","3":"status-publish","4":"format-standard","5":"has-post-thumbnail","7":"category-geral","8":"tag-garibaldi","9":"tag-premio-gestor-publico","10":"tag-rota-turistica-via-organica","11":"pmpro-has-access"},"yoast_head":"<!-- This site is optimized with the Yoast SEO plugin v27.5 - https:\/\/yoast.com\/product\/yoast-seo-wordpress\/ -->\n<title>Garibaldi \u00e9 reconhecida no Pr\u00eamio Gestor P\u00fablico pelo projeto da Rota Tur\u00edstica Via Org\u00e2nica - Folha Popular<\/title>\n<meta name=\"robots\" content=\"index, follow, max-snippet:-1, max-image-preview:large, max-video-preview:-1\" \/>\n<link rel=\"canonical\" href=\"https:\/\/folhapopular.info\/index.php\/2017\/11\/09\/garibaldi-e-reconhecida-no-premio-gestor-publico-pelo-projeto-da-turistica-via-organica\/\" \/>\n<meta property=\"og:locale\" content=\"pt_BR\" \/>\n<meta property=\"og:type\" content=\"article\" \/>\n<meta property=\"og:title\" content=\"Garibaldi \u00e9 reconhecida no Pr\u00eamio Gestor P\u00fablico pelo projeto da Rota Tur\u00edstica Via Org\u00e2nica - Folha Popular\" \/>\n<meta property=\"og:description\" content=\"O Teatro Dante Barone da Assembleia Legislativa do RS esteve lotado na noite desta ter\u00e7a-feira, dia 7, para premiar os melhores projetos p\u00fablicos dos munic\u00edpios ga\u00fachos inscritos na 16\u00aa edi\u00e7\u00e3o do\u00a0Pr\u00eamio\u00a0Gestor P\u00fablico (PGP). O PGP \u00e9 promovido, desde 2002, pela categoria dos auditores-fiscais da Receita Estadual do RS, atrav\u00e9s do Sindicato dos Servidores P\u00fablicos da [&hellip;]\" \/>\n<meta property=\"og:url\" content=\"https:\/\/folhapopular.info\/index.php\/2017\/11\/09\/garibaldi-e-reconhecida-no-premio-gestor-publico-pelo-projeto-da-turistica-via-organica\/\" \/>\n<meta property=\"og:site_name\" content=\"Folha Popular\" \/>\n<meta property=\"article:published_time\" content=\"2017-11-09T18:00:26+00:00\" \/>\n<meta property=\"article:modified_time\" content=\"2017-11-09T18:29:08+00:00\" \/>\n<meta property=\"og:image\" content=\"https:\/\/folhapopular.info\/wp-content\/uploads\/2017\/11\/Pr\u00eamio-Gestor-P\u00fablico-2017-Val\u00e9ria-Loch-1.jpg\" \/>\n\t<meta property=\"og:image:width\" content=\"1000\" \/>\n\t<meta property=\"og:image:height\" content=\"666\" \/>\n\t<meta property=\"og:image:type\" content=\"image\/jpeg\" \/>\n<meta name=\"author\" content=\"Reda\u00e7\u00e3o Folha Popular\" \/>\n<meta name=\"twitter:card\" content=\"summary_large_image\" \/>\n<meta name=\"twitter:label1\" content=\"Escrito por\" \/>\n\t<meta name=\"twitter:data1\" content=\"Reda\u00e7\u00e3o Folha Popular\" \/>\n\t<meta name=\"twitter:label2\" content=\"Est. tempo de leitura\" \/>\n\t<meta name=\"twitter:data2\" content=\"3 minutos\" \/>\n<script type=\"application\/ld+json\" class=\"yoast-schema-graph\">{\"@context\":\"https:\\\/\\\/schema.org\",\"@graph\":[{\"@type\":\"Article\",\"@id\":\"https:\\\/\\\/folhapopular.info\\\/index.php\\\/2017\\\/11\\\/09\\\/garibaldi-e-reconhecida-no-premio-gestor-publico-pelo-projeto-da-turistica-via-organica\\\/#article\",\"isPartOf\":{\"@id\":\"https:\\\/\\\/folhapopular.info\\\/index.php\\\/2017\\\/11\\\/09\\\/garibaldi-e-reconhecida-no-premio-gestor-publico-pelo-projeto-da-turistica-via-organica\\\/\"},\"author\":{\"name\":\"Reda\u00e7\u00e3o Folha Popular\",\"@id\":\"https:\\\/\\\/folhapopular.info\\\/#\\\/schema\\\/person\\\/2814e8a0df7643585a9ca38bc6eb9d4b\"},\"headline\":\"Garibaldi \u00e9 reconhecida no Pr\u00eamio Gestor P\u00fablico pelo projeto da Rota Tur\u00edstica Via Org\u00e2nica\",\"datePublished\":\"2017-11-09T18:00:26+00:00\",\"dateModified\":\"2017-11-09T18:29:08+00:00\",\"mainEntityOfPage\":{\"@id\":\"https:\\\/\\\/folhapopular.info\\\/index.php\\\/2017\\\/11\\\/09\\\/garibaldi-e-reconhecida-no-premio-gestor-publico-pelo-projeto-da-turistica-via-organica\\\/\"},\"wordCount\":698,\"commentCount\":0,\"image\":{\"@id\":\"https:\\\/\\\/folhapopular.info\\\/index.php\\\/2017\\\/11\\\/09\\\/garibaldi-e-reconhecida-no-premio-gestor-publico-pelo-projeto-da-turistica-via-organica\\\/#primaryimage\"},\"thumbnailUrl\":\"https:\\\/\\\/folhapopular.info\\\/wp-content\\\/uploads\\\/2017\\\/11\\\/Pr\u00eamio-Gestor-P\u00fablico-2017-Val\u00e9ria-Loch-1.jpg\",\"keywords\":[\"Garibaldi\",\"Pr\u00eamio Gestor P\u00fablico\",\"Rota Tur\u00edstica Via Org\u00e2nica\"],\"articleSection\":[\"Geral\"],\"inLanguage\":\"pt-BR\",\"potentialAction\":[{\"@type\":\"CommentAction\",\"name\":\"Comment\",\"target\":[\"https:\\\/\\\/folhapopular.info\\\/index.php\\\/2017\\\/11\\\/09\\\/garibaldi-e-reconhecida-no-premio-gestor-publico-pelo-projeto-da-turistica-via-organica\\\/#respond\"]}]},{\"@type\":\"WebPage\",\"@id\":\"https:\\\/\\\/folhapopular.info\\\/index.php\\\/2017\\\/11\\\/09\\\/garibaldi-e-reconhecida-no-premio-gestor-publico-pelo-projeto-da-turistica-via-organica\\\/\",\"url\":\"https:\\\/\\\/folhapopular.info\\\/index.php\\\/2017\\\/11\\\/09\\\/garibaldi-e-reconhecida-no-premio-gestor-publico-pelo-projeto-da-turistica-via-organica\\\/\",\"name\":\"Garibaldi \u00e9 reconhecida no Pr\u00eamio Gestor P\u00fablico pelo projeto da Rota Tur\u00edstica Via Org\u00e2nica - Folha Popular\",\"isPartOf\":{\"@id\":\"https:\\\/\\\/folhapopular.info\\\/#website\"},\"primaryImageOfPage\":{\"@id\":\"https:\\\/\\\/folhapopular.info\\\/index.php\\\/2017\\\/11\\\/09\\\/garibaldi-e-reconhecida-no-premio-gestor-publico-pelo-projeto-da-turistica-via-organica\\\/#primaryimage\"},\"image\":{\"@id\":\"https:\\\/\\\/folhapopular.info\\\/index.php\\\/2017\\\/11\\\/09\\\/garibaldi-e-reconhecida-no-premio-gestor-publico-pelo-projeto-da-turistica-via-organica\\\/#primaryimage\"},\"thumbnailUrl\":\"https:\\\/\\\/folhapopular.info\\\/wp-content\\\/uploads\\\/2017\\\/11\\\/Pr\u00eamio-Gestor-P\u00fablico-2017-Val\u00e9ria-Loch-1.jpg\",\"datePublished\":\"2017-11-09T18:00:26+00:00\",\"dateModified\":\"2017-11-09T18:29:08+00:00\",\"author\":{\"@id\":\"https:\\\/\\\/folhapopular.info\\\/#\\\/schema\\\/person\\\/2814e8a0df7643585a9ca38bc6eb9d4b\"},\"breadcrumb\":{\"@id\":\"https:\\\/\\\/folhapopular.info\\\/index.php\\\/2017\\\/11\\\/09\\\/garibaldi-e-reconhecida-no-premio-gestor-publico-pelo-projeto-da-turistica-via-organica\\\/#breadcrumb\"},\"inLanguage\":\"pt-BR\",\"potentialAction\":[{\"@type\":\"ReadAction\",\"target\":[\"https:\\\/\\\/folhapopular.info\\\/index.php\\\/2017\\\/11\\\/09\\\/garibaldi-e-reconhecida-no-premio-gestor-publico-pelo-projeto-da-turistica-via-organica\\\/\"]}]},{\"@type\":\"ImageObject\",\"inLanguage\":\"pt-BR\",\"@id\":\"https:\\\/\\\/folhapopular.info\\\/index.php\\\/2017\\\/11\\\/09\\\/garibaldi-e-reconhecida-no-premio-gestor-publico-pelo-projeto-da-turistica-via-organica\\\/#primaryimage\",\"url\":\"https:\\\/\\\/folhapopular.info\\\/wp-content\\\/uploads\\\/2017\\\/11\\\/Pr\u00eamio-Gestor-P\u00fablico-2017-Val\u00e9ria-Loch-1.jpg\",\"contentUrl\":\"https:\\\/\\\/folhapopular.info\\\/wp-content\\\/uploads\\\/2017\\\/11\\\/Pr\u00eamio-Gestor-P\u00fablico-2017-Val\u00e9ria-Loch-1.jpg\",\"width\":1000,\"height\":666,\"caption\":\"Prefeito Ant\u00f4nio Cettolin recebeu a certifica\u00e7\u00e3o\"},{\"@type\":\"BreadcrumbList\",\"@id\":\"https:\\\/\\\/folhapopular.info\\\/index.php\\\/2017\\\/11\\\/09\\\/garibaldi-e-reconhecida-no-premio-gestor-publico-pelo-projeto-da-turistica-via-organica\\\/#breadcrumb\",\"itemListElement\":[{\"@type\":\"ListItem\",\"position\":1,\"name\":\"In\u00edcio\",\"item\":\"https:\\\/\\\/folhapopular.info\\\/\"},{\"@type\":\"ListItem\",\"position\":2,\"name\":\"Garibaldi \u00e9 reconhecida no Pr\u00eamio Gestor P\u00fablico pelo projeto da Rota Tur\u00edstica Via Org\u00e2nica\"}]},{\"@type\":\"WebSite\",\"@id\":\"https:\\\/\\\/folhapopular.info\\\/#website\",\"url\":\"https:\\\/\\\/folhapopular.info\\\/\",\"name\":\"Folha Popular\",\"description\":\"Onde voc\u00ea tem vez e voz\",\"potentialAction\":[{\"@type\":\"SearchAction\",\"target\":{\"@type\":\"EntryPoint\",\"urlTemplate\":\"https:\\\/\\\/folhapopular.info\\\/?s={search_term_string}\"},\"query-input\":{\"@type\":\"PropertyValueSpecification\",\"valueRequired\":true,\"valueName\":\"search_term_string\"}}],\"inLanguage\":\"pt-BR\"},{\"@type\":\"Person\",\"@id\":\"https:\\\/\\\/folhapopular.info\\\/#\\\/schema\\\/person\\\/2814e8a0df7643585a9ca38bc6eb9d4b\",\"name\":\"Reda\u00e7\u00e3o Folha Popular\",\"image\":{\"@type\":\"ImageObject\",\"inLanguage\":\"pt-BR\",\"@id\":\"https:\\\/\\\/folhapopular.info\\\/wp-content\\\/uploads\\\/2026\\\/04\\\/Folha-1.webp\",\"url\":\"https:\\\/\\\/folhapopular.info\\\/wp-content\\\/uploads\\\/2026\\\/04\\\/Folha-1.webp\",\"contentUrl\":\"https:\\\/\\\/folhapopular.info\\\/wp-content\\\/uploads\\\/2026\\\/04\\\/Folha-1.webp\",\"caption\":\"Reda\u00e7\u00e3o Folha Popular\"},\"url\":\"https:\\\/\\\/folhapopular.info\\\/index.php\\\/author\\\/redacao\\\/\"}]}<\/script>\n<!-- \/ Yoast SEO plugin. -->","yoast_head_json":{"title":"Garibaldi \u00e9 reconhecida no Pr\u00eamio Gestor P\u00fablico pelo projeto da Rota Tur\u00edstica Via Org\u00e2nica - Folha Popular","robots":{"index":"index","follow":"follow","max-snippet":"max-snippet:-1","max-image-preview":"max-image-preview:large","max-video-preview":"max-video-preview:-1"},"canonical":"https:\/\/folhapopular.info\/index.php\/2017\/11\/09\/garibaldi-e-reconhecida-no-premio-gestor-publico-pelo-projeto-da-turistica-via-organica\/","og_locale":"pt_BR","og_type":"article","og_title":"Garibaldi \u00e9 reconhecida no Pr\u00eamio Gestor P\u00fablico pelo projeto da Rota Tur\u00edstica Via Org\u00e2nica - Folha Popular","og_description":"O Teatro Dante Barone da Assembleia Legislativa do RS esteve lotado na noite desta ter\u00e7a-feira, dia 7, para premiar os melhores projetos p\u00fablicos dos munic\u00edpios ga\u00fachos inscritos na 16\u00aa edi\u00e7\u00e3o do\u00a0Pr\u00eamio\u00a0Gestor P\u00fablico (PGP). O PGP \u00e9 promovido, desde 2002, pela categoria dos auditores-fiscais da Receita Estadual do RS, atrav\u00e9s do Sindicato dos Servidores P\u00fablicos da [&hellip;]","og_url":"https:\/\/folhapopular.info\/index.php\/2017\/11\/09\/garibaldi-e-reconhecida-no-premio-gestor-publico-pelo-projeto-da-turistica-via-organica\/","og_site_name":"Folha Popular","article_published_time":"2017-11-09T18:00:26+00:00","article_modified_time":"2017-11-09T18:29:08+00:00","og_image":[{"width":1000,"height":666,"url":"https:\/\/folhapopular.info\/wp-content\/uploads\/2017\/11\/Pr\u00eamio-Gestor-P\u00fablico-2017-Val\u00e9ria-Loch-1.jpg","type":"image\/jpeg"}],"author":"Reda\u00e7\u00e3o Folha Popular","twitter_card":"summary_large_image","twitter_misc":{"Escrito por":"Reda\u00e7\u00e3o Folha Popular","Est. tempo de leitura":"3 minutos"},"schema":{"@context":"https:\/\/schema.org","@graph":[{"@type":"Article","@id":"https:\/\/folhapopular.info\/index.php\/2017\/11\/09\/garibaldi-e-reconhecida-no-premio-gestor-publico-pelo-projeto-da-turistica-via-organica\/#article","isPartOf":{"@id":"https:\/\/folhapopular.info\/index.php\/2017\/11\/09\/garibaldi-e-reconhecida-no-premio-gestor-publico-pelo-projeto-da-turistica-via-organica\/"},"author":{"name":"Reda\u00e7\u00e3o Folha Popular","@id":"https:\/\/folhapopular.info\/#\/schema\/person\/2814e8a0df7643585a9ca38bc6eb9d4b"},"headline":"Garibaldi \u00e9 reconhecida no Pr\u00eamio Gestor P\u00fablico pelo projeto da Rota Tur\u00edstica Via Org\u00e2nica","datePublished":"2017-11-09T18:00:26+00:00","dateModified":"2017-11-09T18:29:08+00:00","mainEntityOfPage":{"@id":"https:\/\/folhapopular.info\/index.php\/2017\/11\/09\/garibaldi-e-reconhecida-no-premio-gestor-publico-pelo-projeto-da-turistica-via-organica\/"},"wordCount":698,"commentCount":0,"image":{"@id":"https:\/\/folhapopular.info\/index.php\/2017\/11\/09\/garibaldi-e-reconhecida-no-premio-gestor-publico-pelo-projeto-da-turistica-via-organica\/#primaryimage"},"thumbnailUrl":"https:\/\/folhapopular.info\/wp-content\/uploads\/2017\/11\/Pr\u00eamio-Gestor-P\u00fablico-2017-Val\u00e9ria-Loch-1.jpg","keywords":["Garibaldi","Pr\u00eamio Gestor P\u00fablico","Rota Tur\u00edstica Via Org\u00e2nica"],"articleSection":["Geral"],"inLanguage":"pt-BR","potentialAction":[{"@type":"CommentAction","name":"Comment","target":["https:\/\/folhapopular.info\/index.php\/2017\/11\/09\/garibaldi-e-reconhecida-no-premio-gestor-publico-pelo-projeto-da-turistica-via-organica\/#respond"]}]},{"@type":"WebPage","@id":"https:\/\/folhapopular.info\/index.php\/2017\/11\/09\/garibaldi-e-reconhecida-no-premio-gestor-publico-pelo-projeto-da-turistica-via-organica\/","url":"https:\/\/folhapopular.info\/index.php\/2017\/11\/09\/garibaldi-e-reconhecida-no-premio-gestor-publico-pelo-projeto-da-turistica-via-organica\/","name":"Garibaldi \u00e9 reconhecida no Pr\u00eamio Gestor P\u00fablico pelo projeto da Rota Tur\u00edstica Via Org\u00e2nica - Folha Popular","isPartOf":{"@id":"https:\/\/folhapopular.info\/#website"},"primaryImageOfPage":{"@id":"https:\/\/folhapopular.info\/index.php\/2017\/11\/09\/garibaldi-e-reconhecida-no-premio-gestor-publico-pelo-projeto-da-turistica-via-organica\/#primaryimage"},"image":{"@id":"https:\/\/folhapopular.info\/index.php\/2017\/11\/09\/garibaldi-e-reconhecida-no-premio-gestor-publico-pelo-projeto-da-turistica-via-organica\/#primaryimage"},"thumbnailUrl":"https:\/\/folhapopular.info\/wp-content\/uploads\/2017\/11\/Pr\u00eamio-Gestor-P\u00fablico-2017-Val\u00e9ria-Loch-1.jpg","datePublished":"2017-11-09T18:00:26+00:00","dateModified":"2017-11-09T18:29:08+00:00","author":{"@id":"https:\/\/folhapopular.info\/#\/schema\/person\/2814e8a0df7643585a9ca38bc6eb9d4b"},"breadcrumb":{"@id":"https:\/\/folhapopular.info\/index.php\/2017\/11\/09\/garibaldi-e-reconhecida-no-premio-gestor-publico-pelo-projeto-da-turistica-via-organica\/#breadcrumb"},"inLanguage":"pt-BR","potentialAction":[{"@type":"ReadAction","target":["https:\/\/folhapopular.info\/index.php\/2017\/11\/09\/garibaldi-e-reconhecida-no-premio-gestor-publico-pelo-projeto-da-turistica-via-organica\/"]}]},{"@type":"ImageObject","inLanguage":"pt-BR","@id":"https:\/\/folhapopular.info\/index.php\/2017\/11\/09\/garibaldi-e-reconhecida-no-premio-gestor-publico-pelo-projeto-da-turistica-via-organica\/#primaryimage","url":"https:\/\/folhapopular.info\/wp-content\/uploads\/2017\/11\/Pr\u00eamio-Gestor-P\u00fablico-2017-Val\u00e9ria-Loch-1.jpg","contentUrl":"https:\/\/folhapopular.info\/wp-content\/uploads\/2017\/11\/Pr\u00eamio-Gestor-P\u00fablico-2017-Val\u00e9ria-Loch-1.jpg","width":1000,"height":666,"caption":"Prefeito Ant\u00f4nio Cettolin recebeu a certifica\u00e7\u00e3o"},{"@type":"BreadcrumbList","@id":"https:\/\/folhapopular.info\/index.php\/2017\/11\/09\/garibaldi-e-reconhecida-no-premio-gestor-publico-pelo-projeto-da-turistica-via-organica\/#breadcrumb","itemListElement":[{"@type":"ListItem","position":1,"name":"In\u00edcio","item":"https:\/\/folhapopular.info\/"},{"@type":"ListItem","position":2,"name":"Garibaldi \u00e9 reconhecida no Pr\u00eamio Gestor P\u00fablico pelo projeto da Rota Tur\u00edstica Via Org\u00e2nica"}]},{"@type":"WebSite","@id":"https:\/\/folhapopular.info\/#website","url":"https:\/\/folhapopular.info\/","name":"Folha Popular","description":"Onde voc\u00ea tem vez e voz","potentialAction":[{"@type":"SearchAction","target":{"@type":"EntryPoint","urlTemplate":"https:\/\/folhapopular.info\/?s={search_term_string}"},"query-input":{"@type":"PropertyValueSpecification","valueRequired":true,"valueName":"search_term_string"}}],"inLanguage":"pt-BR"},{"@type":"Person","@id":"https:\/\/folhapopular.info\/#\/schema\/person\/2814e8a0df7643585a9ca38bc6eb9d4b","name":"Reda\u00e7\u00e3o Folha Popular","image":{"@type":"ImageObject","inLanguage":"pt-BR","@id":"https:\/\/folhapopular.info\/wp-content\/uploads\/2026\/04\/Folha-1.webp","url":"https:\/\/folhapopular.info\/wp-content\/uploads\/2026\/04\/Folha-1.webp","contentUrl":"https:\/\/folhapopular.info\/wp-content\/uploads\/2026\/04\/Folha-1.webp","caption":"Reda\u00e7\u00e3o Folha Popular"},"url":"https:\/\/folhapopular.info\/index.php\/author\/redacao\/"}]}},"jetpack_featured_media_url":"https:\/\/folhapopular.info\/wp-content\/uploads\/2017\/11\/Pr\u00eamio-Gestor-P\u00fablico-2017-Val\u00e9ria-Loch-1.jpg","jetpack_sharing_enabled":true,"amp_enabled":true,"_links":{"self":[{"href":"https:\/\/folhapopular.info\/index.php\/wp-json\/wp\/v2\/posts\/37358","targetHints":{"allow":["GET"]}}],"collection":[{"href":"https:\/\/folhapopular.info\/index.php\/wp-json\/wp\/v2\/posts"}],"about":[{"href":"https:\/\/folhapopular.info\/index.php\/wp-json\/wp\/v2\/types\/post"}],"author":[{"embeddable":true,"href":"https:\/\/folhapopular.info\/index.php\/wp-json\/wp\/v2\/users\/8"}],"replies":[{"embeddable":true,"href":"https:\/\/folhapopular.info\/index.php\/wp-json\/wp\/v2\/comments?post=37358"}],"version-history":[{"count":0,"href":"https:\/\/folhapopular.info\/index.php\/wp-json\/wp\/v2\/posts\/37358\/revisions"}],"wp:featuredmedia":[{"embeddable":true,"href":"https:\/\/folhapopular.info\/index.php\/wp-json\/wp\/v2\/media\/37359"}],"wp:attachment":[{"href":"https:\/\/folhapopular.info\/index.php\/wp-json\/wp\/v2\/media?parent=37358"}],"wp:term":[{"taxonomy":"category","embeddable":true,"href":"https:\/\/folhapopular.info\/index.php\/wp-json\/wp\/v2\/categories?post=37358"},{"taxonomy":"post_tag","embeddable":true,"href":"https:\/\/folhapopular.info\/index.php\/wp-json\/wp\/v2\/tags?post=37358"}],"curies":[{"name":"wp","href":"https:\/\/api.w.org\/{rel}","templated":true}]}}