{"id":37560,"date":"2017-11-13T17:00:54","date_gmt":"2017-11-13T19:00:54","guid":{"rendered":"http:\/\/folhapopular.info\/?p=37560"},"modified":"2017-11-13T17:00:54","modified_gmt":"2017-11-13T19:00:54","slug":"jovem-e-autuado-apos-negar-se-a-fazer-teste-do-bafometro-em-teutonia","status":"publish","type":"post","link":"https:\/\/folhapopular.info\/index.php\/2017\/11\/13\/jovem-e-autuado-apos-negar-se-a-fazer-teste-do-bafometro-em-teutonia\/","title":{"rendered":"Jovem \u00e9 autuado ap\u00f3s negar-se a fazer teste do baf\u00f4metro, em Teut\u00f4nia"},"content":{"rendered":"<p class=\"western\" align=\"left\"><span style=\"color: #000000\"><span style=\"font-family: arial, sans-serif\"><span style=\"font-size: medium\">Um <\/span><\/span><\/span><span style=\"color: #000000\"><span style=\"font-family: arial, sans-serif\"><span style=\"font-size: medium\">homem, de 24 anos,<\/span><\/span><\/span><span style=\"color: #000000\"><span style=\"font-family: arial, sans-serif\"><span style=\"font-size: medium\"> foi autuado ap\u00f3s recusar soprar o baf\u00f4metro na RSC-453 (Rota do Sol). A abordagem ocorre por volta das 23h50min do domingo (1<\/span><\/span><\/span><span style=\"color: #000000\"><span style=\"font-family: arial, sans-serif\"><span style=\"font-size: medium\">2<\/span><\/span><\/span><span style=\"color: #000000\"><span style=\"font-family: arial, sans-serif\"><span style=\"font-size: medium\">\/11), <\/span><\/span><\/span><span style=\"color: #000000\"><span style=\"font-family: arial, sans-serif\"><span style=\"font-size: medium\">no km 54 da rodovia, em frente ao posto da Pol\u00edcia Rodovi\u00e1ria Estadual, em Teut\u00f4nia. Por n\u00e3o ter feito o teste, o condutor foi multado administrativamente. O ve\u00edculo foi entregue a um condutor habilitado.<\/span><\/span><\/span><\/p>\n","protected":false},"excerpt":{"rendered":"<p>Um homem, de 24 anos, foi autuado ap\u00f3s recusar soprar o baf\u00f4metro na RSC-453 (Rota do Sol). A abordagem ocorre por volta das 23h50min do domingo (12\/11), no km 54 da rodovia, em frente ao posto da Pol\u00edcia Rodovi\u00e1ria Estadual, em Teut\u00f4nia. Por n\u00e3o ter feito o teste, o condutor foi multado administrativamente. O ve\u00edculo [&hellip;]<\/p>\n","protected":false},"author":8,"featured_media":31878,"comment_status":"open","ping_status":"open","sticky":false,"template":"","format":"standard","meta":{"pmpro_default_level":"","_jetpack_memberships_contains_paid_content":false,"footnotes":""},"categories":[3,7],"tags":[1480,1481,546,26],"class_list":{"0":"post-37560","1":"post","2":"type-post","3":"status-publish","4":"format-standard","5":"has-post-thumbnail","7":"category-geral","8":"category-seguranca","9":"tag-autuacao","10":"tag-bafometro","11":"tag-pre","12":"tag-teutonia","13":"pmpro-has-access"},"yoast_head":"<!-- This site is optimized with the Yoast SEO plugin v27.5 - https:\/\/yoast.com\/product\/yoast-seo-wordpress\/ -->\n<title>Jovem \u00e9 autuado ap\u00f3s negar-se a fazer teste do baf\u00f4metro, em Teut\u00f4nia - Folha Popular<\/title>\n<meta name=\"robots\" content=\"index, follow, max-snippet:-1, max-image-preview:large, max-video-preview:-1\" \/>\n<link rel=\"canonical\" href=\"https:\/\/folhapopular.info\/index.php\/2017\/11\/13\/jovem-e-autuado-apos-negar-se-a-fazer-teste-do-bafometro-em-teutonia\/\" \/>\n<meta property=\"og:locale\" content=\"pt_BR\" \/>\n<meta property=\"og:type\" content=\"article\" \/>\n<meta property=\"og:title\" content=\"Jovem \u00e9 autuado ap\u00f3s negar-se a fazer teste do baf\u00f4metro, em Teut\u00f4nia - Folha Popular\" \/>\n<meta property=\"og:description\" content=\"Um homem, de 24 anos, foi autuado ap\u00f3s recusar soprar o baf\u00f4metro na RSC-453 (Rota do Sol). A abordagem ocorre por volta das 23h50min do domingo (12\/11), no km 54 da rodovia, em frente ao posto da Pol\u00edcia Rodovi\u00e1ria Estadual, em Teut\u00f4nia. Por n\u00e3o ter feito o teste, o condutor foi multado administrativamente. O ve\u00edculo [&hellip;]\" \/>\n<meta property=\"og:url\" content=\"https:\/\/folhapopular.info\/index.php\/2017\/11\/13\/jovem-e-autuado-apos-negar-se-a-fazer-teste-do-bafometro-em-teutonia\/\" \/>\n<meta property=\"og:site_name\" content=\"Folha Popular\" \/>\n<meta property=\"article:published_time\" content=\"2017-11-13T19:00:54+00:00\" \/>\n<meta property=\"og:image\" content=\"https:\/\/folhapopular.info\/wp-content\/uploads\/2017\/06\/Tr\u00e2nsito_SITE-e1545295844946.jpg\" \/>\n\t<meta property=\"og:image:width\" content=\"800\" \/>\n\t<meta property=\"og:image:height\" content=\"514\" \/>\n\t<meta property=\"og:image:type\" content=\"image\/jpeg\" \/>\n<meta name=\"author\" content=\"Reda\u00e7\u00e3o Folha Popular\" \/>\n<meta name=\"twitter:card\" content=\"summary_large_image\" \/>\n<meta name=\"twitter:label1\" content=\"Escrito por\" \/>\n\t<meta name=\"twitter:data1\" content=\"Reda\u00e7\u00e3o Folha Popular\" \/>\n<script type=\"application\/ld+json\" class=\"yoast-schema-graph\">{\"@context\":\"https:\\\/\\\/schema.org\",\"@graph\":[{\"@type\":\"Article\",\"@id\":\"https:\\\/\\\/folhapopular.info\\\/index.php\\\/2017\\\/11\\\/13\\\/jovem-e-autuado-apos-negar-se-a-fazer-teste-do-bafometro-em-teutonia\\\/#article\",\"isPartOf\":{\"@id\":\"https:\\\/\\\/folhapopular.info\\\/index.php\\\/2017\\\/11\\\/13\\\/jovem-e-autuado-apos-negar-se-a-fazer-teste-do-bafometro-em-teutonia\\\/\"},\"author\":{\"name\":\"Reda\u00e7\u00e3o Folha Popular\",\"@id\":\"https:\\\/\\\/folhapopular.info\\\/#\\\/schema\\\/person\\\/2814e8a0df7643585a9ca38bc6eb9d4b\"},\"headline\":\"Jovem \u00e9 autuado ap\u00f3s negar-se a fazer teste do baf\u00f4metro, em Teut\u00f4nia\",\"datePublished\":\"2017-11-13T19:00:54+00:00\",\"mainEntityOfPage\":{\"@id\":\"https:\\\/\\\/folhapopular.info\\\/index.php\\\/2017\\\/11\\\/13\\\/jovem-e-autuado-apos-negar-se-a-fazer-teste-do-bafometro-em-teutonia\\\/\"},\"wordCount\":80,\"commentCount\":0,\"image\":{\"@id\":\"https:\\\/\\\/folhapopular.info\\\/index.php\\\/2017\\\/11\\\/13\\\/jovem-e-autuado-apos-negar-se-a-fazer-teste-do-bafometro-em-teutonia\\\/#primaryimage\"},\"thumbnailUrl\":\"https:\\\/\\\/folhapopular.info\\\/wp-content\\\/uploads\\\/2017\\\/06\\\/Tr\u00e2nsito_SITE-e1545295844946.jpg\",\"keywords\":[\"Autua\u00e7\u00e3o\",\"Baf\u00f4metro\",\"PRE\",\"Teut\u00f4nia\"],\"articleSection\":[\"Geral\",\"Seguran\u00e7a\"],\"inLanguage\":\"pt-BR\",\"potentialAction\":[{\"@type\":\"CommentAction\",\"name\":\"Comment\",\"target\":[\"https:\\\/\\\/folhapopular.info\\\/index.php\\\/2017\\\/11\\\/13\\\/jovem-e-autuado-apos-negar-se-a-fazer-teste-do-bafometro-em-teutonia\\\/#respond\"]}]},{\"@type\":\"WebPage\",\"@id\":\"https:\\\/\\\/folhapopular.info\\\/index.php\\\/2017\\\/11\\\/13\\\/jovem-e-autuado-apos-negar-se-a-fazer-teste-do-bafometro-em-teutonia\\\/\",\"url\":\"https:\\\/\\\/folhapopular.info\\\/index.php\\\/2017\\\/11\\\/13\\\/jovem-e-autuado-apos-negar-se-a-fazer-teste-do-bafometro-em-teutonia\\\/\",\"name\":\"Jovem \u00e9 autuado ap\u00f3s negar-se a fazer teste do baf\u00f4metro, em Teut\u00f4nia - Folha Popular\",\"isPartOf\":{\"@id\":\"https:\\\/\\\/folhapopular.info\\\/#website\"},\"primaryImageOfPage\":{\"@id\":\"https:\\\/\\\/folhapopular.info\\\/index.php\\\/2017\\\/11\\\/13\\\/jovem-e-autuado-apos-negar-se-a-fazer-teste-do-bafometro-em-teutonia\\\/#primaryimage\"},\"image\":{\"@id\":\"https:\\\/\\\/folhapopular.info\\\/index.php\\\/2017\\\/11\\\/13\\\/jovem-e-autuado-apos-negar-se-a-fazer-teste-do-bafometro-em-teutonia\\\/#primaryimage\"},\"thumbnailUrl\":\"https:\\\/\\\/folhapopular.info\\\/wp-content\\\/uploads\\\/2017\\\/06\\\/Tr\u00e2nsito_SITE-e1545295844946.jpg\",\"datePublished\":\"2017-11-13T19:00:54+00:00\",\"author\":{\"@id\":\"https:\\\/\\\/folhapopular.info\\\/#\\\/schema\\\/person\\\/2814e8a0df7643585a9ca38bc6eb9d4b\"},\"breadcrumb\":{\"@id\":\"https:\\\/\\\/folhapopular.info\\\/index.php\\\/2017\\\/11\\\/13\\\/jovem-e-autuado-apos-negar-se-a-fazer-teste-do-bafometro-em-teutonia\\\/#breadcrumb\"},\"inLanguage\":\"pt-BR\",\"potentialAction\":[{\"@type\":\"ReadAction\",\"target\":[\"https:\\\/\\\/folhapopular.info\\\/index.php\\\/2017\\\/11\\\/13\\\/jovem-e-autuado-apos-negar-se-a-fazer-teste-do-bafometro-em-teutonia\\\/\"]}]},{\"@type\":\"ImageObject\",\"inLanguage\":\"pt-BR\",\"@id\":\"https:\\\/\\\/folhapopular.info\\\/index.php\\\/2017\\\/11\\\/13\\\/jovem-e-autuado-apos-negar-se-a-fazer-teste-do-bafometro-em-teutonia\\\/#primaryimage\",\"url\":\"https:\\\/\\\/folhapopular.info\\\/wp-content\\\/uploads\\\/2017\\\/06\\\/Tr\u00e2nsito_SITE-e1545295844946.jpg\",\"contentUrl\":\"https:\\\/\\\/folhapopular.info\\\/wp-content\\\/uploads\\\/2017\\\/06\\\/Tr\u00e2nsito_SITE-e1545295844946.jpg\",\"width\":800,\"height\":514},{\"@type\":\"BreadcrumbList\",\"@id\":\"https:\\\/\\\/folhapopular.info\\\/index.php\\\/2017\\\/11\\\/13\\\/jovem-e-autuado-apos-negar-se-a-fazer-teste-do-bafometro-em-teutonia\\\/#breadcrumb\",\"itemListElement\":[{\"@type\":\"ListItem\",\"position\":1,\"name\":\"In\u00edcio\",\"item\":\"https:\\\/\\\/folhapopular.info\\\/\"},{\"@type\":\"ListItem\",\"position\":2,\"name\":\"Jovem \u00e9 autuado ap\u00f3s negar-se a fazer teste do baf\u00f4metro, em Teut\u00f4nia\"}]},{\"@type\":\"WebSite\",\"@id\":\"https:\\\/\\\/folhapopular.info\\\/#website\",\"url\":\"https:\\\/\\\/folhapopular.info\\\/\",\"name\":\"Folha Popular\",\"description\":\"Onde voc\u00ea tem vez e voz\",\"potentialAction\":[{\"@type\":\"SearchAction\",\"target\":{\"@type\":\"EntryPoint\",\"urlTemplate\":\"https:\\\/\\\/folhapopular.info\\\/?s={search_term_string}\"},\"query-input\":{\"@type\":\"PropertyValueSpecification\",\"valueRequired\":true,\"valueName\":\"search_term_string\"}}],\"inLanguage\":\"pt-BR\"},{\"@type\":\"Person\",\"@id\":\"https:\\\/\\\/folhapopular.info\\\/#\\\/schema\\\/person\\\/2814e8a0df7643585a9ca38bc6eb9d4b\",\"name\":\"Reda\u00e7\u00e3o Folha Popular\",\"image\":{\"@type\":\"ImageObject\",\"inLanguage\":\"pt-BR\",\"@id\":\"https:\\\/\\\/folhapopular.info\\\/wp-content\\\/uploads\\\/2026\\\/04\\\/Folha-1.webp\",\"url\":\"https:\\\/\\\/folhapopular.info\\\/wp-content\\\/uploads\\\/2026\\\/04\\\/Folha-1.webp\",\"contentUrl\":\"https:\\\/\\\/folhapopular.info\\\/wp-content\\\/uploads\\\/2026\\\/04\\\/Folha-1.webp\",\"caption\":\"Reda\u00e7\u00e3o Folha Popular\"},\"url\":\"https:\\\/\\\/folhapopular.info\\\/index.php\\\/author\\\/redacao\\\/\"}]}<\/script>\n<!-- \/ Yoast SEO plugin. -->","yoast_head_json":{"title":"Jovem \u00e9 autuado ap\u00f3s negar-se a fazer teste do baf\u00f4metro, em Teut\u00f4nia - Folha Popular","robots":{"index":"index","follow":"follow","max-snippet":"max-snippet:-1","max-image-preview":"max-image-preview:large","max-video-preview":"max-video-preview:-1"},"canonical":"https:\/\/folhapopular.info\/index.php\/2017\/11\/13\/jovem-e-autuado-apos-negar-se-a-fazer-teste-do-bafometro-em-teutonia\/","og_locale":"pt_BR","og_type":"article","og_title":"Jovem \u00e9 autuado ap\u00f3s negar-se a fazer teste do baf\u00f4metro, em Teut\u00f4nia - Folha Popular","og_description":"Um homem, de 24 anos, foi autuado ap\u00f3s recusar soprar o baf\u00f4metro na RSC-453 (Rota do Sol). A abordagem ocorre por volta das 23h50min do domingo (12\/11), no km 54 da rodovia, em frente ao posto da Pol\u00edcia Rodovi\u00e1ria Estadual, em Teut\u00f4nia. Por n\u00e3o ter feito o teste, o condutor foi multado administrativamente. O ve\u00edculo [&hellip;]","og_url":"https:\/\/folhapopular.info\/index.php\/2017\/11\/13\/jovem-e-autuado-apos-negar-se-a-fazer-teste-do-bafometro-em-teutonia\/","og_site_name":"Folha Popular","article_published_time":"2017-11-13T19:00:54+00:00","og_image":[{"width":800,"height":514,"url":"https:\/\/folhapopular.info\/wp-content\/uploads\/2017\/06\/Tr\u00e2nsito_SITE-e1545295844946.jpg","type":"image\/jpeg"}],"author":"Reda\u00e7\u00e3o Folha Popular","twitter_card":"summary_large_image","twitter_misc":{"Escrito por":"Reda\u00e7\u00e3o Folha Popular"},"schema":{"@context":"https:\/\/schema.org","@graph":[{"@type":"Article","@id":"https:\/\/folhapopular.info\/index.php\/2017\/11\/13\/jovem-e-autuado-apos-negar-se-a-fazer-teste-do-bafometro-em-teutonia\/#article","isPartOf":{"@id":"https:\/\/folhapopular.info\/index.php\/2017\/11\/13\/jovem-e-autuado-apos-negar-se-a-fazer-teste-do-bafometro-em-teutonia\/"},"author":{"name":"Reda\u00e7\u00e3o Folha Popular","@id":"https:\/\/folhapopular.info\/#\/schema\/person\/2814e8a0df7643585a9ca38bc6eb9d4b"},"headline":"Jovem \u00e9 autuado ap\u00f3s negar-se a fazer teste do baf\u00f4metro, em Teut\u00f4nia","datePublished":"2017-11-13T19:00:54+00:00","mainEntityOfPage":{"@id":"https:\/\/folhapopular.info\/index.php\/2017\/11\/13\/jovem-e-autuado-apos-negar-se-a-fazer-teste-do-bafometro-em-teutonia\/"},"wordCount":80,"commentCount":0,"image":{"@id":"https:\/\/folhapopular.info\/index.php\/2017\/11\/13\/jovem-e-autuado-apos-negar-se-a-fazer-teste-do-bafometro-em-teutonia\/#primaryimage"},"thumbnailUrl":"https:\/\/folhapopular.info\/wp-content\/uploads\/2017\/06\/Tr\u00e2nsito_SITE-e1545295844946.jpg","keywords":["Autua\u00e7\u00e3o","Baf\u00f4metro","PRE","Teut\u00f4nia"],"articleSection":["Geral","Seguran\u00e7a"],"inLanguage":"pt-BR","potentialAction":[{"@type":"CommentAction","name":"Comment","target":["https:\/\/folhapopular.info\/index.php\/2017\/11\/13\/jovem-e-autuado-apos-negar-se-a-fazer-teste-do-bafometro-em-teutonia\/#respond"]}]},{"@type":"WebPage","@id":"https:\/\/folhapopular.info\/index.php\/2017\/11\/13\/jovem-e-autuado-apos-negar-se-a-fazer-teste-do-bafometro-em-teutonia\/","url":"https:\/\/folhapopular.info\/index.php\/2017\/11\/13\/jovem-e-autuado-apos-negar-se-a-fazer-teste-do-bafometro-em-teutonia\/","name":"Jovem \u00e9 autuado ap\u00f3s negar-se a fazer teste do baf\u00f4metro, em Teut\u00f4nia - Folha Popular","isPartOf":{"@id":"https:\/\/folhapopular.info\/#website"},"primaryImageOfPage":{"@id":"https:\/\/folhapopular.info\/index.php\/2017\/11\/13\/jovem-e-autuado-apos-negar-se-a-fazer-teste-do-bafometro-em-teutonia\/#primaryimage"},"image":{"@id":"https:\/\/folhapopular.info\/index.php\/2017\/11\/13\/jovem-e-autuado-apos-negar-se-a-fazer-teste-do-bafometro-em-teutonia\/#primaryimage"},"thumbnailUrl":"https:\/\/folhapopular.info\/wp-content\/uploads\/2017\/06\/Tr\u00e2nsito_SITE-e1545295844946.jpg","datePublished":"2017-11-13T19:00:54+00:00","author":{"@id":"https:\/\/folhapopular.info\/#\/schema\/person\/2814e8a0df7643585a9ca38bc6eb9d4b"},"breadcrumb":{"@id":"https:\/\/folhapopular.info\/index.php\/2017\/11\/13\/jovem-e-autuado-apos-negar-se-a-fazer-teste-do-bafometro-em-teutonia\/#breadcrumb"},"inLanguage":"pt-BR","potentialAction":[{"@type":"ReadAction","target":["https:\/\/folhapopular.info\/index.php\/2017\/11\/13\/jovem-e-autuado-apos-negar-se-a-fazer-teste-do-bafometro-em-teutonia\/"]}]},{"@type":"ImageObject","inLanguage":"pt-BR","@id":"https:\/\/folhapopular.info\/index.php\/2017\/11\/13\/jovem-e-autuado-apos-negar-se-a-fazer-teste-do-bafometro-em-teutonia\/#primaryimage","url":"https:\/\/folhapopular.info\/wp-content\/uploads\/2017\/06\/Tr\u00e2nsito_SITE-e1545295844946.jpg","contentUrl":"https:\/\/folhapopular.info\/wp-content\/uploads\/2017\/06\/Tr\u00e2nsito_SITE-e1545295844946.jpg","width":800,"height":514},{"@type":"BreadcrumbList","@id":"https:\/\/folhapopular.info\/index.php\/2017\/11\/13\/jovem-e-autuado-apos-negar-se-a-fazer-teste-do-bafometro-em-teutonia\/#breadcrumb","itemListElement":[{"@type":"ListItem","position":1,"name":"In\u00edcio","item":"https:\/\/folhapopular.info\/"},{"@type":"ListItem","position":2,"name":"Jovem \u00e9 autuado ap\u00f3s negar-se a fazer teste do baf\u00f4metro, em Teut\u00f4nia"}]},{"@type":"WebSite","@id":"https:\/\/folhapopular.info\/#website","url":"https:\/\/folhapopular.info\/","name":"Folha Popular","description":"Onde voc\u00ea tem vez e voz","potentialAction":[{"@type":"SearchAction","target":{"@type":"EntryPoint","urlTemplate":"https:\/\/folhapopular.info\/?s={search_term_string}"},"query-input":{"@type":"PropertyValueSpecification","valueRequired":true,"valueName":"search_term_string"}}],"inLanguage":"pt-BR"},{"@type":"Person","@id":"https:\/\/folhapopular.info\/#\/schema\/person\/2814e8a0df7643585a9ca38bc6eb9d4b","name":"Reda\u00e7\u00e3o Folha Popular","image":{"@type":"ImageObject","inLanguage":"pt-BR","@id":"https:\/\/folhapopular.info\/wp-content\/uploads\/2026\/04\/Folha-1.webp","url":"https:\/\/folhapopular.info\/wp-content\/uploads\/2026\/04\/Folha-1.webp","contentUrl":"https:\/\/folhapopular.info\/wp-content\/uploads\/2026\/04\/Folha-1.webp","caption":"Reda\u00e7\u00e3o Folha Popular"},"url":"https:\/\/folhapopular.info\/index.php\/author\/redacao\/"}]}},"jetpack_featured_media_url":"https:\/\/folhapopular.info\/wp-content\/uploads\/2017\/06\/Tr\u00e2nsito_SITE-e1545295844946.jpg","jetpack_sharing_enabled":true,"amp_enabled":true,"_links":{"self":[{"href":"https:\/\/folhapopular.info\/index.php\/wp-json\/wp\/v2\/posts\/37560","targetHints":{"allow":["GET"]}}],"collection":[{"href":"https:\/\/folhapopular.info\/index.php\/wp-json\/wp\/v2\/posts"}],"about":[{"href":"https:\/\/folhapopular.info\/index.php\/wp-json\/wp\/v2\/types\/post"}],"author":[{"embeddable":true,"href":"https:\/\/folhapopular.info\/index.php\/wp-json\/wp\/v2\/users\/8"}],"replies":[{"embeddable":true,"href":"https:\/\/folhapopular.info\/index.php\/wp-json\/wp\/v2\/comments?post=37560"}],"version-history":[{"count":0,"href":"https:\/\/folhapopular.info\/index.php\/wp-json\/wp\/v2\/posts\/37560\/revisions"}],"wp:featuredmedia":[{"embeddable":true,"href":"https:\/\/folhapopular.info\/index.php\/wp-json\/wp\/v2\/media\/31878"}],"wp:attachment":[{"href":"https:\/\/folhapopular.info\/index.php\/wp-json\/wp\/v2\/media?parent=37560"}],"wp:term":[{"taxonomy":"category","embeddable":true,"href":"https:\/\/folhapopular.info\/index.php\/wp-json\/wp\/v2\/categories?post=37560"},{"taxonomy":"post_tag","embeddable":true,"href":"https:\/\/folhapopular.info\/index.php\/wp-json\/wp\/v2\/tags?post=37560"}],"curies":[{"name":"wp","href":"https:\/\/api.w.org\/{rel}","templated":true}]}}