{"id":37583,"date":"2017-11-14T14:00:32","date_gmt":"2017-11-14T16:00:32","guid":{"rendered":"http:\/\/folhapopular.info\/?p=37583"},"modified":"2017-11-14T13:38:57","modified_gmt":"2017-11-14T15:38:57","slug":"segundo-passarela-do-bem-doa-100-do-lucro-para-apae-de-garibaldi","status":"publish","type":"post","link":"https:\/\/folhapopular.info\/index.php\/2017\/11\/14\/segundo-passarela-do-bem-doa-100-do-lucro-para-apae-de-garibaldi\/","title":{"rendered":"Segundo Passarela do Bem doa 100% do lucro para Apae de Garibaldi"},"content":{"rendered":"<p>O p\u00fablico que prestigiou a segunda edi\u00e7\u00e3o do Passarela do Bem voltou para casa transbordando solidariedade, carinho e amor. Essas tr\u00eas sentimentos traduzem o trabalho volunt\u00e1rio de dezenas de volunt\u00e1rios que destinaram 100% do lucro para a Apae do munic\u00edpio, totalizando um montante de R$ 15.336,00. O evento realizado no Clube Integra\u00e7\u00e3o foi promovido na sexta-feira, 10, pela Rota de Compras e da Associa\u00e7\u00e3o de Pequenas e M\u00e9dias Empresas (Apeme).<\/p>\n<p>A magia come\u00e7ou quando, ao chegar no Clube, os participantes foram recepcionados por duendes e pernas de pau, interpretados por artistas da Apae. Na sequ\u00eancia, j\u00e1 bem acomodados em mesas delicadamente decoradas, o clima descontra\u00eddo foi criado pela m\u00fasica de Lela Ac\u00fastico Trio. Entre uma conversa e outra, o apetite foi aberto com guloseimas preparadas pela Le Petit Sabl\u00e9 e Sabor Ecol\u00f3gico. A alquimia dos sabores ficou a cargo do chef Altemir Pessali: nhoque \u00e0 ca\u00e7adora e risoto de aspargos verdes.<\/p>\n<p>Em seu discurso, a coordenadora da Rota de Compras, Angela Maria Villa Benini, destacou o trabalho dos volunt\u00e1rios e as parcerias. \u201cA ideia da Rota de Compras de apresentar suas cole\u00e7\u00f5es em evento especial, foi somada ao interesse em divulgar a Rota para nossa comunidade e uma pitada de olhar volunt\u00e1rio: assim nasceu o \u201cPassarela do Bem\u201d. Agrade\u00e7o aos meus colegas lojistas da Rota pela organiza\u00e7\u00e3o conjunta deste evento ao longo do ano, bem como a equipe de colaboradores da Apeme que nos d\u00e1 suporte di\u00e1rio em nossas a\u00e7\u00f5es. Ros\u00e2ngela, tua equipe \u00e9 formid\u00e1vel\u201d , disse.<\/p>\n<p>O desfile de Lan\u00e7amento da Cole\u00e7\u00e3o Primavera\/Ver\u00e3o foi estrelado pelas Lojas da Rota de Compras: Andreolio, Calzatto, Cantinho da Fofa, Calce Bem, Calce Leve, CM Malhas, Drops de Menta, Enamorare, Exigent, Farroupilha Sports, Forh, Loja Roberta Corbellini, Spasso Cal\u00e7ados e Villa Sorelle.<\/p>\n<figure id=\"attachment_37585\" aria-describedby=\"caption-attachment-37585\" style=\"width: 300px\" class=\"wp-caption alignleft\"><img loading=\"lazy\" decoding=\"async\" class=\"size-medium wp-image-37585\" src=\"https:\/\/folhapopular.info\/wp-content\/uploads\/2017\/11\/passarela-2881-300x200.jpg\" alt=\"\" width=\"300\" height=\"200\" srcset=\"https:\/\/folhapopular.info\/wp-content\/uploads\/2017\/11\/passarela-2881-300x200.jpg 300w, https:\/\/folhapopular.info\/wp-content\/uploads\/2017\/11\/passarela-2881-768x512.jpg 768w, https:\/\/folhapopular.info\/wp-content\/uploads\/2017\/11\/passarela-2881-696x464.jpg 696w, https:\/\/folhapopular.info\/wp-content\/uploads\/2017\/11\/passarela-2881-630x420.jpg 630w, https:\/\/folhapopular.info\/wp-content\/uploads\/2017\/11\/passarela-2881.jpg 1000w\" sizes=\"auto, (max-width: 300px) 100vw, 300px\" \/><figcaption id=\"caption-attachment-37585\" class=\"wp-caption-text\">Cr\u00e9dito da foto: 40 Graus Fotografia\/Divulga\u00e7\u00e3o<\/figcaption><\/figure>\n<p>Angela aproveitou\u00a0a oportunidade para fazer um convite: \u201cAgrade\u00e7o aos mais de cem volunt\u00e1rios envolvidos hoje e a cada um de voc\u00eas que adquiriu ingresso para auxiliar a Apae. Convido a todos a visitarem e comprarem seus presentes de Natal em nossa Noite Branca, no dia 14 de dezembro. Ser\u00e3o mais de 80 lojas que estar\u00e3o abertas at\u00e9 \u00e0s 22h30min.\u201d<\/p>\n<p>Ao final, os participantes receberam como brinde, espumante da Cooperativa Vin\u00edcola Garibaldi, Trufa Devorata e participaram de um sorteio da marca Mary Kay. Al\u00e9m disso, levaram para casa um anjo de argila, confeccionado pelos alunos da Apae.<\/p>\n<p>Prestigiaram o evento a presidente da Apeme, Rosangela da Costa; presidente da Apeme Mulher, Carla Casagrande Brandelli; vice-prefeito de Garibaldi, Antonio Fachinelli, secret\u00e1rio municipal de Turismo e Cultura, Paulo Salvi; vice-presidente da Apae Glaucia Moy; presidente da CIC Garibaldi, Alexandra Nicolini Brufatto; presidente da CDL Garibaldi, Carlos Morari, e coordenadora da Mulher Empreendedora CIC, Salete Sangalli.<\/p>\n","protected":false},"excerpt":{"rendered":"<p>O p\u00fablico que prestigiou a segunda edi\u00e7\u00e3o do Passarela do Bem voltou para casa transbordando solidariedade, carinho e amor. Essas tr\u00eas sentimentos traduzem o trabalho volunt\u00e1rio de dezenas de volunt\u00e1rios que destinaram 100% do lucro para a Apae do munic\u00edpio, totalizando um montante de R$ 15.336,00. O evento realizado no Clube Integra\u00e7\u00e3o foi promovido na [&hellip;]<\/p>\n","protected":false},"author":8,"featured_media":37584,"comment_status":"open","ping_status":"open","sticky":false,"template":"","format":"standard","meta":{"pmpro_default_level":"","_jetpack_memberships_contains_paid_content":false,"footnotes":""},"categories":[2,6],"tags":[887,28,1223],"class_list":{"0":"post-37583","1":"post","2":"type-post","3":"status-publish","4":"format-standard","5":"has-post-thumbnail","7":"category-featured","8":"category-inclusive","9":"tag-apae","10":"tag-garibaldi","11":"tag-passarela-do-bem","12":"pmpro-has-access"},"yoast_head":"<!-- This site is optimized with the Yoast SEO plugin v27.5 - https:\/\/yoast.com\/product\/yoast-seo-wordpress\/ -->\n<title>Segundo Passarela do Bem doa 100% do lucro para Apae de Garibaldi - Folha Popular<\/title>\n<meta name=\"robots\" content=\"index, follow, max-snippet:-1, max-image-preview:large, max-video-preview:-1\" \/>\n<link rel=\"canonical\" href=\"https:\/\/folhapopular.info\/index.php\/2017\/11\/14\/segundo-passarela-do-bem-doa-100-do-lucro-para-apae-de-garibaldi\/\" \/>\n<meta property=\"og:locale\" content=\"pt_BR\" \/>\n<meta property=\"og:type\" content=\"article\" \/>\n<meta property=\"og:title\" content=\"Segundo Passarela do Bem doa 100% do lucro para Apae de Garibaldi - Folha Popular\" \/>\n<meta property=\"og:description\" content=\"O p\u00fablico que prestigiou a segunda edi\u00e7\u00e3o do Passarela do Bem voltou para casa transbordando solidariedade, carinho e amor. Essas tr\u00eas sentimentos traduzem o trabalho volunt\u00e1rio de dezenas de volunt\u00e1rios que destinaram 100% do lucro para a Apae do munic\u00edpio, totalizando um montante de R$ 15.336,00. O evento realizado no Clube Integra\u00e7\u00e3o foi promovido na [&hellip;]\" \/>\n<meta property=\"og:url\" content=\"https:\/\/folhapopular.info\/index.php\/2017\/11\/14\/segundo-passarela-do-bem-doa-100-do-lucro-para-apae-de-garibaldi\/\" \/>\n<meta property=\"og:site_name\" content=\"Folha Popular\" \/>\n<meta property=\"article:published_time\" content=\"2017-11-14T16:00:32+00:00\" \/>\n<meta property=\"og:image\" content=\"https:\/\/folhapopular.info\/wp-content\/uploads\/2017\/11\/passarela-521.jpg\" \/>\n\t<meta property=\"og:image:width\" content=\"1000\" \/>\n\t<meta property=\"og:image:height\" content=\"667\" \/>\n\t<meta property=\"og:image:type\" content=\"image\/jpeg\" \/>\n<meta name=\"author\" content=\"Reda\u00e7\u00e3o Folha Popular\" \/>\n<meta name=\"twitter:card\" content=\"summary_large_image\" \/>\n<meta name=\"twitter:label1\" content=\"Escrito por\" \/>\n\t<meta name=\"twitter:data1\" content=\"Reda\u00e7\u00e3o Folha Popular\" \/>\n\t<meta name=\"twitter:label2\" content=\"Est. tempo de leitura\" \/>\n\t<meta name=\"twitter:data2\" content=\"2 minutos\" \/>\n<script type=\"application\/ld+json\" class=\"yoast-schema-graph\">{\"@context\":\"https:\\\/\\\/schema.org\",\"@graph\":[{\"@type\":\"Article\",\"@id\":\"https:\\\/\\\/folhapopular.info\\\/index.php\\\/2017\\\/11\\\/14\\\/segundo-passarela-do-bem-doa-100-do-lucro-para-apae-de-garibaldi\\\/#article\",\"isPartOf\":{\"@id\":\"https:\\\/\\\/folhapopular.info\\\/index.php\\\/2017\\\/11\\\/14\\\/segundo-passarela-do-bem-doa-100-do-lucro-para-apae-de-garibaldi\\\/\"},\"author\":{\"name\":\"Reda\u00e7\u00e3o Folha Popular\",\"@id\":\"https:\\\/\\\/folhapopular.info\\\/#\\\/schema\\\/person\\\/2814e8a0df7643585a9ca38bc6eb9d4b\"},\"headline\":\"Segundo Passarela do Bem doa 100% do lucro para Apae de Garibaldi\",\"datePublished\":\"2017-11-14T16:00:32+00:00\",\"mainEntityOfPage\":{\"@id\":\"https:\\\/\\\/folhapopular.info\\\/index.php\\\/2017\\\/11\\\/14\\\/segundo-passarela-do-bem-doa-100-do-lucro-para-apae-de-garibaldi\\\/\"},\"wordCount\":499,\"commentCount\":0,\"image\":{\"@id\":\"https:\\\/\\\/folhapopular.info\\\/index.php\\\/2017\\\/11\\\/14\\\/segundo-passarela-do-bem-doa-100-do-lucro-para-apae-de-garibaldi\\\/#primaryimage\"},\"thumbnailUrl\":\"https:\\\/\\\/folhapopular.info\\\/wp-content\\\/uploads\\\/2017\\\/11\\\/passarela-521.jpg\",\"keywords\":[\"Apae\",\"Garibaldi\",\"Passarela do Bem\"],\"articleSection\":[\"Destaques\",\"Inclusive\"],\"inLanguage\":\"pt-BR\",\"potentialAction\":[{\"@type\":\"CommentAction\",\"name\":\"Comment\",\"target\":[\"https:\\\/\\\/folhapopular.info\\\/index.php\\\/2017\\\/11\\\/14\\\/segundo-passarela-do-bem-doa-100-do-lucro-para-apae-de-garibaldi\\\/#respond\"]}]},{\"@type\":\"WebPage\",\"@id\":\"https:\\\/\\\/folhapopular.info\\\/index.php\\\/2017\\\/11\\\/14\\\/segundo-passarela-do-bem-doa-100-do-lucro-para-apae-de-garibaldi\\\/\",\"url\":\"https:\\\/\\\/folhapopular.info\\\/index.php\\\/2017\\\/11\\\/14\\\/segundo-passarela-do-bem-doa-100-do-lucro-para-apae-de-garibaldi\\\/\",\"name\":\"Segundo Passarela do Bem doa 100% do lucro para Apae de Garibaldi - Folha Popular\",\"isPartOf\":{\"@id\":\"https:\\\/\\\/folhapopular.info\\\/#website\"},\"primaryImageOfPage\":{\"@id\":\"https:\\\/\\\/folhapopular.info\\\/index.php\\\/2017\\\/11\\\/14\\\/segundo-passarela-do-bem-doa-100-do-lucro-para-apae-de-garibaldi\\\/#primaryimage\"},\"image\":{\"@id\":\"https:\\\/\\\/folhapopular.info\\\/index.php\\\/2017\\\/11\\\/14\\\/segundo-passarela-do-bem-doa-100-do-lucro-para-apae-de-garibaldi\\\/#primaryimage\"},\"thumbnailUrl\":\"https:\\\/\\\/folhapopular.info\\\/wp-content\\\/uploads\\\/2017\\\/11\\\/passarela-521.jpg\",\"datePublished\":\"2017-11-14T16:00:32+00:00\",\"author\":{\"@id\":\"https:\\\/\\\/folhapopular.info\\\/#\\\/schema\\\/person\\\/2814e8a0df7643585a9ca38bc6eb9d4b\"},\"breadcrumb\":{\"@id\":\"https:\\\/\\\/folhapopular.info\\\/index.php\\\/2017\\\/11\\\/14\\\/segundo-passarela-do-bem-doa-100-do-lucro-para-apae-de-garibaldi\\\/#breadcrumb\"},\"inLanguage\":\"pt-BR\",\"potentialAction\":[{\"@type\":\"ReadAction\",\"target\":[\"https:\\\/\\\/folhapopular.info\\\/index.php\\\/2017\\\/11\\\/14\\\/segundo-passarela-do-bem-doa-100-do-lucro-para-apae-de-garibaldi\\\/\"]}]},{\"@type\":\"ImageObject\",\"inLanguage\":\"pt-BR\",\"@id\":\"https:\\\/\\\/folhapopular.info\\\/index.php\\\/2017\\\/11\\\/14\\\/segundo-passarela-do-bem-doa-100-do-lucro-para-apae-de-garibaldi\\\/#primaryimage\",\"url\":\"https:\\\/\\\/folhapopular.info\\\/wp-content\\\/uploads\\\/2017\\\/11\\\/passarela-521.jpg\",\"contentUrl\":\"https:\\\/\\\/folhapopular.info\\\/wp-content\\\/uploads\\\/2017\\\/11\\\/passarela-521.jpg\",\"width\":1000,\"height\":667,\"caption\":\"Cr\u00e9dito da foto: 40 Graus Fotografia\\\/Divulga\u00e7\u00e3o\"},{\"@type\":\"BreadcrumbList\",\"@id\":\"https:\\\/\\\/folhapopular.info\\\/index.php\\\/2017\\\/11\\\/14\\\/segundo-passarela-do-bem-doa-100-do-lucro-para-apae-de-garibaldi\\\/#breadcrumb\",\"itemListElement\":[{\"@type\":\"ListItem\",\"position\":1,\"name\":\"In\u00edcio\",\"item\":\"https:\\\/\\\/folhapopular.info\\\/\"},{\"@type\":\"ListItem\",\"position\":2,\"name\":\"Segundo Passarela do Bem doa 100% do lucro para Apae de Garibaldi\"}]},{\"@type\":\"WebSite\",\"@id\":\"https:\\\/\\\/folhapopular.info\\\/#website\",\"url\":\"https:\\\/\\\/folhapopular.info\\\/\",\"name\":\"Folha Popular\",\"description\":\"Onde voc\u00ea tem vez e voz\",\"potentialAction\":[{\"@type\":\"SearchAction\",\"target\":{\"@type\":\"EntryPoint\",\"urlTemplate\":\"https:\\\/\\\/folhapopular.info\\\/?s={search_term_string}\"},\"query-input\":{\"@type\":\"PropertyValueSpecification\",\"valueRequired\":true,\"valueName\":\"search_term_string\"}}],\"inLanguage\":\"pt-BR\"},{\"@type\":\"Person\",\"@id\":\"https:\\\/\\\/folhapopular.info\\\/#\\\/schema\\\/person\\\/2814e8a0df7643585a9ca38bc6eb9d4b\",\"name\":\"Reda\u00e7\u00e3o Folha Popular\",\"image\":{\"@type\":\"ImageObject\",\"inLanguage\":\"pt-BR\",\"@id\":\"https:\\\/\\\/folhapopular.info\\\/wp-content\\\/uploads\\\/2026\\\/04\\\/Folha-1.webp\",\"url\":\"https:\\\/\\\/folhapopular.info\\\/wp-content\\\/uploads\\\/2026\\\/04\\\/Folha-1.webp\",\"contentUrl\":\"https:\\\/\\\/folhapopular.info\\\/wp-content\\\/uploads\\\/2026\\\/04\\\/Folha-1.webp\",\"caption\":\"Reda\u00e7\u00e3o Folha Popular\"},\"url\":\"https:\\\/\\\/folhapopular.info\\\/index.php\\\/author\\\/redacao\\\/\"}]}<\/script>\n<!-- \/ Yoast SEO plugin. -->","yoast_head_json":{"title":"Segundo Passarela do Bem doa 100% do lucro para Apae de Garibaldi - Folha Popular","robots":{"index":"index","follow":"follow","max-snippet":"max-snippet:-1","max-image-preview":"max-image-preview:large","max-video-preview":"max-video-preview:-1"},"canonical":"https:\/\/folhapopular.info\/index.php\/2017\/11\/14\/segundo-passarela-do-bem-doa-100-do-lucro-para-apae-de-garibaldi\/","og_locale":"pt_BR","og_type":"article","og_title":"Segundo Passarela do Bem doa 100% do lucro para Apae de Garibaldi - Folha Popular","og_description":"O p\u00fablico que prestigiou a segunda edi\u00e7\u00e3o do Passarela do Bem voltou para casa transbordando solidariedade, carinho e amor. Essas tr\u00eas sentimentos traduzem o trabalho volunt\u00e1rio de dezenas de volunt\u00e1rios que destinaram 100% do lucro para a Apae do munic\u00edpio, totalizando um montante de R$ 15.336,00. O evento realizado no Clube Integra\u00e7\u00e3o foi promovido na [&hellip;]","og_url":"https:\/\/folhapopular.info\/index.php\/2017\/11\/14\/segundo-passarela-do-bem-doa-100-do-lucro-para-apae-de-garibaldi\/","og_site_name":"Folha Popular","article_published_time":"2017-11-14T16:00:32+00:00","og_image":[{"width":1000,"height":667,"url":"https:\/\/folhapopular.info\/wp-content\/uploads\/2017\/11\/passarela-521.jpg","type":"image\/jpeg"}],"author":"Reda\u00e7\u00e3o Folha Popular","twitter_card":"summary_large_image","twitter_misc":{"Escrito por":"Reda\u00e7\u00e3o Folha Popular","Est. tempo de leitura":"2 minutos"},"schema":{"@context":"https:\/\/schema.org","@graph":[{"@type":"Article","@id":"https:\/\/folhapopular.info\/index.php\/2017\/11\/14\/segundo-passarela-do-bem-doa-100-do-lucro-para-apae-de-garibaldi\/#article","isPartOf":{"@id":"https:\/\/folhapopular.info\/index.php\/2017\/11\/14\/segundo-passarela-do-bem-doa-100-do-lucro-para-apae-de-garibaldi\/"},"author":{"name":"Reda\u00e7\u00e3o Folha Popular","@id":"https:\/\/folhapopular.info\/#\/schema\/person\/2814e8a0df7643585a9ca38bc6eb9d4b"},"headline":"Segundo Passarela do Bem doa 100% do lucro para Apae de Garibaldi","datePublished":"2017-11-14T16:00:32+00:00","mainEntityOfPage":{"@id":"https:\/\/folhapopular.info\/index.php\/2017\/11\/14\/segundo-passarela-do-bem-doa-100-do-lucro-para-apae-de-garibaldi\/"},"wordCount":499,"commentCount":0,"image":{"@id":"https:\/\/folhapopular.info\/index.php\/2017\/11\/14\/segundo-passarela-do-bem-doa-100-do-lucro-para-apae-de-garibaldi\/#primaryimage"},"thumbnailUrl":"https:\/\/folhapopular.info\/wp-content\/uploads\/2017\/11\/passarela-521.jpg","keywords":["Apae","Garibaldi","Passarela do Bem"],"articleSection":["Destaques","Inclusive"],"inLanguage":"pt-BR","potentialAction":[{"@type":"CommentAction","name":"Comment","target":["https:\/\/folhapopular.info\/index.php\/2017\/11\/14\/segundo-passarela-do-bem-doa-100-do-lucro-para-apae-de-garibaldi\/#respond"]}]},{"@type":"WebPage","@id":"https:\/\/folhapopular.info\/index.php\/2017\/11\/14\/segundo-passarela-do-bem-doa-100-do-lucro-para-apae-de-garibaldi\/","url":"https:\/\/folhapopular.info\/index.php\/2017\/11\/14\/segundo-passarela-do-bem-doa-100-do-lucro-para-apae-de-garibaldi\/","name":"Segundo Passarela do Bem doa 100% do lucro para Apae de Garibaldi - Folha Popular","isPartOf":{"@id":"https:\/\/folhapopular.info\/#website"},"primaryImageOfPage":{"@id":"https:\/\/folhapopular.info\/index.php\/2017\/11\/14\/segundo-passarela-do-bem-doa-100-do-lucro-para-apae-de-garibaldi\/#primaryimage"},"image":{"@id":"https:\/\/folhapopular.info\/index.php\/2017\/11\/14\/segundo-passarela-do-bem-doa-100-do-lucro-para-apae-de-garibaldi\/#primaryimage"},"thumbnailUrl":"https:\/\/folhapopular.info\/wp-content\/uploads\/2017\/11\/passarela-521.jpg","datePublished":"2017-11-14T16:00:32+00:00","author":{"@id":"https:\/\/folhapopular.info\/#\/schema\/person\/2814e8a0df7643585a9ca38bc6eb9d4b"},"breadcrumb":{"@id":"https:\/\/folhapopular.info\/index.php\/2017\/11\/14\/segundo-passarela-do-bem-doa-100-do-lucro-para-apae-de-garibaldi\/#breadcrumb"},"inLanguage":"pt-BR","potentialAction":[{"@type":"ReadAction","target":["https:\/\/folhapopular.info\/index.php\/2017\/11\/14\/segundo-passarela-do-bem-doa-100-do-lucro-para-apae-de-garibaldi\/"]}]},{"@type":"ImageObject","inLanguage":"pt-BR","@id":"https:\/\/folhapopular.info\/index.php\/2017\/11\/14\/segundo-passarela-do-bem-doa-100-do-lucro-para-apae-de-garibaldi\/#primaryimage","url":"https:\/\/folhapopular.info\/wp-content\/uploads\/2017\/11\/passarela-521.jpg","contentUrl":"https:\/\/folhapopular.info\/wp-content\/uploads\/2017\/11\/passarela-521.jpg","width":1000,"height":667,"caption":"Cr\u00e9dito da foto: 40 Graus Fotografia\/Divulga\u00e7\u00e3o"},{"@type":"BreadcrumbList","@id":"https:\/\/folhapopular.info\/index.php\/2017\/11\/14\/segundo-passarela-do-bem-doa-100-do-lucro-para-apae-de-garibaldi\/#breadcrumb","itemListElement":[{"@type":"ListItem","position":1,"name":"In\u00edcio","item":"https:\/\/folhapopular.info\/"},{"@type":"ListItem","position":2,"name":"Segundo Passarela do Bem doa 100% do lucro para Apae de Garibaldi"}]},{"@type":"WebSite","@id":"https:\/\/folhapopular.info\/#website","url":"https:\/\/folhapopular.info\/","name":"Folha Popular","description":"Onde voc\u00ea tem vez e voz","potentialAction":[{"@type":"SearchAction","target":{"@type":"EntryPoint","urlTemplate":"https:\/\/folhapopular.info\/?s={search_term_string}"},"query-input":{"@type":"PropertyValueSpecification","valueRequired":true,"valueName":"search_term_string"}}],"inLanguage":"pt-BR"},{"@type":"Person","@id":"https:\/\/folhapopular.info\/#\/schema\/person\/2814e8a0df7643585a9ca38bc6eb9d4b","name":"Reda\u00e7\u00e3o Folha Popular","image":{"@type":"ImageObject","inLanguage":"pt-BR","@id":"https:\/\/folhapopular.info\/wp-content\/uploads\/2026\/04\/Folha-1.webp","url":"https:\/\/folhapopular.info\/wp-content\/uploads\/2026\/04\/Folha-1.webp","contentUrl":"https:\/\/folhapopular.info\/wp-content\/uploads\/2026\/04\/Folha-1.webp","caption":"Reda\u00e7\u00e3o Folha Popular"},"url":"https:\/\/folhapopular.info\/index.php\/author\/redacao\/"}]}},"jetpack_featured_media_url":"https:\/\/folhapopular.info\/wp-content\/uploads\/2017\/11\/passarela-521.jpg","jetpack_sharing_enabled":true,"amp_enabled":true,"_links":{"self":[{"href":"https:\/\/folhapopular.info\/index.php\/wp-json\/wp\/v2\/posts\/37583","targetHints":{"allow":["GET"]}}],"collection":[{"href":"https:\/\/folhapopular.info\/index.php\/wp-json\/wp\/v2\/posts"}],"about":[{"href":"https:\/\/folhapopular.info\/index.php\/wp-json\/wp\/v2\/types\/post"}],"author":[{"embeddable":true,"href":"https:\/\/folhapopular.info\/index.php\/wp-json\/wp\/v2\/users\/8"}],"replies":[{"embeddable":true,"href":"https:\/\/folhapopular.info\/index.php\/wp-json\/wp\/v2\/comments?post=37583"}],"version-history":[{"count":0,"href":"https:\/\/folhapopular.info\/index.php\/wp-json\/wp\/v2\/posts\/37583\/revisions"}],"wp:featuredmedia":[{"embeddable":true,"href":"https:\/\/folhapopular.info\/index.php\/wp-json\/wp\/v2\/media\/37584"}],"wp:attachment":[{"href":"https:\/\/folhapopular.info\/index.php\/wp-json\/wp\/v2\/media?parent=37583"}],"wp:term":[{"taxonomy":"category","embeddable":true,"href":"https:\/\/folhapopular.info\/index.php\/wp-json\/wp\/v2\/categories?post=37583"},{"taxonomy":"post_tag","embeddable":true,"href":"https:\/\/folhapopular.info\/index.php\/wp-json\/wp\/v2\/tags?post=37583"}],"curies":[{"name":"wp","href":"https:\/\/api.w.org\/{rel}","templated":true}]}}