{"id":37764,"date":"2017-11-19T19:23:20","date_gmt":"2017-11-19T21:23:20","guid":{"rendered":"http:\/\/folhapopular.info\/?p=37764"},"modified":"2017-11-19T19:23:20","modified_gmt":"2017-11-19T21:23:20","slug":"menores-sao-flagrados-conduzindo-motocicleta-em-teutonia","status":"publish","type":"post","link":"https:\/\/folhapopular.info\/index.php\/2017\/11\/19\/menores-sao-flagrados-conduzindo-motocicleta-em-teutonia\/","title":{"rendered":"Menores s\u00e3o flagrados conduzindo motocicleta em Teut\u00f4nia"},"content":{"rendered":"<p align=\"LEFT\"><span style=\"color: #000000\"><span style=\"font-family: arial, sans-serif\"><span style=\"font-size: medium\">Por volta das 18h deste domingo (19\/11), ocorreu uma persegui\u00e7\u00e3o a dois menores na Rua 20 de Maio, no Bairro Canabarro \u2013 Teut\u00f4nia. Segundo o relato de populares, os rapazes menores de idade estavam em uma motocicleta e n\u00e3o obedeceram a ordem de parada da Brigada Militar. <\/span><\/span><\/span><\/p>\n<p align=\"LEFT\"><span style=\"color: #000000\"><span style=\"font-family: arial, sans-serif\"><span style=\"font-size: medium\">A guarni\u00e7\u00e3o perseguiu os dois, disparando para o alto. Os jovens perderam o controle, ca\u00edram e foram abordados. Eles foram conduzidos ao Hospital Ouro Branco e a ocorr\u00eancia deve ser registrada na Delegacia de Pol\u00edcia de Pronto Atendimento de Lajeado. <\/span><\/span><\/span><\/p>\n<p align=\"LEFT\"><span style=\"color: #000000\"><span style=\"font-family: arial, sans-serif\"><span style=\"font-size: medium\">At\u00e9 o fechamento deste boletim, a Brigada Militar de Teut\u00f4nia ainda n\u00e3o havia repassado informa\u00e7\u00f5es oficiais sobre a ocorr\u00eancia.<\/span><\/span><\/span><\/p>\n","protected":false},"excerpt":{"rendered":"<p>Por volta das 18h deste domingo (19\/11), ocorreu uma persegui\u00e7\u00e3o a dois menores na Rua 20 de Maio, no Bairro Canabarro \u2013 Teut\u00f4nia. Segundo o relato de populares, os rapazes menores de idade estavam em uma motocicleta e n\u00e3o obedeceram a ordem de parada da Brigada Militar. A guarni\u00e7\u00e3o perseguiu os dois, disparando para o [&hellip;]<\/p>\n","protected":false},"author":8,"featured_media":37766,"comment_status":"open","ping_status":"open","sticky":false,"template":"","format":"standard","meta":{"pmpro_default_level":"","_jetpack_memberships_contains_paid_content":false,"footnotes":""},"categories":[7],"tags":[216,1535,1534,106,26],"class_list":{"0":"post-37764","1":"post","2":"type-post","3":"status-publish","4":"format-standard","5":"has-post-thumbnail","7":"category-seguranca","8":"tag-bairro-canabarro","9":"tag-menor-de-idade","10":"tag-perseguicao","11":"tag-policia","12":"tag-teutonia","13":"pmpro-has-access"},"yoast_head":"<!-- This site is optimized with the Yoast SEO plugin v27.5 - https:\/\/yoast.com\/product\/yoast-seo-wordpress\/ -->\n<title>Menores s\u00e3o flagrados conduzindo motocicleta em Teut\u00f4nia - Folha Popular<\/title>\n<meta name=\"robots\" content=\"index, follow, max-snippet:-1, max-image-preview:large, max-video-preview:-1\" \/>\n<link rel=\"canonical\" href=\"https:\/\/folhapopular.info\/index.php\/2017\/11\/19\/menores-sao-flagrados-conduzindo-motocicleta-em-teutonia\/\" \/>\n<meta property=\"og:locale\" content=\"pt_BR\" \/>\n<meta property=\"og:type\" content=\"article\" \/>\n<meta property=\"og:title\" content=\"Menores s\u00e3o flagrados conduzindo motocicleta em Teut\u00f4nia - Folha Popular\" \/>\n<meta property=\"og:description\" content=\"Por volta das 18h deste domingo (19\/11), ocorreu uma persegui\u00e7\u00e3o a dois menores na Rua 20 de Maio, no Bairro Canabarro \u2013 Teut\u00f4nia. Segundo o relato de populares, os rapazes menores de idade estavam em uma motocicleta e n\u00e3o obedeceram a ordem de parada da Brigada Militar. A guarni\u00e7\u00e3o perseguiu os dois, disparando para o [&hellip;]\" \/>\n<meta property=\"og:url\" content=\"https:\/\/folhapopular.info\/index.php\/2017\/11\/19\/menores-sao-flagrados-conduzindo-motocicleta-em-teutonia\/\" \/>\n<meta property=\"og:site_name\" content=\"Folha Popular\" \/>\n<meta property=\"article:published_time\" content=\"2017-11-19T21:23:20+00:00\" \/>\n<meta property=\"og:image\" content=\"https:\/\/folhapopular.info\/wp-content\/uploads\/2017\/11\/WhatsApp-Image-2017-11-19-at-18.09.58-e1511126477248.jpeg\" \/>\n\t<meta property=\"og:image:width\" content=\"584\" \/>\n\t<meta property=\"og:image:height\" content=\"426\" \/>\n\t<meta property=\"og:image:type\" content=\"image\/jpeg\" \/>\n<meta name=\"author\" content=\"Reda\u00e7\u00e3o Folha Popular\" \/>\n<meta name=\"twitter:card\" content=\"summary_large_image\" \/>\n<meta name=\"twitter:label1\" content=\"Escrito por\" \/>\n\t<meta name=\"twitter:data1\" content=\"Reda\u00e7\u00e3o Folha Popular\" \/>\n\t<meta name=\"twitter:label2\" content=\"Est. tempo de leitura\" \/>\n\t<meta name=\"twitter:data2\" content=\"1 minuto\" \/>\n<script type=\"application\/ld+json\" class=\"yoast-schema-graph\">{\"@context\":\"https:\\\/\\\/schema.org\",\"@graph\":[{\"@type\":\"Article\",\"@id\":\"https:\\\/\\\/folhapopular.info\\\/index.php\\\/2017\\\/11\\\/19\\\/menores-sao-flagrados-conduzindo-motocicleta-em-teutonia\\\/#article\",\"isPartOf\":{\"@id\":\"https:\\\/\\\/folhapopular.info\\\/index.php\\\/2017\\\/11\\\/19\\\/menores-sao-flagrados-conduzindo-motocicleta-em-teutonia\\\/\"},\"author\":{\"name\":\"Reda\u00e7\u00e3o Folha Popular\",\"@id\":\"https:\\\/\\\/folhapopular.info\\\/#\\\/schema\\\/person\\\/2814e8a0df7643585a9ca38bc6eb9d4b\"},\"headline\":\"Menores s\u00e3o flagrados conduzindo motocicleta em Teut\u00f4nia\",\"datePublished\":\"2017-11-19T21:23:20+00:00\",\"mainEntityOfPage\":{\"@id\":\"https:\\\/\\\/folhapopular.info\\\/index.php\\\/2017\\\/11\\\/19\\\/menores-sao-flagrados-conduzindo-motocicleta-em-teutonia\\\/\"},\"wordCount\":123,\"commentCount\":0,\"image\":{\"@id\":\"https:\\\/\\\/folhapopular.info\\\/index.php\\\/2017\\\/11\\\/19\\\/menores-sao-flagrados-conduzindo-motocicleta-em-teutonia\\\/#primaryimage\"},\"thumbnailUrl\":\"https:\\\/\\\/folhapopular.info\\\/wp-content\\\/uploads\\\/2017\\\/11\\\/WhatsApp-Image-2017-11-19-at-18.09.58-e1511126477248.jpeg\",\"keywords\":[\"Bairro Canabarro\",\"menor de idade\",\"persegui\u00e7\u00e3o\",\"Pol\u00edcia\",\"Teut\u00f4nia\"],\"articleSection\":[\"Seguran\u00e7a\"],\"inLanguage\":\"pt-BR\",\"potentialAction\":[{\"@type\":\"CommentAction\",\"name\":\"Comment\",\"target\":[\"https:\\\/\\\/folhapopular.info\\\/index.php\\\/2017\\\/11\\\/19\\\/menores-sao-flagrados-conduzindo-motocicleta-em-teutonia\\\/#respond\"]}]},{\"@type\":\"WebPage\",\"@id\":\"https:\\\/\\\/folhapopular.info\\\/index.php\\\/2017\\\/11\\\/19\\\/menores-sao-flagrados-conduzindo-motocicleta-em-teutonia\\\/\",\"url\":\"https:\\\/\\\/folhapopular.info\\\/index.php\\\/2017\\\/11\\\/19\\\/menores-sao-flagrados-conduzindo-motocicleta-em-teutonia\\\/\",\"name\":\"Menores s\u00e3o flagrados conduzindo motocicleta em Teut\u00f4nia - Folha Popular\",\"isPartOf\":{\"@id\":\"https:\\\/\\\/folhapopular.info\\\/#website\"},\"primaryImageOfPage\":{\"@id\":\"https:\\\/\\\/folhapopular.info\\\/index.php\\\/2017\\\/11\\\/19\\\/menores-sao-flagrados-conduzindo-motocicleta-em-teutonia\\\/#primaryimage\"},\"image\":{\"@id\":\"https:\\\/\\\/folhapopular.info\\\/index.php\\\/2017\\\/11\\\/19\\\/menores-sao-flagrados-conduzindo-motocicleta-em-teutonia\\\/#primaryimage\"},\"thumbnailUrl\":\"https:\\\/\\\/folhapopular.info\\\/wp-content\\\/uploads\\\/2017\\\/11\\\/WhatsApp-Image-2017-11-19-at-18.09.58-e1511126477248.jpeg\",\"datePublished\":\"2017-11-19T21:23:20+00:00\",\"author\":{\"@id\":\"https:\\\/\\\/folhapopular.info\\\/#\\\/schema\\\/person\\\/2814e8a0df7643585a9ca38bc6eb9d4b\"},\"breadcrumb\":{\"@id\":\"https:\\\/\\\/folhapopular.info\\\/index.php\\\/2017\\\/11\\\/19\\\/menores-sao-flagrados-conduzindo-motocicleta-em-teutonia\\\/#breadcrumb\"},\"inLanguage\":\"pt-BR\",\"potentialAction\":[{\"@type\":\"ReadAction\",\"target\":[\"https:\\\/\\\/folhapopular.info\\\/index.php\\\/2017\\\/11\\\/19\\\/menores-sao-flagrados-conduzindo-motocicleta-em-teutonia\\\/\"]}]},{\"@type\":\"ImageObject\",\"inLanguage\":\"pt-BR\",\"@id\":\"https:\\\/\\\/folhapopular.info\\\/index.php\\\/2017\\\/11\\\/19\\\/menores-sao-flagrados-conduzindo-motocicleta-em-teutonia\\\/#primaryimage\",\"url\":\"https:\\\/\\\/folhapopular.info\\\/wp-content\\\/uploads\\\/2017\\\/11\\\/WhatsApp-Image-2017-11-19-at-18.09.58-e1511126477248.jpeg\",\"contentUrl\":\"https:\\\/\\\/folhapopular.info\\\/wp-content\\\/uploads\\\/2017\\\/11\\\/WhatsApp-Image-2017-11-19-at-18.09.58-e1511126477248.jpeg\",\"width\":584,\"height\":426,\"caption\":\"BM somente conseguiu abordar os jovens ap\u00f3s eles perderem o controle da moto - CR\u00c9DITOS DA FOTO: divulga\u00e7\u00e3o WhatsApp\"},{\"@type\":\"BreadcrumbList\",\"@id\":\"https:\\\/\\\/folhapopular.info\\\/index.php\\\/2017\\\/11\\\/19\\\/menores-sao-flagrados-conduzindo-motocicleta-em-teutonia\\\/#breadcrumb\",\"itemListElement\":[{\"@type\":\"ListItem\",\"position\":1,\"name\":\"In\u00edcio\",\"item\":\"https:\\\/\\\/folhapopular.info\\\/\"},{\"@type\":\"ListItem\",\"position\":2,\"name\":\"Menores s\u00e3o flagrados conduzindo motocicleta em Teut\u00f4nia\"}]},{\"@type\":\"WebSite\",\"@id\":\"https:\\\/\\\/folhapopular.info\\\/#website\",\"url\":\"https:\\\/\\\/folhapopular.info\\\/\",\"name\":\"Folha Popular\",\"description\":\"Onde voc\u00ea tem vez e voz\",\"potentialAction\":[{\"@type\":\"SearchAction\",\"target\":{\"@type\":\"EntryPoint\",\"urlTemplate\":\"https:\\\/\\\/folhapopular.info\\\/?s={search_term_string}\"},\"query-input\":{\"@type\":\"PropertyValueSpecification\",\"valueRequired\":true,\"valueName\":\"search_term_string\"}}],\"inLanguage\":\"pt-BR\"},{\"@type\":\"Person\",\"@id\":\"https:\\\/\\\/folhapopular.info\\\/#\\\/schema\\\/person\\\/2814e8a0df7643585a9ca38bc6eb9d4b\",\"name\":\"Reda\u00e7\u00e3o Folha Popular\",\"image\":{\"@type\":\"ImageObject\",\"inLanguage\":\"pt-BR\",\"@id\":\"https:\\\/\\\/folhapopular.info\\\/wp-content\\\/uploads\\\/2026\\\/04\\\/Folha-1.webp\",\"url\":\"https:\\\/\\\/folhapopular.info\\\/wp-content\\\/uploads\\\/2026\\\/04\\\/Folha-1.webp\",\"contentUrl\":\"https:\\\/\\\/folhapopular.info\\\/wp-content\\\/uploads\\\/2026\\\/04\\\/Folha-1.webp\",\"caption\":\"Reda\u00e7\u00e3o Folha Popular\"},\"url\":\"https:\\\/\\\/folhapopular.info\\\/index.php\\\/author\\\/redacao\\\/\"}]}<\/script>\n<!-- \/ Yoast SEO plugin. -->","yoast_head_json":{"title":"Menores s\u00e3o flagrados conduzindo motocicleta em Teut\u00f4nia - Folha Popular","robots":{"index":"index","follow":"follow","max-snippet":"max-snippet:-1","max-image-preview":"max-image-preview:large","max-video-preview":"max-video-preview:-1"},"canonical":"https:\/\/folhapopular.info\/index.php\/2017\/11\/19\/menores-sao-flagrados-conduzindo-motocicleta-em-teutonia\/","og_locale":"pt_BR","og_type":"article","og_title":"Menores s\u00e3o flagrados conduzindo motocicleta em Teut\u00f4nia - Folha Popular","og_description":"Por volta das 18h deste domingo (19\/11), ocorreu uma persegui\u00e7\u00e3o a dois menores na Rua 20 de Maio, no Bairro Canabarro \u2013 Teut\u00f4nia. Segundo o relato de populares, os rapazes menores de idade estavam em uma motocicleta e n\u00e3o obedeceram a ordem de parada da Brigada Militar. A guarni\u00e7\u00e3o perseguiu os dois, disparando para o [&hellip;]","og_url":"https:\/\/folhapopular.info\/index.php\/2017\/11\/19\/menores-sao-flagrados-conduzindo-motocicleta-em-teutonia\/","og_site_name":"Folha Popular","article_published_time":"2017-11-19T21:23:20+00:00","og_image":[{"width":584,"height":426,"url":"https:\/\/folhapopular.info\/wp-content\/uploads\/2017\/11\/WhatsApp-Image-2017-11-19-at-18.09.58-e1511126477248.jpeg","type":"image\/jpeg"}],"author":"Reda\u00e7\u00e3o Folha Popular","twitter_card":"summary_large_image","twitter_misc":{"Escrito por":"Reda\u00e7\u00e3o Folha Popular","Est. tempo de leitura":"1 minuto"},"schema":{"@context":"https:\/\/schema.org","@graph":[{"@type":"Article","@id":"https:\/\/folhapopular.info\/index.php\/2017\/11\/19\/menores-sao-flagrados-conduzindo-motocicleta-em-teutonia\/#article","isPartOf":{"@id":"https:\/\/folhapopular.info\/index.php\/2017\/11\/19\/menores-sao-flagrados-conduzindo-motocicleta-em-teutonia\/"},"author":{"name":"Reda\u00e7\u00e3o Folha Popular","@id":"https:\/\/folhapopular.info\/#\/schema\/person\/2814e8a0df7643585a9ca38bc6eb9d4b"},"headline":"Menores s\u00e3o flagrados conduzindo motocicleta em Teut\u00f4nia","datePublished":"2017-11-19T21:23:20+00:00","mainEntityOfPage":{"@id":"https:\/\/folhapopular.info\/index.php\/2017\/11\/19\/menores-sao-flagrados-conduzindo-motocicleta-em-teutonia\/"},"wordCount":123,"commentCount":0,"image":{"@id":"https:\/\/folhapopular.info\/index.php\/2017\/11\/19\/menores-sao-flagrados-conduzindo-motocicleta-em-teutonia\/#primaryimage"},"thumbnailUrl":"https:\/\/folhapopular.info\/wp-content\/uploads\/2017\/11\/WhatsApp-Image-2017-11-19-at-18.09.58-e1511126477248.jpeg","keywords":["Bairro Canabarro","menor de idade","persegui\u00e7\u00e3o","Pol\u00edcia","Teut\u00f4nia"],"articleSection":["Seguran\u00e7a"],"inLanguage":"pt-BR","potentialAction":[{"@type":"CommentAction","name":"Comment","target":["https:\/\/folhapopular.info\/index.php\/2017\/11\/19\/menores-sao-flagrados-conduzindo-motocicleta-em-teutonia\/#respond"]}]},{"@type":"WebPage","@id":"https:\/\/folhapopular.info\/index.php\/2017\/11\/19\/menores-sao-flagrados-conduzindo-motocicleta-em-teutonia\/","url":"https:\/\/folhapopular.info\/index.php\/2017\/11\/19\/menores-sao-flagrados-conduzindo-motocicleta-em-teutonia\/","name":"Menores s\u00e3o flagrados conduzindo motocicleta em Teut\u00f4nia - Folha Popular","isPartOf":{"@id":"https:\/\/folhapopular.info\/#website"},"primaryImageOfPage":{"@id":"https:\/\/folhapopular.info\/index.php\/2017\/11\/19\/menores-sao-flagrados-conduzindo-motocicleta-em-teutonia\/#primaryimage"},"image":{"@id":"https:\/\/folhapopular.info\/index.php\/2017\/11\/19\/menores-sao-flagrados-conduzindo-motocicleta-em-teutonia\/#primaryimage"},"thumbnailUrl":"https:\/\/folhapopular.info\/wp-content\/uploads\/2017\/11\/WhatsApp-Image-2017-11-19-at-18.09.58-e1511126477248.jpeg","datePublished":"2017-11-19T21:23:20+00:00","author":{"@id":"https:\/\/folhapopular.info\/#\/schema\/person\/2814e8a0df7643585a9ca38bc6eb9d4b"},"breadcrumb":{"@id":"https:\/\/folhapopular.info\/index.php\/2017\/11\/19\/menores-sao-flagrados-conduzindo-motocicleta-em-teutonia\/#breadcrumb"},"inLanguage":"pt-BR","potentialAction":[{"@type":"ReadAction","target":["https:\/\/folhapopular.info\/index.php\/2017\/11\/19\/menores-sao-flagrados-conduzindo-motocicleta-em-teutonia\/"]}]},{"@type":"ImageObject","inLanguage":"pt-BR","@id":"https:\/\/folhapopular.info\/index.php\/2017\/11\/19\/menores-sao-flagrados-conduzindo-motocicleta-em-teutonia\/#primaryimage","url":"https:\/\/folhapopular.info\/wp-content\/uploads\/2017\/11\/WhatsApp-Image-2017-11-19-at-18.09.58-e1511126477248.jpeg","contentUrl":"https:\/\/folhapopular.info\/wp-content\/uploads\/2017\/11\/WhatsApp-Image-2017-11-19-at-18.09.58-e1511126477248.jpeg","width":584,"height":426,"caption":"BM somente conseguiu abordar os jovens ap\u00f3s eles perderem o controle da moto - CR\u00c9DITOS DA FOTO: divulga\u00e7\u00e3o WhatsApp"},{"@type":"BreadcrumbList","@id":"https:\/\/folhapopular.info\/index.php\/2017\/11\/19\/menores-sao-flagrados-conduzindo-motocicleta-em-teutonia\/#breadcrumb","itemListElement":[{"@type":"ListItem","position":1,"name":"In\u00edcio","item":"https:\/\/folhapopular.info\/"},{"@type":"ListItem","position":2,"name":"Menores s\u00e3o flagrados conduzindo motocicleta em Teut\u00f4nia"}]},{"@type":"WebSite","@id":"https:\/\/folhapopular.info\/#website","url":"https:\/\/folhapopular.info\/","name":"Folha Popular","description":"Onde voc\u00ea tem vez e voz","potentialAction":[{"@type":"SearchAction","target":{"@type":"EntryPoint","urlTemplate":"https:\/\/folhapopular.info\/?s={search_term_string}"},"query-input":{"@type":"PropertyValueSpecification","valueRequired":true,"valueName":"search_term_string"}}],"inLanguage":"pt-BR"},{"@type":"Person","@id":"https:\/\/folhapopular.info\/#\/schema\/person\/2814e8a0df7643585a9ca38bc6eb9d4b","name":"Reda\u00e7\u00e3o Folha Popular","image":{"@type":"ImageObject","inLanguage":"pt-BR","@id":"https:\/\/folhapopular.info\/wp-content\/uploads\/2026\/04\/Folha-1.webp","url":"https:\/\/folhapopular.info\/wp-content\/uploads\/2026\/04\/Folha-1.webp","contentUrl":"https:\/\/folhapopular.info\/wp-content\/uploads\/2026\/04\/Folha-1.webp","caption":"Reda\u00e7\u00e3o Folha Popular"},"url":"https:\/\/folhapopular.info\/index.php\/author\/redacao\/"}]}},"jetpack_featured_media_url":"https:\/\/folhapopular.info\/wp-content\/uploads\/2017\/11\/WhatsApp-Image-2017-11-19-at-18.09.58-e1511126477248.jpeg","jetpack_sharing_enabled":true,"amp_enabled":true,"_links":{"self":[{"href":"https:\/\/folhapopular.info\/index.php\/wp-json\/wp\/v2\/posts\/37764","targetHints":{"allow":["GET"]}}],"collection":[{"href":"https:\/\/folhapopular.info\/index.php\/wp-json\/wp\/v2\/posts"}],"about":[{"href":"https:\/\/folhapopular.info\/index.php\/wp-json\/wp\/v2\/types\/post"}],"author":[{"embeddable":true,"href":"https:\/\/folhapopular.info\/index.php\/wp-json\/wp\/v2\/users\/8"}],"replies":[{"embeddable":true,"href":"https:\/\/folhapopular.info\/index.php\/wp-json\/wp\/v2\/comments?post=37764"}],"version-history":[{"count":0,"href":"https:\/\/folhapopular.info\/index.php\/wp-json\/wp\/v2\/posts\/37764\/revisions"}],"wp:featuredmedia":[{"embeddable":true,"href":"https:\/\/folhapopular.info\/index.php\/wp-json\/wp\/v2\/media\/37766"}],"wp:attachment":[{"href":"https:\/\/folhapopular.info\/index.php\/wp-json\/wp\/v2\/media?parent=37764"}],"wp:term":[{"taxonomy":"category","embeddable":true,"href":"https:\/\/folhapopular.info\/index.php\/wp-json\/wp\/v2\/categories?post=37764"},{"taxonomy":"post_tag","embeddable":true,"href":"https:\/\/folhapopular.info\/index.php\/wp-json\/wp\/v2\/tags?post=37764"}],"curies":[{"name":"wp","href":"https:\/\/api.w.org\/{rel}","templated":true}]}}