{"id":37939,"date":"2017-11-25T09:00:53","date_gmt":"2017-11-25T11:00:53","guid":{"rendered":"http:\/\/folhapopular.info\/?p=37939"},"modified":"2017-11-24T16:16:05","modified_gmt":"2017-11-24T18:16:05","slug":"propostas-de-solucoes-para-o-aterro-sanitario-de-lajeado-serao-apresentadas-na-terca-feira-dia-28","status":"publish","type":"post","link":"https:\/\/folhapopular.info\/index.php\/2017\/11\/25\/propostas-de-solucoes-para-o-aterro-sanitario-de-lajeado-serao-apresentadas-na-terca-feira-dia-28\/","title":{"rendered":"Propostas de solu\u00e7\u00f5es para o aterro sanit\u00e1rio de Lajeado ser\u00e3o apresentadas na ter\u00e7a-feira, dia 28"},"content":{"rendered":"<p>A fim de buscar solu\u00e7\u00f5es ambientalmente corretas para manuten\u00e7\u00e3o do aterro sanit\u00e1rio, na ter\u00e7a-feira, dia 28, a partir das 14h, no sal\u00e3o de eventos da Prefeitura de Lajeado, quatro projetos ser\u00e3o apresentados por empresas que responderam ao Chamamento P\u00fablico para Procedimento de Manifesta\u00e7\u00e3o de Interesse (PMI) 01-01\/2017. O chamamento se destina a atrair interessados em desenvolver, por sua conta e risco, levantamentos de informa\u00e7\u00f5es e estudos t\u00e9cnicos, econ\u00f4micos e jur\u00eddicos conclusivos para implanta\u00e7\u00e3o de servi\u00e7os de tratamento e manejo de res\u00edduos domiciliares e disposi\u00e7\u00e3o final de rejeitos do Munic\u00edpio de Lajeado.<\/p>\n<p>Conforme o titular da Secretaria do Meio Ambiente (Sema), Luis Benoitt, o Executivo lajeadense busca uma solu\u00e7\u00e3o completa para o aterro sanit\u00e1rio. Ele destaca que os quatro projetos protocolados agora ser\u00e3o apresentados para a comiss\u00e3o de avalia\u00e7\u00e3o, integrada por t\u00e9cnicos da Univates, Sema e Condema. O secret\u00e1rio explica que, caso a comiss\u00e3o de avalia\u00e7\u00e3o aprove um dos projetos, o munic\u00edpio ir\u00e1 adquiri-lo com inten\u00e7\u00e3o de torn\u00e1-lo o termo de refer\u00eancia para uma futura licita\u00e7\u00e3o que, por sua vez, definir\u00e1 a empresa que executar\u00e1 o referido projeto no aterro sanit\u00e1rio. Salienta-se, tamb\u00e9m, que o sal\u00e3o de eventos estar\u00e1 aberto aos interessados em conhecer os projetos a serem apresentados no dia 28.<\/p>\n","protected":false},"excerpt":{"rendered":"<p>A fim de buscar solu\u00e7\u00f5es ambientalmente corretas para manuten\u00e7\u00e3o do aterro sanit\u00e1rio, na ter\u00e7a-feira, dia 28, a partir das 14h, no sal\u00e3o de eventos da Prefeitura de Lajeado, quatro projetos ser\u00e3o apresentados por empresas que responderam ao Chamamento P\u00fablico para Procedimento de Manifesta\u00e7\u00e3o de Interesse (PMI) 01-01\/2017. O chamamento se destina a atrair interessados em [&hellip;]<\/p>\n","protected":false},"author":8,"featured_media":31867,"comment_status":"open","ping_status":"open","sticky":false,"template":"","format":"standard","meta":{"pmpro_default_level":"","_jetpack_memberships_contains_paid_content":false,"footnotes":""},"categories":[3],"tags":[433,27],"class_list":{"0":"post-37939","1":"post","2":"type-post","3":"status-publish","4":"format-standard","5":"has-post-thumbnail","7":"category-geral","8":"tag-aterro-sanitario","9":"tag-lajeado","10":"pmpro-has-access"},"yoast_head":"<!-- This site is optimized with the Yoast SEO plugin v27.5 - https:\/\/yoast.com\/product\/yoast-seo-wordpress\/ -->\n<title>Propostas de solu\u00e7\u00f5es para o aterro sanit\u00e1rio de Lajeado ser\u00e3o apresentadas na ter\u00e7a-feira, dia 28 - Folha Popular<\/title>\n<meta name=\"robots\" content=\"index, follow, max-snippet:-1, max-image-preview:large, max-video-preview:-1\" \/>\n<link rel=\"canonical\" href=\"https:\/\/folhapopular.info\/index.php\/2017\/11\/25\/propostas-de-solucoes-para-o-aterro-sanitario-de-lajeado-serao-apresentadas-na-terca-feira-dia-28\/\" \/>\n<meta property=\"og:locale\" content=\"pt_BR\" \/>\n<meta property=\"og:type\" content=\"article\" \/>\n<meta property=\"og:title\" content=\"Propostas de solu\u00e7\u00f5es para o aterro sanit\u00e1rio de Lajeado ser\u00e3o apresentadas na ter\u00e7a-feira, dia 28 - Folha Popular\" \/>\n<meta property=\"og:description\" content=\"A fim de buscar solu\u00e7\u00f5es ambientalmente corretas para manuten\u00e7\u00e3o do aterro sanit\u00e1rio, na ter\u00e7a-feira, dia 28, a partir das 14h, no sal\u00e3o de eventos da Prefeitura de Lajeado, quatro projetos ser\u00e3o apresentados por empresas que responderam ao Chamamento P\u00fablico para Procedimento de Manifesta\u00e7\u00e3o de Interesse (PMI) 01-01\/2017. O chamamento se destina a atrair interessados em [&hellip;]\" \/>\n<meta property=\"og:url\" content=\"https:\/\/folhapopular.info\/index.php\/2017\/11\/25\/propostas-de-solucoes-para-o-aterro-sanitario-de-lajeado-serao-apresentadas-na-terca-feira-dia-28\/\" \/>\n<meta property=\"og:site_name\" content=\"Folha Popular\" \/>\n<meta property=\"article:published_time\" content=\"2017-11-25T11:00:53+00:00\" \/>\n<meta property=\"og:image\" content=\"https:\/\/folhapopular.info\/wp-content\/uploads\/2017\/06\/Not\u00edcias_SITE-1-e1543404686907.jpg\" \/>\n\t<meta property=\"og:image:width\" content=\"800\" \/>\n\t<meta property=\"og:image:height\" content=\"514\" \/>\n\t<meta property=\"og:image:type\" content=\"image\/jpeg\" \/>\n<meta name=\"author\" content=\"Reda\u00e7\u00e3o Folha Popular\" \/>\n<meta name=\"twitter:card\" content=\"summary_large_image\" \/>\n<meta name=\"twitter:label1\" content=\"Escrito por\" \/>\n\t<meta name=\"twitter:data1\" content=\"Reda\u00e7\u00e3o Folha Popular\" \/>\n\t<meta name=\"twitter:label2\" content=\"Est. tempo de leitura\" \/>\n\t<meta name=\"twitter:data2\" content=\"1 minuto\" \/>\n<script type=\"application\/ld+json\" class=\"yoast-schema-graph\">{\"@context\":\"https:\\\/\\\/schema.org\",\"@graph\":[{\"@type\":\"Article\",\"@id\":\"https:\\\/\\\/folhapopular.info\\\/index.php\\\/2017\\\/11\\\/25\\\/propostas-de-solucoes-para-o-aterro-sanitario-de-lajeado-serao-apresentadas-na-terca-feira-dia-28\\\/#article\",\"isPartOf\":{\"@id\":\"https:\\\/\\\/folhapopular.info\\\/index.php\\\/2017\\\/11\\\/25\\\/propostas-de-solucoes-para-o-aterro-sanitario-de-lajeado-serao-apresentadas-na-terca-feira-dia-28\\\/\"},\"author\":{\"name\":\"Reda\u00e7\u00e3o Folha Popular\",\"@id\":\"https:\\\/\\\/folhapopular.info\\\/#\\\/schema\\\/person\\\/2814e8a0df7643585a9ca38bc6eb9d4b\"},\"headline\":\"Propostas de solu\u00e7\u00f5es para o aterro sanit\u00e1rio de Lajeado ser\u00e3o apresentadas na ter\u00e7a-feira, dia 28\",\"datePublished\":\"2017-11-25T11:00:53+00:00\",\"mainEntityOfPage\":{\"@id\":\"https:\\\/\\\/folhapopular.info\\\/index.php\\\/2017\\\/11\\\/25\\\/propostas-de-solucoes-para-o-aterro-sanitario-de-lajeado-serao-apresentadas-na-terca-feira-dia-28\\\/\"},\"wordCount\":251,\"commentCount\":0,\"image\":{\"@id\":\"https:\\\/\\\/folhapopular.info\\\/index.php\\\/2017\\\/11\\\/25\\\/propostas-de-solucoes-para-o-aterro-sanitario-de-lajeado-serao-apresentadas-na-terca-feira-dia-28\\\/#primaryimage\"},\"thumbnailUrl\":\"https:\\\/\\\/folhapopular.info\\\/wp-content\\\/uploads\\\/2017\\\/06\\\/Not\u00edcias_SITE-1-e1543404686907.jpg\",\"keywords\":[\"Aterro Sanit\u00e1rio\",\"Lajeado\"],\"articleSection\":[\"Geral\"],\"inLanguage\":\"pt-BR\",\"potentialAction\":[{\"@type\":\"CommentAction\",\"name\":\"Comment\",\"target\":[\"https:\\\/\\\/folhapopular.info\\\/index.php\\\/2017\\\/11\\\/25\\\/propostas-de-solucoes-para-o-aterro-sanitario-de-lajeado-serao-apresentadas-na-terca-feira-dia-28\\\/#respond\"]}]},{\"@type\":\"WebPage\",\"@id\":\"https:\\\/\\\/folhapopular.info\\\/index.php\\\/2017\\\/11\\\/25\\\/propostas-de-solucoes-para-o-aterro-sanitario-de-lajeado-serao-apresentadas-na-terca-feira-dia-28\\\/\",\"url\":\"https:\\\/\\\/folhapopular.info\\\/index.php\\\/2017\\\/11\\\/25\\\/propostas-de-solucoes-para-o-aterro-sanitario-de-lajeado-serao-apresentadas-na-terca-feira-dia-28\\\/\",\"name\":\"Propostas de solu\u00e7\u00f5es para o aterro sanit\u00e1rio de Lajeado ser\u00e3o apresentadas na ter\u00e7a-feira, dia 28 - Folha Popular\",\"isPartOf\":{\"@id\":\"https:\\\/\\\/folhapopular.info\\\/#website\"},\"primaryImageOfPage\":{\"@id\":\"https:\\\/\\\/folhapopular.info\\\/index.php\\\/2017\\\/11\\\/25\\\/propostas-de-solucoes-para-o-aterro-sanitario-de-lajeado-serao-apresentadas-na-terca-feira-dia-28\\\/#primaryimage\"},\"image\":{\"@id\":\"https:\\\/\\\/folhapopular.info\\\/index.php\\\/2017\\\/11\\\/25\\\/propostas-de-solucoes-para-o-aterro-sanitario-de-lajeado-serao-apresentadas-na-terca-feira-dia-28\\\/#primaryimage\"},\"thumbnailUrl\":\"https:\\\/\\\/folhapopular.info\\\/wp-content\\\/uploads\\\/2017\\\/06\\\/Not\u00edcias_SITE-1-e1543404686907.jpg\",\"datePublished\":\"2017-11-25T11:00:53+00:00\",\"author\":{\"@id\":\"https:\\\/\\\/folhapopular.info\\\/#\\\/schema\\\/person\\\/2814e8a0df7643585a9ca38bc6eb9d4b\"},\"breadcrumb\":{\"@id\":\"https:\\\/\\\/folhapopular.info\\\/index.php\\\/2017\\\/11\\\/25\\\/propostas-de-solucoes-para-o-aterro-sanitario-de-lajeado-serao-apresentadas-na-terca-feira-dia-28\\\/#breadcrumb\"},\"inLanguage\":\"pt-BR\",\"potentialAction\":[{\"@type\":\"ReadAction\",\"target\":[\"https:\\\/\\\/folhapopular.info\\\/index.php\\\/2017\\\/11\\\/25\\\/propostas-de-solucoes-para-o-aterro-sanitario-de-lajeado-serao-apresentadas-na-terca-feira-dia-28\\\/\"]}]},{\"@type\":\"ImageObject\",\"inLanguage\":\"pt-BR\",\"@id\":\"https:\\\/\\\/folhapopular.info\\\/index.php\\\/2017\\\/11\\\/25\\\/propostas-de-solucoes-para-o-aterro-sanitario-de-lajeado-serao-apresentadas-na-terca-feira-dia-28\\\/#primaryimage\",\"url\":\"https:\\\/\\\/folhapopular.info\\\/wp-content\\\/uploads\\\/2017\\\/06\\\/Not\u00edcias_SITE-1-e1543404686907.jpg\",\"contentUrl\":\"https:\\\/\\\/folhapopular.info\\\/wp-content\\\/uploads\\\/2017\\\/06\\\/Not\u00edcias_SITE-1-e1543404686907.jpg\",\"width\":800,\"height\":514,\"caption\":\"Cadastro reserva ser\u00e1 para cinco \u00e1reas de atua\u00e7\u00e3o nas salas de aula\"},{\"@type\":\"BreadcrumbList\",\"@id\":\"https:\\\/\\\/folhapopular.info\\\/index.php\\\/2017\\\/11\\\/25\\\/propostas-de-solucoes-para-o-aterro-sanitario-de-lajeado-serao-apresentadas-na-terca-feira-dia-28\\\/#breadcrumb\",\"itemListElement\":[{\"@type\":\"ListItem\",\"position\":1,\"name\":\"In\u00edcio\",\"item\":\"https:\\\/\\\/folhapopular.info\\\/\"},{\"@type\":\"ListItem\",\"position\":2,\"name\":\"Propostas de solu\u00e7\u00f5es para o aterro sanit\u00e1rio de Lajeado ser\u00e3o apresentadas na ter\u00e7a-feira, dia 28\"}]},{\"@type\":\"WebSite\",\"@id\":\"https:\\\/\\\/folhapopular.info\\\/#website\",\"url\":\"https:\\\/\\\/folhapopular.info\\\/\",\"name\":\"Folha Popular\",\"description\":\"Onde voc\u00ea tem vez e voz\",\"potentialAction\":[{\"@type\":\"SearchAction\",\"target\":{\"@type\":\"EntryPoint\",\"urlTemplate\":\"https:\\\/\\\/folhapopular.info\\\/?s={search_term_string}\"},\"query-input\":{\"@type\":\"PropertyValueSpecification\",\"valueRequired\":true,\"valueName\":\"search_term_string\"}}],\"inLanguage\":\"pt-BR\"},{\"@type\":\"Person\",\"@id\":\"https:\\\/\\\/folhapopular.info\\\/#\\\/schema\\\/person\\\/2814e8a0df7643585a9ca38bc6eb9d4b\",\"name\":\"Reda\u00e7\u00e3o Folha Popular\",\"image\":{\"@type\":\"ImageObject\",\"inLanguage\":\"pt-BR\",\"@id\":\"https:\\\/\\\/folhapopular.info\\\/wp-content\\\/uploads\\\/2026\\\/04\\\/Folha-1.webp\",\"url\":\"https:\\\/\\\/folhapopular.info\\\/wp-content\\\/uploads\\\/2026\\\/04\\\/Folha-1.webp\",\"contentUrl\":\"https:\\\/\\\/folhapopular.info\\\/wp-content\\\/uploads\\\/2026\\\/04\\\/Folha-1.webp\",\"caption\":\"Reda\u00e7\u00e3o Folha Popular\"},\"url\":\"https:\\\/\\\/folhapopular.info\\\/index.php\\\/author\\\/redacao\\\/\"}]}<\/script>\n<!-- \/ Yoast SEO plugin. -->","yoast_head_json":{"title":"Propostas de solu\u00e7\u00f5es para o aterro sanit\u00e1rio de Lajeado ser\u00e3o apresentadas na ter\u00e7a-feira, dia 28 - Folha Popular","robots":{"index":"index","follow":"follow","max-snippet":"max-snippet:-1","max-image-preview":"max-image-preview:large","max-video-preview":"max-video-preview:-1"},"canonical":"https:\/\/folhapopular.info\/index.php\/2017\/11\/25\/propostas-de-solucoes-para-o-aterro-sanitario-de-lajeado-serao-apresentadas-na-terca-feira-dia-28\/","og_locale":"pt_BR","og_type":"article","og_title":"Propostas de solu\u00e7\u00f5es para o aterro sanit\u00e1rio de Lajeado ser\u00e3o apresentadas na ter\u00e7a-feira, dia 28 - Folha Popular","og_description":"A fim de buscar solu\u00e7\u00f5es ambientalmente corretas para manuten\u00e7\u00e3o do aterro sanit\u00e1rio, na ter\u00e7a-feira, dia 28, a partir das 14h, no sal\u00e3o de eventos da Prefeitura de Lajeado, quatro projetos ser\u00e3o apresentados por empresas que responderam ao Chamamento P\u00fablico para Procedimento de Manifesta\u00e7\u00e3o de Interesse (PMI) 01-01\/2017. O chamamento se destina a atrair interessados em [&hellip;]","og_url":"https:\/\/folhapopular.info\/index.php\/2017\/11\/25\/propostas-de-solucoes-para-o-aterro-sanitario-de-lajeado-serao-apresentadas-na-terca-feira-dia-28\/","og_site_name":"Folha Popular","article_published_time":"2017-11-25T11:00:53+00:00","og_image":[{"width":800,"height":514,"url":"https:\/\/folhapopular.info\/wp-content\/uploads\/2017\/06\/Not\u00edcias_SITE-1-e1543404686907.jpg","type":"image\/jpeg"}],"author":"Reda\u00e7\u00e3o Folha Popular","twitter_card":"summary_large_image","twitter_misc":{"Escrito por":"Reda\u00e7\u00e3o Folha Popular","Est. tempo de leitura":"1 minuto"},"schema":{"@context":"https:\/\/schema.org","@graph":[{"@type":"Article","@id":"https:\/\/folhapopular.info\/index.php\/2017\/11\/25\/propostas-de-solucoes-para-o-aterro-sanitario-de-lajeado-serao-apresentadas-na-terca-feira-dia-28\/#article","isPartOf":{"@id":"https:\/\/folhapopular.info\/index.php\/2017\/11\/25\/propostas-de-solucoes-para-o-aterro-sanitario-de-lajeado-serao-apresentadas-na-terca-feira-dia-28\/"},"author":{"name":"Reda\u00e7\u00e3o Folha Popular","@id":"https:\/\/folhapopular.info\/#\/schema\/person\/2814e8a0df7643585a9ca38bc6eb9d4b"},"headline":"Propostas de solu\u00e7\u00f5es para o aterro sanit\u00e1rio de Lajeado ser\u00e3o apresentadas na ter\u00e7a-feira, dia 28","datePublished":"2017-11-25T11:00:53+00:00","mainEntityOfPage":{"@id":"https:\/\/folhapopular.info\/index.php\/2017\/11\/25\/propostas-de-solucoes-para-o-aterro-sanitario-de-lajeado-serao-apresentadas-na-terca-feira-dia-28\/"},"wordCount":251,"commentCount":0,"image":{"@id":"https:\/\/folhapopular.info\/index.php\/2017\/11\/25\/propostas-de-solucoes-para-o-aterro-sanitario-de-lajeado-serao-apresentadas-na-terca-feira-dia-28\/#primaryimage"},"thumbnailUrl":"https:\/\/folhapopular.info\/wp-content\/uploads\/2017\/06\/Not\u00edcias_SITE-1-e1543404686907.jpg","keywords":["Aterro Sanit\u00e1rio","Lajeado"],"articleSection":["Geral"],"inLanguage":"pt-BR","potentialAction":[{"@type":"CommentAction","name":"Comment","target":["https:\/\/folhapopular.info\/index.php\/2017\/11\/25\/propostas-de-solucoes-para-o-aterro-sanitario-de-lajeado-serao-apresentadas-na-terca-feira-dia-28\/#respond"]}]},{"@type":"WebPage","@id":"https:\/\/folhapopular.info\/index.php\/2017\/11\/25\/propostas-de-solucoes-para-o-aterro-sanitario-de-lajeado-serao-apresentadas-na-terca-feira-dia-28\/","url":"https:\/\/folhapopular.info\/index.php\/2017\/11\/25\/propostas-de-solucoes-para-o-aterro-sanitario-de-lajeado-serao-apresentadas-na-terca-feira-dia-28\/","name":"Propostas de solu\u00e7\u00f5es para o aterro sanit\u00e1rio de Lajeado ser\u00e3o apresentadas na ter\u00e7a-feira, dia 28 - Folha Popular","isPartOf":{"@id":"https:\/\/folhapopular.info\/#website"},"primaryImageOfPage":{"@id":"https:\/\/folhapopular.info\/index.php\/2017\/11\/25\/propostas-de-solucoes-para-o-aterro-sanitario-de-lajeado-serao-apresentadas-na-terca-feira-dia-28\/#primaryimage"},"image":{"@id":"https:\/\/folhapopular.info\/index.php\/2017\/11\/25\/propostas-de-solucoes-para-o-aterro-sanitario-de-lajeado-serao-apresentadas-na-terca-feira-dia-28\/#primaryimage"},"thumbnailUrl":"https:\/\/folhapopular.info\/wp-content\/uploads\/2017\/06\/Not\u00edcias_SITE-1-e1543404686907.jpg","datePublished":"2017-11-25T11:00:53+00:00","author":{"@id":"https:\/\/folhapopular.info\/#\/schema\/person\/2814e8a0df7643585a9ca38bc6eb9d4b"},"breadcrumb":{"@id":"https:\/\/folhapopular.info\/index.php\/2017\/11\/25\/propostas-de-solucoes-para-o-aterro-sanitario-de-lajeado-serao-apresentadas-na-terca-feira-dia-28\/#breadcrumb"},"inLanguage":"pt-BR","potentialAction":[{"@type":"ReadAction","target":["https:\/\/folhapopular.info\/index.php\/2017\/11\/25\/propostas-de-solucoes-para-o-aterro-sanitario-de-lajeado-serao-apresentadas-na-terca-feira-dia-28\/"]}]},{"@type":"ImageObject","inLanguage":"pt-BR","@id":"https:\/\/folhapopular.info\/index.php\/2017\/11\/25\/propostas-de-solucoes-para-o-aterro-sanitario-de-lajeado-serao-apresentadas-na-terca-feira-dia-28\/#primaryimage","url":"https:\/\/folhapopular.info\/wp-content\/uploads\/2017\/06\/Not\u00edcias_SITE-1-e1543404686907.jpg","contentUrl":"https:\/\/folhapopular.info\/wp-content\/uploads\/2017\/06\/Not\u00edcias_SITE-1-e1543404686907.jpg","width":800,"height":514,"caption":"Cadastro reserva ser\u00e1 para cinco \u00e1reas de atua\u00e7\u00e3o nas salas de aula"},{"@type":"BreadcrumbList","@id":"https:\/\/folhapopular.info\/index.php\/2017\/11\/25\/propostas-de-solucoes-para-o-aterro-sanitario-de-lajeado-serao-apresentadas-na-terca-feira-dia-28\/#breadcrumb","itemListElement":[{"@type":"ListItem","position":1,"name":"In\u00edcio","item":"https:\/\/folhapopular.info\/"},{"@type":"ListItem","position":2,"name":"Propostas de solu\u00e7\u00f5es para o aterro sanit\u00e1rio de Lajeado ser\u00e3o apresentadas na ter\u00e7a-feira, dia 28"}]},{"@type":"WebSite","@id":"https:\/\/folhapopular.info\/#website","url":"https:\/\/folhapopular.info\/","name":"Folha Popular","description":"Onde voc\u00ea tem vez e voz","potentialAction":[{"@type":"SearchAction","target":{"@type":"EntryPoint","urlTemplate":"https:\/\/folhapopular.info\/?s={search_term_string}"},"query-input":{"@type":"PropertyValueSpecification","valueRequired":true,"valueName":"search_term_string"}}],"inLanguage":"pt-BR"},{"@type":"Person","@id":"https:\/\/folhapopular.info\/#\/schema\/person\/2814e8a0df7643585a9ca38bc6eb9d4b","name":"Reda\u00e7\u00e3o Folha Popular","image":{"@type":"ImageObject","inLanguage":"pt-BR","@id":"https:\/\/folhapopular.info\/wp-content\/uploads\/2026\/04\/Folha-1.webp","url":"https:\/\/folhapopular.info\/wp-content\/uploads\/2026\/04\/Folha-1.webp","contentUrl":"https:\/\/folhapopular.info\/wp-content\/uploads\/2026\/04\/Folha-1.webp","caption":"Reda\u00e7\u00e3o Folha Popular"},"url":"https:\/\/folhapopular.info\/index.php\/author\/redacao\/"}]}},"jetpack_featured_media_url":"https:\/\/folhapopular.info\/wp-content\/uploads\/2017\/06\/Not\u00edcias_SITE-1-e1543404686907.jpg","jetpack_sharing_enabled":true,"amp_enabled":true,"_links":{"self":[{"href":"https:\/\/folhapopular.info\/index.php\/wp-json\/wp\/v2\/posts\/37939","targetHints":{"allow":["GET"]}}],"collection":[{"href":"https:\/\/folhapopular.info\/index.php\/wp-json\/wp\/v2\/posts"}],"about":[{"href":"https:\/\/folhapopular.info\/index.php\/wp-json\/wp\/v2\/types\/post"}],"author":[{"embeddable":true,"href":"https:\/\/folhapopular.info\/index.php\/wp-json\/wp\/v2\/users\/8"}],"replies":[{"embeddable":true,"href":"https:\/\/folhapopular.info\/index.php\/wp-json\/wp\/v2\/comments?post=37939"}],"version-history":[{"count":0,"href":"https:\/\/folhapopular.info\/index.php\/wp-json\/wp\/v2\/posts\/37939\/revisions"}],"wp:featuredmedia":[{"embeddable":true,"href":"https:\/\/folhapopular.info\/index.php\/wp-json\/wp\/v2\/media\/31867"}],"wp:attachment":[{"href":"https:\/\/folhapopular.info\/index.php\/wp-json\/wp\/v2\/media?parent=37939"}],"wp:term":[{"taxonomy":"category","embeddable":true,"href":"https:\/\/folhapopular.info\/index.php\/wp-json\/wp\/v2\/categories?post=37939"},{"taxonomy":"post_tag","embeddable":true,"href":"https:\/\/folhapopular.info\/index.php\/wp-json\/wp\/v2\/tags?post=37939"}],"curies":[{"name":"wp","href":"https:\/\/api.w.org\/{rel}","templated":true}]}}