{"id":37972,"date":"2017-11-26T11:28:08","date_gmt":"2017-11-26T13:28:08","guid":{"rendered":"http:\/\/folhapopular.info\/?p=37972"},"modified":"2020-03-03T09:03:44","modified_gmt":"2020-03-03T12:03:44","slug":"confirmada-a-primeira-final-do-regional-no-edmundo-feix","status":"publish","type":"post","link":"https:\/\/folhapopular.info\/index.php\/2017\/11\/26\/confirmada-a-primeira-final-do-regional-no-edmundo-feix\/","title":{"rendered":"Confirmada a primeira final do Regional no Edmundo Feix"},"content":{"rendered":"<p>A Aslivata e os clubes decidiram manter a primeira partida da final do Campeonato Regional &#8211; 20\u00aa Copa Certel Sicredi 2017. Os jogos de ida das categorias Aspirantes e Titulares est\u00e3o marcados para a tarde deste domingo (26\/11), no Est\u00e1dio Edmundo Feix, em Ven\u00e2ncio Aires.<\/p>\n<p>\u00c0s 17 horas, ser\u00e1 disputada a primeira final dos Titulares, envolvendo dois clubes de Ven\u00e2ncio Aires. Flor de Maio e Palanque disputar\u00e3o o t\u00edtulo desta edi\u00e7\u00e3o do certame regional. Em fun\u00e7\u00e3o da melhor campanha, o Flor de Maio joga por dois empates.\u00a0<strong><a href=\"https:\/\/folhapopular.info\/index.php\/2017\/11\/21\/decisao-do-regional-com-sabor-de-chimarrao\/\">Veja como foi a passagem dos dois clubes para a final<\/a><\/strong>.<\/p>\n<p>Esta \u00e9 a quarta vez que duas equipes da mesma cidade decidem o t\u00edtulo regional, mas a primeira vez envolvendo clubes de Ven\u00e2ncio Aires. As outras tr\u00eas oportunidades foram finais entre agremia\u00e7\u00f5es de Lajeado: em 1995, S\u00e3o Crist\u00f3v\u00e3o e Olarias; em 2008, Uni\u00e3o Campestre e S\u00e3o Crist\u00f3v\u00e3o; em 2010, Uni\u00e3o Santo Andr\u00e9 e Uni\u00e3o Carneiros.<\/p>\n<p>Neste ano, o Campeonato Regional da Aslivata chega \u00e0 sua 32\u00aa edi\u00e7\u00e3o e at\u00e9 o momento s\u00e3o 19 clubes que tiveram a oportunidade de serem campe\u00f5es. Como Flor de Maio e Palanque chegam pela primeira vez \u00e0 final, um novo campe\u00e3o (o 20\u00ba campe\u00e3o) ser\u00e1 conhecido.\u00a0<strong><a href=\"https:\/\/folhapopular.info\/wp-content\/uploads\/2017\/11\/CAMPEOES-REGIONAIS.pdf\">Veja a lista de todos os campe\u00f5es regionais<\/a>\u00a0<\/strong>desde 1985.<\/p>\n<p>Esta ser\u00e1, tamb\u00e9m, a oportunidade de Ven\u00e2ncio Aires ter seu terceiro clube diferente como campe\u00e3o regional. O Cruzeiro foi campe\u00e3o em 1986 e 1990, nas duas finais que disputou. O Juventude de Vila Arlindo disputou tr\u00eas finais (2000, 2003 e 2004), sendo campe\u00e3o em 2004; e ainda conquistou a Supercopa dos Campe\u00f5es em 2001 &#8211; neste ano n\u00e3o teve o Campeonato Regional. O EC Guarani de Ven\u00e2ncio Aires, antes de se profissionalizar, foi vice-campe\u00e3o regional em 1985.<\/p>\n<p>Antes da grande final dos Titulares, \u00e0s 15 horas, a bola rola na categoria Aspirantes, com Rui Barbosa e Rudibar se enfrentando nos primeiros 90 minutos. Com melhor campanha, o Rui Barbosa tem a vantagem de jogar por dois empates.<\/p>\n<figure id=\"attachment_37822\" aria-describedby=\"caption-attachment-37822\" style=\"width: 696px\" class=\"wp-caption aligncenter\"><a href=\"https:\/\/folhapopular.info\/wp-content\/uploads\/2017\/11\/WhatsApp-Image-2017-11-19-at-22.21.49-1-e1511263605495.jpeg\"><img loading=\"lazy\" decoding=\"async\" class=\"size-large wp-image-37822\" src=\"https:\/\/folhapopular.info\/wp-content\/uploads\/2017\/11\/WhatsApp-Image-2017-11-19-at-22.21.49-1-e1511263593637-1024x395.jpeg\" alt=\"\" width=\"696\" height=\"268\" \/><\/a><figcaption id=\"caption-attachment-37822\" class=\"wp-caption-text\">Flor de Maio, de Linha Travessa<\/figcaption><\/figure>\n<figure id=\"attachment_37821\" aria-describedby=\"caption-attachment-37821\" style=\"width: 696px\" class=\"wp-caption aligncenter\"><a href=\"https:\/\/folhapopular.info\/wp-content\/uploads\/2017\/11\/DSC_7389-e1511263497334.jpg\"><img loading=\"lazy\" decoding=\"async\" class=\"size-large wp-image-37821\" src=\"https:\/\/folhapopular.info\/wp-content\/uploads\/2017\/11\/DSC_7389-e1511263475303-1024x423.jpg\" alt=\"\" width=\"696\" height=\"288\" \/><\/a><figcaption id=\"caption-attachment-37821\" class=\"wp-caption-text\">Palanque, de Vila Palanque<\/figcaption><\/figure>\n","protected":false},"excerpt":{"rendered":"<p>A Aslivata e os clubes decidiram manter a primeira partida da final do Campeonato Regional &#8211; 20\u00aa Copa Certel Sicredi 2017. Os jogos de ida das categorias Aspirantes e Titulares est\u00e3o marcados para a tarde deste domingo (26\/11), no Est\u00e1dio Edmundo Feix, em Ven\u00e2ncio Aires. \u00c0s 17 horas, ser\u00e1 disputada a primeira final dos Titulares, [&hellip;]<\/p>\n","protected":false},"author":7,"featured_media":37818,"comment_status":"open","ping_status":"open","sticky":false,"template":"","format":"standard","meta":{"pmpro_default_level":"","_jetpack_memberships_contains_paid_content":false,"footnotes":""},"categories":[5,240,288],"tags":[318,556,156,708],"class_list":{"0":"post-37972","1":"post","2":"type-post","3":"status-publish","4":"format-standard","5":"has-post-thumbnail","7":"category-esportes","8":"category-futebol-amador","9":"category-regional-da-aslivata","10":"tag-copa-certel-sicredi","11":"tag-regional-da-aslivata","12":"tag-vale-do-taquari","13":"tag-venancio-aires","14":"pmpro-has-access"},"yoast_head":"<!-- This site is optimized with the Yoast SEO plugin v27.5 - https:\/\/yoast.com\/product\/yoast-seo-wordpress\/ -->\n<title>Confirmada a primeira final do Regional no Edmundo Feix - Folha Popular<\/title>\n<meta name=\"robots\" content=\"index, follow, max-snippet:-1, max-image-preview:large, max-video-preview:-1\" \/>\n<link rel=\"canonical\" href=\"https:\/\/folhapopular.info\/index.php\/2017\/11\/26\/confirmada-a-primeira-final-do-regional-no-edmundo-feix\/\" \/>\n<meta property=\"og:locale\" content=\"pt_BR\" \/>\n<meta property=\"og:type\" content=\"article\" \/>\n<meta property=\"og:title\" content=\"Confirmada a primeira final do Regional no Edmundo Feix - Folha Popular\" \/>\n<meta property=\"og:description\" content=\"A Aslivata e os clubes decidiram manter a primeira partida da final do Campeonato Regional &#8211; 20\u00aa Copa Certel Sicredi 2017. Os jogos de ida das categorias Aspirantes e Titulares est\u00e3o marcados para a tarde deste domingo (26\/11), no Est\u00e1dio Edmundo Feix, em Ven\u00e2ncio Aires. \u00c0s 17 horas, ser\u00e1 disputada a primeira final dos Titulares, [&hellip;]\" \/>\n<meta property=\"og:url\" content=\"https:\/\/folhapopular.info\/index.php\/2017\/11\/26\/confirmada-a-primeira-final-do-regional-no-edmundo-feix\/\" \/>\n<meta property=\"og:site_name\" content=\"Folha Popular\" \/>\n<meta property=\"article:published_time\" content=\"2017-11-26T13:28:08+00:00\" \/>\n<meta property=\"article:modified_time\" content=\"2020-03-03T12:03:44+00:00\" \/>\n<meta property=\"og:image\" content=\"https:\/\/folhapopular.info\/wp-content\/uploads\/2017\/11\/finalregional.jpg\" \/>\n\t<meta property=\"og:image:width\" content=\"926\" \/>\n\t<meta property=\"og:image:height\" content=\"461\" \/>\n\t<meta property=\"og:image:type\" content=\"image\/jpeg\" \/>\n<meta name=\"author\" content=\"Lucas Leandro Brune\" \/>\n<meta name=\"twitter:card\" content=\"summary_large_image\" \/>\n<meta name=\"twitter:label1\" content=\"Escrito por\" \/>\n\t<meta name=\"twitter:data1\" content=\"Lucas Leandro Brune\" \/>\n\t<meta name=\"twitter:label2\" content=\"Est. tempo de leitura\" \/>\n\t<meta name=\"twitter:data2\" content=\"2 minutos\" \/>\n<script type=\"application\/ld+json\" class=\"yoast-schema-graph\">{\"@context\":\"https:\\\/\\\/schema.org\",\"@graph\":[{\"@type\":\"Article\",\"@id\":\"https:\\\/\\\/folhapopular.info\\\/index.php\\\/2017\\\/11\\\/26\\\/confirmada-a-primeira-final-do-regional-no-edmundo-feix\\\/#article\",\"isPartOf\":{\"@id\":\"https:\\\/\\\/folhapopular.info\\\/index.php\\\/2017\\\/11\\\/26\\\/confirmada-a-primeira-final-do-regional-no-edmundo-feix\\\/\"},\"author\":{\"name\":\"Lucas Leandro Brune\",\"@id\":\"https:\\\/\\\/folhapopular.info\\\/#\\\/schema\\\/person\\\/533a15f60cd49e81ab3a90b4ca33cb36\"},\"headline\":\"Confirmada a primeira final do Regional no Edmundo Feix\",\"datePublished\":\"2017-11-26T13:28:08+00:00\",\"dateModified\":\"2020-03-03T12:03:44+00:00\",\"mainEntityOfPage\":{\"@id\":\"https:\\\/\\\/folhapopular.info\\\/index.php\\\/2017\\\/11\\\/26\\\/confirmada-a-primeira-final-do-regional-no-edmundo-feix\\\/\"},\"wordCount\":372,\"commentCount\":0,\"image\":{\"@id\":\"https:\\\/\\\/folhapopular.info\\\/index.php\\\/2017\\\/11\\\/26\\\/confirmada-a-primeira-final-do-regional-no-edmundo-feix\\\/#primaryimage\"},\"thumbnailUrl\":\"https:\\\/\\\/folhapopular.info\\\/wp-content\\\/uploads\\\/2017\\\/11\\\/finalregional.jpg\",\"keywords\":[\"Copa Certel Sicredi\",\"Regional da Aslivata\",\"Vale do Taquari\",\"Ven\u00e2ncio Aires\"],\"articleSection\":[\"Esportes\",\"Futebol Amador\",\"Regional da Aslivata\"],\"inLanguage\":\"pt-BR\",\"potentialAction\":[{\"@type\":\"CommentAction\",\"name\":\"Comment\",\"target\":[\"https:\\\/\\\/folhapopular.info\\\/index.php\\\/2017\\\/11\\\/26\\\/confirmada-a-primeira-final-do-regional-no-edmundo-feix\\\/#respond\"]}]},{\"@type\":\"WebPage\",\"@id\":\"https:\\\/\\\/folhapopular.info\\\/index.php\\\/2017\\\/11\\\/26\\\/confirmada-a-primeira-final-do-regional-no-edmundo-feix\\\/\",\"url\":\"https:\\\/\\\/folhapopular.info\\\/index.php\\\/2017\\\/11\\\/26\\\/confirmada-a-primeira-final-do-regional-no-edmundo-feix\\\/\",\"name\":\"Confirmada a primeira final do Regional no Edmundo Feix - Folha Popular\",\"isPartOf\":{\"@id\":\"https:\\\/\\\/folhapopular.info\\\/#website\"},\"primaryImageOfPage\":{\"@id\":\"https:\\\/\\\/folhapopular.info\\\/index.php\\\/2017\\\/11\\\/26\\\/confirmada-a-primeira-final-do-regional-no-edmundo-feix\\\/#primaryimage\"},\"image\":{\"@id\":\"https:\\\/\\\/folhapopular.info\\\/index.php\\\/2017\\\/11\\\/26\\\/confirmada-a-primeira-final-do-regional-no-edmundo-feix\\\/#primaryimage\"},\"thumbnailUrl\":\"https:\\\/\\\/folhapopular.info\\\/wp-content\\\/uploads\\\/2017\\\/11\\\/finalregional.jpg\",\"datePublished\":\"2017-11-26T13:28:08+00:00\",\"dateModified\":\"2020-03-03T12:03:44+00:00\",\"author\":{\"@id\":\"https:\\\/\\\/folhapopular.info\\\/#\\\/schema\\\/person\\\/533a15f60cd49e81ab3a90b4ca33cb36\"},\"breadcrumb\":{\"@id\":\"https:\\\/\\\/folhapopular.info\\\/index.php\\\/2017\\\/11\\\/26\\\/confirmada-a-primeira-final-do-regional-no-edmundo-feix\\\/#breadcrumb\"},\"inLanguage\":\"pt-BR\",\"potentialAction\":[{\"@type\":\"ReadAction\",\"target\":[\"https:\\\/\\\/folhapopular.info\\\/index.php\\\/2017\\\/11\\\/26\\\/confirmada-a-primeira-final-do-regional-no-edmundo-feix\\\/\"]}]},{\"@type\":\"ImageObject\",\"inLanguage\":\"pt-BR\",\"@id\":\"https:\\\/\\\/folhapopular.info\\\/index.php\\\/2017\\\/11\\\/26\\\/confirmada-a-primeira-final-do-regional-no-edmundo-feix\\\/#primaryimage\",\"url\":\"https:\\\/\\\/folhapopular.info\\\/wp-content\\\/uploads\\\/2017\\\/11\\\/finalregional.jpg\",\"contentUrl\":\"https:\\\/\\\/folhapopular.info\\\/wp-content\\\/uploads\\\/2017\\\/11\\\/finalregional.jpg\",\"width\":926,\"height\":461,\"caption\":\"Flor de Maio e Palanque decidir\u00e3o o t\u00edtulo do Regional da Aslivata 2017 - 20\u00aa Copa Certel Sicredi\"},{\"@type\":\"BreadcrumbList\",\"@id\":\"https:\\\/\\\/folhapopular.info\\\/index.php\\\/2017\\\/11\\\/26\\\/confirmada-a-primeira-final-do-regional-no-edmundo-feix\\\/#breadcrumb\",\"itemListElement\":[{\"@type\":\"ListItem\",\"position\":1,\"name\":\"In\u00edcio\",\"item\":\"https:\\\/\\\/folhapopular.info\\\/\"},{\"@type\":\"ListItem\",\"position\":2,\"name\":\"Confirmada a primeira final do Regional no Edmundo Feix\"}]},{\"@type\":\"WebSite\",\"@id\":\"https:\\\/\\\/folhapopular.info\\\/#website\",\"url\":\"https:\\\/\\\/folhapopular.info\\\/\",\"name\":\"Folha Popular\",\"description\":\"Onde voc\u00ea tem vez e voz\",\"potentialAction\":[{\"@type\":\"SearchAction\",\"target\":{\"@type\":\"EntryPoint\",\"urlTemplate\":\"https:\\\/\\\/folhapopular.info\\\/?s={search_term_string}\"},\"query-input\":{\"@type\":\"PropertyValueSpecification\",\"valueRequired\":true,\"valueName\":\"search_term_string\"}}],\"inLanguage\":\"pt-BR\"},{\"@type\":\"Person\",\"@id\":\"https:\\\/\\\/folhapopular.info\\\/#\\\/schema\\\/person\\\/533a15f60cd49e81ab3a90b4ca33cb36\",\"name\":\"Lucas Leandro Brune\",\"image\":{\"@type\":\"ImageObject\",\"inLanguage\":\"pt-BR\",\"@id\":\"https:\\\/\\\/folhapopular.info\\\/wp-content\\\/uploads\\\/2026\\\/04\\\/LUCAS-1-1.webp\",\"url\":\"https:\\\/\\\/folhapopular.info\\\/wp-content\\\/uploads\\\/2026\\\/04\\\/LUCAS-1-1.webp\",\"contentUrl\":\"https:\\\/\\\/folhapopular.info\\\/wp-content\\\/uploads\\\/2026\\\/04\\\/LUCAS-1-1.webp\",\"caption\":\"Lucas Leandro Brune\"},\"description\":\"Jornalista Profissional Diplomado MTB\\\/RS 14.333\",\"url\":\"https:\\\/\\\/folhapopular.info\\\/index.php\\\/author\\\/lucas-brune\\\/\"}]}<\/script>\n<!-- \/ Yoast SEO plugin. -->","yoast_head_json":{"title":"Confirmada a primeira final do Regional no Edmundo Feix - Folha Popular","robots":{"index":"index","follow":"follow","max-snippet":"max-snippet:-1","max-image-preview":"max-image-preview:large","max-video-preview":"max-video-preview:-1"},"canonical":"https:\/\/folhapopular.info\/index.php\/2017\/11\/26\/confirmada-a-primeira-final-do-regional-no-edmundo-feix\/","og_locale":"pt_BR","og_type":"article","og_title":"Confirmada a primeira final do Regional no Edmundo Feix - Folha Popular","og_description":"A Aslivata e os clubes decidiram manter a primeira partida da final do Campeonato Regional &#8211; 20\u00aa Copa Certel Sicredi 2017. Os jogos de ida das categorias Aspirantes e Titulares est\u00e3o marcados para a tarde deste domingo (26\/11), no Est\u00e1dio Edmundo Feix, em Ven\u00e2ncio Aires. \u00c0s 17 horas, ser\u00e1 disputada a primeira final dos Titulares, [&hellip;]","og_url":"https:\/\/folhapopular.info\/index.php\/2017\/11\/26\/confirmada-a-primeira-final-do-regional-no-edmundo-feix\/","og_site_name":"Folha Popular","article_published_time":"2017-11-26T13:28:08+00:00","article_modified_time":"2020-03-03T12:03:44+00:00","og_image":[{"width":926,"height":461,"url":"https:\/\/folhapopular.info\/wp-content\/uploads\/2017\/11\/finalregional.jpg","type":"image\/jpeg"}],"author":"Lucas Leandro Brune","twitter_card":"summary_large_image","twitter_misc":{"Escrito por":"Lucas Leandro Brune","Est. tempo de leitura":"2 minutos"},"schema":{"@context":"https:\/\/schema.org","@graph":[{"@type":"Article","@id":"https:\/\/folhapopular.info\/index.php\/2017\/11\/26\/confirmada-a-primeira-final-do-regional-no-edmundo-feix\/#article","isPartOf":{"@id":"https:\/\/folhapopular.info\/index.php\/2017\/11\/26\/confirmada-a-primeira-final-do-regional-no-edmundo-feix\/"},"author":{"name":"Lucas Leandro Brune","@id":"https:\/\/folhapopular.info\/#\/schema\/person\/533a15f60cd49e81ab3a90b4ca33cb36"},"headline":"Confirmada a primeira final do Regional no Edmundo Feix","datePublished":"2017-11-26T13:28:08+00:00","dateModified":"2020-03-03T12:03:44+00:00","mainEntityOfPage":{"@id":"https:\/\/folhapopular.info\/index.php\/2017\/11\/26\/confirmada-a-primeira-final-do-regional-no-edmundo-feix\/"},"wordCount":372,"commentCount":0,"image":{"@id":"https:\/\/folhapopular.info\/index.php\/2017\/11\/26\/confirmada-a-primeira-final-do-regional-no-edmundo-feix\/#primaryimage"},"thumbnailUrl":"https:\/\/folhapopular.info\/wp-content\/uploads\/2017\/11\/finalregional.jpg","keywords":["Copa Certel Sicredi","Regional da Aslivata","Vale do Taquari","Ven\u00e2ncio Aires"],"articleSection":["Esportes","Futebol Amador","Regional da Aslivata"],"inLanguage":"pt-BR","potentialAction":[{"@type":"CommentAction","name":"Comment","target":["https:\/\/folhapopular.info\/index.php\/2017\/11\/26\/confirmada-a-primeira-final-do-regional-no-edmundo-feix\/#respond"]}]},{"@type":"WebPage","@id":"https:\/\/folhapopular.info\/index.php\/2017\/11\/26\/confirmada-a-primeira-final-do-regional-no-edmundo-feix\/","url":"https:\/\/folhapopular.info\/index.php\/2017\/11\/26\/confirmada-a-primeira-final-do-regional-no-edmundo-feix\/","name":"Confirmada a primeira final do Regional no Edmundo Feix - Folha Popular","isPartOf":{"@id":"https:\/\/folhapopular.info\/#website"},"primaryImageOfPage":{"@id":"https:\/\/folhapopular.info\/index.php\/2017\/11\/26\/confirmada-a-primeira-final-do-regional-no-edmundo-feix\/#primaryimage"},"image":{"@id":"https:\/\/folhapopular.info\/index.php\/2017\/11\/26\/confirmada-a-primeira-final-do-regional-no-edmundo-feix\/#primaryimage"},"thumbnailUrl":"https:\/\/folhapopular.info\/wp-content\/uploads\/2017\/11\/finalregional.jpg","datePublished":"2017-11-26T13:28:08+00:00","dateModified":"2020-03-03T12:03:44+00:00","author":{"@id":"https:\/\/folhapopular.info\/#\/schema\/person\/533a15f60cd49e81ab3a90b4ca33cb36"},"breadcrumb":{"@id":"https:\/\/folhapopular.info\/index.php\/2017\/11\/26\/confirmada-a-primeira-final-do-regional-no-edmundo-feix\/#breadcrumb"},"inLanguage":"pt-BR","potentialAction":[{"@type":"ReadAction","target":["https:\/\/folhapopular.info\/index.php\/2017\/11\/26\/confirmada-a-primeira-final-do-regional-no-edmundo-feix\/"]}]},{"@type":"ImageObject","inLanguage":"pt-BR","@id":"https:\/\/folhapopular.info\/index.php\/2017\/11\/26\/confirmada-a-primeira-final-do-regional-no-edmundo-feix\/#primaryimage","url":"https:\/\/folhapopular.info\/wp-content\/uploads\/2017\/11\/finalregional.jpg","contentUrl":"https:\/\/folhapopular.info\/wp-content\/uploads\/2017\/11\/finalregional.jpg","width":926,"height":461,"caption":"Flor de Maio e Palanque decidir\u00e3o o t\u00edtulo do Regional da Aslivata 2017 - 20\u00aa Copa Certel Sicredi"},{"@type":"BreadcrumbList","@id":"https:\/\/folhapopular.info\/index.php\/2017\/11\/26\/confirmada-a-primeira-final-do-regional-no-edmundo-feix\/#breadcrumb","itemListElement":[{"@type":"ListItem","position":1,"name":"In\u00edcio","item":"https:\/\/folhapopular.info\/"},{"@type":"ListItem","position":2,"name":"Confirmada a primeira final do Regional no Edmundo Feix"}]},{"@type":"WebSite","@id":"https:\/\/folhapopular.info\/#website","url":"https:\/\/folhapopular.info\/","name":"Folha Popular","description":"Onde voc\u00ea tem vez e voz","potentialAction":[{"@type":"SearchAction","target":{"@type":"EntryPoint","urlTemplate":"https:\/\/folhapopular.info\/?s={search_term_string}"},"query-input":{"@type":"PropertyValueSpecification","valueRequired":true,"valueName":"search_term_string"}}],"inLanguage":"pt-BR"},{"@type":"Person","@id":"https:\/\/folhapopular.info\/#\/schema\/person\/533a15f60cd49e81ab3a90b4ca33cb36","name":"Lucas Leandro Brune","image":{"@type":"ImageObject","inLanguage":"pt-BR","@id":"https:\/\/folhapopular.info\/wp-content\/uploads\/2026\/04\/LUCAS-1-1.webp","url":"https:\/\/folhapopular.info\/wp-content\/uploads\/2026\/04\/LUCAS-1-1.webp","contentUrl":"https:\/\/folhapopular.info\/wp-content\/uploads\/2026\/04\/LUCAS-1-1.webp","caption":"Lucas Leandro Brune"},"description":"Jornalista Profissional Diplomado MTB\/RS 14.333","url":"https:\/\/folhapopular.info\/index.php\/author\/lucas-brune\/"}]}},"jetpack_featured_media_url":"https:\/\/folhapopular.info\/wp-content\/uploads\/2017\/11\/finalregional.jpg","jetpack_sharing_enabled":true,"amp_enabled":true,"_links":{"self":[{"href":"https:\/\/folhapopular.info\/index.php\/wp-json\/wp\/v2\/posts\/37972","targetHints":{"allow":["GET"]}}],"collection":[{"href":"https:\/\/folhapopular.info\/index.php\/wp-json\/wp\/v2\/posts"}],"about":[{"href":"https:\/\/folhapopular.info\/index.php\/wp-json\/wp\/v2\/types\/post"}],"author":[{"embeddable":true,"href":"https:\/\/folhapopular.info\/index.php\/wp-json\/wp\/v2\/users\/7"}],"replies":[{"embeddable":true,"href":"https:\/\/folhapopular.info\/index.php\/wp-json\/wp\/v2\/comments?post=37972"}],"version-history":[{"count":0,"href":"https:\/\/folhapopular.info\/index.php\/wp-json\/wp\/v2\/posts\/37972\/revisions"}],"wp:featuredmedia":[{"embeddable":true,"href":"https:\/\/folhapopular.info\/index.php\/wp-json\/wp\/v2\/media\/37818"}],"wp:attachment":[{"href":"https:\/\/folhapopular.info\/index.php\/wp-json\/wp\/v2\/media?parent=37972"}],"wp:term":[{"taxonomy":"category","embeddable":true,"href":"https:\/\/folhapopular.info\/index.php\/wp-json\/wp\/v2\/categories?post=37972"},{"taxonomy":"post_tag","embeddable":true,"href":"https:\/\/folhapopular.info\/index.php\/wp-json\/wp\/v2\/tags?post=37972"}],"curies":[{"name":"wp","href":"https:\/\/api.w.org\/{rel}","templated":true}]}}