{"id":37986,"date":"2017-11-26T19:09:37","date_gmt":"2017-11-26T21:09:37","guid":{"rendered":"http:\/\/folhapopular.info\/?p=37986"},"modified":"2020-03-03T09:03:44","modified_gmt":"2020-03-03T12:03:44","slug":"flor-de-maio-e-palanque-empatam-na-primeira-final-do-regional","status":"publish","type":"post","link":"https:\/\/folhapopular.info\/index.php\/2017\/11\/26\/flor-de-maio-e-palanque-empatam-na-primeira-final-do-regional\/","title":{"rendered":"Flor de Maio e Palanque empatam na primeira final do Regional"},"content":{"rendered":"<p>O t\u00edtulo do Campeonato Regional da Aslivata &#8211; 20\u00aa Copa Certel Sicredi 2017 &#8211; ser\u00e1 decidido nos pr\u00f3ximos 90 minutos e n\u00e3o h\u00e1 chance de p\u00eanaltis. Na partida ida, disputada neste domingo (26\/11), Flor de Maio e Palanque empataram em 1 a 1, no Est\u00e1dio Edmundo Feix, em Ven\u00e2ncio Aires. No jogo de volta, o Flor de Maio joga pelo empate e o Palanque precisa vencer.<\/p>\n<p>O Flor de Maio teve a primeira grande chance de marcar a 1min25seg, quando Tiago Rosa bateu para fora, de frente para o gol. No entanto, foi o Palanque que abriu o marcador. Aos 12min, em r\u00e1pido contragolpe, Colares escapou pela direita e cruzou para o meia L\u00e9o Scienza empurrar a bola para a rede, com o gol vazio: 1 a 0. O Flor de Maio teve chance de empatar aos 22min30seg, quando Marcus Konzen cabeceou por cima, e aos 32min, Marcus Konzen cabeceou no poste. O Palanque foi para o intervalo com a vantagem no marcador.<\/p>\n<figure id=\"attachment_37989\" aria-describedby=\"caption-attachment-37989\" style=\"width: 696px\" class=\"wp-caption aligncenter\"><a href=\"https:\/\/folhapopular.info\/wp-content\/uploads\/2017\/11\/WhatsApp-Image-2017-11-26-at-17.30.12-1-e1511725249933.jpeg\"><img loading=\"lazy\" decoding=\"async\" class=\"size-large wp-image-37989\" src=\"https:\/\/folhapopular.info\/wp-content\/uploads\/2017\/11\/WhatsApp-Image-2017-11-26-at-17.30.12-1-1024x768.jpeg\" alt=\"\" width=\"696\" height=\"522\" \/><\/a><figcaption id=\"caption-attachment-37989\" class=\"wp-caption-text\">Logo com 1min25seg, Tiago Rosa teve a primeira chance, mas n\u00e3o conseguiu abrir o escore para o Flor de Maio<\/figcaption><\/figure>\n<p>No segundo tempo, o Flor de Maio novamente voltou com for\u00e7a. A 1min40seg, troca de passes de Marcus Konzen e Dani Boy deixou este \u00faltimo na cara do gol, finalizou de esquerda e a bola bateu no poste. Aos 4min, Marcus Konzen recebeu excelente passe, bateu de esquerda, mas Alencar defendeu. Marcus Konzen bateu para fora outra oportunidade aos 13min30seg.<\/p>\n<p>O empate do Flor de Maio aconteceu aos 17min30seg, quando a bola foi cruzada da esquerda e Dudu cabeceou para as redes: 1 a 1. Logo aos 20min, Marcus Konzen foi lan\u00e7ado, finalizou e Alencar defendeu. Aos 30 e aos 31min, Dani Boy desperdi\u00e7ou grandes oportunidades. Aos 42min, Marcus Konzen finalizou e Alencar fez grande defesa. A \u00faltima grande chance foi do Palanque, j\u00e1 nos acr\u00e9scimos, aos 46min, quando a bola ficou pingando na \u00e1rea e acabou afastada pela defesa do Flor de Maio.<\/p>\n<p><strong>Ficha t\u00e9cnica<\/strong><\/p>\n<p><strong>Flor de Maio &#8211;<\/strong> Diq; Oziel, Paulinho, Dieison e Dudu (Pequeno); Beto, Tiago Rosa (Dani Boy), Rafael Bittencourt (Pastel) e Tigrinho; Marcus Konzen e Tiago Link (Turco). T\u00e9cnico: Gilmar M\u00f6hr.<\/p>\n<p><strong>Palanque &#8211;<\/strong> Alencar; Leonardo (Tata), Aur\u00e9lio, Rodrigo e Geison; Vin\u00edcius (Micael), Boc\u00e3o, M\u00e2nica (Graia) e L\u00e9o Scienza (Goga); Colares (Fabinho) e Nissinho (Murilo). T\u00e9cnico: Cl\u00e9ber Eisermann.<\/p>\n<p><strong>Arbitragem &#8211;<\/strong> Vin\u00edcius Machado, auxiliado por Vitor Elwanger e Eloar Vieira; quarto \u00e1rbitro, Jorge de Freitas &#8220;Taxa&#8221;.<\/p>\n<p><strong>Cart\u00f5es amarelos &#8211;<\/strong> Beto, Oziel e Dani Boy (Flor de Maio); Boc\u00e3o (Palanque).<\/p>\n<p><strong>Local &#8211;<\/strong> Est\u00e1dio Edmundo Feix, em Ven\u00e2ncio Aires.<\/p>\n<p><strong>P\u00fablico &#8211;<\/strong>\u00a01.900 pagantes; total de 2.300 torcedores.<\/p>\n<p><strong>Data &#8211;<\/strong> 26\/11\/2017.<\/p>\n","protected":false},"excerpt":{"rendered":"<p>O t\u00edtulo do Campeonato Regional da Aslivata &#8211; 20\u00aa Copa Certel Sicredi 2017 &#8211; ser\u00e1 decidido nos pr\u00f3ximos 90 minutos e n\u00e3o h\u00e1 chance de p\u00eanaltis. Na partida ida, disputada neste domingo (26\/11), Flor de Maio e Palanque empataram em 1 a 1, no Est\u00e1dio Edmundo Feix, em Ven\u00e2ncio Aires. No jogo de volta, o [&hellip;]<\/p>\n","protected":false},"author":7,"featured_media":37987,"comment_status":"open","ping_status":"open","sticky":false,"template":"","format":"standard","meta":{"pmpro_default_level":"","_jetpack_memberships_contains_paid_content":false,"footnotes":""},"categories":[2,5,240,288],"tags":[318,1588,1587,156,708],"class_list":{"0":"post-37986","1":"post","2":"type-post","3":"status-publish","4":"format-standard","5":"has-post-thumbnail","7":"category-featured","8":"category-esportes","9":"category-futebol-amador","10":"category-regional-da-aslivata","11":"tag-copa-certel-sicredi","12":"tag-flor-de-maio","13":"tag-palanque","14":"tag-vale-do-taquari","15":"tag-venancio-aires","16":"pmpro-has-access"},"yoast_head":"<!-- This site is optimized with the Yoast SEO plugin v27.5 - https:\/\/yoast.com\/product\/yoast-seo-wordpress\/ -->\n<title>Flor de Maio e Palanque empatam na primeira final do Regional - Folha Popular<\/title>\n<meta name=\"robots\" content=\"index, follow, max-snippet:-1, max-image-preview:large, max-video-preview:-1\" \/>\n<link rel=\"canonical\" href=\"https:\/\/folhapopular.info\/index.php\/2017\/11\/26\/flor-de-maio-e-palanque-empatam-na-primeira-final-do-regional\/\" \/>\n<meta property=\"og:locale\" content=\"pt_BR\" \/>\n<meta property=\"og:type\" content=\"article\" \/>\n<meta property=\"og:title\" content=\"Flor de Maio e Palanque empatam na primeira final do Regional - Folha Popular\" \/>\n<meta property=\"og:description\" content=\"O t\u00edtulo do Campeonato Regional da Aslivata &#8211; 20\u00aa Copa Certel Sicredi 2017 &#8211; ser\u00e1 decidido nos pr\u00f3ximos 90 minutos e n\u00e3o h\u00e1 chance de p\u00eanaltis. Na partida ida, disputada neste domingo (26\/11), Flor de Maio e Palanque empataram em 1 a 1, no Est\u00e1dio Edmundo Feix, em Ven\u00e2ncio Aires. No jogo de volta, o [&hellip;]\" \/>\n<meta property=\"og:url\" content=\"https:\/\/folhapopular.info\/index.php\/2017\/11\/26\/flor-de-maio-e-palanque-empatam-na-primeira-final-do-regional\/\" \/>\n<meta property=\"og:site_name\" content=\"Folha Popular\" \/>\n<meta property=\"article:published_time\" content=\"2017-11-26T21:09:37+00:00\" \/>\n<meta property=\"article:modified_time\" content=\"2020-03-03T12:03:44+00:00\" \/>\n<meta property=\"og:image\" content=\"https:\/\/folhapopular.info\/wp-content\/uploads\/2017\/11\/WhatsApp-Image-2017-11-26-at-17.30.12.jpeg\" \/>\n\t<meta property=\"og:image:width\" content=\"1280\" \/>\n\t<meta property=\"og:image:height\" content=\"960\" \/>\n\t<meta property=\"og:image:type\" content=\"image\/jpeg\" \/>\n<meta name=\"author\" content=\"Lucas Leandro Brune\" \/>\n<meta name=\"twitter:card\" content=\"summary_large_image\" \/>\n<meta name=\"twitter:label1\" content=\"Escrito por\" \/>\n\t<meta name=\"twitter:data1\" content=\"Lucas Leandro Brune\" \/>\n\t<meta name=\"twitter:label2\" content=\"Est. tempo de leitura\" \/>\n\t<meta name=\"twitter:data2\" content=\"2 minutos\" \/>\n<script type=\"application\/ld+json\" class=\"yoast-schema-graph\">{\"@context\":\"https:\\\/\\\/schema.org\",\"@graph\":[{\"@type\":\"Article\",\"@id\":\"https:\\\/\\\/folhapopular.info\\\/index.php\\\/2017\\\/11\\\/26\\\/flor-de-maio-e-palanque-empatam-na-primeira-final-do-regional\\\/#article\",\"isPartOf\":{\"@id\":\"https:\\\/\\\/folhapopular.info\\\/index.php\\\/2017\\\/11\\\/26\\\/flor-de-maio-e-palanque-empatam-na-primeira-final-do-regional\\\/\"},\"author\":{\"name\":\"Lucas Leandro Brune\",\"@id\":\"https:\\\/\\\/folhapopular.info\\\/#\\\/schema\\\/person\\\/533a15f60cd49e81ab3a90b4ca33cb36\"},\"headline\":\"Flor de Maio e Palanque empatam na primeira final do Regional\",\"datePublished\":\"2017-11-26T21:09:37+00:00\",\"dateModified\":\"2020-03-03T12:03:44+00:00\",\"mainEntityOfPage\":{\"@id\":\"https:\\\/\\\/folhapopular.info\\\/index.php\\\/2017\\\/11\\\/26\\\/flor-de-maio-e-palanque-empatam-na-primeira-final-do-regional\\\/\"},\"wordCount\":473,\"commentCount\":0,\"image\":{\"@id\":\"https:\\\/\\\/folhapopular.info\\\/index.php\\\/2017\\\/11\\\/26\\\/flor-de-maio-e-palanque-empatam-na-primeira-final-do-regional\\\/#primaryimage\"},\"thumbnailUrl\":\"https:\\\/\\\/folhapopular.info\\\/wp-content\\\/uploads\\\/2017\\\/11\\\/WhatsApp-Image-2017-11-26-at-17.30.12.jpeg\",\"keywords\":[\"Copa Certel Sicredi\",\"Flor de Maio\",\"Palanque\",\"Vale do Taquari\",\"Ven\u00e2ncio Aires\"],\"articleSection\":[\"Destaques\",\"Esportes\",\"Futebol Amador\",\"Regional da Aslivata\"],\"inLanguage\":\"pt-BR\",\"potentialAction\":[{\"@type\":\"CommentAction\",\"name\":\"Comment\",\"target\":[\"https:\\\/\\\/folhapopular.info\\\/index.php\\\/2017\\\/11\\\/26\\\/flor-de-maio-e-palanque-empatam-na-primeira-final-do-regional\\\/#respond\"]}]},{\"@type\":\"WebPage\",\"@id\":\"https:\\\/\\\/folhapopular.info\\\/index.php\\\/2017\\\/11\\\/26\\\/flor-de-maio-e-palanque-empatam-na-primeira-final-do-regional\\\/\",\"url\":\"https:\\\/\\\/folhapopular.info\\\/index.php\\\/2017\\\/11\\\/26\\\/flor-de-maio-e-palanque-empatam-na-primeira-final-do-regional\\\/\",\"name\":\"Flor de Maio e Palanque empatam na primeira final do Regional - Folha Popular\",\"isPartOf\":{\"@id\":\"https:\\\/\\\/folhapopular.info\\\/#website\"},\"primaryImageOfPage\":{\"@id\":\"https:\\\/\\\/folhapopular.info\\\/index.php\\\/2017\\\/11\\\/26\\\/flor-de-maio-e-palanque-empatam-na-primeira-final-do-regional\\\/#primaryimage\"},\"image\":{\"@id\":\"https:\\\/\\\/folhapopular.info\\\/index.php\\\/2017\\\/11\\\/26\\\/flor-de-maio-e-palanque-empatam-na-primeira-final-do-regional\\\/#primaryimage\"},\"thumbnailUrl\":\"https:\\\/\\\/folhapopular.info\\\/wp-content\\\/uploads\\\/2017\\\/11\\\/WhatsApp-Image-2017-11-26-at-17.30.12.jpeg\",\"datePublished\":\"2017-11-26T21:09:37+00:00\",\"dateModified\":\"2020-03-03T12:03:44+00:00\",\"author\":{\"@id\":\"https:\\\/\\\/folhapopular.info\\\/#\\\/schema\\\/person\\\/533a15f60cd49e81ab3a90b4ca33cb36\"},\"breadcrumb\":{\"@id\":\"https:\\\/\\\/folhapopular.info\\\/index.php\\\/2017\\\/11\\\/26\\\/flor-de-maio-e-palanque-empatam-na-primeira-final-do-regional\\\/#breadcrumb\"},\"inLanguage\":\"pt-BR\",\"potentialAction\":[{\"@type\":\"ReadAction\",\"target\":[\"https:\\\/\\\/folhapopular.info\\\/index.php\\\/2017\\\/11\\\/26\\\/flor-de-maio-e-palanque-empatam-na-primeira-final-do-regional\\\/\"]}]},{\"@type\":\"ImageObject\",\"inLanguage\":\"pt-BR\",\"@id\":\"https:\\\/\\\/folhapopular.info\\\/index.php\\\/2017\\\/11\\\/26\\\/flor-de-maio-e-palanque-empatam-na-primeira-final-do-regional\\\/#primaryimage\",\"url\":\"https:\\\/\\\/folhapopular.info\\\/wp-content\\\/uploads\\\/2017\\\/11\\\/WhatsApp-Image-2017-11-26-at-17.30.12.jpeg\",\"contentUrl\":\"https:\\\/\\\/folhapopular.info\\\/wp-content\\\/uploads\\\/2017\\\/11\\\/WhatsApp-Image-2017-11-26-at-17.30.12.jpeg\",\"width\":1280,\"height\":960,\"caption\":\"Est\u00e1dio Edmundo Feix recebeu grande p\u00fablico na decis\u00e3o\"},{\"@type\":\"BreadcrumbList\",\"@id\":\"https:\\\/\\\/folhapopular.info\\\/index.php\\\/2017\\\/11\\\/26\\\/flor-de-maio-e-palanque-empatam-na-primeira-final-do-regional\\\/#breadcrumb\",\"itemListElement\":[{\"@type\":\"ListItem\",\"position\":1,\"name\":\"In\u00edcio\",\"item\":\"https:\\\/\\\/folhapopular.info\\\/\"},{\"@type\":\"ListItem\",\"position\":2,\"name\":\"Flor de Maio e Palanque empatam na primeira final do Regional\"}]},{\"@type\":\"WebSite\",\"@id\":\"https:\\\/\\\/folhapopular.info\\\/#website\",\"url\":\"https:\\\/\\\/folhapopular.info\\\/\",\"name\":\"Folha Popular\",\"description\":\"Onde voc\u00ea tem vez e voz\",\"potentialAction\":[{\"@type\":\"SearchAction\",\"target\":{\"@type\":\"EntryPoint\",\"urlTemplate\":\"https:\\\/\\\/folhapopular.info\\\/?s={search_term_string}\"},\"query-input\":{\"@type\":\"PropertyValueSpecification\",\"valueRequired\":true,\"valueName\":\"search_term_string\"}}],\"inLanguage\":\"pt-BR\"},{\"@type\":\"Person\",\"@id\":\"https:\\\/\\\/folhapopular.info\\\/#\\\/schema\\\/person\\\/533a15f60cd49e81ab3a90b4ca33cb36\",\"name\":\"Lucas Leandro Brune\",\"image\":{\"@type\":\"ImageObject\",\"inLanguage\":\"pt-BR\",\"@id\":\"https:\\\/\\\/folhapopular.info\\\/wp-content\\\/uploads\\\/2026\\\/04\\\/LUCAS-1-1.webp\",\"url\":\"https:\\\/\\\/folhapopular.info\\\/wp-content\\\/uploads\\\/2026\\\/04\\\/LUCAS-1-1.webp\",\"contentUrl\":\"https:\\\/\\\/folhapopular.info\\\/wp-content\\\/uploads\\\/2026\\\/04\\\/LUCAS-1-1.webp\",\"caption\":\"Lucas Leandro Brune\"},\"description\":\"Jornalista Profissional Diplomado MTB\\\/RS 14.333\",\"url\":\"https:\\\/\\\/folhapopular.info\\\/index.php\\\/author\\\/lucas-brune\\\/\"}]}<\/script>\n<!-- \/ Yoast SEO plugin. -->","yoast_head_json":{"title":"Flor de Maio e Palanque empatam na primeira final do Regional - Folha Popular","robots":{"index":"index","follow":"follow","max-snippet":"max-snippet:-1","max-image-preview":"max-image-preview:large","max-video-preview":"max-video-preview:-1"},"canonical":"https:\/\/folhapopular.info\/index.php\/2017\/11\/26\/flor-de-maio-e-palanque-empatam-na-primeira-final-do-regional\/","og_locale":"pt_BR","og_type":"article","og_title":"Flor de Maio e Palanque empatam na primeira final do Regional - Folha Popular","og_description":"O t\u00edtulo do Campeonato Regional da Aslivata &#8211; 20\u00aa Copa Certel Sicredi 2017 &#8211; ser\u00e1 decidido nos pr\u00f3ximos 90 minutos e n\u00e3o h\u00e1 chance de p\u00eanaltis. Na partida ida, disputada neste domingo (26\/11), Flor de Maio e Palanque empataram em 1 a 1, no Est\u00e1dio Edmundo Feix, em Ven\u00e2ncio Aires. No jogo de volta, o [&hellip;]","og_url":"https:\/\/folhapopular.info\/index.php\/2017\/11\/26\/flor-de-maio-e-palanque-empatam-na-primeira-final-do-regional\/","og_site_name":"Folha Popular","article_published_time":"2017-11-26T21:09:37+00:00","article_modified_time":"2020-03-03T12:03:44+00:00","og_image":[{"width":1280,"height":960,"url":"https:\/\/folhapopular.info\/wp-content\/uploads\/2017\/11\/WhatsApp-Image-2017-11-26-at-17.30.12.jpeg","type":"image\/jpeg"}],"author":"Lucas Leandro Brune","twitter_card":"summary_large_image","twitter_misc":{"Escrito por":"Lucas Leandro Brune","Est. tempo de leitura":"2 minutos"},"schema":{"@context":"https:\/\/schema.org","@graph":[{"@type":"Article","@id":"https:\/\/folhapopular.info\/index.php\/2017\/11\/26\/flor-de-maio-e-palanque-empatam-na-primeira-final-do-regional\/#article","isPartOf":{"@id":"https:\/\/folhapopular.info\/index.php\/2017\/11\/26\/flor-de-maio-e-palanque-empatam-na-primeira-final-do-regional\/"},"author":{"name":"Lucas Leandro Brune","@id":"https:\/\/folhapopular.info\/#\/schema\/person\/533a15f60cd49e81ab3a90b4ca33cb36"},"headline":"Flor de Maio e Palanque empatam na primeira final do Regional","datePublished":"2017-11-26T21:09:37+00:00","dateModified":"2020-03-03T12:03:44+00:00","mainEntityOfPage":{"@id":"https:\/\/folhapopular.info\/index.php\/2017\/11\/26\/flor-de-maio-e-palanque-empatam-na-primeira-final-do-regional\/"},"wordCount":473,"commentCount":0,"image":{"@id":"https:\/\/folhapopular.info\/index.php\/2017\/11\/26\/flor-de-maio-e-palanque-empatam-na-primeira-final-do-regional\/#primaryimage"},"thumbnailUrl":"https:\/\/folhapopular.info\/wp-content\/uploads\/2017\/11\/WhatsApp-Image-2017-11-26-at-17.30.12.jpeg","keywords":["Copa Certel Sicredi","Flor de Maio","Palanque","Vale do Taquari","Ven\u00e2ncio Aires"],"articleSection":["Destaques","Esportes","Futebol Amador","Regional da Aslivata"],"inLanguage":"pt-BR","potentialAction":[{"@type":"CommentAction","name":"Comment","target":["https:\/\/folhapopular.info\/index.php\/2017\/11\/26\/flor-de-maio-e-palanque-empatam-na-primeira-final-do-regional\/#respond"]}]},{"@type":"WebPage","@id":"https:\/\/folhapopular.info\/index.php\/2017\/11\/26\/flor-de-maio-e-palanque-empatam-na-primeira-final-do-regional\/","url":"https:\/\/folhapopular.info\/index.php\/2017\/11\/26\/flor-de-maio-e-palanque-empatam-na-primeira-final-do-regional\/","name":"Flor de Maio e Palanque empatam na primeira final do Regional - Folha Popular","isPartOf":{"@id":"https:\/\/folhapopular.info\/#website"},"primaryImageOfPage":{"@id":"https:\/\/folhapopular.info\/index.php\/2017\/11\/26\/flor-de-maio-e-palanque-empatam-na-primeira-final-do-regional\/#primaryimage"},"image":{"@id":"https:\/\/folhapopular.info\/index.php\/2017\/11\/26\/flor-de-maio-e-palanque-empatam-na-primeira-final-do-regional\/#primaryimage"},"thumbnailUrl":"https:\/\/folhapopular.info\/wp-content\/uploads\/2017\/11\/WhatsApp-Image-2017-11-26-at-17.30.12.jpeg","datePublished":"2017-11-26T21:09:37+00:00","dateModified":"2020-03-03T12:03:44+00:00","author":{"@id":"https:\/\/folhapopular.info\/#\/schema\/person\/533a15f60cd49e81ab3a90b4ca33cb36"},"breadcrumb":{"@id":"https:\/\/folhapopular.info\/index.php\/2017\/11\/26\/flor-de-maio-e-palanque-empatam-na-primeira-final-do-regional\/#breadcrumb"},"inLanguage":"pt-BR","potentialAction":[{"@type":"ReadAction","target":["https:\/\/folhapopular.info\/index.php\/2017\/11\/26\/flor-de-maio-e-palanque-empatam-na-primeira-final-do-regional\/"]}]},{"@type":"ImageObject","inLanguage":"pt-BR","@id":"https:\/\/folhapopular.info\/index.php\/2017\/11\/26\/flor-de-maio-e-palanque-empatam-na-primeira-final-do-regional\/#primaryimage","url":"https:\/\/folhapopular.info\/wp-content\/uploads\/2017\/11\/WhatsApp-Image-2017-11-26-at-17.30.12.jpeg","contentUrl":"https:\/\/folhapopular.info\/wp-content\/uploads\/2017\/11\/WhatsApp-Image-2017-11-26-at-17.30.12.jpeg","width":1280,"height":960,"caption":"Est\u00e1dio Edmundo Feix recebeu grande p\u00fablico na decis\u00e3o"},{"@type":"BreadcrumbList","@id":"https:\/\/folhapopular.info\/index.php\/2017\/11\/26\/flor-de-maio-e-palanque-empatam-na-primeira-final-do-regional\/#breadcrumb","itemListElement":[{"@type":"ListItem","position":1,"name":"In\u00edcio","item":"https:\/\/folhapopular.info\/"},{"@type":"ListItem","position":2,"name":"Flor de Maio e Palanque empatam na primeira final do Regional"}]},{"@type":"WebSite","@id":"https:\/\/folhapopular.info\/#website","url":"https:\/\/folhapopular.info\/","name":"Folha Popular","description":"Onde voc\u00ea tem vez e voz","potentialAction":[{"@type":"SearchAction","target":{"@type":"EntryPoint","urlTemplate":"https:\/\/folhapopular.info\/?s={search_term_string}"},"query-input":{"@type":"PropertyValueSpecification","valueRequired":true,"valueName":"search_term_string"}}],"inLanguage":"pt-BR"},{"@type":"Person","@id":"https:\/\/folhapopular.info\/#\/schema\/person\/533a15f60cd49e81ab3a90b4ca33cb36","name":"Lucas Leandro Brune","image":{"@type":"ImageObject","inLanguage":"pt-BR","@id":"https:\/\/folhapopular.info\/wp-content\/uploads\/2026\/04\/LUCAS-1-1.webp","url":"https:\/\/folhapopular.info\/wp-content\/uploads\/2026\/04\/LUCAS-1-1.webp","contentUrl":"https:\/\/folhapopular.info\/wp-content\/uploads\/2026\/04\/LUCAS-1-1.webp","caption":"Lucas Leandro Brune"},"description":"Jornalista Profissional Diplomado MTB\/RS 14.333","url":"https:\/\/folhapopular.info\/index.php\/author\/lucas-brune\/"}]}},"jetpack_featured_media_url":"https:\/\/folhapopular.info\/wp-content\/uploads\/2017\/11\/WhatsApp-Image-2017-11-26-at-17.30.12.jpeg","jetpack_sharing_enabled":true,"amp_enabled":true,"_links":{"self":[{"href":"https:\/\/folhapopular.info\/index.php\/wp-json\/wp\/v2\/posts\/37986","targetHints":{"allow":["GET"]}}],"collection":[{"href":"https:\/\/folhapopular.info\/index.php\/wp-json\/wp\/v2\/posts"}],"about":[{"href":"https:\/\/folhapopular.info\/index.php\/wp-json\/wp\/v2\/types\/post"}],"author":[{"embeddable":true,"href":"https:\/\/folhapopular.info\/index.php\/wp-json\/wp\/v2\/users\/7"}],"replies":[{"embeddable":true,"href":"https:\/\/folhapopular.info\/index.php\/wp-json\/wp\/v2\/comments?post=37986"}],"version-history":[{"count":0,"href":"https:\/\/folhapopular.info\/index.php\/wp-json\/wp\/v2\/posts\/37986\/revisions"}],"wp:featuredmedia":[{"embeddable":true,"href":"https:\/\/folhapopular.info\/index.php\/wp-json\/wp\/v2\/media\/37987"}],"wp:attachment":[{"href":"https:\/\/folhapopular.info\/index.php\/wp-json\/wp\/v2\/media?parent=37986"}],"wp:term":[{"taxonomy":"category","embeddable":true,"href":"https:\/\/folhapopular.info\/index.php\/wp-json\/wp\/v2\/categories?post=37986"},{"taxonomy":"post_tag","embeddable":true,"href":"https:\/\/folhapopular.info\/index.php\/wp-json\/wp\/v2\/tags?post=37986"}],"curies":[{"name":"wp","href":"https:\/\/api.w.org\/{rel}","templated":true}]}}