{"id":38074,"date":"2017-11-28T17:00:25","date_gmt":"2017-11-28T19:00:25","guid":{"rendered":"http:\/\/folhapopular.info\/?p=38074"},"modified":"2017-11-28T15:30:54","modified_gmt":"2017-11-28T17:30:54","slug":"tres-alunos-da-rede-municipal-de-paverama-recebem-mencao-honrosa-na-olimpiada-brasileira-de-matematica","status":"publish","type":"post","link":"https:\/\/folhapopular.info\/index.php\/2017\/11\/28\/tres-alunos-da-rede-municipal-de-paverama-recebem-mencao-honrosa-na-olimpiada-brasileira-de-matematica\/","title":{"rendered":"Tr\u00eas alunos da rede municipal de Paverama recebem men\u00e7\u00e3o honrosa na Olimp\u00edada Brasileira de Matem\u00e1tica"},"content":{"rendered":"<p>A organiza\u00e7\u00e3o da 13\u00aa edi\u00e7\u00e3o da Olimp\u00edada Brasileira de Matem\u00e1tica das Escolas P\u00fablicas (OBMEP) divulgou o nome dos destaques deste ano. Na lista, 3 alunos da rede municipal de Paverama obtiveram excelente desempenho e receberam men\u00e7\u00e3o honrosa. S\u00e3o Eles:<\/p>\n<p>J\u00falia Ferreira Costa (EMEF Prud\u00eancio Franklin dos Reis)<br \/>\nWilliam Matheus Grileitov (EMEF Gon\u00e7alina Pinto Vilanova)<br \/>\nDaniel Lucas Grave (EMEF Gon\u00e7alina Pinto Vilanova)<\/p>\n<p>Mais de 900 mil estudantes realizaram a segunda etapa da competi\u00e7\u00e3o em todo o pa\u00eds. O Aluno William Matheus Grileitov, pelo terceiro ano consecutivo recebe premia\u00e7\u00e3o na Obmep. \u201cEsse grupo de alunos representa o trabalho realizado todos os dias dentro de cada uma das escolas. Parab\u00e9ns, alunos, fam\u00edlias e profissionais da rede municipal de educa\u00e7\u00e3o de Paverama\u201d, cumprimentou a secret\u00e1ria de Educa\u00e7\u00e3o, Rosicler Flach.<\/p>\n<p>&nbsp;<\/p>\n<figure id=\"attachment_38077\" aria-describedby=\"caption-attachment-38077\" style=\"width: 300px\" class=\"wp-caption alignleft\"><img loading=\"lazy\" decoding=\"async\" class=\"size-medium wp-image-38077\" src=\"https:\/\/folhapopular.info\/wp-content\/uploads\/2017\/11\/William-Grileitov-300x225.jpg\" alt=\"\" width=\"300\" height=\"225\" srcset=\"https:\/\/folhapopular.info\/wp-content\/uploads\/2017\/11\/William-Grileitov-300x225.jpg 300w, https:\/\/folhapopular.info\/wp-content\/uploads\/2017\/11\/William-Grileitov-768x576.jpg 768w, https:\/\/folhapopular.info\/wp-content\/uploads\/2017\/11\/William-Grileitov-80x60.jpg 80w, https:\/\/folhapopular.info\/wp-content\/uploads\/2017\/11\/William-Grileitov-265x198.jpg 265w, https:\/\/folhapopular.info\/wp-content\/uploads\/2017\/11\/William-Grileitov-696x522.jpg 696w, https:\/\/folhapopular.info\/wp-content\/uploads\/2017\/11\/William-Grileitov-560x420.jpg 560w, https:\/\/folhapopular.info\/wp-content\/uploads\/2017\/11\/William-Grileitov.jpg 960w\" sizes=\"auto, (max-width: 300px) 100vw, 300px\" \/><figcaption id=\"caption-attachment-38077\" class=\"wp-caption-text\">William Grileitov<\/figcaption><\/figure>\n<figure id=\"attachment_38075\" aria-describedby=\"caption-attachment-38075\" style=\"width: 300px\" class=\"wp-caption alignleft\"><img loading=\"lazy\" decoding=\"async\" class=\"size-medium wp-image-38075\" src=\"https:\/\/folhapopular.info\/wp-content\/uploads\/2017\/11\/Daniel-Lucas-Grave-300x225.jpg\" alt=\"\" width=\"300\" height=\"225\" srcset=\"https:\/\/folhapopular.info\/wp-content\/uploads\/2017\/11\/Daniel-Lucas-Grave-300x225.jpg 300w, https:\/\/folhapopular.info\/wp-content\/uploads\/2017\/11\/Daniel-Lucas-Grave-768x576.jpg 768w, https:\/\/folhapopular.info\/wp-content\/uploads\/2017\/11\/Daniel-Lucas-Grave-80x60.jpg 80w, https:\/\/folhapopular.info\/wp-content\/uploads\/2017\/11\/Daniel-Lucas-Grave-265x198.jpg 265w, https:\/\/folhapopular.info\/wp-content\/uploads\/2017\/11\/Daniel-Lucas-Grave-696x522.jpg 696w, https:\/\/folhapopular.info\/wp-content\/uploads\/2017\/11\/Daniel-Lucas-Grave-560x420.jpg 560w, https:\/\/folhapopular.info\/wp-content\/uploads\/2017\/11\/Daniel-Lucas-Grave.jpg 960w\" sizes=\"auto, (max-width: 300px) 100vw, 300px\" \/><figcaption id=\"caption-attachment-38075\" class=\"wp-caption-text\">Daniel Lucas Grave<\/figcaption><\/figure>\n","protected":false},"excerpt":{"rendered":"<p>A organiza\u00e7\u00e3o da 13\u00aa edi\u00e7\u00e3o da Olimp\u00edada Brasileira de Matem\u00e1tica das Escolas P\u00fablicas (OBMEP) divulgou o nome dos destaques deste ano. Na lista, 3 alunos da rede municipal de Paverama obtiveram excelente desempenho e receberam men\u00e7\u00e3o honrosa. S\u00e3o Eles: J\u00falia Ferreira Costa (EMEF Prud\u00eancio Franklin dos Reis) William Matheus Grileitov (EMEF Gon\u00e7alina Pinto Vilanova) Daniel [&hellip;]<\/p>\n","protected":false},"author":8,"featured_media":38076,"comment_status":"open","ping_status":"open","sticky":false,"template":"","format":"standard","meta":{"pmpro_default_level":"","_jetpack_memberships_contains_paid_content":false,"footnotes":""},"categories":[3],"tags":[1615,1616,403,1110,46],"class_list":{"0":"post-38074","1":"post","2":"type-post","3":"status-publish","4":"format-standard","5":"has-post-thumbnail","7":"category-geral","8":"tag-matematica","9":"tag-mencao-honrosa","10":"tag-obmep","11":"tag-olimpiada-de-matematica","12":"tag-paverama","13":"pmpro-has-access"},"yoast_head":"<!-- This site is optimized with the Yoast SEO plugin v27.5 - https:\/\/yoast.com\/product\/yoast-seo-wordpress\/ -->\n<title>Tr\u00eas alunos da rede municipal de Paverama recebem men\u00e7\u00e3o honrosa na Olimp\u00edada Brasileira de Matem\u00e1tica - Folha Popular<\/title>\n<meta name=\"robots\" content=\"index, follow, max-snippet:-1, max-image-preview:large, max-video-preview:-1\" \/>\n<link rel=\"canonical\" href=\"https:\/\/folhapopular.info\/index.php\/2017\/11\/28\/tres-alunos-da-rede-municipal-de-paverama-recebem-mencao-honrosa-na-olimpiada-brasileira-de-matematica\/\" \/>\n<meta property=\"og:locale\" content=\"pt_BR\" \/>\n<meta property=\"og:type\" content=\"article\" \/>\n<meta property=\"og:title\" content=\"Tr\u00eas alunos da rede municipal de Paverama recebem men\u00e7\u00e3o honrosa na Olimp\u00edada Brasileira de Matem\u00e1tica - Folha Popular\" \/>\n<meta property=\"og:description\" content=\"A organiza\u00e7\u00e3o da 13\u00aa edi\u00e7\u00e3o da Olimp\u00edada Brasileira de Matem\u00e1tica das Escolas P\u00fablicas (OBMEP) divulgou o nome dos destaques deste ano. Na lista, 3 alunos da rede municipal de Paverama obtiveram excelente desempenho e receberam men\u00e7\u00e3o honrosa. S\u00e3o Eles: J\u00falia Ferreira Costa (EMEF Prud\u00eancio Franklin dos Reis) William Matheus Grileitov (EMEF Gon\u00e7alina Pinto Vilanova) Daniel [&hellip;]\" \/>\n<meta property=\"og:url\" content=\"https:\/\/folhapopular.info\/index.php\/2017\/11\/28\/tres-alunos-da-rede-municipal-de-paverama-recebem-mencao-honrosa-na-olimpiada-brasileira-de-matematica\/\" \/>\n<meta property=\"og:site_name\" content=\"Folha Popular\" \/>\n<meta property=\"article:published_time\" content=\"2017-11-28T19:00:25+00:00\" \/>\n<meta property=\"og:image\" content=\"https:\/\/folhapopular.info\/wp-content\/uploads\/2017\/11\/J\u00falia-Ferreira-Costa.jpeg\" \/>\n\t<meta property=\"og:image:width\" content=\"581\" \/>\n\t<meta property=\"og:image:height\" content=\"1032\" \/>\n\t<meta property=\"og:image:type\" content=\"image\/jpeg\" \/>\n<meta name=\"author\" content=\"Reda\u00e7\u00e3o Folha Popular\" \/>\n<meta name=\"twitter:card\" content=\"summary_large_image\" \/>\n<meta name=\"twitter:label1\" content=\"Escrito por\" \/>\n\t<meta name=\"twitter:data1\" content=\"Reda\u00e7\u00e3o Folha Popular\" \/>\n\t<meta name=\"twitter:label2\" content=\"Est. tempo de leitura\" \/>\n\t<meta name=\"twitter:data2\" content=\"1 minuto\" \/>\n<script type=\"application\/ld+json\" class=\"yoast-schema-graph\">{\"@context\":\"https:\\\/\\\/schema.org\",\"@graph\":[{\"@type\":\"Article\",\"@id\":\"https:\\\/\\\/folhapopular.info\\\/index.php\\\/2017\\\/11\\\/28\\\/tres-alunos-da-rede-municipal-de-paverama-recebem-mencao-honrosa-na-olimpiada-brasileira-de-matematica\\\/#article\",\"isPartOf\":{\"@id\":\"https:\\\/\\\/folhapopular.info\\\/index.php\\\/2017\\\/11\\\/28\\\/tres-alunos-da-rede-municipal-de-paverama-recebem-mencao-honrosa-na-olimpiada-brasileira-de-matematica\\\/\"},\"author\":{\"name\":\"Reda\u00e7\u00e3o Folha Popular\",\"@id\":\"https:\\\/\\\/folhapopular.info\\\/#\\\/schema\\\/person\\\/2814e8a0df7643585a9ca38bc6eb9d4b\"},\"headline\":\"Tr\u00eas alunos da rede municipal de Paverama recebem men\u00e7\u00e3o honrosa na Olimp\u00edada Brasileira de Matem\u00e1tica\",\"datePublished\":\"2017-11-28T19:00:25+00:00\",\"mainEntityOfPage\":{\"@id\":\"https:\\\/\\\/folhapopular.info\\\/index.php\\\/2017\\\/11\\\/28\\\/tres-alunos-da-rede-municipal-de-paverama-recebem-mencao-honrosa-na-olimpiada-brasileira-de-matematica\\\/\"},\"wordCount\":180,\"commentCount\":0,\"image\":{\"@id\":\"https:\\\/\\\/folhapopular.info\\\/index.php\\\/2017\\\/11\\\/28\\\/tres-alunos-da-rede-municipal-de-paverama-recebem-mencao-honrosa-na-olimpiada-brasileira-de-matematica\\\/#primaryimage\"},\"thumbnailUrl\":\"https:\\\/\\\/folhapopular.info\\\/wp-content\\\/uploads\\\/2017\\\/11\\\/J\u00falia-Ferreira-Costa.jpeg\",\"keywords\":[\"Matem\u00e1tica\",\"Men\u00e7\u00e3o Honrosa\",\"OBMEP\",\"Olimp\u00edada de Matem\u00e1tica\",\"Paverama\"],\"articleSection\":[\"Geral\"],\"inLanguage\":\"pt-BR\",\"potentialAction\":[{\"@type\":\"CommentAction\",\"name\":\"Comment\",\"target\":[\"https:\\\/\\\/folhapopular.info\\\/index.php\\\/2017\\\/11\\\/28\\\/tres-alunos-da-rede-municipal-de-paverama-recebem-mencao-honrosa-na-olimpiada-brasileira-de-matematica\\\/#respond\"]}]},{\"@type\":\"WebPage\",\"@id\":\"https:\\\/\\\/folhapopular.info\\\/index.php\\\/2017\\\/11\\\/28\\\/tres-alunos-da-rede-municipal-de-paverama-recebem-mencao-honrosa-na-olimpiada-brasileira-de-matematica\\\/\",\"url\":\"https:\\\/\\\/folhapopular.info\\\/index.php\\\/2017\\\/11\\\/28\\\/tres-alunos-da-rede-municipal-de-paverama-recebem-mencao-honrosa-na-olimpiada-brasileira-de-matematica\\\/\",\"name\":\"Tr\u00eas alunos da rede municipal de Paverama recebem men\u00e7\u00e3o honrosa na Olimp\u00edada Brasileira de Matem\u00e1tica - Folha Popular\",\"isPartOf\":{\"@id\":\"https:\\\/\\\/folhapopular.info\\\/#website\"},\"primaryImageOfPage\":{\"@id\":\"https:\\\/\\\/folhapopular.info\\\/index.php\\\/2017\\\/11\\\/28\\\/tres-alunos-da-rede-municipal-de-paverama-recebem-mencao-honrosa-na-olimpiada-brasileira-de-matematica\\\/#primaryimage\"},\"image\":{\"@id\":\"https:\\\/\\\/folhapopular.info\\\/index.php\\\/2017\\\/11\\\/28\\\/tres-alunos-da-rede-municipal-de-paverama-recebem-mencao-honrosa-na-olimpiada-brasileira-de-matematica\\\/#primaryimage\"},\"thumbnailUrl\":\"https:\\\/\\\/folhapopular.info\\\/wp-content\\\/uploads\\\/2017\\\/11\\\/J\u00falia-Ferreira-Costa.jpeg\",\"datePublished\":\"2017-11-28T19:00:25+00:00\",\"author\":{\"@id\":\"https:\\\/\\\/folhapopular.info\\\/#\\\/schema\\\/person\\\/2814e8a0df7643585a9ca38bc6eb9d4b\"},\"breadcrumb\":{\"@id\":\"https:\\\/\\\/folhapopular.info\\\/index.php\\\/2017\\\/11\\\/28\\\/tres-alunos-da-rede-municipal-de-paverama-recebem-mencao-honrosa-na-olimpiada-brasileira-de-matematica\\\/#breadcrumb\"},\"inLanguage\":\"pt-BR\",\"potentialAction\":[{\"@type\":\"ReadAction\",\"target\":[\"https:\\\/\\\/folhapopular.info\\\/index.php\\\/2017\\\/11\\\/28\\\/tres-alunos-da-rede-municipal-de-paverama-recebem-mencao-honrosa-na-olimpiada-brasileira-de-matematica\\\/\"]}]},{\"@type\":\"ImageObject\",\"inLanguage\":\"pt-BR\",\"@id\":\"https:\\\/\\\/folhapopular.info\\\/index.php\\\/2017\\\/11\\\/28\\\/tres-alunos-da-rede-municipal-de-paverama-recebem-mencao-honrosa-na-olimpiada-brasileira-de-matematica\\\/#primaryimage\",\"url\":\"https:\\\/\\\/folhapopular.info\\\/wp-content\\\/uploads\\\/2017\\\/11\\\/J\u00falia-Ferreira-Costa.jpeg\",\"contentUrl\":\"https:\\\/\\\/folhapopular.info\\\/wp-content\\\/uploads\\\/2017\\\/11\\\/J\u00falia-Ferreira-Costa.jpeg\",\"width\":581,\"height\":1032,\"caption\":\"J\u00falia Ferreira Costa\"},{\"@type\":\"BreadcrumbList\",\"@id\":\"https:\\\/\\\/folhapopular.info\\\/index.php\\\/2017\\\/11\\\/28\\\/tres-alunos-da-rede-municipal-de-paverama-recebem-mencao-honrosa-na-olimpiada-brasileira-de-matematica\\\/#breadcrumb\",\"itemListElement\":[{\"@type\":\"ListItem\",\"position\":1,\"name\":\"In\u00edcio\",\"item\":\"https:\\\/\\\/folhapopular.info\\\/\"},{\"@type\":\"ListItem\",\"position\":2,\"name\":\"Tr\u00eas alunos da rede municipal de Paverama recebem men\u00e7\u00e3o honrosa na Olimp\u00edada Brasileira de Matem\u00e1tica\"}]},{\"@type\":\"WebSite\",\"@id\":\"https:\\\/\\\/folhapopular.info\\\/#website\",\"url\":\"https:\\\/\\\/folhapopular.info\\\/\",\"name\":\"Folha Popular\",\"description\":\"Onde voc\u00ea tem vez e voz\",\"potentialAction\":[{\"@type\":\"SearchAction\",\"target\":{\"@type\":\"EntryPoint\",\"urlTemplate\":\"https:\\\/\\\/folhapopular.info\\\/?s={search_term_string}\"},\"query-input\":{\"@type\":\"PropertyValueSpecification\",\"valueRequired\":true,\"valueName\":\"search_term_string\"}}],\"inLanguage\":\"pt-BR\"},{\"@type\":\"Person\",\"@id\":\"https:\\\/\\\/folhapopular.info\\\/#\\\/schema\\\/person\\\/2814e8a0df7643585a9ca38bc6eb9d4b\",\"name\":\"Reda\u00e7\u00e3o Folha Popular\",\"image\":{\"@type\":\"ImageObject\",\"inLanguage\":\"pt-BR\",\"@id\":\"https:\\\/\\\/folhapopular.info\\\/wp-content\\\/uploads\\\/2026\\\/04\\\/Folha-1.webp\",\"url\":\"https:\\\/\\\/folhapopular.info\\\/wp-content\\\/uploads\\\/2026\\\/04\\\/Folha-1.webp\",\"contentUrl\":\"https:\\\/\\\/folhapopular.info\\\/wp-content\\\/uploads\\\/2026\\\/04\\\/Folha-1.webp\",\"caption\":\"Reda\u00e7\u00e3o Folha Popular\"},\"url\":\"https:\\\/\\\/folhapopular.info\\\/index.php\\\/author\\\/redacao\\\/\"}]}<\/script>\n<!-- \/ Yoast SEO plugin. -->","yoast_head_json":{"title":"Tr\u00eas alunos da rede municipal de Paverama recebem men\u00e7\u00e3o honrosa na Olimp\u00edada Brasileira de Matem\u00e1tica - Folha Popular","robots":{"index":"index","follow":"follow","max-snippet":"max-snippet:-1","max-image-preview":"max-image-preview:large","max-video-preview":"max-video-preview:-1"},"canonical":"https:\/\/folhapopular.info\/index.php\/2017\/11\/28\/tres-alunos-da-rede-municipal-de-paverama-recebem-mencao-honrosa-na-olimpiada-brasileira-de-matematica\/","og_locale":"pt_BR","og_type":"article","og_title":"Tr\u00eas alunos da rede municipal de Paverama recebem men\u00e7\u00e3o honrosa na Olimp\u00edada Brasileira de Matem\u00e1tica - Folha Popular","og_description":"A organiza\u00e7\u00e3o da 13\u00aa edi\u00e7\u00e3o da Olimp\u00edada Brasileira de Matem\u00e1tica das Escolas P\u00fablicas (OBMEP) divulgou o nome dos destaques deste ano. Na lista, 3 alunos da rede municipal de Paverama obtiveram excelente desempenho e receberam men\u00e7\u00e3o honrosa. S\u00e3o Eles: J\u00falia Ferreira Costa (EMEF Prud\u00eancio Franklin dos Reis) William Matheus Grileitov (EMEF Gon\u00e7alina Pinto Vilanova) Daniel [&hellip;]","og_url":"https:\/\/folhapopular.info\/index.php\/2017\/11\/28\/tres-alunos-da-rede-municipal-de-paverama-recebem-mencao-honrosa-na-olimpiada-brasileira-de-matematica\/","og_site_name":"Folha Popular","article_published_time":"2017-11-28T19:00:25+00:00","og_image":[{"width":581,"height":1032,"url":"https:\/\/folhapopular.info\/wp-content\/uploads\/2017\/11\/J\u00falia-Ferreira-Costa.jpeg","type":"image\/jpeg"}],"author":"Reda\u00e7\u00e3o Folha Popular","twitter_card":"summary_large_image","twitter_misc":{"Escrito por":"Reda\u00e7\u00e3o Folha Popular","Est. tempo de leitura":"1 minuto"},"schema":{"@context":"https:\/\/schema.org","@graph":[{"@type":"Article","@id":"https:\/\/folhapopular.info\/index.php\/2017\/11\/28\/tres-alunos-da-rede-municipal-de-paverama-recebem-mencao-honrosa-na-olimpiada-brasileira-de-matematica\/#article","isPartOf":{"@id":"https:\/\/folhapopular.info\/index.php\/2017\/11\/28\/tres-alunos-da-rede-municipal-de-paverama-recebem-mencao-honrosa-na-olimpiada-brasileira-de-matematica\/"},"author":{"name":"Reda\u00e7\u00e3o Folha Popular","@id":"https:\/\/folhapopular.info\/#\/schema\/person\/2814e8a0df7643585a9ca38bc6eb9d4b"},"headline":"Tr\u00eas alunos da rede municipal de Paverama recebem men\u00e7\u00e3o honrosa na Olimp\u00edada Brasileira de Matem\u00e1tica","datePublished":"2017-11-28T19:00:25+00:00","mainEntityOfPage":{"@id":"https:\/\/folhapopular.info\/index.php\/2017\/11\/28\/tres-alunos-da-rede-municipal-de-paverama-recebem-mencao-honrosa-na-olimpiada-brasileira-de-matematica\/"},"wordCount":180,"commentCount":0,"image":{"@id":"https:\/\/folhapopular.info\/index.php\/2017\/11\/28\/tres-alunos-da-rede-municipal-de-paverama-recebem-mencao-honrosa-na-olimpiada-brasileira-de-matematica\/#primaryimage"},"thumbnailUrl":"https:\/\/folhapopular.info\/wp-content\/uploads\/2017\/11\/J\u00falia-Ferreira-Costa.jpeg","keywords":["Matem\u00e1tica","Men\u00e7\u00e3o Honrosa","OBMEP","Olimp\u00edada de Matem\u00e1tica","Paverama"],"articleSection":["Geral"],"inLanguage":"pt-BR","potentialAction":[{"@type":"CommentAction","name":"Comment","target":["https:\/\/folhapopular.info\/index.php\/2017\/11\/28\/tres-alunos-da-rede-municipal-de-paverama-recebem-mencao-honrosa-na-olimpiada-brasileira-de-matematica\/#respond"]}]},{"@type":"WebPage","@id":"https:\/\/folhapopular.info\/index.php\/2017\/11\/28\/tres-alunos-da-rede-municipal-de-paverama-recebem-mencao-honrosa-na-olimpiada-brasileira-de-matematica\/","url":"https:\/\/folhapopular.info\/index.php\/2017\/11\/28\/tres-alunos-da-rede-municipal-de-paverama-recebem-mencao-honrosa-na-olimpiada-brasileira-de-matematica\/","name":"Tr\u00eas alunos da rede municipal de Paverama recebem men\u00e7\u00e3o honrosa na Olimp\u00edada Brasileira de Matem\u00e1tica - Folha Popular","isPartOf":{"@id":"https:\/\/folhapopular.info\/#website"},"primaryImageOfPage":{"@id":"https:\/\/folhapopular.info\/index.php\/2017\/11\/28\/tres-alunos-da-rede-municipal-de-paverama-recebem-mencao-honrosa-na-olimpiada-brasileira-de-matematica\/#primaryimage"},"image":{"@id":"https:\/\/folhapopular.info\/index.php\/2017\/11\/28\/tres-alunos-da-rede-municipal-de-paverama-recebem-mencao-honrosa-na-olimpiada-brasileira-de-matematica\/#primaryimage"},"thumbnailUrl":"https:\/\/folhapopular.info\/wp-content\/uploads\/2017\/11\/J\u00falia-Ferreira-Costa.jpeg","datePublished":"2017-11-28T19:00:25+00:00","author":{"@id":"https:\/\/folhapopular.info\/#\/schema\/person\/2814e8a0df7643585a9ca38bc6eb9d4b"},"breadcrumb":{"@id":"https:\/\/folhapopular.info\/index.php\/2017\/11\/28\/tres-alunos-da-rede-municipal-de-paverama-recebem-mencao-honrosa-na-olimpiada-brasileira-de-matematica\/#breadcrumb"},"inLanguage":"pt-BR","potentialAction":[{"@type":"ReadAction","target":["https:\/\/folhapopular.info\/index.php\/2017\/11\/28\/tres-alunos-da-rede-municipal-de-paverama-recebem-mencao-honrosa-na-olimpiada-brasileira-de-matematica\/"]}]},{"@type":"ImageObject","inLanguage":"pt-BR","@id":"https:\/\/folhapopular.info\/index.php\/2017\/11\/28\/tres-alunos-da-rede-municipal-de-paverama-recebem-mencao-honrosa-na-olimpiada-brasileira-de-matematica\/#primaryimage","url":"https:\/\/folhapopular.info\/wp-content\/uploads\/2017\/11\/J\u00falia-Ferreira-Costa.jpeg","contentUrl":"https:\/\/folhapopular.info\/wp-content\/uploads\/2017\/11\/J\u00falia-Ferreira-Costa.jpeg","width":581,"height":1032,"caption":"J\u00falia Ferreira Costa"},{"@type":"BreadcrumbList","@id":"https:\/\/folhapopular.info\/index.php\/2017\/11\/28\/tres-alunos-da-rede-municipal-de-paverama-recebem-mencao-honrosa-na-olimpiada-brasileira-de-matematica\/#breadcrumb","itemListElement":[{"@type":"ListItem","position":1,"name":"In\u00edcio","item":"https:\/\/folhapopular.info\/"},{"@type":"ListItem","position":2,"name":"Tr\u00eas alunos da rede municipal de Paverama recebem men\u00e7\u00e3o honrosa na Olimp\u00edada Brasileira de Matem\u00e1tica"}]},{"@type":"WebSite","@id":"https:\/\/folhapopular.info\/#website","url":"https:\/\/folhapopular.info\/","name":"Folha Popular","description":"Onde voc\u00ea tem vez e voz","potentialAction":[{"@type":"SearchAction","target":{"@type":"EntryPoint","urlTemplate":"https:\/\/folhapopular.info\/?s={search_term_string}"},"query-input":{"@type":"PropertyValueSpecification","valueRequired":true,"valueName":"search_term_string"}}],"inLanguage":"pt-BR"},{"@type":"Person","@id":"https:\/\/folhapopular.info\/#\/schema\/person\/2814e8a0df7643585a9ca38bc6eb9d4b","name":"Reda\u00e7\u00e3o Folha Popular","image":{"@type":"ImageObject","inLanguage":"pt-BR","@id":"https:\/\/folhapopular.info\/wp-content\/uploads\/2026\/04\/Folha-1.webp","url":"https:\/\/folhapopular.info\/wp-content\/uploads\/2026\/04\/Folha-1.webp","contentUrl":"https:\/\/folhapopular.info\/wp-content\/uploads\/2026\/04\/Folha-1.webp","caption":"Reda\u00e7\u00e3o Folha Popular"},"url":"https:\/\/folhapopular.info\/index.php\/author\/redacao\/"}]}},"jetpack_featured_media_url":"https:\/\/folhapopular.info\/wp-content\/uploads\/2017\/11\/J\u00falia-Ferreira-Costa.jpeg","jetpack_sharing_enabled":true,"amp_enabled":true,"_links":{"self":[{"href":"https:\/\/folhapopular.info\/index.php\/wp-json\/wp\/v2\/posts\/38074","targetHints":{"allow":["GET"]}}],"collection":[{"href":"https:\/\/folhapopular.info\/index.php\/wp-json\/wp\/v2\/posts"}],"about":[{"href":"https:\/\/folhapopular.info\/index.php\/wp-json\/wp\/v2\/types\/post"}],"author":[{"embeddable":true,"href":"https:\/\/folhapopular.info\/index.php\/wp-json\/wp\/v2\/users\/8"}],"replies":[{"embeddable":true,"href":"https:\/\/folhapopular.info\/index.php\/wp-json\/wp\/v2\/comments?post=38074"}],"version-history":[{"count":0,"href":"https:\/\/folhapopular.info\/index.php\/wp-json\/wp\/v2\/posts\/38074\/revisions"}],"wp:featuredmedia":[{"embeddable":true,"href":"https:\/\/folhapopular.info\/index.php\/wp-json\/wp\/v2\/media\/38076"}],"wp:attachment":[{"href":"https:\/\/folhapopular.info\/index.php\/wp-json\/wp\/v2\/media?parent=38074"}],"wp:term":[{"taxonomy":"category","embeddable":true,"href":"https:\/\/folhapopular.info\/index.php\/wp-json\/wp\/v2\/categories?post=38074"},{"taxonomy":"post_tag","embeddable":true,"href":"https:\/\/folhapopular.info\/index.php\/wp-json\/wp\/v2\/tags?post=38074"}],"curies":[{"name":"wp","href":"https:\/\/api.w.org\/{rel}","templated":true}]}}