{"id":38446,"date":"2017-12-09T08:00:28","date_gmt":"2017-12-09T10:00:28","guid":{"rendered":"http:\/\/folhapopular.info\/?p=38446"},"modified":"2017-12-08T15:00:32","modified_gmt":"2017-12-08T17:00:32","slug":"projeto-da-creche-no-bom-pastor-e-finalizado-e-encaminhado-para-fase-de-licitacao","status":"publish","type":"post","link":"https:\/\/folhapopular.info\/index.php\/2017\/12\/09\/projeto-da-creche-no-bom-pastor-e-finalizado-e-encaminhado-para-fase-de-licitacao\/","title":{"rendered":"Projeto da creche no Bom Pastor \u00e9 finalizado e encaminhado para fase de licita\u00e7\u00e3o"},"content":{"rendered":"<p>A Prefeitura de Lajeado finalizou o projeto da constru\u00e7\u00e3o de uma Escola Municipal de Educa\u00e7\u00e3o Infantil (EMEI) no Bairro Bom Pastor e encaminhou os documentos para dar in\u00edcio \u00e0 fase de licita\u00e7\u00e3o. A escola ser\u00e1 constru\u00edda na Rua Eug\u00eania Mello de Oliveira Kirchheim e abrir\u00e1\u00a0188 vagas, em turno integral, para crian\u00e7as de at\u00e9 cinco anos de idade. &#8220;Estamos muito felizes em dar andamento a esta obra t\u00e3o importante para a comunidade da regi\u00e3o do Bom Pastor e tamb\u00e9m para todos os lajeadenses. Essa conquista nos ajudar\u00e1 a reduzir a fila de espera por uma vaga e permitir\u00e1 que estas crian\u00e7as tenham acesso ao atendimento de excel\u00eancia que a nossa rede municipal oferece&#8221;, comemora a Secret\u00e1ria Municipal da Educa\u00e7\u00e3o, Vera Plein.<\/p>\n<p>No m\u00eas\u00a0de outubro, a Prefeitura recebeu a confirma\u00e7\u00e3o do repasse de recursos que ser\u00e3o empregados na obra, provenientes do Fundo Nacional de Desenvolvimento da Educa\u00e7\u00e3o (FNDE). O valor or\u00e7ado para a constru\u00e7\u00e3o da EMEI \u00e9 de R$ 2.402.303,00. Conforme o projeto, a escola\u00a0ter\u00e1 1.510,23 m\u00b2 e ser\u00e1 constru\u00edda em uma \u00e1rea de 2.880 m\u00b2 cedida pela Prefeitura.<\/p>\n<p>O coordenador especial de Capta\u00e7\u00e3o de Recursos e Projetos Especiais da Prefeitura, Isidoro Fornari Neto, salientou a import\u00e2ncia do trabalho conjunto, da persist\u00eancia e do envolvimento pol\u00edtico, que tornaram poss\u00edvel a realiza\u00e7\u00e3o da obra. \u201cValeu o esfor\u00e7o de todas as partes envolvidas neste processo. Alcan\u00e7amos o objetivo, que era de reconquistar a possibilidade de constru\u00e7\u00e3o dessa creche, cujo projeto havia sido interrompido. O envolvimento pol\u00edtico e a persist\u00eancia tornaram poss\u00edveis a busca de recursos e a viabiliza\u00e7\u00e3o da obra\u201d, disse Fornari.<\/p>\n<p>O munic\u00edpio de Lajeado conta\u00a0hoje\u00a0com 23 EMEIs, atendendo 3.044 crian\u00e7as de zero a 5 anos (al\u00e9m de outras 508 de pr\u00e9-escola que s\u00e3o atendidas em EMEFs, segundo dados\u00a0de novembro). De acordo com os dados do Censo Escolar 2016, realizado pelo Minist\u00e9rio da Educa\u00e7\u00e3o, a rede municipal de Educa\u00e7\u00e3o Infantil de Lajeado \u00e9 respons\u00e1vel pelo atendimento de 70% de todas as crian\u00e7as desta faixa et\u00e1ria matriculadas no munic\u00edpio. Os outros 30% s\u00e3o atendidos pela rede privada, com poucos registros de pr\u00e9-escola na rede estadual.<\/p>\n","protected":false},"excerpt":{"rendered":"<p>A Prefeitura de Lajeado finalizou o projeto da constru\u00e7\u00e3o de uma Escola Municipal de Educa\u00e7\u00e3o Infantil (EMEI) no Bairro Bom Pastor e encaminhou os documentos para dar in\u00edcio \u00e0 fase de licita\u00e7\u00e3o. A escola ser\u00e1 constru\u00edda na Rua Eug\u00eania Mello de Oliveira Kirchheim e abrir\u00e1\u00a0188 vagas, em turno integral, para crian\u00e7as de at\u00e9 cinco anos [&hellip;]<\/p>\n","protected":false},"author":8,"featured_media":31867,"comment_status":"open","ping_status":"open","sticky":false,"template":"","format":"standard","meta":{"pmpro_default_level":"","_jetpack_memberships_contains_paid_content":false,"footnotes":""},"categories":[3],"tags":[1711,1710,27,1712],"class_list":{"0":"post-38446","1":"post","2":"type-post","3":"status-publish","4":"format-standard","5":"has-post-thumbnail","7":"category-geral","8":"tag-bom-pastor","9":"tag-creche","10":"tag-lajeado","11":"tag-projeto","12":"pmpro-has-access"},"yoast_head":"<!-- This site is optimized with the Yoast SEO plugin v27.5 - https:\/\/yoast.com\/product\/yoast-seo-wordpress\/ -->\n<title>Projeto da creche no Bom Pastor \u00e9 finalizado e encaminhado para fase de licita\u00e7\u00e3o - Folha Popular<\/title>\n<meta name=\"robots\" content=\"index, follow, max-snippet:-1, max-image-preview:large, max-video-preview:-1\" \/>\n<link rel=\"canonical\" href=\"https:\/\/folhapopular.info\/index.php\/2017\/12\/09\/projeto-da-creche-no-bom-pastor-e-finalizado-e-encaminhado-para-fase-de-licitacao\/\" \/>\n<meta property=\"og:locale\" content=\"pt_BR\" \/>\n<meta property=\"og:type\" content=\"article\" \/>\n<meta property=\"og:title\" content=\"Projeto da creche no Bom Pastor \u00e9 finalizado e encaminhado para fase de licita\u00e7\u00e3o - Folha Popular\" \/>\n<meta property=\"og:description\" content=\"A Prefeitura de Lajeado finalizou o projeto da constru\u00e7\u00e3o de uma Escola Municipal de Educa\u00e7\u00e3o Infantil (EMEI) no Bairro Bom Pastor e encaminhou os documentos para dar in\u00edcio \u00e0 fase de licita\u00e7\u00e3o. A escola ser\u00e1 constru\u00edda na Rua Eug\u00eania Mello de Oliveira Kirchheim e abrir\u00e1\u00a0188 vagas, em turno integral, para crian\u00e7as de at\u00e9 cinco anos [&hellip;]\" \/>\n<meta property=\"og:url\" content=\"https:\/\/folhapopular.info\/index.php\/2017\/12\/09\/projeto-da-creche-no-bom-pastor-e-finalizado-e-encaminhado-para-fase-de-licitacao\/\" \/>\n<meta property=\"og:site_name\" content=\"Folha Popular\" \/>\n<meta property=\"article:published_time\" content=\"2017-12-09T10:00:28+00:00\" \/>\n<meta property=\"og:image\" content=\"https:\/\/folhapopular.info\/wp-content\/uploads\/2017\/06\/Not\u00edcias_SITE-1-e1543404686907.jpg\" \/>\n\t<meta property=\"og:image:width\" content=\"800\" \/>\n\t<meta property=\"og:image:height\" content=\"514\" \/>\n\t<meta property=\"og:image:type\" content=\"image\/jpeg\" \/>\n<meta name=\"author\" content=\"Reda\u00e7\u00e3o Folha Popular\" \/>\n<meta name=\"twitter:card\" content=\"summary_large_image\" \/>\n<meta name=\"twitter:label1\" content=\"Escrito por\" \/>\n\t<meta name=\"twitter:data1\" content=\"Reda\u00e7\u00e3o Folha Popular\" \/>\n\t<meta name=\"twitter:label2\" content=\"Est. tempo de leitura\" \/>\n\t<meta name=\"twitter:data2\" content=\"2 minutos\" \/>\n<script type=\"application\/ld+json\" class=\"yoast-schema-graph\">{\"@context\":\"https:\\\/\\\/schema.org\",\"@graph\":[{\"@type\":\"Article\",\"@id\":\"https:\\\/\\\/folhapopular.info\\\/index.php\\\/2017\\\/12\\\/09\\\/projeto-da-creche-no-bom-pastor-e-finalizado-e-encaminhado-para-fase-de-licitacao\\\/#article\",\"isPartOf\":{\"@id\":\"https:\\\/\\\/folhapopular.info\\\/index.php\\\/2017\\\/12\\\/09\\\/projeto-da-creche-no-bom-pastor-e-finalizado-e-encaminhado-para-fase-de-licitacao\\\/\"},\"author\":{\"name\":\"Reda\u00e7\u00e3o Folha Popular\",\"@id\":\"https:\\\/\\\/folhapopular.info\\\/#\\\/schema\\\/person\\\/2814e8a0df7643585a9ca38bc6eb9d4b\"},\"headline\":\"Projeto da creche no Bom Pastor \u00e9 finalizado e encaminhado para fase de licita\u00e7\u00e3o\",\"datePublished\":\"2017-12-09T10:00:28+00:00\",\"mainEntityOfPage\":{\"@id\":\"https:\\\/\\\/folhapopular.info\\\/index.php\\\/2017\\\/12\\\/09\\\/projeto-da-creche-no-bom-pastor-e-finalizado-e-encaminhado-para-fase-de-licitacao\\\/\"},\"wordCount\":395,\"commentCount\":0,\"image\":{\"@id\":\"https:\\\/\\\/folhapopular.info\\\/index.php\\\/2017\\\/12\\\/09\\\/projeto-da-creche-no-bom-pastor-e-finalizado-e-encaminhado-para-fase-de-licitacao\\\/#primaryimage\"},\"thumbnailUrl\":\"https:\\\/\\\/folhapopular.info\\\/wp-content\\\/uploads\\\/2017\\\/06\\\/Not\u00edcias_SITE-1-e1543404686907.jpg\",\"keywords\":[\"Bom Pastor\",\"Creche\",\"Lajeado\",\"Projeto\"],\"articleSection\":[\"Geral\"],\"inLanguage\":\"pt-BR\",\"potentialAction\":[{\"@type\":\"CommentAction\",\"name\":\"Comment\",\"target\":[\"https:\\\/\\\/folhapopular.info\\\/index.php\\\/2017\\\/12\\\/09\\\/projeto-da-creche-no-bom-pastor-e-finalizado-e-encaminhado-para-fase-de-licitacao\\\/#respond\"]}]},{\"@type\":\"WebPage\",\"@id\":\"https:\\\/\\\/folhapopular.info\\\/index.php\\\/2017\\\/12\\\/09\\\/projeto-da-creche-no-bom-pastor-e-finalizado-e-encaminhado-para-fase-de-licitacao\\\/\",\"url\":\"https:\\\/\\\/folhapopular.info\\\/index.php\\\/2017\\\/12\\\/09\\\/projeto-da-creche-no-bom-pastor-e-finalizado-e-encaminhado-para-fase-de-licitacao\\\/\",\"name\":\"Projeto da creche no Bom Pastor \u00e9 finalizado e encaminhado para fase de licita\u00e7\u00e3o - Folha Popular\",\"isPartOf\":{\"@id\":\"https:\\\/\\\/folhapopular.info\\\/#website\"},\"primaryImageOfPage\":{\"@id\":\"https:\\\/\\\/folhapopular.info\\\/index.php\\\/2017\\\/12\\\/09\\\/projeto-da-creche-no-bom-pastor-e-finalizado-e-encaminhado-para-fase-de-licitacao\\\/#primaryimage\"},\"image\":{\"@id\":\"https:\\\/\\\/folhapopular.info\\\/index.php\\\/2017\\\/12\\\/09\\\/projeto-da-creche-no-bom-pastor-e-finalizado-e-encaminhado-para-fase-de-licitacao\\\/#primaryimage\"},\"thumbnailUrl\":\"https:\\\/\\\/folhapopular.info\\\/wp-content\\\/uploads\\\/2017\\\/06\\\/Not\u00edcias_SITE-1-e1543404686907.jpg\",\"datePublished\":\"2017-12-09T10:00:28+00:00\",\"author\":{\"@id\":\"https:\\\/\\\/folhapopular.info\\\/#\\\/schema\\\/person\\\/2814e8a0df7643585a9ca38bc6eb9d4b\"},\"breadcrumb\":{\"@id\":\"https:\\\/\\\/folhapopular.info\\\/index.php\\\/2017\\\/12\\\/09\\\/projeto-da-creche-no-bom-pastor-e-finalizado-e-encaminhado-para-fase-de-licitacao\\\/#breadcrumb\"},\"inLanguage\":\"pt-BR\",\"potentialAction\":[{\"@type\":\"ReadAction\",\"target\":[\"https:\\\/\\\/folhapopular.info\\\/index.php\\\/2017\\\/12\\\/09\\\/projeto-da-creche-no-bom-pastor-e-finalizado-e-encaminhado-para-fase-de-licitacao\\\/\"]}]},{\"@type\":\"ImageObject\",\"inLanguage\":\"pt-BR\",\"@id\":\"https:\\\/\\\/folhapopular.info\\\/index.php\\\/2017\\\/12\\\/09\\\/projeto-da-creche-no-bom-pastor-e-finalizado-e-encaminhado-para-fase-de-licitacao\\\/#primaryimage\",\"url\":\"https:\\\/\\\/folhapopular.info\\\/wp-content\\\/uploads\\\/2017\\\/06\\\/Not\u00edcias_SITE-1-e1543404686907.jpg\",\"contentUrl\":\"https:\\\/\\\/folhapopular.info\\\/wp-content\\\/uploads\\\/2017\\\/06\\\/Not\u00edcias_SITE-1-e1543404686907.jpg\",\"width\":800,\"height\":514,\"caption\":\"Cadastro reserva ser\u00e1 para cinco \u00e1reas de atua\u00e7\u00e3o nas salas de aula\"},{\"@type\":\"BreadcrumbList\",\"@id\":\"https:\\\/\\\/folhapopular.info\\\/index.php\\\/2017\\\/12\\\/09\\\/projeto-da-creche-no-bom-pastor-e-finalizado-e-encaminhado-para-fase-de-licitacao\\\/#breadcrumb\",\"itemListElement\":[{\"@type\":\"ListItem\",\"position\":1,\"name\":\"In\u00edcio\",\"item\":\"https:\\\/\\\/folhapopular.info\\\/\"},{\"@type\":\"ListItem\",\"position\":2,\"name\":\"Projeto da creche no Bom Pastor \u00e9 finalizado e encaminhado para fase de licita\u00e7\u00e3o\"}]},{\"@type\":\"WebSite\",\"@id\":\"https:\\\/\\\/folhapopular.info\\\/#website\",\"url\":\"https:\\\/\\\/folhapopular.info\\\/\",\"name\":\"Folha Popular\",\"description\":\"Onde voc\u00ea tem vez e voz\",\"potentialAction\":[{\"@type\":\"SearchAction\",\"target\":{\"@type\":\"EntryPoint\",\"urlTemplate\":\"https:\\\/\\\/folhapopular.info\\\/?s={search_term_string}\"},\"query-input\":{\"@type\":\"PropertyValueSpecification\",\"valueRequired\":true,\"valueName\":\"search_term_string\"}}],\"inLanguage\":\"pt-BR\"},{\"@type\":\"Person\",\"@id\":\"https:\\\/\\\/folhapopular.info\\\/#\\\/schema\\\/person\\\/2814e8a0df7643585a9ca38bc6eb9d4b\",\"name\":\"Reda\u00e7\u00e3o Folha Popular\",\"image\":{\"@type\":\"ImageObject\",\"inLanguage\":\"pt-BR\",\"@id\":\"https:\\\/\\\/folhapopular.info\\\/wp-content\\\/uploads\\\/2026\\\/04\\\/Folha-1.webp\",\"url\":\"https:\\\/\\\/folhapopular.info\\\/wp-content\\\/uploads\\\/2026\\\/04\\\/Folha-1.webp\",\"contentUrl\":\"https:\\\/\\\/folhapopular.info\\\/wp-content\\\/uploads\\\/2026\\\/04\\\/Folha-1.webp\",\"caption\":\"Reda\u00e7\u00e3o Folha Popular\"},\"url\":\"https:\\\/\\\/folhapopular.info\\\/index.php\\\/author\\\/redacao\\\/\"}]}<\/script>\n<!-- \/ Yoast SEO plugin. -->","yoast_head_json":{"title":"Projeto da creche no Bom Pastor \u00e9 finalizado e encaminhado para fase de licita\u00e7\u00e3o - Folha Popular","robots":{"index":"index","follow":"follow","max-snippet":"max-snippet:-1","max-image-preview":"max-image-preview:large","max-video-preview":"max-video-preview:-1"},"canonical":"https:\/\/folhapopular.info\/index.php\/2017\/12\/09\/projeto-da-creche-no-bom-pastor-e-finalizado-e-encaminhado-para-fase-de-licitacao\/","og_locale":"pt_BR","og_type":"article","og_title":"Projeto da creche no Bom Pastor \u00e9 finalizado e encaminhado para fase de licita\u00e7\u00e3o - Folha Popular","og_description":"A Prefeitura de Lajeado finalizou o projeto da constru\u00e7\u00e3o de uma Escola Municipal de Educa\u00e7\u00e3o Infantil (EMEI) no Bairro Bom Pastor e encaminhou os documentos para dar in\u00edcio \u00e0 fase de licita\u00e7\u00e3o. A escola ser\u00e1 constru\u00edda na Rua Eug\u00eania Mello de Oliveira Kirchheim e abrir\u00e1\u00a0188 vagas, em turno integral, para crian\u00e7as de at\u00e9 cinco anos [&hellip;]","og_url":"https:\/\/folhapopular.info\/index.php\/2017\/12\/09\/projeto-da-creche-no-bom-pastor-e-finalizado-e-encaminhado-para-fase-de-licitacao\/","og_site_name":"Folha Popular","article_published_time":"2017-12-09T10:00:28+00:00","og_image":[{"width":800,"height":514,"url":"https:\/\/folhapopular.info\/wp-content\/uploads\/2017\/06\/Not\u00edcias_SITE-1-e1543404686907.jpg","type":"image\/jpeg"}],"author":"Reda\u00e7\u00e3o Folha Popular","twitter_card":"summary_large_image","twitter_misc":{"Escrito por":"Reda\u00e7\u00e3o Folha Popular","Est. tempo de leitura":"2 minutos"},"schema":{"@context":"https:\/\/schema.org","@graph":[{"@type":"Article","@id":"https:\/\/folhapopular.info\/index.php\/2017\/12\/09\/projeto-da-creche-no-bom-pastor-e-finalizado-e-encaminhado-para-fase-de-licitacao\/#article","isPartOf":{"@id":"https:\/\/folhapopular.info\/index.php\/2017\/12\/09\/projeto-da-creche-no-bom-pastor-e-finalizado-e-encaminhado-para-fase-de-licitacao\/"},"author":{"name":"Reda\u00e7\u00e3o Folha Popular","@id":"https:\/\/folhapopular.info\/#\/schema\/person\/2814e8a0df7643585a9ca38bc6eb9d4b"},"headline":"Projeto da creche no Bom Pastor \u00e9 finalizado e encaminhado para fase de licita\u00e7\u00e3o","datePublished":"2017-12-09T10:00:28+00:00","mainEntityOfPage":{"@id":"https:\/\/folhapopular.info\/index.php\/2017\/12\/09\/projeto-da-creche-no-bom-pastor-e-finalizado-e-encaminhado-para-fase-de-licitacao\/"},"wordCount":395,"commentCount":0,"image":{"@id":"https:\/\/folhapopular.info\/index.php\/2017\/12\/09\/projeto-da-creche-no-bom-pastor-e-finalizado-e-encaminhado-para-fase-de-licitacao\/#primaryimage"},"thumbnailUrl":"https:\/\/folhapopular.info\/wp-content\/uploads\/2017\/06\/Not\u00edcias_SITE-1-e1543404686907.jpg","keywords":["Bom Pastor","Creche","Lajeado","Projeto"],"articleSection":["Geral"],"inLanguage":"pt-BR","potentialAction":[{"@type":"CommentAction","name":"Comment","target":["https:\/\/folhapopular.info\/index.php\/2017\/12\/09\/projeto-da-creche-no-bom-pastor-e-finalizado-e-encaminhado-para-fase-de-licitacao\/#respond"]}]},{"@type":"WebPage","@id":"https:\/\/folhapopular.info\/index.php\/2017\/12\/09\/projeto-da-creche-no-bom-pastor-e-finalizado-e-encaminhado-para-fase-de-licitacao\/","url":"https:\/\/folhapopular.info\/index.php\/2017\/12\/09\/projeto-da-creche-no-bom-pastor-e-finalizado-e-encaminhado-para-fase-de-licitacao\/","name":"Projeto da creche no Bom Pastor \u00e9 finalizado e encaminhado para fase de licita\u00e7\u00e3o - Folha Popular","isPartOf":{"@id":"https:\/\/folhapopular.info\/#website"},"primaryImageOfPage":{"@id":"https:\/\/folhapopular.info\/index.php\/2017\/12\/09\/projeto-da-creche-no-bom-pastor-e-finalizado-e-encaminhado-para-fase-de-licitacao\/#primaryimage"},"image":{"@id":"https:\/\/folhapopular.info\/index.php\/2017\/12\/09\/projeto-da-creche-no-bom-pastor-e-finalizado-e-encaminhado-para-fase-de-licitacao\/#primaryimage"},"thumbnailUrl":"https:\/\/folhapopular.info\/wp-content\/uploads\/2017\/06\/Not\u00edcias_SITE-1-e1543404686907.jpg","datePublished":"2017-12-09T10:00:28+00:00","author":{"@id":"https:\/\/folhapopular.info\/#\/schema\/person\/2814e8a0df7643585a9ca38bc6eb9d4b"},"breadcrumb":{"@id":"https:\/\/folhapopular.info\/index.php\/2017\/12\/09\/projeto-da-creche-no-bom-pastor-e-finalizado-e-encaminhado-para-fase-de-licitacao\/#breadcrumb"},"inLanguage":"pt-BR","potentialAction":[{"@type":"ReadAction","target":["https:\/\/folhapopular.info\/index.php\/2017\/12\/09\/projeto-da-creche-no-bom-pastor-e-finalizado-e-encaminhado-para-fase-de-licitacao\/"]}]},{"@type":"ImageObject","inLanguage":"pt-BR","@id":"https:\/\/folhapopular.info\/index.php\/2017\/12\/09\/projeto-da-creche-no-bom-pastor-e-finalizado-e-encaminhado-para-fase-de-licitacao\/#primaryimage","url":"https:\/\/folhapopular.info\/wp-content\/uploads\/2017\/06\/Not\u00edcias_SITE-1-e1543404686907.jpg","contentUrl":"https:\/\/folhapopular.info\/wp-content\/uploads\/2017\/06\/Not\u00edcias_SITE-1-e1543404686907.jpg","width":800,"height":514,"caption":"Cadastro reserva ser\u00e1 para cinco \u00e1reas de atua\u00e7\u00e3o nas salas de aula"},{"@type":"BreadcrumbList","@id":"https:\/\/folhapopular.info\/index.php\/2017\/12\/09\/projeto-da-creche-no-bom-pastor-e-finalizado-e-encaminhado-para-fase-de-licitacao\/#breadcrumb","itemListElement":[{"@type":"ListItem","position":1,"name":"In\u00edcio","item":"https:\/\/folhapopular.info\/"},{"@type":"ListItem","position":2,"name":"Projeto da creche no Bom Pastor \u00e9 finalizado e encaminhado para fase de licita\u00e7\u00e3o"}]},{"@type":"WebSite","@id":"https:\/\/folhapopular.info\/#website","url":"https:\/\/folhapopular.info\/","name":"Folha Popular","description":"Onde voc\u00ea tem vez e voz","potentialAction":[{"@type":"SearchAction","target":{"@type":"EntryPoint","urlTemplate":"https:\/\/folhapopular.info\/?s={search_term_string}"},"query-input":{"@type":"PropertyValueSpecification","valueRequired":true,"valueName":"search_term_string"}}],"inLanguage":"pt-BR"},{"@type":"Person","@id":"https:\/\/folhapopular.info\/#\/schema\/person\/2814e8a0df7643585a9ca38bc6eb9d4b","name":"Reda\u00e7\u00e3o Folha Popular","image":{"@type":"ImageObject","inLanguage":"pt-BR","@id":"https:\/\/folhapopular.info\/wp-content\/uploads\/2026\/04\/Folha-1.webp","url":"https:\/\/folhapopular.info\/wp-content\/uploads\/2026\/04\/Folha-1.webp","contentUrl":"https:\/\/folhapopular.info\/wp-content\/uploads\/2026\/04\/Folha-1.webp","caption":"Reda\u00e7\u00e3o Folha Popular"},"url":"https:\/\/folhapopular.info\/index.php\/author\/redacao\/"}]}},"jetpack_featured_media_url":"https:\/\/folhapopular.info\/wp-content\/uploads\/2017\/06\/Not\u00edcias_SITE-1-e1543404686907.jpg","jetpack_sharing_enabled":true,"amp_enabled":true,"_links":{"self":[{"href":"https:\/\/folhapopular.info\/index.php\/wp-json\/wp\/v2\/posts\/38446","targetHints":{"allow":["GET"]}}],"collection":[{"href":"https:\/\/folhapopular.info\/index.php\/wp-json\/wp\/v2\/posts"}],"about":[{"href":"https:\/\/folhapopular.info\/index.php\/wp-json\/wp\/v2\/types\/post"}],"author":[{"embeddable":true,"href":"https:\/\/folhapopular.info\/index.php\/wp-json\/wp\/v2\/users\/8"}],"replies":[{"embeddable":true,"href":"https:\/\/folhapopular.info\/index.php\/wp-json\/wp\/v2\/comments?post=38446"}],"version-history":[{"count":0,"href":"https:\/\/folhapopular.info\/index.php\/wp-json\/wp\/v2\/posts\/38446\/revisions"}],"wp:featuredmedia":[{"embeddable":true,"href":"https:\/\/folhapopular.info\/index.php\/wp-json\/wp\/v2\/media\/31867"}],"wp:attachment":[{"href":"https:\/\/folhapopular.info\/index.php\/wp-json\/wp\/v2\/media?parent=38446"}],"wp:term":[{"taxonomy":"category","embeddable":true,"href":"https:\/\/folhapopular.info\/index.php\/wp-json\/wp\/v2\/categories?post=38446"},{"taxonomy":"post_tag","embeddable":true,"href":"https:\/\/folhapopular.info\/index.php\/wp-json\/wp\/v2\/tags?post=38446"}],"curies":[{"name":"wp","href":"https:\/\/api.w.org\/{rel}","templated":true}]}}