{"id":38616,"date":"2017-12-14T09:00:39","date_gmt":"2017-12-14T11:00:39","guid":{"rendered":"http:\/\/folhapopular.info\/?p=38616"},"modified":"2017-12-14T08:16:49","modified_gmt":"2017-12-14T10:16:49","slug":"tratamento-do-chorume-do-aterro-sanitario-ja-e-uma-realidade-em-lajeado","status":"publish","type":"post","link":"https:\/\/folhapopular.info\/index.php\/2017\/12\/14\/tratamento-do-chorume-do-aterro-sanitario-ja-e-uma-realidade-em-lajeado\/","title":{"rendered":"Tratamento do chorume\u00a0do aterro sanit\u00e1rio\u00a0j\u00e1 \u00e9 uma realidade em Lajeado"},"content":{"rendered":"<p>A Prefeitura de Lajeado, atrav\u00e9s da Secretaria do Meio Ambiente (Sema), apresentou nesta quarta-feira (13\/11), o processo de tratamento do chorume proveniente do aterro sanit\u00e1rio do munic\u00edpio, instalado no Bairro Conventos. A\u00a0explica\u00e7\u00e3o\u00a0dos processos\u00a0foi feita pelo engenheiro qu\u00edmico Ant\u00f4nio Mallmann, respons\u00e1vel t\u00e9cnico da empresa M2K, contratada pelo munic\u00edpio para resolu\u00e7\u00e3o do problema\u00a0do chorume que n\u00e3o vinha sendo tratado. Acompanhados de jornalistas, servidores da Sema, e funcion\u00e1rios da empresa M2K, o prefeito de Lajeado, Marcelo Caumo, e o titular da Sema, Luis Benoitt, acompanharam a apresenta\u00e7\u00e3o.<\/p>\n<p>Conforme Benoitt, a empresa foi contratada de modo emergencial para resolu\u00e7\u00e3o do problema do chorume que n\u00e3o era tratado. \u201cEm dias de chuva, as lagoas transbordavam e o chorume atingia um afluente do Arroio Saraqu\u00e1\u201d, relata Benoitt. O secret\u00e1rio destaca que o custo da opera\u00e7\u00e3o contratada pelo munic\u00edpio \u00e9 de R$ 60,00 por m\u00b3 de poluente tratado. \u201cFoi o melhor custo benef\u00edcio encontrado, j\u00e1 que pesquisamos outros processos que chegavam ao valor de 150 reais por metro c\u00fabico\u00a0bruto que seria destinado a Canoas\u201d,\u00a0explica\u00a0o secret\u00e1rio.\u00a0Ele salienta, inclusive, que resultados anal\u00edticos apontam \u00edndices de poluentes muito abaixo do que a legisla\u00e7\u00e3o exige para o tratamento do chorume.<\/p>\n<figure id=\"attachment_38618\" aria-describedby=\"caption-attachment-38618\" style=\"width: 300px\" class=\"wp-caption alignleft\"><img loading=\"lazy\" decoding=\"async\" class=\"size-medium wp-image-38618\" src=\"https:\/\/folhapopular.info\/wp-content\/uploads\/2017\/12\/Augusto-Mallmann-respons\u00e1vel-t\u00e9cnico-da-empresa-M2K-300x200.jpg\" alt=\"\" width=\"300\" height=\"200\" \/><figcaption id=\"caption-attachment-38618\" class=\"wp-caption-text\">Engenheiro qu\u00edmico Ant\u00f4nio Mallmann explicou sobre os processos que envolvem o tratamento do chorume<\/figcaption><\/figure>\n<p>Conforme Mallmann,\u00a0a planta de tratamento do poluente foi inspirada em tecnologias alem\u00e3 e canadense, sendo um projeto h\u00edbrido que contempla o melhor de cada uma das tecnologias. Segundo Mallmann, o\u00a0tratamento de 25 mil litros de\u00a0chorume\u00a0se d\u00e1 em um per\u00edodo de 8 a 10 horas,\u00a0denominado batelada,\u00a0e\u00a0se divide em quatro etapas. A primeira delas consiste no\u00a0stripping\u00a0de am\u00f4nia, ou seja,\u00a0quando\u00a0a am\u00f4nia\u00a0\u00e9 removida atrav\u00e9s da aera\u00e7\u00e3o,\u00a0evaporando\u00a0para a atmosfera. A segunda etapa consiste na remo\u00e7\u00e3o f\u00edsico qu\u00edmica dos contaminantes s\u00f3lidos por meio da decanta\u00e7\u00e3o. Nessa etapa, se obt\u00e9m a clarifica\u00e7\u00e3o da \u00e1gua, que tamb\u00e9m perde o cheiro. J\u00e1 a terceira etapa separa, por meio de membrana, a \u00e1gua limpa dos res\u00edduos s\u00f3lidos. Na quarta etapa, ocorre a prenssagem do lodo proveniente das primeiras tr\u00eas etapas do tratamento. Ao retirar\u00a0toda\u00a0\u00e1gua do\u00a0lodo, ele pode ser devolvido ao aterro sanit\u00e1rio e a \u00e1gua tratada destinada para o afluente do Arroio Saraqu\u00e1. De acordo com Mallmann, a planta instalada para tratamento do chorume em Lajeado \u00e9 uma das poucas plantas p\u00fablicas existentes em todo pa\u00eds. A estrutura foi instalada em agosto deste ano e a opera\u00e7\u00e3o foi iniciada ainda em setembro.<\/p>\n","protected":false},"excerpt":{"rendered":"<p>A Prefeitura de Lajeado, atrav\u00e9s da Secretaria do Meio Ambiente (Sema), apresentou nesta quarta-feira (13\/11), o processo de tratamento do chorume proveniente do aterro sanit\u00e1rio do munic\u00edpio, instalado no Bairro Conventos. A\u00a0explica\u00e7\u00e3o\u00a0dos processos\u00a0foi feita pelo engenheiro qu\u00edmico Ant\u00f4nio Mallmann, respons\u00e1vel t\u00e9cnico da empresa M2K, contratada pelo munic\u00edpio para resolu\u00e7\u00e3o do problema\u00a0do chorume que n\u00e3o vinha [&hellip;]<\/p>\n","protected":false},"author":8,"featured_media":38617,"comment_status":"open","ping_status":"open","sticky":false,"template":"","format":"standard","meta":{"pmpro_default_level":"","_jetpack_memberships_contains_paid_content":false,"footnotes":""},"categories":[2,3],"tags":[433,27,1749],"class_list":{"0":"post-38616","1":"post","2":"type-post","3":"status-publish","4":"format-standard","5":"has-post-thumbnail","7":"category-featured","8":"category-geral","9":"tag-aterro-sanitario","10":"tag-lajeado","11":"tag-tratamento-de-chorume","12":"pmpro-has-access"},"yoast_head":"<!-- This site is optimized with the Yoast SEO plugin v27.5 - https:\/\/yoast.com\/product\/yoast-seo-wordpress\/ -->\n<title>Tratamento do chorume\u00a0do aterro sanit\u00e1rio\u00a0j\u00e1 \u00e9 uma realidade em Lajeado - Folha Popular<\/title>\n<meta name=\"robots\" content=\"index, follow, max-snippet:-1, max-image-preview:large, max-video-preview:-1\" \/>\n<link rel=\"canonical\" href=\"https:\/\/folhapopular.info\/index.php\/2017\/12\/14\/tratamento-do-chorume-do-aterro-sanitario-ja-e-uma-realidade-em-lajeado\/\" \/>\n<meta property=\"og:locale\" content=\"pt_BR\" \/>\n<meta property=\"og:type\" content=\"article\" \/>\n<meta property=\"og:title\" content=\"Tratamento do chorume\u00a0do aterro sanit\u00e1rio\u00a0j\u00e1 \u00e9 uma realidade em Lajeado - Folha Popular\" \/>\n<meta property=\"og:description\" content=\"A Prefeitura de Lajeado, atrav\u00e9s da Secretaria do Meio Ambiente (Sema), apresentou nesta quarta-feira (13\/11), o processo de tratamento do chorume proveniente do aterro sanit\u00e1rio do munic\u00edpio, instalado no Bairro Conventos. A\u00a0explica\u00e7\u00e3o\u00a0dos processos\u00a0foi feita pelo engenheiro qu\u00edmico Ant\u00f4nio Mallmann, respons\u00e1vel t\u00e9cnico da empresa M2K, contratada pelo munic\u00edpio para resolu\u00e7\u00e3o do problema\u00a0do chorume que n\u00e3o vinha [&hellip;]\" \/>\n<meta property=\"og:url\" content=\"https:\/\/folhapopular.info\/index.php\/2017\/12\/14\/tratamento-do-chorume-do-aterro-sanitario-ja-e-uma-realidade-em-lajeado\/\" \/>\n<meta property=\"og:site_name\" content=\"Folha Popular\" \/>\n<meta property=\"article:published_time\" content=\"2017-12-14T11:00:39+00:00\" \/>\n<meta property=\"og:image\" content=\"https:\/\/folhapopular.info\/wp-content\/uploads\/2017\/12\/Planta-da-esta\u00e7\u00e3o-de-tratamento-de-chorume-e1513246574472.jpg\" \/>\n\t<meta property=\"og:image:width\" content=\"1000\" \/>\n\t<meta property=\"og:image:height\" content=\"667\" \/>\n\t<meta property=\"og:image:type\" content=\"image\/jpeg\" \/>\n<meta name=\"author\" content=\"Reda\u00e7\u00e3o Folha Popular\" \/>\n<meta name=\"twitter:card\" content=\"summary_large_image\" \/>\n<meta name=\"twitter:label1\" content=\"Escrito por\" \/>\n\t<meta name=\"twitter:data1\" content=\"Reda\u00e7\u00e3o Folha Popular\" \/>\n\t<meta name=\"twitter:label2\" content=\"Est. tempo de leitura\" \/>\n\t<meta name=\"twitter:data2\" content=\"2 minutos\" \/>\n<script type=\"application\/ld+json\" class=\"yoast-schema-graph\">{\"@context\":\"https:\\\/\\\/schema.org\",\"@graph\":[{\"@type\":\"Article\",\"@id\":\"https:\\\/\\\/folhapopular.info\\\/index.php\\\/2017\\\/12\\\/14\\\/tratamento-do-chorume-do-aterro-sanitario-ja-e-uma-realidade-em-lajeado\\\/#article\",\"isPartOf\":{\"@id\":\"https:\\\/\\\/folhapopular.info\\\/index.php\\\/2017\\\/12\\\/14\\\/tratamento-do-chorume-do-aterro-sanitario-ja-e-uma-realidade-em-lajeado\\\/\"},\"author\":{\"name\":\"Reda\u00e7\u00e3o Folha Popular\",\"@id\":\"https:\\\/\\\/folhapopular.info\\\/#\\\/schema\\\/person\\\/2814e8a0df7643585a9ca38bc6eb9d4b\"},\"headline\":\"Tratamento do chorume\u00a0do aterro sanit\u00e1rio\u00a0j\u00e1 \u00e9 uma realidade em Lajeado\",\"datePublished\":\"2017-12-14T11:00:39+00:00\",\"mainEntityOfPage\":{\"@id\":\"https:\\\/\\\/folhapopular.info\\\/index.php\\\/2017\\\/12\\\/14\\\/tratamento-do-chorume-do-aterro-sanitario-ja-e-uma-realidade-em-lajeado\\\/\"},\"wordCount\":468,\"commentCount\":0,\"image\":{\"@id\":\"https:\\\/\\\/folhapopular.info\\\/index.php\\\/2017\\\/12\\\/14\\\/tratamento-do-chorume-do-aterro-sanitario-ja-e-uma-realidade-em-lajeado\\\/#primaryimage\"},\"thumbnailUrl\":\"https:\\\/\\\/folhapopular.info\\\/wp-content\\\/uploads\\\/2017\\\/12\\\/Planta-da-esta\u00e7\u00e3o-de-tratamento-de-chorume-e1513246574472.jpg\",\"keywords\":[\"Aterro Sanit\u00e1rio\",\"Lajeado\",\"Tratamento de Chorume\"],\"articleSection\":[\"Destaques\",\"Geral\"],\"inLanguage\":\"pt-BR\",\"potentialAction\":[{\"@type\":\"CommentAction\",\"name\":\"Comment\",\"target\":[\"https:\\\/\\\/folhapopular.info\\\/index.php\\\/2017\\\/12\\\/14\\\/tratamento-do-chorume-do-aterro-sanitario-ja-e-uma-realidade-em-lajeado\\\/#respond\"]}]},{\"@type\":\"WebPage\",\"@id\":\"https:\\\/\\\/folhapopular.info\\\/index.php\\\/2017\\\/12\\\/14\\\/tratamento-do-chorume-do-aterro-sanitario-ja-e-uma-realidade-em-lajeado\\\/\",\"url\":\"https:\\\/\\\/folhapopular.info\\\/index.php\\\/2017\\\/12\\\/14\\\/tratamento-do-chorume-do-aterro-sanitario-ja-e-uma-realidade-em-lajeado\\\/\",\"name\":\"Tratamento do chorume\u00a0do aterro sanit\u00e1rio\u00a0j\u00e1 \u00e9 uma realidade em Lajeado - Folha Popular\",\"isPartOf\":{\"@id\":\"https:\\\/\\\/folhapopular.info\\\/#website\"},\"primaryImageOfPage\":{\"@id\":\"https:\\\/\\\/folhapopular.info\\\/index.php\\\/2017\\\/12\\\/14\\\/tratamento-do-chorume-do-aterro-sanitario-ja-e-uma-realidade-em-lajeado\\\/#primaryimage\"},\"image\":{\"@id\":\"https:\\\/\\\/folhapopular.info\\\/index.php\\\/2017\\\/12\\\/14\\\/tratamento-do-chorume-do-aterro-sanitario-ja-e-uma-realidade-em-lajeado\\\/#primaryimage\"},\"thumbnailUrl\":\"https:\\\/\\\/folhapopular.info\\\/wp-content\\\/uploads\\\/2017\\\/12\\\/Planta-da-esta\u00e7\u00e3o-de-tratamento-de-chorume-e1513246574472.jpg\",\"datePublished\":\"2017-12-14T11:00:39+00:00\",\"author\":{\"@id\":\"https:\\\/\\\/folhapopular.info\\\/#\\\/schema\\\/person\\\/2814e8a0df7643585a9ca38bc6eb9d4b\"},\"breadcrumb\":{\"@id\":\"https:\\\/\\\/folhapopular.info\\\/index.php\\\/2017\\\/12\\\/14\\\/tratamento-do-chorume-do-aterro-sanitario-ja-e-uma-realidade-em-lajeado\\\/#breadcrumb\"},\"inLanguage\":\"pt-BR\",\"potentialAction\":[{\"@type\":\"ReadAction\",\"target\":[\"https:\\\/\\\/folhapopular.info\\\/index.php\\\/2017\\\/12\\\/14\\\/tratamento-do-chorume-do-aterro-sanitario-ja-e-uma-realidade-em-lajeado\\\/\"]}]},{\"@type\":\"ImageObject\",\"inLanguage\":\"pt-BR\",\"@id\":\"https:\\\/\\\/folhapopular.info\\\/index.php\\\/2017\\\/12\\\/14\\\/tratamento-do-chorume-do-aterro-sanitario-ja-e-uma-realidade-em-lajeado\\\/#primaryimage\",\"url\":\"https:\\\/\\\/folhapopular.info\\\/wp-content\\\/uploads\\\/2017\\\/12\\\/Planta-da-esta\u00e7\u00e3o-de-tratamento-de-chorume-e1513246574472.jpg\",\"contentUrl\":\"https:\\\/\\\/folhapopular.info\\\/wp-content\\\/uploads\\\/2017\\\/12\\\/Planta-da-esta\u00e7\u00e3o-de-tratamento-de-chorume-e1513246574472.jpg\",\"width\":1000,\"height\":667,\"caption\":\"Planta da esta\u00e7\u00e3o de tratamento foi montada em agosto e opera\u00e7\u00e3o iniciada em setembro deste ano\"},{\"@type\":\"BreadcrumbList\",\"@id\":\"https:\\\/\\\/folhapopular.info\\\/index.php\\\/2017\\\/12\\\/14\\\/tratamento-do-chorume-do-aterro-sanitario-ja-e-uma-realidade-em-lajeado\\\/#breadcrumb\",\"itemListElement\":[{\"@type\":\"ListItem\",\"position\":1,\"name\":\"In\u00edcio\",\"item\":\"https:\\\/\\\/folhapopular.info\\\/\"},{\"@type\":\"ListItem\",\"position\":2,\"name\":\"Tratamento do chorume\u00a0do aterro sanit\u00e1rio\u00a0j\u00e1 \u00e9 uma realidade em Lajeado\"}]},{\"@type\":\"WebSite\",\"@id\":\"https:\\\/\\\/folhapopular.info\\\/#website\",\"url\":\"https:\\\/\\\/folhapopular.info\\\/\",\"name\":\"Folha Popular\",\"description\":\"Onde voc\u00ea tem vez e voz\",\"potentialAction\":[{\"@type\":\"SearchAction\",\"target\":{\"@type\":\"EntryPoint\",\"urlTemplate\":\"https:\\\/\\\/folhapopular.info\\\/?s={search_term_string}\"},\"query-input\":{\"@type\":\"PropertyValueSpecification\",\"valueRequired\":true,\"valueName\":\"search_term_string\"}}],\"inLanguage\":\"pt-BR\"},{\"@type\":\"Person\",\"@id\":\"https:\\\/\\\/folhapopular.info\\\/#\\\/schema\\\/person\\\/2814e8a0df7643585a9ca38bc6eb9d4b\",\"name\":\"Reda\u00e7\u00e3o Folha Popular\",\"image\":{\"@type\":\"ImageObject\",\"inLanguage\":\"pt-BR\",\"@id\":\"https:\\\/\\\/folhapopular.info\\\/wp-content\\\/uploads\\\/2026\\\/04\\\/Folha-1.webp\",\"url\":\"https:\\\/\\\/folhapopular.info\\\/wp-content\\\/uploads\\\/2026\\\/04\\\/Folha-1.webp\",\"contentUrl\":\"https:\\\/\\\/folhapopular.info\\\/wp-content\\\/uploads\\\/2026\\\/04\\\/Folha-1.webp\",\"caption\":\"Reda\u00e7\u00e3o Folha Popular\"},\"url\":\"https:\\\/\\\/folhapopular.info\\\/index.php\\\/author\\\/redacao\\\/\"}]}<\/script>\n<!-- \/ Yoast SEO plugin. -->","yoast_head_json":{"title":"Tratamento do chorume\u00a0do aterro sanit\u00e1rio\u00a0j\u00e1 \u00e9 uma realidade em Lajeado - Folha Popular","robots":{"index":"index","follow":"follow","max-snippet":"max-snippet:-1","max-image-preview":"max-image-preview:large","max-video-preview":"max-video-preview:-1"},"canonical":"https:\/\/folhapopular.info\/index.php\/2017\/12\/14\/tratamento-do-chorume-do-aterro-sanitario-ja-e-uma-realidade-em-lajeado\/","og_locale":"pt_BR","og_type":"article","og_title":"Tratamento do chorume\u00a0do aterro sanit\u00e1rio\u00a0j\u00e1 \u00e9 uma realidade em Lajeado - Folha Popular","og_description":"A Prefeitura de Lajeado, atrav\u00e9s da Secretaria do Meio Ambiente (Sema), apresentou nesta quarta-feira (13\/11), o processo de tratamento do chorume proveniente do aterro sanit\u00e1rio do munic\u00edpio, instalado no Bairro Conventos. A\u00a0explica\u00e7\u00e3o\u00a0dos processos\u00a0foi feita pelo engenheiro qu\u00edmico Ant\u00f4nio Mallmann, respons\u00e1vel t\u00e9cnico da empresa M2K, contratada pelo munic\u00edpio para resolu\u00e7\u00e3o do problema\u00a0do chorume que n\u00e3o vinha [&hellip;]","og_url":"https:\/\/folhapopular.info\/index.php\/2017\/12\/14\/tratamento-do-chorume-do-aterro-sanitario-ja-e-uma-realidade-em-lajeado\/","og_site_name":"Folha Popular","article_published_time":"2017-12-14T11:00:39+00:00","og_image":[{"width":1000,"height":667,"url":"https:\/\/folhapopular.info\/wp-content\/uploads\/2017\/12\/Planta-da-esta\u00e7\u00e3o-de-tratamento-de-chorume-e1513246574472.jpg","type":"image\/jpeg"}],"author":"Reda\u00e7\u00e3o Folha Popular","twitter_card":"summary_large_image","twitter_misc":{"Escrito por":"Reda\u00e7\u00e3o Folha Popular","Est. tempo de leitura":"2 minutos"},"schema":{"@context":"https:\/\/schema.org","@graph":[{"@type":"Article","@id":"https:\/\/folhapopular.info\/index.php\/2017\/12\/14\/tratamento-do-chorume-do-aterro-sanitario-ja-e-uma-realidade-em-lajeado\/#article","isPartOf":{"@id":"https:\/\/folhapopular.info\/index.php\/2017\/12\/14\/tratamento-do-chorume-do-aterro-sanitario-ja-e-uma-realidade-em-lajeado\/"},"author":{"name":"Reda\u00e7\u00e3o Folha Popular","@id":"https:\/\/folhapopular.info\/#\/schema\/person\/2814e8a0df7643585a9ca38bc6eb9d4b"},"headline":"Tratamento do chorume\u00a0do aterro sanit\u00e1rio\u00a0j\u00e1 \u00e9 uma realidade em Lajeado","datePublished":"2017-12-14T11:00:39+00:00","mainEntityOfPage":{"@id":"https:\/\/folhapopular.info\/index.php\/2017\/12\/14\/tratamento-do-chorume-do-aterro-sanitario-ja-e-uma-realidade-em-lajeado\/"},"wordCount":468,"commentCount":0,"image":{"@id":"https:\/\/folhapopular.info\/index.php\/2017\/12\/14\/tratamento-do-chorume-do-aterro-sanitario-ja-e-uma-realidade-em-lajeado\/#primaryimage"},"thumbnailUrl":"https:\/\/folhapopular.info\/wp-content\/uploads\/2017\/12\/Planta-da-esta\u00e7\u00e3o-de-tratamento-de-chorume-e1513246574472.jpg","keywords":["Aterro Sanit\u00e1rio","Lajeado","Tratamento de Chorume"],"articleSection":["Destaques","Geral"],"inLanguage":"pt-BR","potentialAction":[{"@type":"CommentAction","name":"Comment","target":["https:\/\/folhapopular.info\/index.php\/2017\/12\/14\/tratamento-do-chorume-do-aterro-sanitario-ja-e-uma-realidade-em-lajeado\/#respond"]}]},{"@type":"WebPage","@id":"https:\/\/folhapopular.info\/index.php\/2017\/12\/14\/tratamento-do-chorume-do-aterro-sanitario-ja-e-uma-realidade-em-lajeado\/","url":"https:\/\/folhapopular.info\/index.php\/2017\/12\/14\/tratamento-do-chorume-do-aterro-sanitario-ja-e-uma-realidade-em-lajeado\/","name":"Tratamento do chorume\u00a0do aterro sanit\u00e1rio\u00a0j\u00e1 \u00e9 uma realidade em Lajeado - Folha Popular","isPartOf":{"@id":"https:\/\/folhapopular.info\/#website"},"primaryImageOfPage":{"@id":"https:\/\/folhapopular.info\/index.php\/2017\/12\/14\/tratamento-do-chorume-do-aterro-sanitario-ja-e-uma-realidade-em-lajeado\/#primaryimage"},"image":{"@id":"https:\/\/folhapopular.info\/index.php\/2017\/12\/14\/tratamento-do-chorume-do-aterro-sanitario-ja-e-uma-realidade-em-lajeado\/#primaryimage"},"thumbnailUrl":"https:\/\/folhapopular.info\/wp-content\/uploads\/2017\/12\/Planta-da-esta\u00e7\u00e3o-de-tratamento-de-chorume-e1513246574472.jpg","datePublished":"2017-12-14T11:00:39+00:00","author":{"@id":"https:\/\/folhapopular.info\/#\/schema\/person\/2814e8a0df7643585a9ca38bc6eb9d4b"},"breadcrumb":{"@id":"https:\/\/folhapopular.info\/index.php\/2017\/12\/14\/tratamento-do-chorume-do-aterro-sanitario-ja-e-uma-realidade-em-lajeado\/#breadcrumb"},"inLanguage":"pt-BR","potentialAction":[{"@type":"ReadAction","target":["https:\/\/folhapopular.info\/index.php\/2017\/12\/14\/tratamento-do-chorume-do-aterro-sanitario-ja-e-uma-realidade-em-lajeado\/"]}]},{"@type":"ImageObject","inLanguage":"pt-BR","@id":"https:\/\/folhapopular.info\/index.php\/2017\/12\/14\/tratamento-do-chorume-do-aterro-sanitario-ja-e-uma-realidade-em-lajeado\/#primaryimage","url":"https:\/\/folhapopular.info\/wp-content\/uploads\/2017\/12\/Planta-da-esta\u00e7\u00e3o-de-tratamento-de-chorume-e1513246574472.jpg","contentUrl":"https:\/\/folhapopular.info\/wp-content\/uploads\/2017\/12\/Planta-da-esta\u00e7\u00e3o-de-tratamento-de-chorume-e1513246574472.jpg","width":1000,"height":667,"caption":"Planta da esta\u00e7\u00e3o de tratamento foi montada em agosto e opera\u00e7\u00e3o iniciada em setembro deste ano"},{"@type":"BreadcrumbList","@id":"https:\/\/folhapopular.info\/index.php\/2017\/12\/14\/tratamento-do-chorume-do-aterro-sanitario-ja-e-uma-realidade-em-lajeado\/#breadcrumb","itemListElement":[{"@type":"ListItem","position":1,"name":"In\u00edcio","item":"https:\/\/folhapopular.info\/"},{"@type":"ListItem","position":2,"name":"Tratamento do chorume\u00a0do aterro sanit\u00e1rio\u00a0j\u00e1 \u00e9 uma realidade em Lajeado"}]},{"@type":"WebSite","@id":"https:\/\/folhapopular.info\/#website","url":"https:\/\/folhapopular.info\/","name":"Folha Popular","description":"Onde voc\u00ea tem vez e voz","potentialAction":[{"@type":"SearchAction","target":{"@type":"EntryPoint","urlTemplate":"https:\/\/folhapopular.info\/?s={search_term_string}"},"query-input":{"@type":"PropertyValueSpecification","valueRequired":true,"valueName":"search_term_string"}}],"inLanguage":"pt-BR"},{"@type":"Person","@id":"https:\/\/folhapopular.info\/#\/schema\/person\/2814e8a0df7643585a9ca38bc6eb9d4b","name":"Reda\u00e7\u00e3o Folha Popular","image":{"@type":"ImageObject","inLanguage":"pt-BR","@id":"https:\/\/folhapopular.info\/wp-content\/uploads\/2026\/04\/Folha-1.webp","url":"https:\/\/folhapopular.info\/wp-content\/uploads\/2026\/04\/Folha-1.webp","contentUrl":"https:\/\/folhapopular.info\/wp-content\/uploads\/2026\/04\/Folha-1.webp","caption":"Reda\u00e7\u00e3o Folha Popular"},"url":"https:\/\/folhapopular.info\/index.php\/author\/redacao\/"}]}},"jetpack_featured_media_url":"https:\/\/folhapopular.info\/wp-content\/uploads\/2017\/12\/Planta-da-esta\u00e7\u00e3o-de-tratamento-de-chorume-e1513246574472.jpg","jetpack_sharing_enabled":true,"amp_enabled":true,"_links":{"self":[{"href":"https:\/\/folhapopular.info\/index.php\/wp-json\/wp\/v2\/posts\/38616","targetHints":{"allow":["GET"]}}],"collection":[{"href":"https:\/\/folhapopular.info\/index.php\/wp-json\/wp\/v2\/posts"}],"about":[{"href":"https:\/\/folhapopular.info\/index.php\/wp-json\/wp\/v2\/types\/post"}],"author":[{"embeddable":true,"href":"https:\/\/folhapopular.info\/index.php\/wp-json\/wp\/v2\/users\/8"}],"replies":[{"embeddable":true,"href":"https:\/\/folhapopular.info\/index.php\/wp-json\/wp\/v2\/comments?post=38616"}],"version-history":[{"count":0,"href":"https:\/\/folhapopular.info\/index.php\/wp-json\/wp\/v2\/posts\/38616\/revisions"}],"wp:featuredmedia":[{"embeddable":true,"href":"https:\/\/folhapopular.info\/index.php\/wp-json\/wp\/v2\/media\/38617"}],"wp:attachment":[{"href":"https:\/\/folhapopular.info\/index.php\/wp-json\/wp\/v2\/media?parent=38616"}],"wp:term":[{"taxonomy":"category","embeddable":true,"href":"https:\/\/folhapopular.info\/index.php\/wp-json\/wp\/v2\/categories?post=38616"},{"taxonomy":"post_tag","embeddable":true,"href":"https:\/\/folhapopular.info\/index.php\/wp-json\/wp\/v2\/tags?post=38616"}],"curies":[{"name":"wp","href":"https:\/\/api.w.org\/{rel}","templated":true}]}}