{"id":38749,"date":"2017-12-18T09:00:16","date_gmt":"2017-12-18T11:00:16","guid":{"rendered":"http:\/\/folhapopular.info\/?p=38749"},"modified":"2017-12-18T08:42:23","modified_gmt":"2017-12-18T10:42:23","slug":"craques-solidarios-em-campo-na-univates","status":"publish","type":"post","link":"https:\/\/folhapopular.info\/index.php\/2017\/12\/18\/craques-solidarios-em-campo-na-univates\/","title":{"rendered":"Craques Solid\u00e1rios em campo na Univates"},"content":{"rendered":"<p>Quem esteve presente no Est\u00e1dio Ol\u00edmpico da Univates, na noite desta sexta-feira, dia 15, acompanhou um verdadeiro desfile de futebol arte. A 2\u00aa edi\u00e7\u00e3o do Craques Solid\u00e1rios trouxe a Lajeado grandes nomes do futebol brasileiro. Cerca de 30 atletas multicampe\u00f5es entraram em campo na busca de mais um t\u00edtulo: a solidariedade.<\/p>\n<p>Na escala\u00e7\u00e3o, um time digno de uma sele\u00e7\u00e3o. De um lado, a esperan\u00e7a, de azul, \u00a0com nomes como Brock, Jo\u00e3o Paulo, Anderson Polga, Dinho, Paulo Nunes e Danrlei. Na outra metade do gramado a solidariedade, de uniforme branco, estrelada pelos atletas Alem\u00e3o, Luis M\u00e1rio, Felipe Gedoz, Renato Teixeira e Cassiano.<\/p>\n<p>Al\u00e9m deles, o \u00e1rbitro Margarida deu toque ainda mais especial para o evento beneficiente. Com uma atua\u00e7\u00e3o irretoc\u00e1vel, o dono do apito arrancava gargalhadas do p\u00fablico a cada nova performance. Mas, o show n\u00e3o ficou apenas dentro das quatro linhas. Do lado de fora, o ex-camisa 10 da sele\u00e7\u00e3o brasileira, Zico, fazia a festa da torcida. Ao final da partida, Esperan\u00e7a 4 x 3 Solidariedade.<\/p>\n<p>Campe\u00e3o da Copa do Brasil pelo Gr\u00eamio em 2001, Luis M\u00e1rio destacou a import\u00e2ncia da iniciativa. &#8220;Estou muito feliz de estar aqui. Gosto de participar desse tipo de evento. \u00c9 uma maneira bacana de poder ajudar as pessoas depois que a gente para de jogar\u201d, disse. O ex-atleta participou pela segunda vez do evento e se mostrou empolgado com o est\u00e1dio. \u201c\u00c9 uma estrutura perfeita, o campo muito bom para a pr\u00e1tica esportiva, ainda mais hoje que estou aqui com um cara que foi meu \u00eddolo na inf\u00e2ncia\u201d, afirma, referindo-se ao craque Zico.<\/p>\n<p><img loading=\"lazy\" decoding=\"async\" class=\"alignleft size-medium wp-image-38751\" src=\"https:\/\/folhapopular.info\/wp-content\/uploads\/2017\/12\/3T0A1904_baixa-300x200.jpg\" alt=\"\" width=\"300\" height=\"200\" srcset=\"https:\/\/folhapopular.info\/wp-content\/uploads\/2017\/12\/3T0A1904_baixa-300x200.jpg 300w, https:\/\/folhapopular.info\/wp-content\/uploads\/2017\/12\/3T0A1904_baixa-768x512.jpg 768w, https:\/\/folhapopular.info\/wp-content\/uploads\/2017\/12\/3T0A1904_baixa-1024x682.jpg 1024w, https:\/\/folhapopular.info\/wp-content\/uploads\/2017\/12\/3T0A1904_baixa-696x464.jpg 696w, https:\/\/folhapopular.info\/wp-content\/uploads\/2017\/12\/3T0A1904_baixa-1068x712.jpg 1068w, https:\/\/folhapopular.info\/wp-content\/uploads\/2017\/12\/3T0A1904_baixa-630x420.jpg 630w, https:\/\/folhapopular.info\/wp-content\/uploads\/2017\/12\/3T0A1904_baixa-1920x1280.jpg 1920w, https:\/\/folhapopular.info\/wp-content\/uploads\/2017\/12\/3T0A1904_baixa.jpg 2000w\" sizes=\"auto, (max-width: 300px) 100vw, 300px\" \/>J\u00e1 o lateral esquerdo do Vit\u00f3ria da Bahia, Juninho, relembrou da sua inf\u00e2ncia para demonstrar a representatividade do Craques Solid\u00e1rios na vida dos jovens. \u201cEu sou uma pessoa simples, venho de fam\u00edlia simples e quando fui jovem n\u00e3o tive tanta ajuda como eu posso ajudar as pessoas hoje. Ent\u00e3o tenho essa mentalidade que posso fazer a minha parte e fico muito feliz pelo convite. Essas crian\u00e7as s\u00e3o o futuro do nosso pa\u00eds e o que a gente tiver que fazer para ter um futuro melhor a gente precisa fazer\u201d, disse o atleta.<\/p>\n<p>Para o reitor da Univates, Ney Jos\u00e9 Lazzari, iniciativas como esta tem o papel de congregar pessoas, para que assim se incentive a solidariedade. \u201cA Univates, pela sua caracter\u00edstica e pela sua hist\u00f3ria, \u00e9 uma institui\u00e7\u00e3o comunit\u00e1ria e pertence a essa comunidade. Ent\u00e3o, esses momentos s\u00e3o importantes para transmitir para a sociedade que este \u00e9 um espa\u00e7o que pertence a ela tamb\u00e9m\u201d, destaca Lazzari.<\/p>\n<p>Al\u00e9m do jogo entre os craques, o evento contou tamb\u00e9m com uma partida entre a Imprensa Estadual e a de Lajeado, \u00e0s 18h, e uma integra\u00e7\u00e3o entre a Apae e os estudantes de Educa\u00e7\u00e3o F\u00edsica da Univates, \u00e0s 19h. Toda a renda arrecadada ser\u00e1 destinada \u00e0 Associa\u00e7\u00e3o de Pais e Amigos dos Excepcionais (Apae) de Lajeado.<\/p>\n<p><strong>Craques presentes<\/strong><\/p>\n<p>Zico &#8211; ex-Flamengo<\/p>\n<p>Dinho &#8211; ex-Gr\u00eamio<\/p>\n<p>Gedoz &#8211; Atl\u00e9tico PR<\/p>\n<p>Jo\u00e3o Paulo &#8211; Ava\u00ed<\/p>\n<p>Paulo Nunes &#8211; ex-Gr\u00eamio<\/p>\n<p>Alem\u00e3o &#8211; Ava\u00ed<\/p>\n<p>Juninho &#8211; Vit\u00f3ria<\/p>\n<p>Maicon &#8211; ex-Inter Mil\u00e3o e sele\u00e7\u00e3o<\/p>\n<p>Ivo &#8211; futebol chin\u00eas<\/p>\n<p>Brock &#8211; paran\u00e1<\/p>\n<p>Danrlei &#8211; ex-Gr\u00eamio<\/p>\n<p>Elyeser &#8211; Goi\u00e1s<\/p>\n<p>Lu\u00eds M\u00e1rio &#8211; ex-Gr\u00eamio<\/p>\n<p>Mois\u00e9s &#8211; Chapecoense<\/p>\n<p>Gabriel &#8211; sub-23 do Inter<\/p>\n<p>Cl\u00e1udio Duarte &#8211; ex-dupla Grenal<\/p>\n<p>Altemir Pessali &#8211; ex-Fluminense<\/p>\n<p>Adir &#8211; ex-Cianorte<\/p>\n<p>Giovanella &#8211; ex-Celta de Vigo<\/p>\n<p>Ewerton &#8211; ex-Portuguesa<\/p>\n<p>Jorj\u00e3o &#8211; ex-Lajeadense<\/p>\n<p>Eliomar &#8211; Ex-Nacional do Uruguai<\/p>\n<p>Renato Teixeira &#8211; ex-Bahia e Lajeadense<\/p>\n<p>Alexandre Menudo &#8211; ex-Santos e Lajeadense<\/p>\n<p>M\u00e1rcio Chagas &#8211; comentarista RBS TV<\/p>\n<p>Leandro Vuaden &#8211; \u00e1rbitro CBF<\/p>\n<p>Felipe &#8211; Ex-Passo Fundo e Vit\u00f3ria da Bahia<\/p>\n<p>Margarida \u00c1rbitro Show<\/p>\n","protected":false},"excerpt":{"rendered":"<p>Quem esteve presente no Est\u00e1dio Ol\u00edmpico da Univates, na noite desta sexta-feira, dia 15, acompanhou um verdadeiro desfile de futebol arte. A 2\u00aa edi\u00e7\u00e3o do Craques Solid\u00e1rios trouxe a Lajeado grandes nomes do futebol brasileiro. Cerca de 30 atletas multicampe\u00f5es entraram em campo na busca de mais um t\u00edtulo: a solidariedade. Na escala\u00e7\u00e3o, um time [&hellip;]<\/p>\n","protected":false},"author":8,"featured_media":38750,"comment_status":"open","ping_status":"open","sticky":false,"template":"","format":"standard","meta":{"pmpro_default_level":"","_jetpack_memberships_contains_paid_content":false,"footnotes":""},"categories":[2,5],"tags":[1716,498,27,83],"class_list":{"0":"post-38749","1":"post","2":"type-post","3":"status-publish","4":"format-standard","5":"has-post-thumbnail","7":"category-featured","8":"category-esportes","9":"tag-craques-solidarios","10":"tag-futebol","11":"tag-lajeado","12":"tag-univates","13":"pmpro-has-access"},"yoast_head":"<!-- This site is optimized with the Yoast SEO plugin v27.5 - https:\/\/yoast.com\/product\/yoast-seo-wordpress\/ -->\n<title>Craques Solid\u00e1rios em campo na Univates - Folha Popular<\/title>\n<meta name=\"robots\" content=\"index, follow, max-snippet:-1, max-image-preview:large, max-video-preview:-1\" \/>\n<link rel=\"canonical\" href=\"https:\/\/folhapopular.info\/index.php\/2017\/12\/18\/craques-solidarios-em-campo-na-univates\/\" \/>\n<meta property=\"og:locale\" content=\"pt_BR\" \/>\n<meta property=\"og:type\" content=\"article\" \/>\n<meta property=\"og:title\" content=\"Craques Solid\u00e1rios em campo na Univates - Folha Popular\" \/>\n<meta property=\"og:description\" content=\"Quem esteve presente no Est\u00e1dio Ol\u00edmpico da Univates, na noite desta sexta-feira, dia 15, acompanhou um verdadeiro desfile de futebol arte. A 2\u00aa edi\u00e7\u00e3o do Craques Solid\u00e1rios trouxe a Lajeado grandes nomes do futebol brasileiro. Cerca de 30 atletas multicampe\u00f5es entraram em campo na busca de mais um t\u00edtulo: a solidariedade. Na escala\u00e7\u00e3o, um time [&hellip;]\" \/>\n<meta property=\"og:url\" content=\"https:\/\/folhapopular.info\/index.php\/2017\/12\/18\/craques-solidarios-em-campo-na-univates\/\" \/>\n<meta property=\"og:site_name\" content=\"Folha Popular\" \/>\n<meta property=\"article:published_time\" content=\"2017-12-18T11:00:16+00:00\" \/>\n<meta property=\"og:image\" content=\"https:\/\/folhapopular.info\/wp-content\/uploads\/2017\/12\/3T0A1835_baixa-e1513593648121.jpg\" \/>\n\t<meta property=\"og:image:width\" content=\"1000\" \/>\n\t<meta property=\"og:image:height\" content=\"667\" \/>\n\t<meta property=\"og:image:type\" content=\"image\/jpeg\" \/>\n<meta name=\"author\" content=\"Reda\u00e7\u00e3o Folha Popular\" \/>\n<meta name=\"twitter:card\" content=\"summary_large_image\" \/>\n<meta name=\"twitter:label1\" content=\"Escrito por\" \/>\n\t<meta name=\"twitter:data1\" content=\"Reda\u00e7\u00e3o Folha Popular\" \/>\n\t<meta name=\"twitter:label2\" content=\"Est. tempo de leitura\" \/>\n\t<meta name=\"twitter:data2\" content=\"3 minutos\" \/>\n<script type=\"application\/ld+json\" class=\"yoast-schema-graph\">{\"@context\":\"https:\\\/\\\/schema.org\",\"@graph\":[{\"@type\":\"Article\",\"@id\":\"https:\\\/\\\/folhapopular.info\\\/index.php\\\/2017\\\/12\\\/18\\\/craques-solidarios-em-campo-na-univates\\\/#article\",\"isPartOf\":{\"@id\":\"https:\\\/\\\/folhapopular.info\\\/index.php\\\/2017\\\/12\\\/18\\\/craques-solidarios-em-campo-na-univates\\\/\"},\"author\":{\"name\":\"Reda\u00e7\u00e3o Folha Popular\",\"@id\":\"https:\\\/\\\/folhapopular.info\\\/#\\\/schema\\\/person\\\/2814e8a0df7643585a9ca38bc6eb9d4b\"},\"headline\":\"Craques Solid\u00e1rios em campo na Univates\",\"datePublished\":\"2017-12-18T11:00:16+00:00\",\"mainEntityOfPage\":{\"@id\":\"https:\\\/\\\/folhapopular.info\\\/index.php\\\/2017\\\/12\\\/18\\\/craques-solidarios-em-campo-na-univates\\\/\"},\"wordCount\":653,\"commentCount\":0,\"image\":{\"@id\":\"https:\\\/\\\/folhapopular.info\\\/index.php\\\/2017\\\/12\\\/18\\\/craques-solidarios-em-campo-na-univates\\\/#primaryimage\"},\"thumbnailUrl\":\"https:\\\/\\\/folhapopular.info\\\/wp-content\\\/uploads\\\/2017\\\/12\\\/3T0A1835_baixa-e1513593648121.jpg\",\"keywords\":[\"Craques Solid\u00e1rios\",\"Futebol\",\"Lajeado\",\"Univates\"],\"articleSection\":[\"Destaques\",\"Esportes\"],\"inLanguage\":\"pt-BR\",\"potentialAction\":[{\"@type\":\"CommentAction\",\"name\":\"Comment\",\"target\":[\"https:\\\/\\\/folhapopular.info\\\/index.php\\\/2017\\\/12\\\/18\\\/craques-solidarios-em-campo-na-univates\\\/#respond\"]}]},{\"@type\":\"WebPage\",\"@id\":\"https:\\\/\\\/folhapopular.info\\\/index.php\\\/2017\\\/12\\\/18\\\/craques-solidarios-em-campo-na-univates\\\/\",\"url\":\"https:\\\/\\\/folhapopular.info\\\/index.php\\\/2017\\\/12\\\/18\\\/craques-solidarios-em-campo-na-univates\\\/\",\"name\":\"Craques Solid\u00e1rios em campo na Univates - Folha Popular\",\"isPartOf\":{\"@id\":\"https:\\\/\\\/folhapopular.info\\\/#website\"},\"primaryImageOfPage\":{\"@id\":\"https:\\\/\\\/folhapopular.info\\\/index.php\\\/2017\\\/12\\\/18\\\/craques-solidarios-em-campo-na-univates\\\/#primaryimage\"},\"image\":{\"@id\":\"https:\\\/\\\/folhapopular.info\\\/index.php\\\/2017\\\/12\\\/18\\\/craques-solidarios-em-campo-na-univates\\\/#primaryimage\"},\"thumbnailUrl\":\"https:\\\/\\\/folhapopular.info\\\/wp-content\\\/uploads\\\/2017\\\/12\\\/3T0A1835_baixa-e1513593648121.jpg\",\"datePublished\":\"2017-12-18T11:00:16+00:00\",\"author\":{\"@id\":\"https:\\\/\\\/folhapopular.info\\\/#\\\/schema\\\/person\\\/2814e8a0df7643585a9ca38bc6eb9d4b\"},\"breadcrumb\":{\"@id\":\"https:\\\/\\\/folhapopular.info\\\/index.php\\\/2017\\\/12\\\/18\\\/craques-solidarios-em-campo-na-univates\\\/#breadcrumb\"},\"inLanguage\":\"pt-BR\",\"potentialAction\":[{\"@type\":\"ReadAction\",\"target\":[\"https:\\\/\\\/folhapopular.info\\\/index.php\\\/2017\\\/12\\\/18\\\/craques-solidarios-em-campo-na-univates\\\/\"]}]},{\"@type\":\"ImageObject\",\"inLanguage\":\"pt-BR\",\"@id\":\"https:\\\/\\\/folhapopular.info\\\/index.php\\\/2017\\\/12\\\/18\\\/craques-solidarios-em-campo-na-univates\\\/#primaryimage\",\"url\":\"https:\\\/\\\/folhapopular.info\\\/wp-content\\\/uploads\\\/2017\\\/12\\\/3T0A1835_baixa-e1513593648121.jpg\",\"contentUrl\":\"https:\\\/\\\/folhapopular.info\\\/wp-content\\\/uploads\\\/2017\\\/12\\\/3T0A1835_baixa-e1513593648121.jpg\",\"width\":1000,\"height\":667},{\"@type\":\"BreadcrumbList\",\"@id\":\"https:\\\/\\\/folhapopular.info\\\/index.php\\\/2017\\\/12\\\/18\\\/craques-solidarios-em-campo-na-univates\\\/#breadcrumb\",\"itemListElement\":[{\"@type\":\"ListItem\",\"position\":1,\"name\":\"In\u00edcio\",\"item\":\"https:\\\/\\\/folhapopular.info\\\/\"},{\"@type\":\"ListItem\",\"position\":2,\"name\":\"Craques Solid\u00e1rios em campo na Univates\"}]},{\"@type\":\"WebSite\",\"@id\":\"https:\\\/\\\/folhapopular.info\\\/#website\",\"url\":\"https:\\\/\\\/folhapopular.info\\\/\",\"name\":\"Folha Popular\",\"description\":\"Onde voc\u00ea tem vez e voz\",\"potentialAction\":[{\"@type\":\"SearchAction\",\"target\":{\"@type\":\"EntryPoint\",\"urlTemplate\":\"https:\\\/\\\/folhapopular.info\\\/?s={search_term_string}\"},\"query-input\":{\"@type\":\"PropertyValueSpecification\",\"valueRequired\":true,\"valueName\":\"search_term_string\"}}],\"inLanguage\":\"pt-BR\"},{\"@type\":\"Person\",\"@id\":\"https:\\\/\\\/folhapopular.info\\\/#\\\/schema\\\/person\\\/2814e8a0df7643585a9ca38bc6eb9d4b\",\"name\":\"Reda\u00e7\u00e3o Folha Popular\",\"image\":{\"@type\":\"ImageObject\",\"inLanguage\":\"pt-BR\",\"@id\":\"https:\\\/\\\/folhapopular.info\\\/wp-content\\\/uploads\\\/2026\\\/04\\\/Folha-1.webp\",\"url\":\"https:\\\/\\\/folhapopular.info\\\/wp-content\\\/uploads\\\/2026\\\/04\\\/Folha-1.webp\",\"contentUrl\":\"https:\\\/\\\/folhapopular.info\\\/wp-content\\\/uploads\\\/2026\\\/04\\\/Folha-1.webp\",\"caption\":\"Reda\u00e7\u00e3o Folha Popular\"},\"url\":\"https:\\\/\\\/folhapopular.info\\\/index.php\\\/author\\\/redacao\\\/\"}]}<\/script>\n<!-- \/ Yoast SEO plugin. -->","yoast_head_json":{"title":"Craques Solid\u00e1rios em campo na Univates - Folha Popular","robots":{"index":"index","follow":"follow","max-snippet":"max-snippet:-1","max-image-preview":"max-image-preview:large","max-video-preview":"max-video-preview:-1"},"canonical":"https:\/\/folhapopular.info\/index.php\/2017\/12\/18\/craques-solidarios-em-campo-na-univates\/","og_locale":"pt_BR","og_type":"article","og_title":"Craques Solid\u00e1rios em campo na Univates - Folha Popular","og_description":"Quem esteve presente no Est\u00e1dio Ol\u00edmpico da Univates, na noite desta sexta-feira, dia 15, acompanhou um verdadeiro desfile de futebol arte. A 2\u00aa edi\u00e7\u00e3o do Craques Solid\u00e1rios trouxe a Lajeado grandes nomes do futebol brasileiro. Cerca de 30 atletas multicampe\u00f5es entraram em campo na busca de mais um t\u00edtulo: a solidariedade. Na escala\u00e7\u00e3o, um time [&hellip;]","og_url":"https:\/\/folhapopular.info\/index.php\/2017\/12\/18\/craques-solidarios-em-campo-na-univates\/","og_site_name":"Folha Popular","article_published_time":"2017-12-18T11:00:16+00:00","og_image":[{"width":1000,"height":667,"url":"https:\/\/folhapopular.info\/wp-content\/uploads\/2017\/12\/3T0A1835_baixa-e1513593648121.jpg","type":"image\/jpeg"}],"author":"Reda\u00e7\u00e3o Folha Popular","twitter_card":"summary_large_image","twitter_misc":{"Escrito por":"Reda\u00e7\u00e3o Folha Popular","Est. tempo de leitura":"3 minutos"},"schema":{"@context":"https:\/\/schema.org","@graph":[{"@type":"Article","@id":"https:\/\/folhapopular.info\/index.php\/2017\/12\/18\/craques-solidarios-em-campo-na-univates\/#article","isPartOf":{"@id":"https:\/\/folhapopular.info\/index.php\/2017\/12\/18\/craques-solidarios-em-campo-na-univates\/"},"author":{"name":"Reda\u00e7\u00e3o Folha Popular","@id":"https:\/\/folhapopular.info\/#\/schema\/person\/2814e8a0df7643585a9ca38bc6eb9d4b"},"headline":"Craques Solid\u00e1rios em campo na Univates","datePublished":"2017-12-18T11:00:16+00:00","mainEntityOfPage":{"@id":"https:\/\/folhapopular.info\/index.php\/2017\/12\/18\/craques-solidarios-em-campo-na-univates\/"},"wordCount":653,"commentCount":0,"image":{"@id":"https:\/\/folhapopular.info\/index.php\/2017\/12\/18\/craques-solidarios-em-campo-na-univates\/#primaryimage"},"thumbnailUrl":"https:\/\/folhapopular.info\/wp-content\/uploads\/2017\/12\/3T0A1835_baixa-e1513593648121.jpg","keywords":["Craques Solid\u00e1rios","Futebol","Lajeado","Univates"],"articleSection":["Destaques","Esportes"],"inLanguage":"pt-BR","potentialAction":[{"@type":"CommentAction","name":"Comment","target":["https:\/\/folhapopular.info\/index.php\/2017\/12\/18\/craques-solidarios-em-campo-na-univates\/#respond"]}]},{"@type":"WebPage","@id":"https:\/\/folhapopular.info\/index.php\/2017\/12\/18\/craques-solidarios-em-campo-na-univates\/","url":"https:\/\/folhapopular.info\/index.php\/2017\/12\/18\/craques-solidarios-em-campo-na-univates\/","name":"Craques Solid\u00e1rios em campo na Univates - Folha Popular","isPartOf":{"@id":"https:\/\/folhapopular.info\/#website"},"primaryImageOfPage":{"@id":"https:\/\/folhapopular.info\/index.php\/2017\/12\/18\/craques-solidarios-em-campo-na-univates\/#primaryimage"},"image":{"@id":"https:\/\/folhapopular.info\/index.php\/2017\/12\/18\/craques-solidarios-em-campo-na-univates\/#primaryimage"},"thumbnailUrl":"https:\/\/folhapopular.info\/wp-content\/uploads\/2017\/12\/3T0A1835_baixa-e1513593648121.jpg","datePublished":"2017-12-18T11:00:16+00:00","author":{"@id":"https:\/\/folhapopular.info\/#\/schema\/person\/2814e8a0df7643585a9ca38bc6eb9d4b"},"breadcrumb":{"@id":"https:\/\/folhapopular.info\/index.php\/2017\/12\/18\/craques-solidarios-em-campo-na-univates\/#breadcrumb"},"inLanguage":"pt-BR","potentialAction":[{"@type":"ReadAction","target":["https:\/\/folhapopular.info\/index.php\/2017\/12\/18\/craques-solidarios-em-campo-na-univates\/"]}]},{"@type":"ImageObject","inLanguage":"pt-BR","@id":"https:\/\/folhapopular.info\/index.php\/2017\/12\/18\/craques-solidarios-em-campo-na-univates\/#primaryimage","url":"https:\/\/folhapopular.info\/wp-content\/uploads\/2017\/12\/3T0A1835_baixa-e1513593648121.jpg","contentUrl":"https:\/\/folhapopular.info\/wp-content\/uploads\/2017\/12\/3T0A1835_baixa-e1513593648121.jpg","width":1000,"height":667},{"@type":"BreadcrumbList","@id":"https:\/\/folhapopular.info\/index.php\/2017\/12\/18\/craques-solidarios-em-campo-na-univates\/#breadcrumb","itemListElement":[{"@type":"ListItem","position":1,"name":"In\u00edcio","item":"https:\/\/folhapopular.info\/"},{"@type":"ListItem","position":2,"name":"Craques Solid\u00e1rios em campo na Univates"}]},{"@type":"WebSite","@id":"https:\/\/folhapopular.info\/#website","url":"https:\/\/folhapopular.info\/","name":"Folha Popular","description":"Onde voc\u00ea tem vez e voz","potentialAction":[{"@type":"SearchAction","target":{"@type":"EntryPoint","urlTemplate":"https:\/\/folhapopular.info\/?s={search_term_string}"},"query-input":{"@type":"PropertyValueSpecification","valueRequired":true,"valueName":"search_term_string"}}],"inLanguage":"pt-BR"},{"@type":"Person","@id":"https:\/\/folhapopular.info\/#\/schema\/person\/2814e8a0df7643585a9ca38bc6eb9d4b","name":"Reda\u00e7\u00e3o Folha Popular","image":{"@type":"ImageObject","inLanguage":"pt-BR","@id":"https:\/\/folhapopular.info\/wp-content\/uploads\/2026\/04\/Folha-1.webp","url":"https:\/\/folhapopular.info\/wp-content\/uploads\/2026\/04\/Folha-1.webp","contentUrl":"https:\/\/folhapopular.info\/wp-content\/uploads\/2026\/04\/Folha-1.webp","caption":"Reda\u00e7\u00e3o Folha Popular"},"url":"https:\/\/folhapopular.info\/index.php\/author\/redacao\/"}]}},"jetpack_featured_media_url":"https:\/\/folhapopular.info\/wp-content\/uploads\/2017\/12\/3T0A1835_baixa-e1513593648121.jpg","jetpack_sharing_enabled":true,"amp_enabled":true,"_links":{"self":[{"href":"https:\/\/folhapopular.info\/index.php\/wp-json\/wp\/v2\/posts\/38749","targetHints":{"allow":["GET"]}}],"collection":[{"href":"https:\/\/folhapopular.info\/index.php\/wp-json\/wp\/v2\/posts"}],"about":[{"href":"https:\/\/folhapopular.info\/index.php\/wp-json\/wp\/v2\/types\/post"}],"author":[{"embeddable":true,"href":"https:\/\/folhapopular.info\/index.php\/wp-json\/wp\/v2\/users\/8"}],"replies":[{"embeddable":true,"href":"https:\/\/folhapopular.info\/index.php\/wp-json\/wp\/v2\/comments?post=38749"}],"version-history":[{"count":0,"href":"https:\/\/folhapopular.info\/index.php\/wp-json\/wp\/v2\/posts\/38749\/revisions"}],"wp:featuredmedia":[{"embeddable":true,"href":"https:\/\/folhapopular.info\/index.php\/wp-json\/wp\/v2\/media\/38750"}],"wp:attachment":[{"href":"https:\/\/folhapopular.info\/index.php\/wp-json\/wp\/v2\/media?parent=38749"}],"wp:term":[{"taxonomy":"category","embeddable":true,"href":"https:\/\/folhapopular.info\/index.php\/wp-json\/wp\/v2\/categories?post=38749"},{"taxonomy":"post_tag","embeddable":true,"href":"https:\/\/folhapopular.info\/index.php\/wp-json\/wp\/v2\/tags?post=38749"}],"curies":[{"name":"wp","href":"https:\/\/api.w.org\/{rel}","templated":true}]}}