{"id":38775,"date":"2017-12-19T11:00:42","date_gmt":"2017-12-19T13:00:42","guid":{"rendered":"http:\/\/folhapopular.info\/?p=38775"},"modified":"2017-12-19T10:25:35","modified_gmt":"2017-12-19T12:25:35","slug":"apae-de-lajeado-recebe-25-mil-reais-do-evento-craques-solidarios","status":"publish","type":"post","link":"https:\/\/folhapopular.info\/index.php\/2017\/12\/19\/apae-de-lajeado-recebe-25-mil-reais-do-evento-craques-solidarios\/","title":{"rendered":"APAE de Lajeado recebe 25 mil reais do evento Craques Solid\u00e1rios"},"content":{"rendered":"<p>Na tarde dessa segunda-feira (18\/11) os parceiros e organizadores da segunda edi\u00e7\u00e3o do evento Craques Solid\u00e1rios, que ocorreu na noite de sexta-feira (15\/12), estiveram na Associa\u00e7\u00e3o de Pais e Amigos dos Excepcionais de Lajeado (APAE) para a entrega do cheque simb\u00f3lico de R$ 25.400,00 reais, arrecadados com a venda dos mais de mil ingressos. Tamb\u00e9m entregaram aproximadamente uma tonelada de alimentos n\u00e3o perec\u00edveis que ser\u00e3o distribu\u00eddos entre os alunos da institui\u00e7\u00e3o.<\/p>\n<p>Os organizadores do evento Jos\u00e9 Paulo Richter e Rodrigo Conte parabenizaram a APAE pelo trabalho que realizam, agradeceram os parceiros e destacaram que o mais importante \u00e9 ver as crian\u00e7as felizes circulando nos corredores da APAE e saber que puderam de maneira volunt\u00e1ria fazer com que a vida delas seja ainda mais feliz e que tenham um pouco mais de conforto. \u201cSabemos que a sala multissensorial teve um pouco do Craques do ano passado e que esse valor ser\u00e1 bem investido\u201d, dizem.<\/p>\n<figure id=\"attachment_38776\" aria-describedby=\"caption-attachment-38776\" style=\"width: 300px\" class=\"wp-caption alignleft\"><img loading=\"lazy\" decoding=\"async\" class=\"size-medium wp-image-38776\" src=\"https:\/\/folhapopular.info\/wp-content\/uploads\/2017\/12\/entrega-chave-carro-300x201.jpg\" alt=\"\" width=\"300\" height=\"201\" \/><figcaption id=\"caption-attachment-38776\" class=\"wp-caption-text\">Al\u00e9m do valor em cheque entregue, a APAE recebeu um autom\u00f3vel\/Cr\u00e9dito da foto: Renata Leal\/Divulga\u00e7\u00e3o<\/figcaption><\/figure>\n<p>No ano passado, ap\u00f3s o evento Craques Solid\u00e1rios os organizadores entraram em contato com o escrit\u00f3rio da Senadora Federal Ana Am\u00e9lia Lemos pra solicitar um autom\u00f3vel para APAE e o sonho se concretizou tamb\u00e9m nessa segunda-feira, quando a institui\u00e7\u00e3o recebeu um ve\u00edculo no modelo Gol da Souza Cruz.<\/p>\n<p><strong>Gratid\u00e3o<\/strong><\/p>\n<p>A diretora Ana Paula Muller afirma que a palavra que define o evento \u00e9 \u201cgratid\u00e3o\u201d pela iniciativa e por tudo o que aconteceu na sexta-feira para coroar o jogo. \u201cAos apoiadores e organizadores \u00e9 importante lembrar que a APAE est\u00e1 sempre de portas abertas, quando quiserem vir na entidade. Estamos sempre prontos para receber todos, afinal, enquanto organiza\u00e7\u00e3o do terceiro setor, nos fortalecemos com o apoio da comunidade que \u00e9 important\u00edssimo para tocarmos adiante\u201d, diz.<\/p>\n<p>O vice-presidente da APAE Marco Moresco tamb\u00e9m \u00e9 pai do Vinicius que frequenta a institui\u00e7\u00e3o e agradeceu em nome de todos os pais. \u201cFica a gratid\u00e3o. N\u00e3o \u00e9 f\u00e1cil ter um filho com defici\u00eancia e muitas fam\u00edlias n\u00e3o tem poder econ\u00f4mico para ter todo o tratamento poss\u00edvel e a APAE faz isso e d\u00e1 a base de sustenta\u00e7\u00e3o para muitos. Agrade\u00e7o em nome das fam\u00edlias. Muito obrigado\u201d, destaca.<\/p>\n<p>Para o diretor de patrim\u00f4nio da APAE Alexandre Gravina \u00e9 motivo de orgulho saber que a institui\u00e7\u00e3o de Lajeado \u00e9 refer\u00eancia em n\u00edvel de Brasil. \u201cMuitos que antecederam antes de n\u00f3s e fundaram a APAE contaram com o apoio das pessoas. Nossa regi\u00e3o tem uma comunidade atuante que fazem o trabalho voluntariamente\u201d, conta. Gravina cita a diretoria e todos os colaboradores. \u201cSelecionamos cada vez melhores profissionais e os alunos da APAE s\u00e3o destaque em concursos, ol\u00edmpiadas e outros. \u00c9 gratificante para n\u00f3s e ficamos felizes com o apoio daqueles que querem ajudar\u201d, agradece.<\/p>\n<p>Ana Cec\u00edlia Togni \u00e9 diretora social e afirma que o dinheiro \u00e9 muito importante, mas chegar na institui\u00e7\u00e3o e ser recebido de cora\u00e7\u00e3o aberto por crian\u00e7as, jovens e adultos afetivos que d\u00e3o beijos, abra\u00e7os e muito carinho n\u00e3o tem pre\u00e7o. \u201cAgrade\u00e7o ainda porque toda a organiza\u00e7\u00e3o e parceiros conseguiram fazer a comunidade ver um pouco mais o trabalho da APAE\u201d.<\/p>\n<p><strong>Parceiros realizados<\/strong><\/p>\n<p>O presidente do Sicredi Adilson Metz, que \u00e9 parceiro de longa data da APAE, afirma que quem conhece a institui\u00e7\u00e3o se emociona e fica com vontade de ajudar. O representante do Posto F\u00f3rmula Roberto Kalsing sente-se orgulhoso de participar do evento e por beneficiar a APAE, a quem gostam muito de ajudar. O presidente do Supermercado STR Lauro Baum destaca que ajudar a APAE \u00e9 investir de forma consciente e j\u00e1 salienta que o supermercado al\u00e9m de ser longo parceiro da institui\u00e7\u00e3o, garante a participa\u00e7\u00e3o no Craques Solid\u00e1rios 2018.<\/p>\n<p>Um dos gestores da Andreia Feine, Eduardo Feine lembra quando o Juca come\u00e7ou a apresentar o projeto do Craques e eles toparam pois j\u00e1 tinham conhecimento do sucesso da primeira edi\u00e7\u00e3o. \u201cNo jogo fiquei observando o clima familiar no Est\u00e1dio Ol\u00edmpico da Univates e acho que as empresas que est\u00e3o aqui tamb\u00e9m buscam isso. Nos juntamos para fazer uma coisa legal e al\u00e9m disso estamos ajudando a APAE. O evento \u00e9 uma rela\u00e7\u00e3o de ganha-ganha com certeza, n\u00f3s que agradecemos ter participado\u201d, diz Feine.<\/p>\n<p>A Univates tamb\u00e9m foi apoiadora do evento. E a Richter Gruppe e o Grupo Independente foram os realizadores.<\/p>\n","protected":false},"excerpt":{"rendered":"<p>Na tarde dessa segunda-feira (18\/11) os parceiros e organizadores da segunda edi\u00e7\u00e3o do evento Craques Solid\u00e1rios, que ocorreu na noite de sexta-feira (15\/12), estiveram na Associa\u00e7\u00e3o de Pais e Amigos dos Excepcionais de Lajeado (APAE) para a entrega do cheque simb\u00f3lico de R$ 25.400,00 reais, arrecadados com a venda dos mais de mil ingressos. Tamb\u00e9m [&hellip;]<\/p>\n","protected":false},"author":8,"featured_media":38777,"comment_status":"open","ping_status":"open","sticky":false,"template":"","format":"standard","meta":{"pmpro_default_level":"","_jetpack_memberships_contains_paid_content":false,"footnotes":""},"categories":[2,5],"tags":[887,1716,27],"class_list":{"0":"post-38775","1":"post","2":"type-post","3":"status-publish","4":"format-standard","5":"has-post-thumbnail","7":"category-featured","8":"category-esportes","9":"tag-apae","10":"tag-craques-solidarios","11":"tag-lajeado","12":"pmpro-has-access"},"yoast_head":"<!-- This site is optimized with the Yoast SEO plugin v27.5 - https:\/\/yoast.com\/product\/yoast-seo-wordpress\/ -->\n<title>APAE de Lajeado recebe 25 mil reais do evento Craques Solid\u00e1rios - Folha Popular<\/title>\n<meta name=\"robots\" content=\"index, follow, max-snippet:-1, max-image-preview:large, max-video-preview:-1\" \/>\n<link rel=\"canonical\" href=\"https:\/\/folhapopular.info\/index.php\/2017\/12\/19\/apae-de-lajeado-recebe-25-mil-reais-do-evento-craques-solidarios\/\" \/>\n<meta property=\"og:locale\" content=\"pt_BR\" \/>\n<meta property=\"og:type\" content=\"article\" \/>\n<meta property=\"og:title\" content=\"APAE de Lajeado recebe 25 mil reais do evento Craques Solid\u00e1rios - Folha Popular\" \/>\n<meta property=\"og:description\" content=\"Na tarde dessa segunda-feira (18\/11) os parceiros e organizadores da segunda edi\u00e7\u00e3o do evento Craques Solid\u00e1rios, que ocorreu na noite de sexta-feira (15\/12), estiveram na Associa\u00e7\u00e3o de Pais e Amigos dos Excepcionais de Lajeado (APAE) para a entrega do cheque simb\u00f3lico de R$ 25.400,00 reais, arrecadados com a venda dos mais de mil ingressos. Tamb\u00e9m [&hellip;]\" \/>\n<meta property=\"og:url\" content=\"https:\/\/folhapopular.info\/index.php\/2017\/12\/19\/apae-de-lajeado-recebe-25-mil-reais-do-evento-craques-solidarios\/\" \/>\n<meta property=\"og:site_name\" content=\"Folha Popular\" \/>\n<meta property=\"article:published_time\" content=\"2017-12-19T13:00:42+00:00\" \/>\n<meta property=\"og:image\" content=\"https:\/\/folhapopular.info\/wp-content\/uploads\/2017\/12\/entrega-cheque-e1513686202300.jpg\" \/>\n\t<meta property=\"og:image:width\" content=\"1000\" \/>\n\t<meta property=\"og:image:height\" content=\"655\" \/>\n\t<meta property=\"og:image:type\" content=\"image\/jpeg\" \/>\n<meta name=\"author\" content=\"Reda\u00e7\u00e3o Folha Popular\" \/>\n<meta name=\"twitter:card\" content=\"summary_large_image\" \/>\n<meta name=\"twitter:label1\" content=\"Escrito por\" \/>\n\t<meta name=\"twitter:data1\" content=\"Reda\u00e7\u00e3o Folha Popular\" \/>\n\t<meta name=\"twitter:label2\" content=\"Est. tempo de leitura\" \/>\n\t<meta name=\"twitter:data2\" content=\"4 minutos\" \/>\n<script type=\"application\/ld+json\" class=\"yoast-schema-graph\">{\"@context\":\"https:\\\/\\\/schema.org\",\"@graph\":[{\"@type\":\"Article\",\"@id\":\"https:\\\/\\\/folhapopular.info\\\/index.php\\\/2017\\\/12\\\/19\\\/apae-de-lajeado-recebe-25-mil-reais-do-evento-craques-solidarios\\\/#article\",\"isPartOf\":{\"@id\":\"https:\\\/\\\/folhapopular.info\\\/index.php\\\/2017\\\/12\\\/19\\\/apae-de-lajeado-recebe-25-mil-reais-do-evento-craques-solidarios\\\/\"},\"author\":{\"name\":\"Reda\u00e7\u00e3o Folha Popular\",\"@id\":\"https:\\\/\\\/folhapopular.info\\\/#\\\/schema\\\/person\\\/2814e8a0df7643585a9ca38bc6eb9d4b\"},\"headline\":\"APAE de Lajeado recebe 25 mil reais do evento Craques Solid\u00e1rios\",\"datePublished\":\"2017-12-19T13:00:42+00:00\",\"mainEntityOfPage\":{\"@id\":\"https:\\\/\\\/folhapopular.info\\\/index.php\\\/2017\\\/12\\\/19\\\/apae-de-lajeado-recebe-25-mil-reais-do-evento-craques-solidarios\\\/\"},\"wordCount\":784,\"commentCount\":0,\"image\":{\"@id\":\"https:\\\/\\\/folhapopular.info\\\/index.php\\\/2017\\\/12\\\/19\\\/apae-de-lajeado-recebe-25-mil-reais-do-evento-craques-solidarios\\\/#primaryimage\"},\"thumbnailUrl\":\"https:\\\/\\\/folhapopular.info\\\/wp-content\\\/uploads\\\/2017\\\/12\\\/entrega-cheque-e1513686202300.jpg\",\"keywords\":[\"Apae\",\"Craques Solid\u00e1rios\",\"Lajeado\"],\"articleSection\":[\"Destaques\",\"Esportes\"],\"inLanguage\":\"pt-BR\",\"potentialAction\":[{\"@type\":\"CommentAction\",\"name\":\"Comment\",\"target\":[\"https:\\\/\\\/folhapopular.info\\\/index.php\\\/2017\\\/12\\\/19\\\/apae-de-lajeado-recebe-25-mil-reais-do-evento-craques-solidarios\\\/#respond\"]}]},{\"@type\":\"WebPage\",\"@id\":\"https:\\\/\\\/folhapopular.info\\\/index.php\\\/2017\\\/12\\\/19\\\/apae-de-lajeado-recebe-25-mil-reais-do-evento-craques-solidarios\\\/\",\"url\":\"https:\\\/\\\/folhapopular.info\\\/index.php\\\/2017\\\/12\\\/19\\\/apae-de-lajeado-recebe-25-mil-reais-do-evento-craques-solidarios\\\/\",\"name\":\"APAE de Lajeado recebe 25 mil reais do evento Craques Solid\u00e1rios - Folha Popular\",\"isPartOf\":{\"@id\":\"https:\\\/\\\/folhapopular.info\\\/#website\"},\"primaryImageOfPage\":{\"@id\":\"https:\\\/\\\/folhapopular.info\\\/index.php\\\/2017\\\/12\\\/19\\\/apae-de-lajeado-recebe-25-mil-reais-do-evento-craques-solidarios\\\/#primaryimage\"},\"image\":{\"@id\":\"https:\\\/\\\/folhapopular.info\\\/index.php\\\/2017\\\/12\\\/19\\\/apae-de-lajeado-recebe-25-mil-reais-do-evento-craques-solidarios\\\/#primaryimage\"},\"thumbnailUrl\":\"https:\\\/\\\/folhapopular.info\\\/wp-content\\\/uploads\\\/2017\\\/12\\\/entrega-cheque-e1513686202300.jpg\",\"datePublished\":\"2017-12-19T13:00:42+00:00\",\"author\":{\"@id\":\"https:\\\/\\\/folhapopular.info\\\/#\\\/schema\\\/person\\\/2814e8a0df7643585a9ca38bc6eb9d4b\"},\"breadcrumb\":{\"@id\":\"https:\\\/\\\/folhapopular.info\\\/index.php\\\/2017\\\/12\\\/19\\\/apae-de-lajeado-recebe-25-mil-reais-do-evento-craques-solidarios\\\/#breadcrumb\"},\"inLanguage\":\"pt-BR\",\"potentialAction\":[{\"@type\":\"ReadAction\",\"target\":[\"https:\\\/\\\/folhapopular.info\\\/index.php\\\/2017\\\/12\\\/19\\\/apae-de-lajeado-recebe-25-mil-reais-do-evento-craques-solidarios\\\/\"]}]},{\"@type\":\"ImageObject\",\"inLanguage\":\"pt-BR\",\"@id\":\"https:\\\/\\\/folhapopular.info\\\/index.php\\\/2017\\\/12\\\/19\\\/apae-de-lajeado-recebe-25-mil-reais-do-evento-craques-solidarios\\\/#primaryimage\",\"url\":\"https:\\\/\\\/folhapopular.info\\\/wp-content\\\/uploads\\\/2017\\\/12\\\/entrega-cheque-e1513686202300.jpg\",\"contentUrl\":\"https:\\\/\\\/folhapopular.info\\\/wp-content\\\/uploads\\\/2017\\\/12\\\/entrega-cheque-e1513686202300.jpg\",\"width\":1000,\"height\":655,\"caption\":\"Os organizadores e parceiros entregaram o cheque simb\u00f3lico de R$ 25.400,00\\\/Cr\u00e9dito da foto: Renata Leal\\\/Divulga\u00e7\u00e3o\"},{\"@type\":\"BreadcrumbList\",\"@id\":\"https:\\\/\\\/folhapopular.info\\\/index.php\\\/2017\\\/12\\\/19\\\/apae-de-lajeado-recebe-25-mil-reais-do-evento-craques-solidarios\\\/#breadcrumb\",\"itemListElement\":[{\"@type\":\"ListItem\",\"position\":1,\"name\":\"In\u00edcio\",\"item\":\"https:\\\/\\\/folhapopular.info\\\/\"},{\"@type\":\"ListItem\",\"position\":2,\"name\":\"APAE de Lajeado recebe 25 mil reais do evento Craques Solid\u00e1rios\"}]},{\"@type\":\"WebSite\",\"@id\":\"https:\\\/\\\/folhapopular.info\\\/#website\",\"url\":\"https:\\\/\\\/folhapopular.info\\\/\",\"name\":\"Folha Popular\",\"description\":\"Onde voc\u00ea tem vez e voz\",\"potentialAction\":[{\"@type\":\"SearchAction\",\"target\":{\"@type\":\"EntryPoint\",\"urlTemplate\":\"https:\\\/\\\/folhapopular.info\\\/?s={search_term_string}\"},\"query-input\":{\"@type\":\"PropertyValueSpecification\",\"valueRequired\":true,\"valueName\":\"search_term_string\"}}],\"inLanguage\":\"pt-BR\"},{\"@type\":\"Person\",\"@id\":\"https:\\\/\\\/folhapopular.info\\\/#\\\/schema\\\/person\\\/2814e8a0df7643585a9ca38bc6eb9d4b\",\"name\":\"Reda\u00e7\u00e3o Folha Popular\",\"image\":{\"@type\":\"ImageObject\",\"inLanguage\":\"pt-BR\",\"@id\":\"https:\\\/\\\/folhapopular.info\\\/wp-content\\\/uploads\\\/2026\\\/04\\\/Folha-1.webp\",\"url\":\"https:\\\/\\\/folhapopular.info\\\/wp-content\\\/uploads\\\/2026\\\/04\\\/Folha-1.webp\",\"contentUrl\":\"https:\\\/\\\/folhapopular.info\\\/wp-content\\\/uploads\\\/2026\\\/04\\\/Folha-1.webp\",\"caption\":\"Reda\u00e7\u00e3o Folha Popular\"},\"url\":\"https:\\\/\\\/folhapopular.info\\\/index.php\\\/author\\\/redacao\\\/\"}]}<\/script>\n<!-- \/ Yoast SEO plugin. -->","yoast_head_json":{"title":"APAE de Lajeado recebe 25 mil reais do evento Craques Solid\u00e1rios - Folha Popular","robots":{"index":"index","follow":"follow","max-snippet":"max-snippet:-1","max-image-preview":"max-image-preview:large","max-video-preview":"max-video-preview:-1"},"canonical":"https:\/\/folhapopular.info\/index.php\/2017\/12\/19\/apae-de-lajeado-recebe-25-mil-reais-do-evento-craques-solidarios\/","og_locale":"pt_BR","og_type":"article","og_title":"APAE de Lajeado recebe 25 mil reais do evento Craques Solid\u00e1rios - Folha Popular","og_description":"Na tarde dessa segunda-feira (18\/11) os parceiros e organizadores da segunda edi\u00e7\u00e3o do evento Craques Solid\u00e1rios, que ocorreu na noite de sexta-feira (15\/12), estiveram na Associa\u00e7\u00e3o de Pais e Amigos dos Excepcionais de Lajeado (APAE) para a entrega do cheque simb\u00f3lico de R$ 25.400,00 reais, arrecadados com a venda dos mais de mil ingressos. Tamb\u00e9m [&hellip;]","og_url":"https:\/\/folhapopular.info\/index.php\/2017\/12\/19\/apae-de-lajeado-recebe-25-mil-reais-do-evento-craques-solidarios\/","og_site_name":"Folha Popular","article_published_time":"2017-12-19T13:00:42+00:00","og_image":[{"width":1000,"height":655,"url":"https:\/\/folhapopular.info\/wp-content\/uploads\/2017\/12\/entrega-cheque-e1513686202300.jpg","type":"image\/jpeg"}],"author":"Reda\u00e7\u00e3o Folha Popular","twitter_card":"summary_large_image","twitter_misc":{"Escrito por":"Reda\u00e7\u00e3o Folha Popular","Est. tempo de leitura":"4 minutos"},"schema":{"@context":"https:\/\/schema.org","@graph":[{"@type":"Article","@id":"https:\/\/folhapopular.info\/index.php\/2017\/12\/19\/apae-de-lajeado-recebe-25-mil-reais-do-evento-craques-solidarios\/#article","isPartOf":{"@id":"https:\/\/folhapopular.info\/index.php\/2017\/12\/19\/apae-de-lajeado-recebe-25-mil-reais-do-evento-craques-solidarios\/"},"author":{"name":"Reda\u00e7\u00e3o Folha Popular","@id":"https:\/\/folhapopular.info\/#\/schema\/person\/2814e8a0df7643585a9ca38bc6eb9d4b"},"headline":"APAE de Lajeado recebe 25 mil reais do evento Craques Solid\u00e1rios","datePublished":"2017-12-19T13:00:42+00:00","mainEntityOfPage":{"@id":"https:\/\/folhapopular.info\/index.php\/2017\/12\/19\/apae-de-lajeado-recebe-25-mil-reais-do-evento-craques-solidarios\/"},"wordCount":784,"commentCount":0,"image":{"@id":"https:\/\/folhapopular.info\/index.php\/2017\/12\/19\/apae-de-lajeado-recebe-25-mil-reais-do-evento-craques-solidarios\/#primaryimage"},"thumbnailUrl":"https:\/\/folhapopular.info\/wp-content\/uploads\/2017\/12\/entrega-cheque-e1513686202300.jpg","keywords":["Apae","Craques Solid\u00e1rios","Lajeado"],"articleSection":["Destaques","Esportes"],"inLanguage":"pt-BR","potentialAction":[{"@type":"CommentAction","name":"Comment","target":["https:\/\/folhapopular.info\/index.php\/2017\/12\/19\/apae-de-lajeado-recebe-25-mil-reais-do-evento-craques-solidarios\/#respond"]}]},{"@type":"WebPage","@id":"https:\/\/folhapopular.info\/index.php\/2017\/12\/19\/apae-de-lajeado-recebe-25-mil-reais-do-evento-craques-solidarios\/","url":"https:\/\/folhapopular.info\/index.php\/2017\/12\/19\/apae-de-lajeado-recebe-25-mil-reais-do-evento-craques-solidarios\/","name":"APAE de Lajeado recebe 25 mil reais do evento Craques Solid\u00e1rios - Folha Popular","isPartOf":{"@id":"https:\/\/folhapopular.info\/#website"},"primaryImageOfPage":{"@id":"https:\/\/folhapopular.info\/index.php\/2017\/12\/19\/apae-de-lajeado-recebe-25-mil-reais-do-evento-craques-solidarios\/#primaryimage"},"image":{"@id":"https:\/\/folhapopular.info\/index.php\/2017\/12\/19\/apae-de-lajeado-recebe-25-mil-reais-do-evento-craques-solidarios\/#primaryimage"},"thumbnailUrl":"https:\/\/folhapopular.info\/wp-content\/uploads\/2017\/12\/entrega-cheque-e1513686202300.jpg","datePublished":"2017-12-19T13:00:42+00:00","author":{"@id":"https:\/\/folhapopular.info\/#\/schema\/person\/2814e8a0df7643585a9ca38bc6eb9d4b"},"breadcrumb":{"@id":"https:\/\/folhapopular.info\/index.php\/2017\/12\/19\/apae-de-lajeado-recebe-25-mil-reais-do-evento-craques-solidarios\/#breadcrumb"},"inLanguage":"pt-BR","potentialAction":[{"@type":"ReadAction","target":["https:\/\/folhapopular.info\/index.php\/2017\/12\/19\/apae-de-lajeado-recebe-25-mil-reais-do-evento-craques-solidarios\/"]}]},{"@type":"ImageObject","inLanguage":"pt-BR","@id":"https:\/\/folhapopular.info\/index.php\/2017\/12\/19\/apae-de-lajeado-recebe-25-mil-reais-do-evento-craques-solidarios\/#primaryimage","url":"https:\/\/folhapopular.info\/wp-content\/uploads\/2017\/12\/entrega-cheque-e1513686202300.jpg","contentUrl":"https:\/\/folhapopular.info\/wp-content\/uploads\/2017\/12\/entrega-cheque-e1513686202300.jpg","width":1000,"height":655,"caption":"Os organizadores e parceiros entregaram o cheque simb\u00f3lico de R$ 25.400,00\/Cr\u00e9dito da foto: Renata Leal\/Divulga\u00e7\u00e3o"},{"@type":"BreadcrumbList","@id":"https:\/\/folhapopular.info\/index.php\/2017\/12\/19\/apae-de-lajeado-recebe-25-mil-reais-do-evento-craques-solidarios\/#breadcrumb","itemListElement":[{"@type":"ListItem","position":1,"name":"In\u00edcio","item":"https:\/\/folhapopular.info\/"},{"@type":"ListItem","position":2,"name":"APAE de Lajeado recebe 25 mil reais do evento Craques Solid\u00e1rios"}]},{"@type":"WebSite","@id":"https:\/\/folhapopular.info\/#website","url":"https:\/\/folhapopular.info\/","name":"Folha Popular","description":"Onde voc\u00ea tem vez e voz","potentialAction":[{"@type":"SearchAction","target":{"@type":"EntryPoint","urlTemplate":"https:\/\/folhapopular.info\/?s={search_term_string}"},"query-input":{"@type":"PropertyValueSpecification","valueRequired":true,"valueName":"search_term_string"}}],"inLanguage":"pt-BR"},{"@type":"Person","@id":"https:\/\/folhapopular.info\/#\/schema\/person\/2814e8a0df7643585a9ca38bc6eb9d4b","name":"Reda\u00e7\u00e3o Folha Popular","image":{"@type":"ImageObject","inLanguage":"pt-BR","@id":"https:\/\/folhapopular.info\/wp-content\/uploads\/2026\/04\/Folha-1.webp","url":"https:\/\/folhapopular.info\/wp-content\/uploads\/2026\/04\/Folha-1.webp","contentUrl":"https:\/\/folhapopular.info\/wp-content\/uploads\/2026\/04\/Folha-1.webp","caption":"Reda\u00e7\u00e3o Folha Popular"},"url":"https:\/\/folhapopular.info\/index.php\/author\/redacao\/"}]}},"jetpack_featured_media_url":"https:\/\/folhapopular.info\/wp-content\/uploads\/2017\/12\/entrega-cheque-e1513686202300.jpg","jetpack_sharing_enabled":true,"amp_enabled":true,"_links":{"self":[{"href":"https:\/\/folhapopular.info\/index.php\/wp-json\/wp\/v2\/posts\/38775","targetHints":{"allow":["GET"]}}],"collection":[{"href":"https:\/\/folhapopular.info\/index.php\/wp-json\/wp\/v2\/posts"}],"about":[{"href":"https:\/\/folhapopular.info\/index.php\/wp-json\/wp\/v2\/types\/post"}],"author":[{"embeddable":true,"href":"https:\/\/folhapopular.info\/index.php\/wp-json\/wp\/v2\/users\/8"}],"replies":[{"embeddable":true,"href":"https:\/\/folhapopular.info\/index.php\/wp-json\/wp\/v2\/comments?post=38775"}],"version-history":[{"count":0,"href":"https:\/\/folhapopular.info\/index.php\/wp-json\/wp\/v2\/posts\/38775\/revisions"}],"wp:featuredmedia":[{"embeddable":true,"href":"https:\/\/folhapopular.info\/index.php\/wp-json\/wp\/v2\/media\/38777"}],"wp:attachment":[{"href":"https:\/\/folhapopular.info\/index.php\/wp-json\/wp\/v2\/media?parent=38775"}],"wp:term":[{"taxonomy":"category","embeddable":true,"href":"https:\/\/folhapopular.info\/index.php\/wp-json\/wp\/v2\/categories?post=38775"},{"taxonomy":"post_tag","embeddable":true,"href":"https:\/\/folhapopular.info\/index.php\/wp-json\/wp\/v2\/tags?post=38775"}],"curies":[{"name":"wp","href":"https:\/\/api.w.org\/{rel}","templated":true}]}}