{"id":38833,"date":"2017-12-20T13:00:20","date_gmt":"2017-12-20T15:00:20","guid":{"rendered":"http:\/\/folhapopular.info\/?p=38833"},"modified":"2017-12-20T10:53:42","modified_gmt":"2017-12-20T12:53:42","slug":"secretaria-do-trabalho-habitacao-e-assistencia-social-de-lajeado-realiza-capacitacao-nesta-sexta-feira-dia-22","status":"publish","type":"post","link":"https:\/\/folhapopular.info\/index.php\/2017\/12\/20\/secretaria-do-trabalho-habitacao-e-assistencia-social-de-lajeado-realiza-capacitacao-nesta-sexta-feira-dia-22\/","title":{"rendered":"Secretaria do Trabalho, Habita\u00e7\u00e3o e Assist\u00eancia Social de Lajeado realiza capacita\u00e7\u00e3o nesta sexta-feira, dia 22"},"content":{"rendered":"<p>A Secretaria do Trabalho, Habita\u00e7\u00e3o e Assist\u00eancia Social (Sthas)de Lajeado informa que estar\u00e1 fechada para atendimento externo e interno na pr\u00f3xima sexta-feira, dia 22. O mesmo ocorre com os servi\u00e7os da Secretaria, como o Centro de Refer\u00eancia de Assist\u00eancia Social (CRAS), o Centro de Refer\u00eancia Especializado em Assist\u00eancia Social (CREAS) e o Conselho Tutelar.<\/p>\n<p>O motivo \u00e9 a realiza\u00e7\u00e3o de uma capacita\u00e7\u00e3o com os funcion\u00e1rios da Secretaria e uma reuni\u00e3o de discuss\u00e3o e an\u00e1lise das a\u00e7\u00f5es desenvolvidas durante o ano. A atividade ocorre no Jardim Bot\u00e2nico de\u00a0Lajeado, das 8h \u00e0s 14h.<\/p>\n","protected":false},"excerpt":{"rendered":"<p>A Secretaria do Trabalho, Habita\u00e7\u00e3o e Assist\u00eancia Social (Sthas)de Lajeado informa que estar\u00e1 fechada para atendimento externo e interno na pr\u00f3xima sexta-feira, dia 22. O mesmo ocorre com os servi\u00e7os da Secretaria, como o Centro de Refer\u00eancia de Assist\u00eancia Social (CRAS), o Centro de Refer\u00eancia Especializado em Assist\u00eancia Social (CREAS) e o Conselho Tutelar. O [&hellip;]<\/p>\n","protected":false},"author":8,"featured_media":31867,"comment_status":"open","ping_status":"open","sticky":false,"template":"","format":"standard","meta":{"pmpro_default_level":"","_jetpack_memberships_contains_paid_content":false,"footnotes":""},"categories":[3],"tags":[35,942,27],"class_list":{"0":"post-38833","1":"post","2":"type-post","3":"status-publish","4":"format-standard","5":"has-post-thumbnail","7":"category-geral","8":"tag-assistencia-social","9":"tag-capacitacao","10":"tag-lajeado","11":"pmpro-has-access"},"yoast_head":"<!-- This site is optimized with the Yoast SEO plugin v27.5 - https:\/\/yoast.com\/product\/yoast-seo-wordpress\/ -->\n<title>Secretaria do Trabalho, Habita\u00e7\u00e3o e Assist\u00eancia Social de Lajeado realiza capacita\u00e7\u00e3o nesta sexta-feira, dia 22 - Folha Popular<\/title>\n<meta name=\"robots\" content=\"index, follow, max-snippet:-1, max-image-preview:large, max-video-preview:-1\" \/>\n<link rel=\"canonical\" href=\"https:\/\/folhapopular.info\/index.php\/2017\/12\/20\/secretaria-do-trabalho-habitacao-e-assistencia-social-de-lajeado-realiza-capacitacao-nesta-sexta-feira-dia-22\/\" \/>\n<meta property=\"og:locale\" content=\"pt_BR\" \/>\n<meta property=\"og:type\" content=\"article\" \/>\n<meta property=\"og:title\" content=\"Secretaria do Trabalho, Habita\u00e7\u00e3o e Assist\u00eancia Social de Lajeado realiza capacita\u00e7\u00e3o nesta sexta-feira, dia 22 - Folha Popular\" \/>\n<meta property=\"og:description\" content=\"A Secretaria do Trabalho, Habita\u00e7\u00e3o e Assist\u00eancia Social (Sthas)de Lajeado informa que estar\u00e1 fechada para atendimento externo e interno na pr\u00f3xima sexta-feira, dia 22. O mesmo ocorre com os servi\u00e7os da Secretaria, como o Centro de Refer\u00eancia de Assist\u00eancia Social (CRAS), o Centro de Refer\u00eancia Especializado em Assist\u00eancia Social (CREAS) e o Conselho Tutelar. O [&hellip;]\" \/>\n<meta property=\"og:url\" content=\"https:\/\/folhapopular.info\/index.php\/2017\/12\/20\/secretaria-do-trabalho-habitacao-e-assistencia-social-de-lajeado-realiza-capacitacao-nesta-sexta-feira-dia-22\/\" \/>\n<meta property=\"og:site_name\" content=\"Folha Popular\" \/>\n<meta property=\"article:published_time\" content=\"2017-12-20T15:00:20+00:00\" \/>\n<meta property=\"og:image\" content=\"https:\/\/folhapopular.info\/wp-content\/uploads\/2017\/06\/Not\u00edcias_SITE-1-e1543404686907.jpg\" \/>\n\t<meta property=\"og:image:width\" content=\"800\" \/>\n\t<meta property=\"og:image:height\" content=\"514\" \/>\n\t<meta property=\"og:image:type\" content=\"image\/jpeg\" \/>\n<meta name=\"author\" content=\"Reda\u00e7\u00e3o Folha Popular\" \/>\n<meta name=\"twitter:card\" content=\"summary_large_image\" \/>\n<meta name=\"twitter:label1\" content=\"Escrito por\" \/>\n\t<meta name=\"twitter:data1\" content=\"Reda\u00e7\u00e3o Folha Popular\" \/>\n\t<meta name=\"twitter:label2\" content=\"Est. tempo de leitura\" \/>\n\t<meta name=\"twitter:data2\" content=\"1 minuto\" \/>\n<script type=\"application\/ld+json\" class=\"yoast-schema-graph\">{\"@context\":\"https:\\\/\\\/schema.org\",\"@graph\":[{\"@type\":\"Article\",\"@id\":\"https:\\\/\\\/folhapopular.info\\\/index.php\\\/2017\\\/12\\\/20\\\/secretaria-do-trabalho-habitacao-e-assistencia-social-de-lajeado-realiza-capacitacao-nesta-sexta-feira-dia-22\\\/#article\",\"isPartOf\":{\"@id\":\"https:\\\/\\\/folhapopular.info\\\/index.php\\\/2017\\\/12\\\/20\\\/secretaria-do-trabalho-habitacao-e-assistencia-social-de-lajeado-realiza-capacitacao-nesta-sexta-feira-dia-22\\\/\"},\"author\":{\"name\":\"Reda\u00e7\u00e3o Folha Popular\",\"@id\":\"https:\\\/\\\/folhapopular.info\\\/#\\\/schema\\\/person\\\/2814e8a0df7643585a9ca38bc6eb9d4b\"},\"headline\":\"Secretaria do Trabalho, Habita\u00e7\u00e3o e Assist\u00eancia Social de Lajeado realiza capacita\u00e7\u00e3o nesta sexta-feira, dia 22\",\"datePublished\":\"2017-12-20T15:00:20+00:00\",\"mainEntityOfPage\":{\"@id\":\"https:\\\/\\\/folhapopular.info\\\/index.php\\\/2017\\\/12\\\/20\\\/secretaria-do-trabalho-habitacao-e-assistencia-social-de-lajeado-realiza-capacitacao-nesta-sexta-feira-dia-22\\\/\"},\"wordCount\":124,\"commentCount\":0,\"image\":{\"@id\":\"https:\\\/\\\/folhapopular.info\\\/index.php\\\/2017\\\/12\\\/20\\\/secretaria-do-trabalho-habitacao-e-assistencia-social-de-lajeado-realiza-capacitacao-nesta-sexta-feira-dia-22\\\/#primaryimage\"},\"thumbnailUrl\":\"https:\\\/\\\/folhapopular.info\\\/wp-content\\\/uploads\\\/2017\\\/06\\\/Not\u00edcias_SITE-1-e1543404686907.jpg\",\"keywords\":[\"Assist\u00eancia Social\",\"Capacita\u00e7\u00e3o\",\"Lajeado\"],\"articleSection\":[\"Geral\"],\"inLanguage\":\"pt-BR\",\"potentialAction\":[{\"@type\":\"CommentAction\",\"name\":\"Comment\",\"target\":[\"https:\\\/\\\/folhapopular.info\\\/index.php\\\/2017\\\/12\\\/20\\\/secretaria-do-trabalho-habitacao-e-assistencia-social-de-lajeado-realiza-capacitacao-nesta-sexta-feira-dia-22\\\/#respond\"]}]},{\"@type\":\"WebPage\",\"@id\":\"https:\\\/\\\/folhapopular.info\\\/index.php\\\/2017\\\/12\\\/20\\\/secretaria-do-trabalho-habitacao-e-assistencia-social-de-lajeado-realiza-capacitacao-nesta-sexta-feira-dia-22\\\/\",\"url\":\"https:\\\/\\\/folhapopular.info\\\/index.php\\\/2017\\\/12\\\/20\\\/secretaria-do-trabalho-habitacao-e-assistencia-social-de-lajeado-realiza-capacitacao-nesta-sexta-feira-dia-22\\\/\",\"name\":\"Secretaria do Trabalho, Habita\u00e7\u00e3o e Assist\u00eancia Social de Lajeado realiza capacita\u00e7\u00e3o nesta sexta-feira, dia 22 - Folha Popular\",\"isPartOf\":{\"@id\":\"https:\\\/\\\/folhapopular.info\\\/#website\"},\"primaryImageOfPage\":{\"@id\":\"https:\\\/\\\/folhapopular.info\\\/index.php\\\/2017\\\/12\\\/20\\\/secretaria-do-trabalho-habitacao-e-assistencia-social-de-lajeado-realiza-capacitacao-nesta-sexta-feira-dia-22\\\/#primaryimage\"},\"image\":{\"@id\":\"https:\\\/\\\/folhapopular.info\\\/index.php\\\/2017\\\/12\\\/20\\\/secretaria-do-trabalho-habitacao-e-assistencia-social-de-lajeado-realiza-capacitacao-nesta-sexta-feira-dia-22\\\/#primaryimage\"},\"thumbnailUrl\":\"https:\\\/\\\/folhapopular.info\\\/wp-content\\\/uploads\\\/2017\\\/06\\\/Not\u00edcias_SITE-1-e1543404686907.jpg\",\"datePublished\":\"2017-12-20T15:00:20+00:00\",\"author\":{\"@id\":\"https:\\\/\\\/folhapopular.info\\\/#\\\/schema\\\/person\\\/2814e8a0df7643585a9ca38bc6eb9d4b\"},\"breadcrumb\":{\"@id\":\"https:\\\/\\\/folhapopular.info\\\/index.php\\\/2017\\\/12\\\/20\\\/secretaria-do-trabalho-habitacao-e-assistencia-social-de-lajeado-realiza-capacitacao-nesta-sexta-feira-dia-22\\\/#breadcrumb\"},\"inLanguage\":\"pt-BR\",\"potentialAction\":[{\"@type\":\"ReadAction\",\"target\":[\"https:\\\/\\\/folhapopular.info\\\/index.php\\\/2017\\\/12\\\/20\\\/secretaria-do-trabalho-habitacao-e-assistencia-social-de-lajeado-realiza-capacitacao-nesta-sexta-feira-dia-22\\\/\"]}]},{\"@type\":\"ImageObject\",\"inLanguage\":\"pt-BR\",\"@id\":\"https:\\\/\\\/folhapopular.info\\\/index.php\\\/2017\\\/12\\\/20\\\/secretaria-do-trabalho-habitacao-e-assistencia-social-de-lajeado-realiza-capacitacao-nesta-sexta-feira-dia-22\\\/#primaryimage\",\"url\":\"https:\\\/\\\/folhapopular.info\\\/wp-content\\\/uploads\\\/2017\\\/06\\\/Not\u00edcias_SITE-1-e1543404686907.jpg\",\"contentUrl\":\"https:\\\/\\\/folhapopular.info\\\/wp-content\\\/uploads\\\/2017\\\/06\\\/Not\u00edcias_SITE-1-e1543404686907.jpg\",\"width\":800,\"height\":514,\"caption\":\"Cadastro reserva ser\u00e1 para cinco \u00e1reas de atua\u00e7\u00e3o nas salas de aula\"},{\"@type\":\"BreadcrumbList\",\"@id\":\"https:\\\/\\\/folhapopular.info\\\/index.php\\\/2017\\\/12\\\/20\\\/secretaria-do-trabalho-habitacao-e-assistencia-social-de-lajeado-realiza-capacitacao-nesta-sexta-feira-dia-22\\\/#breadcrumb\",\"itemListElement\":[{\"@type\":\"ListItem\",\"position\":1,\"name\":\"In\u00edcio\",\"item\":\"https:\\\/\\\/folhapopular.info\\\/\"},{\"@type\":\"ListItem\",\"position\":2,\"name\":\"Secretaria do Trabalho, Habita\u00e7\u00e3o e Assist\u00eancia Social de Lajeado realiza capacita\u00e7\u00e3o nesta sexta-feira, dia 22\"}]},{\"@type\":\"WebSite\",\"@id\":\"https:\\\/\\\/folhapopular.info\\\/#website\",\"url\":\"https:\\\/\\\/folhapopular.info\\\/\",\"name\":\"Folha Popular\",\"description\":\"Onde voc\u00ea tem vez e voz\",\"potentialAction\":[{\"@type\":\"SearchAction\",\"target\":{\"@type\":\"EntryPoint\",\"urlTemplate\":\"https:\\\/\\\/folhapopular.info\\\/?s={search_term_string}\"},\"query-input\":{\"@type\":\"PropertyValueSpecification\",\"valueRequired\":true,\"valueName\":\"search_term_string\"}}],\"inLanguage\":\"pt-BR\"},{\"@type\":\"Person\",\"@id\":\"https:\\\/\\\/folhapopular.info\\\/#\\\/schema\\\/person\\\/2814e8a0df7643585a9ca38bc6eb9d4b\",\"name\":\"Reda\u00e7\u00e3o Folha Popular\",\"image\":{\"@type\":\"ImageObject\",\"inLanguage\":\"pt-BR\",\"@id\":\"https:\\\/\\\/folhapopular.info\\\/wp-content\\\/uploads\\\/2026\\\/04\\\/Folha-1.webp\",\"url\":\"https:\\\/\\\/folhapopular.info\\\/wp-content\\\/uploads\\\/2026\\\/04\\\/Folha-1.webp\",\"contentUrl\":\"https:\\\/\\\/folhapopular.info\\\/wp-content\\\/uploads\\\/2026\\\/04\\\/Folha-1.webp\",\"caption\":\"Reda\u00e7\u00e3o Folha Popular\"},\"url\":\"https:\\\/\\\/folhapopular.info\\\/index.php\\\/author\\\/redacao\\\/\"}]}<\/script>\n<!-- \/ Yoast SEO plugin. -->","yoast_head_json":{"title":"Secretaria do Trabalho, Habita\u00e7\u00e3o e Assist\u00eancia Social de Lajeado realiza capacita\u00e7\u00e3o nesta sexta-feira, dia 22 - Folha Popular","robots":{"index":"index","follow":"follow","max-snippet":"max-snippet:-1","max-image-preview":"max-image-preview:large","max-video-preview":"max-video-preview:-1"},"canonical":"https:\/\/folhapopular.info\/index.php\/2017\/12\/20\/secretaria-do-trabalho-habitacao-e-assistencia-social-de-lajeado-realiza-capacitacao-nesta-sexta-feira-dia-22\/","og_locale":"pt_BR","og_type":"article","og_title":"Secretaria do Trabalho, Habita\u00e7\u00e3o e Assist\u00eancia Social de Lajeado realiza capacita\u00e7\u00e3o nesta sexta-feira, dia 22 - Folha Popular","og_description":"A Secretaria do Trabalho, Habita\u00e7\u00e3o e Assist\u00eancia Social (Sthas)de Lajeado informa que estar\u00e1 fechada para atendimento externo e interno na pr\u00f3xima sexta-feira, dia 22. O mesmo ocorre com os servi\u00e7os da Secretaria, como o Centro de Refer\u00eancia de Assist\u00eancia Social (CRAS), o Centro de Refer\u00eancia Especializado em Assist\u00eancia Social (CREAS) e o Conselho Tutelar. O [&hellip;]","og_url":"https:\/\/folhapopular.info\/index.php\/2017\/12\/20\/secretaria-do-trabalho-habitacao-e-assistencia-social-de-lajeado-realiza-capacitacao-nesta-sexta-feira-dia-22\/","og_site_name":"Folha Popular","article_published_time":"2017-12-20T15:00:20+00:00","og_image":[{"width":800,"height":514,"url":"https:\/\/folhapopular.info\/wp-content\/uploads\/2017\/06\/Not\u00edcias_SITE-1-e1543404686907.jpg","type":"image\/jpeg"}],"author":"Reda\u00e7\u00e3o Folha Popular","twitter_card":"summary_large_image","twitter_misc":{"Escrito por":"Reda\u00e7\u00e3o Folha Popular","Est. tempo de leitura":"1 minuto"},"schema":{"@context":"https:\/\/schema.org","@graph":[{"@type":"Article","@id":"https:\/\/folhapopular.info\/index.php\/2017\/12\/20\/secretaria-do-trabalho-habitacao-e-assistencia-social-de-lajeado-realiza-capacitacao-nesta-sexta-feira-dia-22\/#article","isPartOf":{"@id":"https:\/\/folhapopular.info\/index.php\/2017\/12\/20\/secretaria-do-trabalho-habitacao-e-assistencia-social-de-lajeado-realiza-capacitacao-nesta-sexta-feira-dia-22\/"},"author":{"name":"Reda\u00e7\u00e3o Folha Popular","@id":"https:\/\/folhapopular.info\/#\/schema\/person\/2814e8a0df7643585a9ca38bc6eb9d4b"},"headline":"Secretaria do Trabalho, Habita\u00e7\u00e3o e Assist\u00eancia Social de Lajeado realiza capacita\u00e7\u00e3o nesta sexta-feira, dia 22","datePublished":"2017-12-20T15:00:20+00:00","mainEntityOfPage":{"@id":"https:\/\/folhapopular.info\/index.php\/2017\/12\/20\/secretaria-do-trabalho-habitacao-e-assistencia-social-de-lajeado-realiza-capacitacao-nesta-sexta-feira-dia-22\/"},"wordCount":124,"commentCount":0,"image":{"@id":"https:\/\/folhapopular.info\/index.php\/2017\/12\/20\/secretaria-do-trabalho-habitacao-e-assistencia-social-de-lajeado-realiza-capacitacao-nesta-sexta-feira-dia-22\/#primaryimage"},"thumbnailUrl":"https:\/\/folhapopular.info\/wp-content\/uploads\/2017\/06\/Not\u00edcias_SITE-1-e1543404686907.jpg","keywords":["Assist\u00eancia Social","Capacita\u00e7\u00e3o","Lajeado"],"articleSection":["Geral"],"inLanguage":"pt-BR","potentialAction":[{"@type":"CommentAction","name":"Comment","target":["https:\/\/folhapopular.info\/index.php\/2017\/12\/20\/secretaria-do-trabalho-habitacao-e-assistencia-social-de-lajeado-realiza-capacitacao-nesta-sexta-feira-dia-22\/#respond"]}]},{"@type":"WebPage","@id":"https:\/\/folhapopular.info\/index.php\/2017\/12\/20\/secretaria-do-trabalho-habitacao-e-assistencia-social-de-lajeado-realiza-capacitacao-nesta-sexta-feira-dia-22\/","url":"https:\/\/folhapopular.info\/index.php\/2017\/12\/20\/secretaria-do-trabalho-habitacao-e-assistencia-social-de-lajeado-realiza-capacitacao-nesta-sexta-feira-dia-22\/","name":"Secretaria do Trabalho, Habita\u00e7\u00e3o e Assist\u00eancia Social de Lajeado realiza capacita\u00e7\u00e3o nesta sexta-feira, dia 22 - Folha Popular","isPartOf":{"@id":"https:\/\/folhapopular.info\/#website"},"primaryImageOfPage":{"@id":"https:\/\/folhapopular.info\/index.php\/2017\/12\/20\/secretaria-do-trabalho-habitacao-e-assistencia-social-de-lajeado-realiza-capacitacao-nesta-sexta-feira-dia-22\/#primaryimage"},"image":{"@id":"https:\/\/folhapopular.info\/index.php\/2017\/12\/20\/secretaria-do-trabalho-habitacao-e-assistencia-social-de-lajeado-realiza-capacitacao-nesta-sexta-feira-dia-22\/#primaryimage"},"thumbnailUrl":"https:\/\/folhapopular.info\/wp-content\/uploads\/2017\/06\/Not\u00edcias_SITE-1-e1543404686907.jpg","datePublished":"2017-12-20T15:00:20+00:00","author":{"@id":"https:\/\/folhapopular.info\/#\/schema\/person\/2814e8a0df7643585a9ca38bc6eb9d4b"},"breadcrumb":{"@id":"https:\/\/folhapopular.info\/index.php\/2017\/12\/20\/secretaria-do-trabalho-habitacao-e-assistencia-social-de-lajeado-realiza-capacitacao-nesta-sexta-feira-dia-22\/#breadcrumb"},"inLanguage":"pt-BR","potentialAction":[{"@type":"ReadAction","target":["https:\/\/folhapopular.info\/index.php\/2017\/12\/20\/secretaria-do-trabalho-habitacao-e-assistencia-social-de-lajeado-realiza-capacitacao-nesta-sexta-feira-dia-22\/"]}]},{"@type":"ImageObject","inLanguage":"pt-BR","@id":"https:\/\/folhapopular.info\/index.php\/2017\/12\/20\/secretaria-do-trabalho-habitacao-e-assistencia-social-de-lajeado-realiza-capacitacao-nesta-sexta-feira-dia-22\/#primaryimage","url":"https:\/\/folhapopular.info\/wp-content\/uploads\/2017\/06\/Not\u00edcias_SITE-1-e1543404686907.jpg","contentUrl":"https:\/\/folhapopular.info\/wp-content\/uploads\/2017\/06\/Not\u00edcias_SITE-1-e1543404686907.jpg","width":800,"height":514,"caption":"Cadastro reserva ser\u00e1 para cinco \u00e1reas de atua\u00e7\u00e3o nas salas de aula"},{"@type":"BreadcrumbList","@id":"https:\/\/folhapopular.info\/index.php\/2017\/12\/20\/secretaria-do-trabalho-habitacao-e-assistencia-social-de-lajeado-realiza-capacitacao-nesta-sexta-feira-dia-22\/#breadcrumb","itemListElement":[{"@type":"ListItem","position":1,"name":"In\u00edcio","item":"https:\/\/folhapopular.info\/"},{"@type":"ListItem","position":2,"name":"Secretaria do Trabalho, Habita\u00e7\u00e3o e Assist\u00eancia Social de Lajeado realiza capacita\u00e7\u00e3o nesta sexta-feira, dia 22"}]},{"@type":"WebSite","@id":"https:\/\/folhapopular.info\/#website","url":"https:\/\/folhapopular.info\/","name":"Folha Popular","description":"Onde voc\u00ea tem vez e voz","potentialAction":[{"@type":"SearchAction","target":{"@type":"EntryPoint","urlTemplate":"https:\/\/folhapopular.info\/?s={search_term_string}"},"query-input":{"@type":"PropertyValueSpecification","valueRequired":true,"valueName":"search_term_string"}}],"inLanguage":"pt-BR"},{"@type":"Person","@id":"https:\/\/folhapopular.info\/#\/schema\/person\/2814e8a0df7643585a9ca38bc6eb9d4b","name":"Reda\u00e7\u00e3o Folha Popular","image":{"@type":"ImageObject","inLanguage":"pt-BR","@id":"https:\/\/folhapopular.info\/wp-content\/uploads\/2026\/04\/Folha-1.webp","url":"https:\/\/folhapopular.info\/wp-content\/uploads\/2026\/04\/Folha-1.webp","contentUrl":"https:\/\/folhapopular.info\/wp-content\/uploads\/2026\/04\/Folha-1.webp","caption":"Reda\u00e7\u00e3o Folha Popular"},"url":"https:\/\/folhapopular.info\/index.php\/author\/redacao\/"}]}},"jetpack_featured_media_url":"https:\/\/folhapopular.info\/wp-content\/uploads\/2017\/06\/Not\u00edcias_SITE-1-e1543404686907.jpg","jetpack_sharing_enabled":true,"amp_enabled":true,"_links":{"self":[{"href":"https:\/\/folhapopular.info\/index.php\/wp-json\/wp\/v2\/posts\/38833","targetHints":{"allow":["GET"]}}],"collection":[{"href":"https:\/\/folhapopular.info\/index.php\/wp-json\/wp\/v2\/posts"}],"about":[{"href":"https:\/\/folhapopular.info\/index.php\/wp-json\/wp\/v2\/types\/post"}],"author":[{"embeddable":true,"href":"https:\/\/folhapopular.info\/index.php\/wp-json\/wp\/v2\/users\/8"}],"replies":[{"embeddable":true,"href":"https:\/\/folhapopular.info\/index.php\/wp-json\/wp\/v2\/comments?post=38833"}],"version-history":[{"count":0,"href":"https:\/\/folhapopular.info\/index.php\/wp-json\/wp\/v2\/posts\/38833\/revisions"}],"wp:featuredmedia":[{"embeddable":true,"href":"https:\/\/folhapopular.info\/index.php\/wp-json\/wp\/v2\/media\/31867"}],"wp:attachment":[{"href":"https:\/\/folhapopular.info\/index.php\/wp-json\/wp\/v2\/media?parent=38833"}],"wp:term":[{"taxonomy":"category","embeddable":true,"href":"https:\/\/folhapopular.info\/index.php\/wp-json\/wp\/v2\/categories?post=38833"},{"taxonomy":"post_tag","embeddable":true,"href":"https:\/\/folhapopular.info\/index.php\/wp-json\/wp\/v2\/tags?post=38833"}],"curies":[{"name":"wp","href":"https:\/\/api.w.org\/{rel}","templated":true}]}}