{"id":38998,"date":"2017-12-25T09:36:28","date_gmt":"2017-12-25T11:36:28","guid":{"rendered":"http:\/\/folhapopular.info\/?p=38998"},"modified":"2017-12-25T09:37:45","modified_gmt":"2017-12-25T11:37:45","slug":"baleado-homem-de-teutonia-e-transferido-a-canoas","status":"publish","type":"post","link":"https:\/\/folhapopular.info\/index.php\/2017\/12\/25\/baleado-homem-de-teutonia-e-transferido-a-canoas\/","title":{"rendered":"Baleado, homem de Teut\u00f4nia \u00e9 transferido a Canoas"},"content":{"rendered":"<p>Um homem de 31 anos, morador de Teut\u00f4nia, deu entrada baleado no Hospital Ouro Branco, de Teut\u00f4nia. De acordo com a Brigada Militar, uma mulher deixou a v\u00edtima na casa de sa\u00fade por volta das 23h30min deste domingo (24\/12), por\u00e9m os policiais s\u00f3 foram acionados \u00e0s 3h da madrugada de hoje (25\/12); ou seja, mais de 3 horas ap\u00f3s a entrada da v\u00edtima no hospital.<\/p>\n<p>E quando a BM chegou ao local, o homem j\u00e1 havia sido transferido para o HPS de Canoas e a mulher que o trouxe n\u00e3o estava mais no hospital para prestar esclarecimentos. A Brigada Militar suspeita que ela possa ter fugido do local.<\/p>\n<p>O Hospital Ouro Branco confirmou os hor\u00e1rios e que a transfer\u00eancia para Canoas foi realizada pelo SAMU. A dire\u00e7\u00e3o do hospital ainda busca apurar os motivos para a demora de mais de 3h para acionar a Brigada Militar em caso de ferimento \u00e0 bala.<\/p>\n<p>Ainda n\u00e3o foi poss\u00edvel apurar com a Brigada Militar ou com os hospitais: o local do corpo que atingido pela bala, quantos disparos atingiram a v\u00edtima nem seu estado de sa\u00fade.<\/p>\n<p>A pol\u00edtica interna do HPS de Canoas \u00e9 s\u00f3 fornecer informa\u00e7\u00f5es a familiares presentes no hospital. Nenhum detalhe sobre pacientes \u00e9 fornecida por telefone, pois o agressor pode se passar por familiar, amigo ou at\u00e9 mesmo rep\u00f3rter para obter informa\u00e7\u00f5es da v\u00edtima.<\/p>\n","protected":false},"excerpt":{"rendered":"<p>Um homem de 31 anos, morador de Teut\u00f4nia, deu entrada baleado no Hospital Ouro Branco, de Teut\u00f4nia. De acordo com a Brigada Militar, uma mulher deixou a v\u00edtima na casa de sa\u00fade por volta das 23h30min deste domingo (24\/12), por\u00e9m os policiais s\u00f3 foram acionados \u00e0s 3h da madrugada de hoje (25\/12); ou seja, mais [&hellip;]<\/p>\n","protected":false},"author":8,"featured_media":31970,"comment_status":"open","ping_status":"open","sticky":false,"template":"","format":"standard","meta":{"pmpro_default_level":"","_jetpack_memberships_contains_paid_content":false,"footnotes":""},"categories":[2,3,7],"tags":[251,1831,1832,26],"class_list":{"0":"post-38998","1":"post","2":"type-post","3":"status-publish","4":"format-standard","5":"has-post-thumbnail","7":"category-featured","8":"category-geral","9":"category-seguranca","10":"tag-brigada-militar","11":"tag-ferido-a-bala","12":"tag-hps-de-canoas","13":"tag-teutonia","14":"pmpro-has-access"},"yoast_head":"<!-- This site is optimized with the Yoast SEO plugin v27.5 - https:\/\/yoast.com\/product\/yoast-seo-wordpress\/ -->\n<title>Baleado, homem de Teut\u00f4nia \u00e9 transferido a Canoas - Folha Popular<\/title>\n<meta name=\"robots\" content=\"index, follow, max-snippet:-1, max-image-preview:large, max-video-preview:-1\" \/>\n<link rel=\"canonical\" href=\"https:\/\/folhapopular.info\/index.php\/2017\/12\/25\/baleado-homem-de-teutonia-e-transferido-a-canoas\/\" \/>\n<meta property=\"og:locale\" content=\"pt_BR\" \/>\n<meta property=\"og:type\" content=\"article\" \/>\n<meta property=\"og:title\" content=\"Baleado, homem de Teut\u00f4nia \u00e9 transferido a Canoas - Folha Popular\" \/>\n<meta property=\"og:description\" content=\"Um homem de 31 anos, morador de Teut\u00f4nia, deu entrada baleado no Hospital Ouro Branco, de Teut\u00f4nia. De acordo com a Brigada Militar, uma mulher deixou a v\u00edtima na casa de sa\u00fade por volta das 23h30min deste domingo (24\/12), por\u00e9m os policiais s\u00f3 foram acionados \u00e0s 3h da madrugada de hoje (25\/12); ou seja, mais [&hellip;]\" \/>\n<meta property=\"og:url\" content=\"https:\/\/folhapopular.info\/index.php\/2017\/12\/25\/baleado-homem-de-teutonia-e-transferido-a-canoas\/\" \/>\n<meta property=\"og:site_name\" content=\"Folha Popular\" \/>\n<meta property=\"article:published_time\" content=\"2017-12-25T11:36:28+00:00\" \/>\n<meta property=\"article:modified_time\" content=\"2017-12-25T11:37:45+00:00\" \/>\n<meta property=\"og:image\" content=\"https:\/\/folhapopular.info\/wp-content\/uploads\/2017\/07\/Pol\u00edcia_SITE-e1544690850833.jpg\" \/>\n\t<meta property=\"og:image:width\" content=\"800\" \/>\n\t<meta property=\"og:image:height\" content=\"514\" \/>\n\t<meta property=\"og:image:type\" content=\"image\/jpeg\" \/>\n<meta name=\"author\" content=\"Reda\u00e7\u00e3o Folha Popular\" \/>\n<meta name=\"twitter:card\" content=\"summary_large_image\" \/>\n<meta name=\"twitter:label1\" content=\"Escrito por\" \/>\n\t<meta name=\"twitter:data1\" content=\"Reda\u00e7\u00e3o Folha Popular\" \/>\n\t<meta name=\"twitter:label2\" content=\"Est. tempo de leitura\" \/>\n\t<meta name=\"twitter:data2\" content=\"1 minuto\" \/>\n<script type=\"application\/ld+json\" class=\"yoast-schema-graph\">{\"@context\":\"https:\\\/\\\/schema.org\",\"@graph\":[{\"@type\":\"Article\",\"@id\":\"https:\\\/\\\/folhapopular.info\\\/index.php\\\/2017\\\/12\\\/25\\\/baleado-homem-de-teutonia-e-transferido-a-canoas\\\/#article\",\"isPartOf\":{\"@id\":\"https:\\\/\\\/folhapopular.info\\\/index.php\\\/2017\\\/12\\\/25\\\/baleado-homem-de-teutonia-e-transferido-a-canoas\\\/\"},\"author\":{\"name\":\"Reda\u00e7\u00e3o Folha Popular\",\"@id\":\"https:\\\/\\\/folhapopular.info\\\/#\\\/schema\\\/person\\\/2814e8a0df7643585a9ca38bc6eb9d4b\"},\"headline\":\"Baleado, homem de Teut\u00f4nia \u00e9 transferido a Canoas\",\"datePublished\":\"2017-12-25T11:36:28+00:00\",\"dateModified\":\"2017-12-25T11:37:45+00:00\",\"mainEntityOfPage\":{\"@id\":\"https:\\\/\\\/folhapopular.info\\\/index.php\\\/2017\\\/12\\\/25\\\/baleado-homem-de-teutonia-e-transferido-a-canoas\\\/\"},\"wordCount\":247,\"commentCount\":0,\"image\":{\"@id\":\"https:\\\/\\\/folhapopular.info\\\/index.php\\\/2017\\\/12\\\/25\\\/baleado-homem-de-teutonia-e-transferido-a-canoas\\\/#primaryimage\"},\"thumbnailUrl\":\"https:\\\/\\\/folhapopular.info\\\/wp-content\\\/uploads\\\/2017\\\/07\\\/Pol\u00edcia_SITE-e1544690850833.jpg\",\"keywords\":[\"Brigada Militar\",\"ferido \u00e0 bala\",\"HPS de Canoas\",\"Teut\u00f4nia\"],\"articleSection\":[\"Destaques\",\"Geral\",\"Seguran\u00e7a\"],\"inLanguage\":\"pt-BR\",\"potentialAction\":[{\"@type\":\"CommentAction\",\"name\":\"Comment\",\"target\":[\"https:\\\/\\\/folhapopular.info\\\/index.php\\\/2017\\\/12\\\/25\\\/baleado-homem-de-teutonia-e-transferido-a-canoas\\\/#respond\"]}]},{\"@type\":\"WebPage\",\"@id\":\"https:\\\/\\\/folhapopular.info\\\/index.php\\\/2017\\\/12\\\/25\\\/baleado-homem-de-teutonia-e-transferido-a-canoas\\\/\",\"url\":\"https:\\\/\\\/folhapopular.info\\\/index.php\\\/2017\\\/12\\\/25\\\/baleado-homem-de-teutonia-e-transferido-a-canoas\\\/\",\"name\":\"Baleado, homem de Teut\u00f4nia \u00e9 transferido a Canoas - Folha Popular\",\"isPartOf\":{\"@id\":\"https:\\\/\\\/folhapopular.info\\\/#website\"},\"primaryImageOfPage\":{\"@id\":\"https:\\\/\\\/folhapopular.info\\\/index.php\\\/2017\\\/12\\\/25\\\/baleado-homem-de-teutonia-e-transferido-a-canoas\\\/#primaryimage\"},\"image\":{\"@id\":\"https:\\\/\\\/folhapopular.info\\\/index.php\\\/2017\\\/12\\\/25\\\/baleado-homem-de-teutonia-e-transferido-a-canoas\\\/#primaryimage\"},\"thumbnailUrl\":\"https:\\\/\\\/folhapopular.info\\\/wp-content\\\/uploads\\\/2017\\\/07\\\/Pol\u00edcia_SITE-e1544690850833.jpg\",\"datePublished\":\"2017-12-25T11:36:28+00:00\",\"dateModified\":\"2017-12-25T11:37:45+00:00\",\"author\":{\"@id\":\"https:\\\/\\\/folhapopular.info\\\/#\\\/schema\\\/person\\\/2814e8a0df7643585a9ca38bc6eb9d4b\"},\"breadcrumb\":{\"@id\":\"https:\\\/\\\/folhapopular.info\\\/index.php\\\/2017\\\/12\\\/25\\\/baleado-homem-de-teutonia-e-transferido-a-canoas\\\/#breadcrumb\"},\"inLanguage\":\"pt-BR\",\"potentialAction\":[{\"@type\":\"ReadAction\",\"target\":[\"https:\\\/\\\/folhapopular.info\\\/index.php\\\/2017\\\/12\\\/25\\\/baleado-homem-de-teutonia-e-transferido-a-canoas\\\/\"]}]},{\"@type\":\"ImageObject\",\"inLanguage\":\"pt-BR\",\"@id\":\"https:\\\/\\\/folhapopular.info\\\/index.php\\\/2017\\\/12\\\/25\\\/baleado-homem-de-teutonia-e-transferido-a-canoas\\\/#primaryimage\",\"url\":\"https:\\\/\\\/folhapopular.info\\\/wp-content\\\/uploads\\\/2017\\\/07\\\/Pol\u00edcia_SITE-e1544690850833.jpg\",\"contentUrl\":\"https:\\\/\\\/folhapopular.info\\\/wp-content\\\/uploads\\\/2017\\\/07\\\/Pol\u00edcia_SITE-e1544690850833.jpg\",\"width\":800,\"height\":514},{\"@type\":\"BreadcrumbList\",\"@id\":\"https:\\\/\\\/folhapopular.info\\\/index.php\\\/2017\\\/12\\\/25\\\/baleado-homem-de-teutonia-e-transferido-a-canoas\\\/#breadcrumb\",\"itemListElement\":[{\"@type\":\"ListItem\",\"position\":1,\"name\":\"In\u00edcio\",\"item\":\"https:\\\/\\\/folhapopular.info\\\/\"},{\"@type\":\"ListItem\",\"position\":2,\"name\":\"Baleado, homem de Teut\u00f4nia \u00e9 transferido a Canoas\"}]},{\"@type\":\"WebSite\",\"@id\":\"https:\\\/\\\/folhapopular.info\\\/#website\",\"url\":\"https:\\\/\\\/folhapopular.info\\\/\",\"name\":\"Folha Popular\",\"description\":\"Onde voc\u00ea tem vez e voz\",\"potentialAction\":[{\"@type\":\"SearchAction\",\"target\":{\"@type\":\"EntryPoint\",\"urlTemplate\":\"https:\\\/\\\/folhapopular.info\\\/?s={search_term_string}\"},\"query-input\":{\"@type\":\"PropertyValueSpecification\",\"valueRequired\":true,\"valueName\":\"search_term_string\"}}],\"inLanguage\":\"pt-BR\"},{\"@type\":\"Person\",\"@id\":\"https:\\\/\\\/folhapopular.info\\\/#\\\/schema\\\/person\\\/2814e8a0df7643585a9ca38bc6eb9d4b\",\"name\":\"Reda\u00e7\u00e3o Folha Popular\",\"image\":{\"@type\":\"ImageObject\",\"inLanguage\":\"pt-BR\",\"@id\":\"https:\\\/\\\/folhapopular.info\\\/wp-content\\\/uploads\\\/2026\\\/04\\\/Folha-1.webp\",\"url\":\"https:\\\/\\\/folhapopular.info\\\/wp-content\\\/uploads\\\/2026\\\/04\\\/Folha-1.webp\",\"contentUrl\":\"https:\\\/\\\/folhapopular.info\\\/wp-content\\\/uploads\\\/2026\\\/04\\\/Folha-1.webp\",\"caption\":\"Reda\u00e7\u00e3o Folha Popular\"},\"url\":\"https:\\\/\\\/folhapopular.info\\\/index.php\\\/author\\\/redacao\\\/\"}]}<\/script>\n<!-- \/ Yoast SEO plugin. -->","yoast_head_json":{"title":"Baleado, homem de Teut\u00f4nia \u00e9 transferido a Canoas - Folha Popular","robots":{"index":"index","follow":"follow","max-snippet":"max-snippet:-1","max-image-preview":"max-image-preview:large","max-video-preview":"max-video-preview:-1"},"canonical":"https:\/\/folhapopular.info\/index.php\/2017\/12\/25\/baleado-homem-de-teutonia-e-transferido-a-canoas\/","og_locale":"pt_BR","og_type":"article","og_title":"Baleado, homem de Teut\u00f4nia \u00e9 transferido a Canoas - Folha Popular","og_description":"Um homem de 31 anos, morador de Teut\u00f4nia, deu entrada baleado no Hospital Ouro Branco, de Teut\u00f4nia. De acordo com a Brigada Militar, uma mulher deixou a v\u00edtima na casa de sa\u00fade por volta das 23h30min deste domingo (24\/12), por\u00e9m os policiais s\u00f3 foram acionados \u00e0s 3h da madrugada de hoje (25\/12); ou seja, mais [&hellip;]","og_url":"https:\/\/folhapopular.info\/index.php\/2017\/12\/25\/baleado-homem-de-teutonia-e-transferido-a-canoas\/","og_site_name":"Folha Popular","article_published_time":"2017-12-25T11:36:28+00:00","article_modified_time":"2017-12-25T11:37:45+00:00","og_image":[{"width":800,"height":514,"url":"https:\/\/folhapopular.info\/wp-content\/uploads\/2017\/07\/Pol\u00edcia_SITE-e1544690850833.jpg","type":"image\/jpeg"}],"author":"Reda\u00e7\u00e3o Folha Popular","twitter_card":"summary_large_image","twitter_misc":{"Escrito por":"Reda\u00e7\u00e3o Folha Popular","Est. tempo de leitura":"1 minuto"},"schema":{"@context":"https:\/\/schema.org","@graph":[{"@type":"Article","@id":"https:\/\/folhapopular.info\/index.php\/2017\/12\/25\/baleado-homem-de-teutonia-e-transferido-a-canoas\/#article","isPartOf":{"@id":"https:\/\/folhapopular.info\/index.php\/2017\/12\/25\/baleado-homem-de-teutonia-e-transferido-a-canoas\/"},"author":{"name":"Reda\u00e7\u00e3o Folha Popular","@id":"https:\/\/folhapopular.info\/#\/schema\/person\/2814e8a0df7643585a9ca38bc6eb9d4b"},"headline":"Baleado, homem de Teut\u00f4nia \u00e9 transferido a Canoas","datePublished":"2017-12-25T11:36:28+00:00","dateModified":"2017-12-25T11:37:45+00:00","mainEntityOfPage":{"@id":"https:\/\/folhapopular.info\/index.php\/2017\/12\/25\/baleado-homem-de-teutonia-e-transferido-a-canoas\/"},"wordCount":247,"commentCount":0,"image":{"@id":"https:\/\/folhapopular.info\/index.php\/2017\/12\/25\/baleado-homem-de-teutonia-e-transferido-a-canoas\/#primaryimage"},"thumbnailUrl":"https:\/\/folhapopular.info\/wp-content\/uploads\/2017\/07\/Pol\u00edcia_SITE-e1544690850833.jpg","keywords":["Brigada Militar","ferido \u00e0 bala","HPS de Canoas","Teut\u00f4nia"],"articleSection":["Destaques","Geral","Seguran\u00e7a"],"inLanguage":"pt-BR","potentialAction":[{"@type":"CommentAction","name":"Comment","target":["https:\/\/folhapopular.info\/index.php\/2017\/12\/25\/baleado-homem-de-teutonia-e-transferido-a-canoas\/#respond"]}]},{"@type":"WebPage","@id":"https:\/\/folhapopular.info\/index.php\/2017\/12\/25\/baleado-homem-de-teutonia-e-transferido-a-canoas\/","url":"https:\/\/folhapopular.info\/index.php\/2017\/12\/25\/baleado-homem-de-teutonia-e-transferido-a-canoas\/","name":"Baleado, homem de Teut\u00f4nia \u00e9 transferido a Canoas - Folha Popular","isPartOf":{"@id":"https:\/\/folhapopular.info\/#website"},"primaryImageOfPage":{"@id":"https:\/\/folhapopular.info\/index.php\/2017\/12\/25\/baleado-homem-de-teutonia-e-transferido-a-canoas\/#primaryimage"},"image":{"@id":"https:\/\/folhapopular.info\/index.php\/2017\/12\/25\/baleado-homem-de-teutonia-e-transferido-a-canoas\/#primaryimage"},"thumbnailUrl":"https:\/\/folhapopular.info\/wp-content\/uploads\/2017\/07\/Pol\u00edcia_SITE-e1544690850833.jpg","datePublished":"2017-12-25T11:36:28+00:00","dateModified":"2017-12-25T11:37:45+00:00","author":{"@id":"https:\/\/folhapopular.info\/#\/schema\/person\/2814e8a0df7643585a9ca38bc6eb9d4b"},"breadcrumb":{"@id":"https:\/\/folhapopular.info\/index.php\/2017\/12\/25\/baleado-homem-de-teutonia-e-transferido-a-canoas\/#breadcrumb"},"inLanguage":"pt-BR","potentialAction":[{"@type":"ReadAction","target":["https:\/\/folhapopular.info\/index.php\/2017\/12\/25\/baleado-homem-de-teutonia-e-transferido-a-canoas\/"]}]},{"@type":"ImageObject","inLanguage":"pt-BR","@id":"https:\/\/folhapopular.info\/index.php\/2017\/12\/25\/baleado-homem-de-teutonia-e-transferido-a-canoas\/#primaryimage","url":"https:\/\/folhapopular.info\/wp-content\/uploads\/2017\/07\/Pol\u00edcia_SITE-e1544690850833.jpg","contentUrl":"https:\/\/folhapopular.info\/wp-content\/uploads\/2017\/07\/Pol\u00edcia_SITE-e1544690850833.jpg","width":800,"height":514},{"@type":"BreadcrumbList","@id":"https:\/\/folhapopular.info\/index.php\/2017\/12\/25\/baleado-homem-de-teutonia-e-transferido-a-canoas\/#breadcrumb","itemListElement":[{"@type":"ListItem","position":1,"name":"In\u00edcio","item":"https:\/\/folhapopular.info\/"},{"@type":"ListItem","position":2,"name":"Baleado, homem de Teut\u00f4nia \u00e9 transferido a Canoas"}]},{"@type":"WebSite","@id":"https:\/\/folhapopular.info\/#website","url":"https:\/\/folhapopular.info\/","name":"Folha Popular","description":"Onde voc\u00ea tem vez e voz","potentialAction":[{"@type":"SearchAction","target":{"@type":"EntryPoint","urlTemplate":"https:\/\/folhapopular.info\/?s={search_term_string}"},"query-input":{"@type":"PropertyValueSpecification","valueRequired":true,"valueName":"search_term_string"}}],"inLanguage":"pt-BR"},{"@type":"Person","@id":"https:\/\/folhapopular.info\/#\/schema\/person\/2814e8a0df7643585a9ca38bc6eb9d4b","name":"Reda\u00e7\u00e3o Folha Popular","image":{"@type":"ImageObject","inLanguage":"pt-BR","@id":"https:\/\/folhapopular.info\/wp-content\/uploads\/2026\/04\/Folha-1.webp","url":"https:\/\/folhapopular.info\/wp-content\/uploads\/2026\/04\/Folha-1.webp","contentUrl":"https:\/\/folhapopular.info\/wp-content\/uploads\/2026\/04\/Folha-1.webp","caption":"Reda\u00e7\u00e3o Folha Popular"},"url":"https:\/\/folhapopular.info\/index.php\/author\/redacao\/"}]}},"jetpack_featured_media_url":"https:\/\/folhapopular.info\/wp-content\/uploads\/2017\/07\/Pol\u00edcia_SITE-e1544690850833.jpg","jetpack_sharing_enabled":true,"amp_enabled":true,"_links":{"self":[{"href":"https:\/\/folhapopular.info\/index.php\/wp-json\/wp\/v2\/posts\/38998","targetHints":{"allow":["GET"]}}],"collection":[{"href":"https:\/\/folhapopular.info\/index.php\/wp-json\/wp\/v2\/posts"}],"about":[{"href":"https:\/\/folhapopular.info\/index.php\/wp-json\/wp\/v2\/types\/post"}],"author":[{"embeddable":true,"href":"https:\/\/folhapopular.info\/index.php\/wp-json\/wp\/v2\/users\/8"}],"replies":[{"embeddable":true,"href":"https:\/\/folhapopular.info\/index.php\/wp-json\/wp\/v2\/comments?post=38998"}],"version-history":[{"count":0,"href":"https:\/\/folhapopular.info\/index.php\/wp-json\/wp\/v2\/posts\/38998\/revisions"}],"wp:featuredmedia":[{"embeddable":true,"href":"https:\/\/folhapopular.info\/index.php\/wp-json\/wp\/v2\/media\/31970"}],"wp:attachment":[{"href":"https:\/\/folhapopular.info\/index.php\/wp-json\/wp\/v2\/media?parent=38998"}],"wp:term":[{"taxonomy":"category","embeddable":true,"href":"https:\/\/folhapopular.info\/index.php\/wp-json\/wp\/v2\/categories?post=38998"},{"taxonomy":"post_tag","embeddable":true,"href":"https:\/\/folhapopular.info\/index.php\/wp-json\/wp\/v2\/tags?post=38998"}],"curies":[{"name":"wp","href":"https:\/\/api.w.org\/{rel}","templated":true}]}}