{"id":39000,"date":"2017-12-25T09:46:22","date_gmt":"2017-12-25T11:46:22","guid":{"rendered":"http:\/\/folhapopular.info\/?p=39000"},"modified":"2017-12-25T09:47:03","modified_gmt":"2017-12-25T11:47:03","slug":"residencia-e-alvo-de-furto-no-interior-de-fazenda-vilanova","status":"publish","type":"post","link":"https:\/\/folhapopular.info\/index.php\/2017\/12\/25\/residencia-e-alvo-de-furto-no-interior-de-fazenda-vilanova\/","title":{"rendered":"Resid\u00eancia \u00e9 alvo de furto no interior de Fazenda Vilanova"},"content":{"rendered":"<p>A Brigada Militar foi acionada para atender a um arrombamento seguido de furto \u00e0 resid\u00eancia na localidade de J\u00falio de Castilhos, interior de Fazenda Vilanova, na noite deste domingo (24\/12).<\/p>\n<p>Os bandidos causaram v\u00e1rios estragos e s\u00f3 levaram um televisor, uma espingarda calibre 12 e uma quantia em dinheiro (aproximadamente R$ 2.500). Demais objetos de valor n\u00e3o foram levados. Na sa\u00edda do mato, os policiais localizaram uma touca ninja e marcas de sangue.<\/p>\n","protected":false},"excerpt":{"rendered":"<p>A Brigada Militar foi acionada para atender a um arrombamento seguido de furto \u00e0 resid\u00eancia na localidade de J\u00falio de Castilhos, interior de Fazenda Vilanova, na noite deste domingo (24\/12). Os bandidos causaram v\u00e1rios estragos e s\u00f3 levaram um televisor, uma espingarda calibre 12 e uma quantia em dinheiro (aproximadamente R$ 2.500). Demais objetos de [&hellip;]<\/p>\n","protected":false},"author":8,"featured_media":31970,"comment_status":"open","ping_status":"open","sticky":false,"template":"","format":"standard","meta":{"pmpro_default_level":"","_jetpack_memberships_contains_paid_content":false,"footnotes":""},"categories":[3,7],"tags":[1833,951,801,71],"class_list":{"0":"post-39000","1":"post","2":"type-post","3":"status-publish","4":"format-standard","5":"has-post-thumbnail","7":"category-geral","8":"category-seguranca","9":"tag-arma-de-fogo","10":"tag-arrombamento","11":"tag-fazenda-vilanova","12":"tag-furto","13":"pmpro-has-access"},"yoast_head":"<!-- This site is optimized with the Yoast SEO plugin v27.5 - https:\/\/yoast.com\/product\/yoast-seo-wordpress\/ -->\n<title>Resid\u00eancia \u00e9 alvo de furto no interior de Fazenda Vilanova - Folha Popular<\/title>\n<meta name=\"robots\" content=\"index, follow, max-snippet:-1, max-image-preview:large, max-video-preview:-1\" \/>\n<link rel=\"canonical\" href=\"https:\/\/folhapopular.info\/index.php\/2017\/12\/25\/residencia-e-alvo-de-furto-no-interior-de-fazenda-vilanova\/\" \/>\n<meta property=\"og:locale\" content=\"pt_BR\" \/>\n<meta property=\"og:type\" content=\"article\" \/>\n<meta property=\"og:title\" content=\"Resid\u00eancia \u00e9 alvo de furto no interior de Fazenda Vilanova - Folha Popular\" \/>\n<meta property=\"og:description\" content=\"A Brigada Militar foi acionada para atender a um arrombamento seguido de furto \u00e0 resid\u00eancia na localidade de J\u00falio de Castilhos, interior de Fazenda Vilanova, na noite deste domingo (24\/12). Os bandidos causaram v\u00e1rios estragos e s\u00f3 levaram um televisor, uma espingarda calibre 12 e uma quantia em dinheiro (aproximadamente R$ 2.500). Demais objetos de [&hellip;]\" \/>\n<meta property=\"og:url\" content=\"https:\/\/folhapopular.info\/index.php\/2017\/12\/25\/residencia-e-alvo-de-furto-no-interior-de-fazenda-vilanova\/\" \/>\n<meta property=\"og:site_name\" content=\"Folha Popular\" \/>\n<meta property=\"article:published_time\" content=\"2017-12-25T11:46:22+00:00\" \/>\n<meta property=\"article:modified_time\" content=\"2017-12-25T11:47:03+00:00\" \/>\n<meta property=\"og:image\" content=\"https:\/\/folhapopular.info\/wp-content\/uploads\/2017\/07\/Pol\u00edcia_SITE-e1544690850833.jpg\" \/>\n\t<meta property=\"og:image:width\" content=\"800\" \/>\n\t<meta property=\"og:image:height\" content=\"514\" \/>\n\t<meta property=\"og:image:type\" content=\"image\/jpeg\" \/>\n<meta name=\"author\" content=\"Reda\u00e7\u00e3o Folha Popular\" \/>\n<meta name=\"twitter:card\" content=\"summary_large_image\" \/>\n<meta name=\"twitter:label1\" content=\"Escrito por\" \/>\n\t<meta name=\"twitter:data1\" content=\"Reda\u00e7\u00e3o Folha Popular\" \/>\n<script type=\"application\/ld+json\" class=\"yoast-schema-graph\">{\"@context\":\"https:\\\/\\\/schema.org\",\"@graph\":[{\"@type\":\"Article\",\"@id\":\"https:\\\/\\\/folhapopular.info\\\/index.php\\\/2017\\\/12\\\/25\\\/residencia-e-alvo-de-furto-no-interior-de-fazenda-vilanova\\\/#article\",\"isPartOf\":{\"@id\":\"https:\\\/\\\/folhapopular.info\\\/index.php\\\/2017\\\/12\\\/25\\\/residencia-e-alvo-de-furto-no-interior-de-fazenda-vilanova\\\/\"},\"author\":{\"name\":\"Reda\u00e7\u00e3o Folha Popular\",\"@id\":\"https:\\\/\\\/folhapopular.info\\\/#\\\/schema\\\/person\\\/2814e8a0df7643585a9ca38bc6eb9d4b\"},\"headline\":\"Resid\u00eancia \u00e9 alvo de furto no interior de Fazenda Vilanova\",\"datePublished\":\"2017-12-25T11:46:22+00:00\",\"dateModified\":\"2017-12-25T11:47:03+00:00\",\"mainEntityOfPage\":{\"@id\":\"https:\\\/\\\/folhapopular.info\\\/index.php\\\/2017\\\/12\\\/25\\\/residencia-e-alvo-de-furto-no-interior-de-fazenda-vilanova\\\/\"},\"wordCount\":84,\"commentCount\":0,\"image\":{\"@id\":\"https:\\\/\\\/folhapopular.info\\\/index.php\\\/2017\\\/12\\\/25\\\/residencia-e-alvo-de-furto-no-interior-de-fazenda-vilanova\\\/#primaryimage\"},\"thumbnailUrl\":\"https:\\\/\\\/folhapopular.info\\\/wp-content\\\/uploads\\\/2017\\\/07\\\/Pol\u00edcia_SITE-e1544690850833.jpg\",\"keywords\":[\"arma de fogo\",\"Arrombamento\",\"Fazenda Vilanova\",\"furto\"],\"articleSection\":[\"Geral\",\"Seguran\u00e7a\"],\"inLanguage\":\"pt-BR\",\"potentialAction\":[{\"@type\":\"CommentAction\",\"name\":\"Comment\",\"target\":[\"https:\\\/\\\/folhapopular.info\\\/index.php\\\/2017\\\/12\\\/25\\\/residencia-e-alvo-de-furto-no-interior-de-fazenda-vilanova\\\/#respond\"]}]},{\"@type\":\"WebPage\",\"@id\":\"https:\\\/\\\/folhapopular.info\\\/index.php\\\/2017\\\/12\\\/25\\\/residencia-e-alvo-de-furto-no-interior-de-fazenda-vilanova\\\/\",\"url\":\"https:\\\/\\\/folhapopular.info\\\/index.php\\\/2017\\\/12\\\/25\\\/residencia-e-alvo-de-furto-no-interior-de-fazenda-vilanova\\\/\",\"name\":\"Resid\u00eancia \u00e9 alvo de furto no interior de Fazenda Vilanova - Folha Popular\",\"isPartOf\":{\"@id\":\"https:\\\/\\\/folhapopular.info\\\/#website\"},\"primaryImageOfPage\":{\"@id\":\"https:\\\/\\\/folhapopular.info\\\/index.php\\\/2017\\\/12\\\/25\\\/residencia-e-alvo-de-furto-no-interior-de-fazenda-vilanova\\\/#primaryimage\"},\"image\":{\"@id\":\"https:\\\/\\\/folhapopular.info\\\/index.php\\\/2017\\\/12\\\/25\\\/residencia-e-alvo-de-furto-no-interior-de-fazenda-vilanova\\\/#primaryimage\"},\"thumbnailUrl\":\"https:\\\/\\\/folhapopular.info\\\/wp-content\\\/uploads\\\/2017\\\/07\\\/Pol\u00edcia_SITE-e1544690850833.jpg\",\"datePublished\":\"2017-12-25T11:46:22+00:00\",\"dateModified\":\"2017-12-25T11:47:03+00:00\",\"author\":{\"@id\":\"https:\\\/\\\/folhapopular.info\\\/#\\\/schema\\\/person\\\/2814e8a0df7643585a9ca38bc6eb9d4b\"},\"breadcrumb\":{\"@id\":\"https:\\\/\\\/folhapopular.info\\\/index.php\\\/2017\\\/12\\\/25\\\/residencia-e-alvo-de-furto-no-interior-de-fazenda-vilanova\\\/#breadcrumb\"},\"inLanguage\":\"pt-BR\",\"potentialAction\":[{\"@type\":\"ReadAction\",\"target\":[\"https:\\\/\\\/folhapopular.info\\\/index.php\\\/2017\\\/12\\\/25\\\/residencia-e-alvo-de-furto-no-interior-de-fazenda-vilanova\\\/\"]}]},{\"@type\":\"ImageObject\",\"inLanguage\":\"pt-BR\",\"@id\":\"https:\\\/\\\/folhapopular.info\\\/index.php\\\/2017\\\/12\\\/25\\\/residencia-e-alvo-de-furto-no-interior-de-fazenda-vilanova\\\/#primaryimage\",\"url\":\"https:\\\/\\\/folhapopular.info\\\/wp-content\\\/uploads\\\/2017\\\/07\\\/Pol\u00edcia_SITE-e1544690850833.jpg\",\"contentUrl\":\"https:\\\/\\\/folhapopular.info\\\/wp-content\\\/uploads\\\/2017\\\/07\\\/Pol\u00edcia_SITE-e1544690850833.jpg\",\"width\":800,\"height\":514},{\"@type\":\"BreadcrumbList\",\"@id\":\"https:\\\/\\\/folhapopular.info\\\/index.php\\\/2017\\\/12\\\/25\\\/residencia-e-alvo-de-furto-no-interior-de-fazenda-vilanova\\\/#breadcrumb\",\"itemListElement\":[{\"@type\":\"ListItem\",\"position\":1,\"name\":\"In\u00edcio\",\"item\":\"https:\\\/\\\/folhapopular.info\\\/\"},{\"@type\":\"ListItem\",\"position\":2,\"name\":\"Resid\u00eancia \u00e9 alvo de furto no interior de Fazenda Vilanova\"}]},{\"@type\":\"WebSite\",\"@id\":\"https:\\\/\\\/folhapopular.info\\\/#website\",\"url\":\"https:\\\/\\\/folhapopular.info\\\/\",\"name\":\"Folha Popular\",\"description\":\"Onde voc\u00ea tem vez e voz\",\"potentialAction\":[{\"@type\":\"SearchAction\",\"target\":{\"@type\":\"EntryPoint\",\"urlTemplate\":\"https:\\\/\\\/folhapopular.info\\\/?s={search_term_string}\"},\"query-input\":{\"@type\":\"PropertyValueSpecification\",\"valueRequired\":true,\"valueName\":\"search_term_string\"}}],\"inLanguage\":\"pt-BR\"},{\"@type\":\"Person\",\"@id\":\"https:\\\/\\\/folhapopular.info\\\/#\\\/schema\\\/person\\\/2814e8a0df7643585a9ca38bc6eb9d4b\",\"name\":\"Reda\u00e7\u00e3o Folha Popular\",\"image\":{\"@type\":\"ImageObject\",\"inLanguage\":\"pt-BR\",\"@id\":\"https:\\\/\\\/folhapopular.info\\\/wp-content\\\/uploads\\\/2026\\\/04\\\/Folha-1.webp\",\"url\":\"https:\\\/\\\/folhapopular.info\\\/wp-content\\\/uploads\\\/2026\\\/04\\\/Folha-1.webp\",\"contentUrl\":\"https:\\\/\\\/folhapopular.info\\\/wp-content\\\/uploads\\\/2026\\\/04\\\/Folha-1.webp\",\"caption\":\"Reda\u00e7\u00e3o Folha Popular\"},\"url\":\"https:\\\/\\\/folhapopular.info\\\/index.php\\\/author\\\/redacao\\\/\"}]}<\/script>\n<!-- \/ Yoast SEO plugin. -->","yoast_head_json":{"title":"Resid\u00eancia \u00e9 alvo de furto no interior de Fazenda Vilanova - Folha Popular","robots":{"index":"index","follow":"follow","max-snippet":"max-snippet:-1","max-image-preview":"max-image-preview:large","max-video-preview":"max-video-preview:-1"},"canonical":"https:\/\/folhapopular.info\/index.php\/2017\/12\/25\/residencia-e-alvo-de-furto-no-interior-de-fazenda-vilanova\/","og_locale":"pt_BR","og_type":"article","og_title":"Resid\u00eancia \u00e9 alvo de furto no interior de Fazenda Vilanova - Folha Popular","og_description":"A Brigada Militar foi acionada para atender a um arrombamento seguido de furto \u00e0 resid\u00eancia na localidade de J\u00falio de Castilhos, interior de Fazenda Vilanova, na noite deste domingo (24\/12). Os bandidos causaram v\u00e1rios estragos e s\u00f3 levaram um televisor, uma espingarda calibre 12 e uma quantia em dinheiro (aproximadamente R$ 2.500). Demais objetos de [&hellip;]","og_url":"https:\/\/folhapopular.info\/index.php\/2017\/12\/25\/residencia-e-alvo-de-furto-no-interior-de-fazenda-vilanova\/","og_site_name":"Folha Popular","article_published_time":"2017-12-25T11:46:22+00:00","article_modified_time":"2017-12-25T11:47:03+00:00","og_image":[{"width":800,"height":514,"url":"https:\/\/folhapopular.info\/wp-content\/uploads\/2017\/07\/Pol\u00edcia_SITE-e1544690850833.jpg","type":"image\/jpeg"}],"author":"Reda\u00e7\u00e3o Folha Popular","twitter_card":"summary_large_image","twitter_misc":{"Escrito por":"Reda\u00e7\u00e3o Folha Popular"},"schema":{"@context":"https:\/\/schema.org","@graph":[{"@type":"Article","@id":"https:\/\/folhapopular.info\/index.php\/2017\/12\/25\/residencia-e-alvo-de-furto-no-interior-de-fazenda-vilanova\/#article","isPartOf":{"@id":"https:\/\/folhapopular.info\/index.php\/2017\/12\/25\/residencia-e-alvo-de-furto-no-interior-de-fazenda-vilanova\/"},"author":{"name":"Reda\u00e7\u00e3o Folha Popular","@id":"https:\/\/folhapopular.info\/#\/schema\/person\/2814e8a0df7643585a9ca38bc6eb9d4b"},"headline":"Resid\u00eancia \u00e9 alvo de furto no interior de Fazenda Vilanova","datePublished":"2017-12-25T11:46:22+00:00","dateModified":"2017-12-25T11:47:03+00:00","mainEntityOfPage":{"@id":"https:\/\/folhapopular.info\/index.php\/2017\/12\/25\/residencia-e-alvo-de-furto-no-interior-de-fazenda-vilanova\/"},"wordCount":84,"commentCount":0,"image":{"@id":"https:\/\/folhapopular.info\/index.php\/2017\/12\/25\/residencia-e-alvo-de-furto-no-interior-de-fazenda-vilanova\/#primaryimage"},"thumbnailUrl":"https:\/\/folhapopular.info\/wp-content\/uploads\/2017\/07\/Pol\u00edcia_SITE-e1544690850833.jpg","keywords":["arma de fogo","Arrombamento","Fazenda Vilanova","furto"],"articleSection":["Geral","Seguran\u00e7a"],"inLanguage":"pt-BR","potentialAction":[{"@type":"CommentAction","name":"Comment","target":["https:\/\/folhapopular.info\/index.php\/2017\/12\/25\/residencia-e-alvo-de-furto-no-interior-de-fazenda-vilanova\/#respond"]}]},{"@type":"WebPage","@id":"https:\/\/folhapopular.info\/index.php\/2017\/12\/25\/residencia-e-alvo-de-furto-no-interior-de-fazenda-vilanova\/","url":"https:\/\/folhapopular.info\/index.php\/2017\/12\/25\/residencia-e-alvo-de-furto-no-interior-de-fazenda-vilanova\/","name":"Resid\u00eancia \u00e9 alvo de furto no interior de Fazenda Vilanova - Folha Popular","isPartOf":{"@id":"https:\/\/folhapopular.info\/#website"},"primaryImageOfPage":{"@id":"https:\/\/folhapopular.info\/index.php\/2017\/12\/25\/residencia-e-alvo-de-furto-no-interior-de-fazenda-vilanova\/#primaryimage"},"image":{"@id":"https:\/\/folhapopular.info\/index.php\/2017\/12\/25\/residencia-e-alvo-de-furto-no-interior-de-fazenda-vilanova\/#primaryimage"},"thumbnailUrl":"https:\/\/folhapopular.info\/wp-content\/uploads\/2017\/07\/Pol\u00edcia_SITE-e1544690850833.jpg","datePublished":"2017-12-25T11:46:22+00:00","dateModified":"2017-12-25T11:47:03+00:00","author":{"@id":"https:\/\/folhapopular.info\/#\/schema\/person\/2814e8a0df7643585a9ca38bc6eb9d4b"},"breadcrumb":{"@id":"https:\/\/folhapopular.info\/index.php\/2017\/12\/25\/residencia-e-alvo-de-furto-no-interior-de-fazenda-vilanova\/#breadcrumb"},"inLanguage":"pt-BR","potentialAction":[{"@type":"ReadAction","target":["https:\/\/folhapopular.info\/index.php\/2017\/12\/25\/residencia-e-alvo-de-furto-no-interior-de-fazenda-vilanova\/"]}]},{"@type":"ImageObject","inLanguage":"pt-BR","@id":"https:\/\/folhapopular.info\/index.php\/2017\/12\/25\/residencia-e-alvo-de-furto-no-interior-de-fazenda-vilanova\/#primaryimage","url":"https:\/\/folhapopular.info\/wp-content\/uploads\/2017\/07\/Pol\u00edcia_SITE-e1544690850833.jpg","contentUrl":"https:\/\/folhapopular.info\/wp-content\/uploads\/2017\/07\/Pol\u00edcia_SITE-e1544690850833.jpg","width":800,"height":514},{"@type":"BreadcrumbList","@id":"https:\/\/folhapopular.info\/index.php\/2017\/12\/25\/residencia-e-alvo-de-furto-no-interior-de-fazenda-vilanova\/#breadcrumb","itemListElement":[{"@type":"ListItem","position":1,"name":"In\u00edcio","item":"https:\/\/folhapopular.info\/"},{"@type":"ListItem","position":2,"name":"Resid\u00eancia \u00e9 alvo de furto no interior de Fazenda Vilanova"}]},{"@type":"WebSite","@id":"https:\/\/folhapopular.info\/#website","url":"https:\/\/folhapopular.info\/","name":"Folha Popular","description":"Onde voc\u00ea tem vez e voz","potentialAction":[{"@type":"SearchAction","target":{"@type":"EntryPoint","urlTemplate":"https:\/\/folhapopular.info\/?s={search_term_string}"},"query-input":{"@type":"PropertyValueSpecification","valueRequired":true,"valueName":"search_term_string"}}],"inLanguage":"pt-BR"},{"@type":"Person","@id":"https:\/\/folhapopular.info\/#\/schema\/person\/2814e8a0df7643585a9ca38bc6eb9d4b","name":"Reda\u00e7\u00e3o Folha Popular","image":{"@type":"ImageObject","inLanguage":"pt-BR","@id":"https:\/\/folhapopular.info\/wp-content\/uploads\/2026\/04\/Folha-1.webp","url":"https:\/\/folhapopular.info\/wp-content\/uploads\/2026\/04\/Folha-1.webp","contentUrl":"https:\/\/folhapopular.info\/wp-content\/uploads\/2026\/04\/Folha-1.webp","caption":"Reda\u00e7\u00e3o Folha Popular"},"url":"https:\/\/folhapopular.info\/index.php\/author\/redacao\/"}]}},"jetpack_featured_media_url":"https:\/\/folhapopular.info\/wp-content\/uploads\/2017\/07\/Pol\u00edcia_SITE-e1544690850833.jpg","jetpack_sharing_enabled":true,"amp_enabled":true,"_links":{"self":[{"href":"https:\/\/folhapopular.info\/index.php\/wp-json\/wp\/v2\/posts\/39000","targetHints":{"allow":["GET"]}}],"collection":[{"href":"https:\/\/folhapopular.info\/index.php\/wp-json\/wp\/v2\/posts"}],"about":[{"href":"https:\/\/folhapopular.info\/index.php\/wp-json\/wp\/v2\/types\/post"}],"author":[{"embeddable":true,"href":"https:\/\/folhapopular.info\/index.php\/wp-json\/wp\/v2\/users\/8"}],"replies":[{"embeddable":true,"href":"https:\/\/folhapopular.info\/index.php\/wp-json\/wp\/v2\/comments?post=39000"}],"version-history":[{"count":0,"href":"https:\/\/folhapopular.info\/index.php\/wp-json\/wp\/v2\/posts\/39000\/revisions"}],"wp:featuredmedia":[{"embeddable":true,"href":"https:\/\/folhapopular.info\/index.php\/wp-json\/wp\/v2\/media\/31970"}],"wp:attachment":[{"href":"https:\/\/folhapopular.info\/index.php\/wp-json\/wp\/v2\/media?parent=39000"}],"wp:term":[{"taxonomy":"category","embeddable":true,"href":"https:\/\/folhapopular.info\/index.php\/wp-json\/wp\/v2\/categories?post=39000"},{"taxonomy":"post_tag","embeddable":true,"href":"https:\/\/folhapopular.info\/index.php\/wp-json\/wp\/v2\/tags?post=39000"}],"curies":[{"name":"wp","href":"https:\/\/api.w.org\/{rel}","templated":true}]}}