{"id":39028,"date":"2017-12-26T11:42:32","date_gmt":"2017-12-26T13:42:32","guid":{"rendered":"http:\/\/folhapopular.info\/?p=39028"},"modified":"2017-12-26T11:53:36","modified_gmt":"2017-12-26T13:53:36","slug":"defesa-civil-vistoria-situacao-apos-enxurrada-em-condominio-de-teutonia","status":"publish","type":"post","link":"https:\/\/folhapopular.info\/index.php\/2017\/12\/26\/defesa-civil-vistoria-situacao-apos-enxurrada-em-condominio-de-teutonia\/","title":{"rendered":"Defesa Civil e Patram vistoriam situa\u00e7\u00e3o ap\u00f3s enxurrada em condom\u00ednio de Teut\u00f4nia"},"content":{"rendered":"<p>Na manh\u00e3 de hoje (26\/12), a Defesa Civil Regional (Lajeado), os Bombeiros e a Patrulha Ambiental (Patram) realizaram vistoria \u00e0s obras do Condom\u00ednio Costa Norte, que est\u00e1 em implanta\u00e7\u00e3o no Morro do Bairro Languiru, em Teut\u00f4nia. No s\u00e1bado \u00e0 noite (23\/12), uma enxurrada trouxe grande quantidade de \u00e1gua e lama, que invadiu ruas, casas e estabelecimentos comerciais nas imedia\u00e7\u00f5es.\u00a0A partir da vistoria, a Defesa Civil vai elaborar um relat\u00f3rio da situa\u00e7\u00e3o.<\/p>\n<p>As autoridades estavam acompanhadas do secret\u00e1rio de Meio Ambiente, Gilson Hollmann, do prefeito Jonatan Br\u00f6nstrup, de t\u00e9cnicos do Meio Ambiente, do secret\u00e1rio de Planejamento, Ricardo Wagner, e do engenheiro respons\u00e1vel pelo condom\u00ednio, Ant\u00f4nio Pregelli Neto.<\/p>\n<p>Segundo o engenheiro do condom\u00ednio, uma pedra desceu pela tubula\u00e7\u00e3o do condom\u00ednio, trancou e entupiu a tubula\u00e7\u00e3o da rua e provocou o transbordamento das \u00e1guas e da lama sobre a rua, que invadiu casas e estabelecimentos comerciais.<\/p>\n<p>O Costa Verde tem tubula\u00e7\u00e3o de 60 cent\u00edmetros para escoar a \u00e1gua do morro, com sistema de quebra da velocidade. A rede municipal tem tubula\u00e7\u00e3o de 40 cent\u00edmetros. Ou seja, um cano maior traz \u00e1gua para um cano de menor capacidade. A inten\u00e7\u00e3o da Prefeitura \u00e9 ampliar a capacidade, colocando tubos de 1 metro a 1m20cm.<\/p>\n<figure id=\"attachment_39032\" aria-describedby=\"caption-attachment-39032\" style=\"width: 696px\" class=\"wp-caption aligncenter\"><a href=\"https:\/\/folhapopular.info\/wp-content\/uploads\/2017\/12\/IMG_1218-e1514295933427.jpg\"><img loading=\"lazy\" decoding=\"async\" class=\"size-large wp-image-39032\" src=\"https:\/\/folhapopular.info\/wp-content\/uploads\/2017\/12\/IMG_1218-1024x684.jpg\" alt=\"\" width=\"696\" height=\"465\" \/><\/a><figcaption id=\"caption-attachment-39032\" class=\"wp-caption-text\">Mesmo ap\u00f3s a limpeza realizada, resqu\u00edcios permanecem no entroncamento das ruas Major Bandeira e 25 de Julho<\/figcaption><\/figure>\n<p>Os propriet\u00e1rios de im\u00f3veis demonstraram revolta e indigna\u00e7\u00e3o com nova ocorr\u00eancia do g\u00eanero ao longo deste ano &#8211; duas delas foram em fevereiro e mar\u00e7o de 2017. Usando redes sociais, <strong><a href=\"https:\/\/m.facebook.com\/story.php?story_fbid=923462727801031&amp;id=100004119373450\">os moradores postaram v\u00eddeos e imagens do ocorrido<\/a><\/strong>.<\/p>\n<p>Para o in\u00edcio da tarde de hoje (26\/12) est\u00e1 marcada uma reuni\u00e3o entre o Munic\u00edpio e representantes do Condom\u00ednio Costa Norte para definir a\u00e7\u00f5es que evitem futuros problemas.<\/p>\n","protected":false},"excerpt":{"rendered":"<p>Na manh\u00e3 de hoje (26\/12), a Defesa Civil Regional (Lajeado), os Bombeiros e a Patrulha Ambiental (Patram) realizaram vistoria \u00e0s obras do Condom\u00ednio Costa Norte, que est\u00e1 em implanta\u00e7\u00e3o no Morro do Bairro Languiru, em Teut\u00f4nia. No s\u00e1bado \u00e0 noite (23\/12), uma enxurrada trouxe grande quantidade de \u00e1gua e lama, que invadiu ruas, casas e [&hellip;]<\/p>\n","protected":false},"author":7,"featured_media":39029,"comment_status":"open","ping_status":"open","sticky":false,"template":"","format":"standard","meta":{"pmpro_default_level":"","_jetpack_memberships_contains_paid_content":false,"footnotes":""},"categories":[2,3],"tags":[1838,1840,57,1839,26],"class_list":{"0":"post-39028","1":"post","2":"type-post","3":"status-publish","4":"format-standard","5":"has-post-thumbnail","7":"category-featured","8":"category-geral","9":"tag-condominio-costa-verde","10":"tag-enxurrada","11":"tag-meio-ambiente","12":"tag-morro-de-languiru","13":"tag-teutonia","14":"pmpro-has-access"},"yoast_head":"<!-- This site is optimized with the Yoast SEO plugin v27.5 - https:\/\/yoast.com\/product\/yoast-seo-wordpress\/ -->\n<title>Defesa Civil e Patram vistoriam situa\u00e7\u00e3o ap\u00f3s enxurrada em condom\u00ednio de Teut\u00f4nia - Folha Popular<\/title>\n<meta name=\"robots\" content=\"index, follow, max-snippet:-1, max-image-preview:large, max-video-preview:-1\" \/>\n<link rel=\"canonical\" href=\"https:\/\/folhapopular.info\/index.php\/2017\/12\/26\/defesa-civil-vistoria-situacao-apos-enxurrada-em-condominio-de-teutonia\/\" \/>\n<meta property=\"og:locale\" content=\"pt_BR\" \/>\n<meta property=\"og:type\" content=\"article\" \/>\n<meta property=\"og:title\" content=\"Defesa Civil e Patram vistoriam situa\u00e7\u00e3o ap\u00f3s enxurrada em condom\u00ednio de Teut\u00f4nia - Folha Popular\" \/>\n<meta property=\"og:description\" content=\"Na manh\u00e3 de hoje (26\/12), a Defesa Civil Regional (Lajeado), os Bombeiros e a Patrulha Ambiental (Patram) realizaram vistoria \u00e0s obras do Condom\u00ednio Costa Norte, que est\u00e1 em implanta\u00e7\u00e3o no Morro do Bairro Languiru, em Teut\u00f4nia. No s\u00e1bado \u00e0 noite (23\/12), uma enxurrada trouxe grande quantidade de \u00e1gua e lama, que invadiu ruas, casas e [&hellip;]\" \/>\n<meta property=\"og:url\" content=\"https:\/\/folhapopular.info\/index.php\/2017\/12\/26\/defesa-civil-vistoria-situacao-apos-enxurrada-em-condominio-de-teutonia\/\" \/>\n<meta property=\"og:site_name\" content=\"Folha Popular\" \/>\n<meta property=\"article:published_time\" content=\"2017-12-26T13:42:32+00:00\" \/>\n<meta property=\"article:modified_time\" content=\"2017-12-26T13:53:36+00:00\" \/>\n<meta property=\"og:image\" content=\"https:\/\/folhapopular.info\/wp-content\/uploads\/2017\/12\/IMG_1220-e1514295003968.jpg\" \/>\n\t<meta property=\"og:image:width\" content=\"1001\" \/>\n\t<meta property=\"og:image:height\" content=\"668\" \/>\n\t<meta property=\"og:image:type\" content=\"image\/jpeg\" \/>\n<meta name=\"author\" content=\"Lucas Leandro Brune\" \/>\n<meta name=\"twitter:card\" content=\"summary_large_image\" \/>\n<meta name=\"twitter:label1\" content=\"Escrito por\" \/>\n\t<meta name=\"twitter:data1\" content=\"Lucas Leandro Brune\" \/>\n\t<meta name=\"twitter:label2\" content=\"Est. tempo de leitura\" \/>\n\t<meta name=\"twitter:data2\" content=\"2 minutos\" \/>\n<script type=\"application\/ld+json\" class=\"yoast-schema-graph\">{\"@context\":\"https:\\\/\\\/schema.org\",\"@graph\":[{\"@type\":\"Article\",\"@id\":\"https:\\\/\\\/folhapopular.info\\\/index.php\\\/2017\\\/12\\\/26\\\/defesa-civil-vistoria-situacao-apos-enxurrada-em-condominio-de-teutonia\\\/#article\",\"isPartOf\":{\"@id\":\"https:\\\/\\\/folhapopular.info\\\/index.php\\\/2017\\\/12\\\/26\\\/defesa-civil-vistoria-situacao-apos-enxurrada-em-condominio-de-teutonia\\\/\"},\"author\":{\"name\":\"Lucas Leandro Brune\",\"@id\":\"https:\\\/\\\/folhapopular.info\\\/#\\\/schema\\\/person\\\/533a15f60cd49e81ab3a90b4ca33cb36\"},\"headline\":\"Defesa Civil e Patram vistoriam situa\u00e7\u00e3o ap\u00f3s enxurrada em condom\u00ednio de Teut\u00f4nia\",\"datePublished\":\"2017-12-26T13:42:32+00:00\",\"dateModified\":\"2017-12-26T13:53:36+00:00\",\"mainEntityOfPage\":{\"@id\":\"https:\\\/\\\/folhapopular.info\\\/index.php\\\/2017\\\/12\\\/26\\\/defesa-civil-vistoria-situacao-apos-enxurrada-em-condominio-de-teutonia\\\/\"},\"wordCount\":334,\"commentCount\":0,\"image\":{\"@id\":\"https:\\\/\\\/folhapopular.info\\\/index.php\\\/2017\\\/12\\\/26\\\/defesa-civil-vistoria-situacao-apos-enxurrada-em-condominio-de-teutonia\\\/#primaryimage\"},\"thumbnailUrl\":\"https:\\\/\\\/folhapopular.info\\\/wp-content\\\/uploads\\\/2017\\\/12\\\/IMG_1220-e1514295003968.jpg\",\"keywords\":[\"Condom\u00ednio Costa Verde\",\"enxurrada\",\"Meio Ambiente\",\"Morro de Languiru\",\"Teut\u00f4nia\"],\"articleSection\":[\"Destaques\",\"Geral\"],\"inLanguage\":\"pt-BR\",\"potentialAction\":[{\"@type\":\"CommentAction\",\"name\":\"Comment\",\"target\":[\"https:\\\/\\\/folhapopular.info\\\/index.php\\\/2017\\\/12\\\/26\\\/defesa-civil-vistoria-situacao-apos-enxurrada-em-condominio-de-teutonia\\\/#respond\"]}]},{\"@type\":\"WebPage\",\"@id\":\"https:\\\/\\\/folhapopular.info\\\/index.php\\\/2017\\\/12\\\/26\\\/defesa-civil-vistoria-situacao-apos-enxurrada-em-condominio-de-teutonia\\\/\",\"url\":\"https:\\\/\\\/folhapopular.info\\\/index.php\\\/2017\\\/12\\\/26\\\/defesa-civil-vistoria-situacao-apos-enxurrada-em-condominio-de-teutonia\\\/\",\"name\":\"Defesa Civil e Patram vistoriam situa\u00e7\u00e3o ap\u00f3s enxurrada em condom\u00ednio de Teut\u00f4nia - Folha Popular\",\"isPartOf\":{\"@id\":\"https:\\\/\\\/folhapopular.info\\\/#website\"},\"primaryImageOfPage\":{\"@id\":\"https:\\\/\\\/folhapopular.info\\\/index.php\\\/2017\\\/12\\\/26\\\/defesa-civil-vistoria-situacao-apos-enxurrada-em-condominio-de-teutonia\\\/#primaryimage\"},\"image\":{\"@id\":\"https:\\\/\\\/folhapopular.info\\\/index.php\\\/2017\\\/12\\\/26\\\/defesa-civil-vistoria-situacao-apos-enxurrada-em-condominio-de-teutonia\\\/#primaryimage\"},\"thumbnailUrl\":\"https:\\\/\\\/folhapopular.info\\\/wp-content\\\/uploads\\\/2017\\\/12\\\/IMG_1220-e1514295003968.jpg\",\"datePublished\":\"2017-12-26T13:42:32+00:00\",\"dateModified\":\"2017-12-26T13:53:36+00:00\",\"author\":{\"@id\":\"https:\\\/\\\/folhapopular.info\\\/#\\\/schema\\\/person\\\/533a15f60cd49e81ab3a90b4ca33cb36\"},\"breadcrumb\":{\"@id\":\"https:\\\/\\\/folhapopular.info\\\/index.php\\\/2017\\\/12\\\/26\\\/defesa-civil-vistoria-situacao-apos-enxurrada-em-condominio-de-teutonia\\\/#breadcrumb\"},\"inLanguage\":\"pt-BR\",\"potentialAction\":[{\"@type\":\"ReadAction\",\"target\":[\"https:\\\/\\\/folhapopular.info\\\/index.php\\\/2017\\\/12\\\/26\\\/defesa-civil-vistoria-situacao-apos-enxurrada-em-condominio-de-teutonia\\\/\"]}]},{\"@type\":\"ImageObject\",\"inLanguage\":\"pt-BR\",\"@id\":\"https:\\\/\\\/folhapopular.info\\\/index.php\\\/2017\\\/12\\\/26\\\/defesa-civil-vistoria-situacao-apos-enxurrada-em-condominio-de-teutonia\\\/#primaryimage\",\"url\":\"https:\\\/\\\/folhapopular.info\\\/wp-content\\\/uploads\\\/2017\\\/12\\\/IMG_1220-e1514295003968.jpg\",\"contentUrl\":\"https:\\\/\\\/folhapopular.info\\\/wp-content\\\/uploads\\\/2017\\\/12\\\/IMG_1220-e1514295003968.jpg\",\"width\":1001,\"height\":668,\"caption\":\"V\u00e1rias cargas de terra foram removidas no domingo e na segunda-feira para liberar o tr\u00e1fego de ve\u00edculos nas Ruas Major Bandeira e 25 de Julho, atingidas pela enxurrada\"},{\"@type\":\"BreadcrumbList\",\"@id\":\"https:\\\/\\\/folhapopular.info\\\/index.php\\\/2017\\\/12\\\/26\\\/defesa-civil-vistoria-situacao-apos-enxurrada-em-condominio-de-teutonia\\\/#breadcrumb\",\"itemListElement\":[{\"@type\":\"ListItem\",\"position\":1,\"name\":\"In\u00edcio\",\"item\":\"https:\\\/\\\/folhapopular.info\\\/\"},{\"@type\":\"ListItem\",\"position\":2,\"name\":\"Defesa Civil e Patram vistoriam situa\u00e7\u00e3o ap\u00f3s enxurrada em condom\u00ednio de Teut\u00f4nia\"}]},{\"@type\":\"WebSite\",\"@id\":\"https:\\\/\\\/folhapopular.info\\\/#website\",\"url\":\"https:\\\/\\\/folhapopular.info\\\/\",\"name\":\"Folha Popular\",\"description\":\"Onde voc\u00ea tem vez e voz\",\"potentialAction\":[{\"@type\":\"SearchAction\",\"target\":{\"@type\":\"EntryPoint\",\"urlTemplate\":\"https:\\\/\\\/folhapopular.info\\\/?s={search_term_string}\"},\"query-input\":{\"@type\":\"PropertyValueSpecification\",\"valueRequired\":true,\"valueName\":\"search_term_string\"}}],\"inLanguage\":\"pt-BR\"},{\"@type\":\"Person\",\"@id\":\"https:\\\/\\\/folhapopular.info\\\/#\\\/schema\\\/person\\\/533a15f60cd49e81ab3a90b4ca33cb36\",\"name\":\"Lucas Leandro Brune\",\"image\":{\"@type\":\"ImageObject\",\"inLanguage\":\"pt-BR\",\"@id\":\"https:\\\/\\\/folhapopular.info\\\/wp-content\\\/uploads\\\/2026\\\/04\\\/LUCAS-1-1.webp\",\"url\":\"https:\\\/\\\/folhapopular.info\\\/wp-content\\\/uploads\\\/2026\\\/04\\\/LUCAS-1-1.webp\",\"contentUrl\":\"https:\\\/\\\/folhapopular.info\\\/wp-content\\\/uploads\\\/2026\\\/04\\\/LUCAS-1-1.webp\",\"caption\":\"Lucas Leandro Brune\"},\"description\":\"Jornalista Profissional Diplomado MTB\\\/RS 14.333\",\"url\":\"https:\\\/\\\/folhapopular.info\\\/index.php\\\/author\\\/lucas-brune\\\/\"}]}<\/script>\n<!-- \/ Yoast SEO plugin. -->","yoast_head_json":{"title":"Defesa Civil e Patram vistoriam situa\u00e7\u00e3o ap\u00f3s enxurrada em condom\u00ednio de Teut\u00f4nia - Folha Popular","robots":{"index":"index","follow":"follow","max-snippet":"max-snippet:-1","max-image-preview":"max-image-preview:large","max-video-preview":"max-video-preview:-1"},"canonical":"https:\/\/folhapopular.info\/index.php\/2017\/12\/26\/defesa-civil-vistoria-situacao-apos-enxurrada-em-condominio-de-teutonia\/","og_locale":"pt_BR","og_type":"article","og_title":"Defesa Civil e Patram vistoriam situa\u00e7\u00e3o ap\u00f3s enxurrada em condom\u00ednio de Teut\u00f4nia - Folha Popular","og_description":"Na manh\u00e3 de hoje (26\/12), a Defesa Civil Regional (Lajeado), os Bombeiros e a Patrulha Ambiental (Patram) realizaram vistoria \u00e0s obras do Condom\u00ednio Costa Norte, que est\u00e1 em implanta\u00e7\u00e3o no Morro do Bairro Languiru, em Teut\u00f4nia. No s\u00e1bado \u00e0 noite (23\/12), uma enxurrada trouxe grande quantidade de \u00e1gua e lama, que invadiu ruas, casas e [&hellip;]","og_url":"https:\/\/folhapopular.info\/index.php\/2017\/12\/26\/defesa-civil-vistoria-situacao-apos-enxurrada-em-condominio-de-teutonia\/","og_site_name":"Folha Popular","article_published_time":"2017-12-26T13:42:32+00:00","article_modified_time":"2017-12-26T13:53:36+00:00","og_image":[{"width":1001,"height":668,"url":"https:\/\/folhapopular.info\/wp-content\/uploads\/2017\/12\/IMG_1220-e1514295003968.jpg","type":"image\/jpeg"}],"author":"Lucas Leandro Brune","twitter_card":"summary_large_image","twitter_misc":{"Escrito por":"Lucas Leandro Brune","Est. tempo de leitura":"2 minutos"},"schema":{"@context":"https:\/\/schema.org","@graph":[{"@type":"Article","@id":"https:\/\/folhapopular.info\/index.php\/2017\/12\/26\/defesa-civil-vistoria-situacao-apos-enxurrada-em-condominio-de-teutonia\/#article","isPartOf":{"@id":"https:\/\/folhapopular.info\/index.php\/2017\/12\/26\/defesa-civil-vistoria-situacao-apos-enxurrada-em-condominio-de-teutonia\/"},"author":{"name":"Lucas Leandro Brune","@id":"https:\/\/folhapopular.info\/#\/schema\/person\/533a15f60cd49e81ab3a90b4ca33cb36"},"headline":"Defesa Civil e Patram vistoriam situa\u00e7\u00e3o ap\u00f3s enxurrada em condom\u00ednio de Teut\u00f4nia","datePublished":"2017-12-26T13:42:32+00:00","dateModified":"2017-12-26T13:53:36+00:00","mainEntityOfPage":{"@id":"https:\/\/folhapopular.info\/index.php\/2017\/12\/26\/defesa-civil-vistoria-situacao-apos-enxurrada-em-condominio-de-teutonia\/"},"wordCount":334,"commentCount":0,"image":{"@id":"https:\/\/folhapopular.info\/index.php\/2017\/12\/26\/defesa-civil-vistoria-situacao-apos-enxurrada-em-condominio-de-teutonia\/#primaryimage"},"thumbnailUrl":"https:\/\/folhapopular.info\/wp-content\/uploads\/2017\/12\/IMG_1220-e1514295003968.jpg","keywords":["Condom\u00ednio Costa Verde","enxurrada","Meio Ambiente","Morro de Languiru","Teut\u00f4nia"],"articleSection":["Destaques","Geral"],"inLanguage":"pt-BR","potentialAction":[{"@type":"CommentAction","name":"Comment","target":["https:\/\/folhapopular.info\/index.php\/2017\/12\/26\/defesa-civil-vistoria-situacao-apos-enxurrada-em-condominio-de-teutonia\/#respond"]}]},{"@type":"WebPage","@id":"https:\/\/folhapopular.info\/index.php\/2017\/12\/26\/defesa-civil-vistoria-situacao-apos-enxurrada-em-condominio-de-teutonia\/","url":"https:\/\/folhapopular.info\/index.php\/2017\/12\/26\/defesa-civil-vistoria-situacao-apos-enxurrada-em-condominio-de-teutonia\/","name":"Defesa Civil e Patram vistoriam situa\u00e7\u00e3o ap\u00f3s enxurrada em condom\u00ednio de Teut\u00f4nia - Folha Popular","isPartOf":{"@id":"https:\/\/folhapopular.info\/#website"},"primaryImageOfPage":{"@id":"https:\/\/folhapopular.info\/index.php\/2017\/12\/26\/defesa-civil-vistoria-situacao-apos-enxurrada-em-condominio-de-teutonia\/#primaryimage"},"image":{"@id":"https:\/\/folhapopular.info\/index.php\/2017\/12\/26\/defesa-civil-vistoria-situacao-apos-enxurrada-em-condominio-de-teutonia\/#primaryimage"},"thumbnailUrl":"https:\/\/folhapopular.info\/wp-content\/uploads\/2017\/12\/IMG_1220-e1514295003968.jpg","datePublished":"2017-12-26T13:42:32+00:00","dateModified":"2017-12-26T13:53:36+00:00","author":{"@id":"https:\/\/folhapopular.info\/#\/schema\/person\/533a15f60cd49e81ab3a90b4ca33cb36"},"breadcrumb":{"@id":"https:\/\/folhapopular.info\/index.php\/2017\/12\/26\/defesa-civil-vistoria-situacao-apos-enxurrada-em-condominio-de-teutonia\/#breadcrumb"},"inLanguage":"pt-BR","potentialAction":[{"@type":"ReadAction","target":["https:\/\/folhapopular.info\/index.php\/2017\/12\/26\/defesa-civil-vistoria-situacao-apos-enxurrada-em-condominio-de-teutonia\/"]}]},{"@type":"ImageObject","inLanguage":"pt-BR","@id":"https:\/\/folhapopular.info\/index.php\/2017\/12\/26\/defesa-civil-vistoria-situacao-apos-enxurrada-em-condominio-de-teutonia\/#primaryimage","url":"https:\/\/folhapopular.info\/wp-content\/uploads\/2017\/12\/IMG_1220-e1514295003968.jpg","contentUrl":"https:\/\/folhapopular.info\/wp-content\/uploads\/2017\/12\/IMG_1220-e1514295003968.jpg","width":1001,"height":668,"caption":"V\u00e1rias cargas de terra foram removidas no domingo e na segunda-feira para liberar o tr\u00e1fego de ve\u00edculos nas Ruas Major Bandeira e 25 de Julho, atingidas pela enxurrada"},{"@type":"BreadcrumbList","@id":"https:\/\/folhapopular.info\/index.php\/2017\/12\/26\/defesa-civil-vistoria-situacao-apos-enxurrada-em-condominio-de-teutonia\/#breadcrumb","itemListElement":[{"@type":"ListItem","position":1,"name":"In\u00edcio","item":"https:\/\/folhapopular.info\/"},{"@type":"ListItem","position":2,"name":"Defesa Civil e Patram vistoriam situa\u00e7\u00e3o ap\u00f3s enxurrada em condom\u00ednio de Teut\u00f4nia"}]},{"@type":"WebSite","@id":"https:\/\/folhapopular.info\/#website","url":"https:\/\/folhapopular.info\/","name":"Folha Popular","description":"Onde voc\u00ea tem vez e voz","potentialAction":[{"@type":"SearchAction","target":{"@type":"EntryPoint","urlTemplate":"https:\/\/folhapopular.info\/?s={search_term_string}"},"query-input":{"@type":"PropertyValueSpecification","valueRequired":true,"valueName":"search_term_string"}}],"inLanguage":"pt-BR"},{"@type":"Person","@id":"https:\/\/folhapopular.info\/#\/schema\/person\/533a15f60cd49e81ab3a90b4ca33cb36","name":"Lucas Leandro Brune","image":{"@type":"ImageObject","inLanguage":"pt-BR","@id":"https:\/\/folhapopular.info\/wp-content\/uploads\/2026\/04\/LUCAS-1-1.webp","url":"https:\/\/folhapopular.info\/wp-content\/uploads\/2026\/04\/LUCAS-1-1.webp","contentUrl":"https:\/\/folhapopular.info\/wp-content\/uploads\/2026\/04\/LUCAS-1-1.webp","caption":"Lucas Leandro Brune"},"description":"Jornalista Profissional Diplomado MTB\/RS 14.333","url":"https:\/\/folhapopular.info\/index.php\/author\/lucas-brune\/"}]}},"jetpack_featured_media_url":"https:\/\/folhapopular.info\/wp-content\/uploads\/2017\/12\/IMG_1220-e1514295003968.jpg","jetpack_sharing_enabled":true,"amp_enabled":true,"_links":{"self":[{"href":"https:\/\/folhapopular.info\/index.php\/wp-json\/wp\/v2\/posts\/39028","targetHints":{"allow":["GET"]}}],"collection":[{"href":"https:\/\/folhapopular.info\/index.php\/wp-json\/wp\/v2\/posts"}],"about":[{"href":"https:\/\/folhapopular.info\/index.php\/wp-json\/wp\/v2\/types\/post"}],"author":[{"embeddable":true,"href":"https:\/\/folhapopular.info\/index.php\/wp-json\/wp\/v2\/users\/7"}],"replies":[{"embeddable":true,"href":"https:\/\/folhapopular.info\/index.php\/wp-json\/wp\/v2\/comments?post=39028"}],"version-history":[{"count":0,"href":"https:\/\/folhapopular.info\/index.php\/wp-json\/wp\/v2\/posts\/39028\/revisions"}],"wp:featuredmedia":[{"embeddable":true,"href":"https:\/\/folhapopular.info\/index.php\/wp-json\/wp\/v2\/media\/39029"}],"wp:attachment":[{"href":"https:\/\/folhapopular.info\/index.php\/wp-json\/wp\/v2\/media?parent=39028"}],"wp:term":[{"taxonomy":"category","embeddable":true,"href":"https:\/\/folhapopular.info\/index.php\/wp-json\/wp\/v2\/categories?post=39028"},{"taxonomy":"post_tag","embeddable":true,"href":"https:\/\/folhapopular.info\/index.php\/wp-json\/wp\/v2\/tags?post=39028"}],"curies":[{"name":"wp","href":"https:\/\/api.w.org\/{rel}","templated":true}]}}