{"id":39057,"date":"2017-12-27T11:00:40","date_gmt":"2017-12-27T13:00:40","guid":{"rendered":"http:\/\/folhapopular.info\/?p=39057"},"modified":"2017-12-27T08:13:19","modified_gmt":"2017-12-27T10:13:19","slug":"ponte-sobre-arroio-saraqua-e-oficialmente-inaugurada-em-lajeado","status":"publish","type":"post","link":"https:\/\/folhapopular.info\/index.php\/2017\/12\/27\/ponte-sobre-arroio-saraqua-e-oficialmente-inaugurada-em-lajeado\/","title":{"rendered":"Ponte sobre Arroio Saraqu\u00e1 \u00e9\u00a0oficialmente inaugurada em Lajeado"},"content":{"rendered":"<p>Ap\u00f3s d\u00e9cadas de reivindica\u00e7\u00f5es comunit\u00e1rias que\u00a0clamavam pelo alargamento da\u00a0ponte sobre o\u00a0Arroio Saraqu\u00e1, na divisa\u00a0dos bairros Moinhos D&#8217;\u00c1gua e S\u00e3o Bento, em Lajeado, a\u00a0estrutura\u00a0foi\u00a0oficialmente inaugurada nesta ter\u00e7a-feira, dia 26\/12. O ato contou com a presen\u00e7a do governador do Estado, Jos\u00e9 Ivo Sartori, do secret\u00e1rio estadual dos Transportes, Pedro Westphalen, do prefeito\u00a0de Lajeado, Marcelo Caumo,\u00a0da vice-prefeita,\u00a0Gl\u00e1ucia Schumacher, dos deputados estaduais Edson Brum e Lucas Redecker, al\u00e9m de\u00a0lideran\u00e7as\u00a0de munic\u00edpios da regi\u00e3o, como\u00a0o prefeito\u00a0de Santa Clara do Sul, Paulo\u00a0Kohlrausch.<\/p>\n<p>\u201cSe olharmos, veremos que \u00e9 uma ponte pequena, mas do ponto de vista simb\u00f3lico \u00e9 uma grande obra, que com certeza vai melhorar a vida de muitos cidad\u00e3os de Lajeado e de Santa Clara do Sul\u201d, afirmou Sartori. De acordo com o governador, foi preciso priorizar algumas obras em detrimento de outras que tiveram de ser postergadas. \u201cPor mais importantes que certas demandas possam se apresentar, n\u00e3o d\u00e1 para fazer tudo\u201d, concluiu o chefe do Executivo Estadual.<\/p>\n<p>Em seu pronunciamento, o prefeito de Lajeado, Marcelo Caumo, agradeceu ao Governo do Estado por entender a import\u00e2ncia que a obra tinha para a regi\u00e3o, principalmente para os munic\u00edpios de Lajeado e Santa Clara do Sul, interligados pela ERS-413, onde a\u00a0ponte\u00a0foi ampliada.<\/p>\n<p>\u201cQuero\u00a0citar o papel preponderante que o secret\u00e1rio Estadual dos Transportes, o senhor\u00a0Pedro Westphalen,\u00a0teve\u00a0para execu\u00e7\u00e3o dessa obra\u201d, afirmou Caumo, ao salientar que a licita\u00e7\u00e3o para alargamento da ponte fora aberta ainda em 2012, mas que a obra nunca sa\u00eda do papel. Pensando nos pr\u00f3ximos passos, Caumo pediu que o Estado seja parceiro tamb\u00e9m no sentido de buscar atender a outra demanda importante n\u00e3o s\u00f3 para Lajeado, mas para Santa Clara do Sul, Cruzeiro do Sul, Arroio do Meio e Ven\u00e2ncio Aires. Ele se referiu ao projeto que o munic\u00edpio deve contratar para entregar \u00e0 EGR e que busca resolver o gargalo estrutural do trevo da ERS 413 com a ERS-130, o chamado trevo da BRF. O objetivo do Executivo lajeadense \u00e9 viabilizar uma passagem inferior sob a ERS-130, nas proximidades do trevo instalado ao lado da f\u00e1brica da BR Foods. Desta forma, seriam eliminados os congestionamentos para atravessar a ERS-130, tornando a passagem mais r\u00e1pida e tamb\u00e9m mais segura.<\/p>\n<p>Durante seu pronunciamento, Westphalen\u00a0afirmou que muitas obras importantes n\u00e3o puderam ser feitas para que outras pudessem acontecer. Ele adiantou, inclusive, que h\u00e1 inten\u00e7\u00e3o tanto por parte do munic\u00edpio de Lajeado quanto do governo estadual, de municipalizar todo o\u00a0 trecho da ERS-413 que passa por Lajeado. Contudo, isso precisa ser aprovado tanto pela C\u00e2mara municipal quanto pela Assembleia Legislativa para que seja viabilizado.<\/p>\n<p>Iniciada no dia 03\/08\/17, a obra de amplia\u00e7\u00e3o da ponte sobre o Arroio Saraqu\u00e1 exigiu que o tr\u00e2nsito da ERS-413 fosse desviado por vias internas dos bairros Moinhos D&#8217;\u00c1gua e S\u00e3o Bento. Antes, a estrutura permitia a passagem de um \u00fanico ve\u00edculo por vez, o que provocava filas em ambos os lados da ponte. Com o alargamento da estrutura, agora \u00e9 poss\u00edvel a passagem simult\u00e2nea de ve\u00edculos em sentidos opostos.\u00a0O investimento do governo do Estado na obra foi de R$ 870 mil, sendo que o munic\u00edpio\u00a0de Lajeado\u00a0contribuiu para a prepara\u00e7\u00e3o do terreno nas laterais da ponte, bem como deslocou a rede de anergia para o outro lado da rodovia a fim de viabilizar o in\u00edcio das obras.<\/p>\n<p><strong>A obra<\/strong><\/p>\n<p>&#8211; A nova ponte tem 30 metros de comprimento e 8,70 metros de largura<\/p>\n<p>&#8211; Capacidade para suportar at\u00e9 45 toneladas (contra 36 toneladas da ponte antiga)<\/p>\n<p>&#8211; Foi erguida ao lado da antiga estrutura, e as duas foram unidas<\/p>\n","protected":false},"excerpt":{"rendered":"<p>Ap\u00f3s d\u00e9cadas de reivindica\u00e7\u00f5es comunit\u00e1rias que\u00a0clamavam pelo alargamento da\u00a0ponte sobre o\u00a0Arroio Saraqu\u00e1, na divisa\u00a0dos bairros Moinhos D&#8217;\u00c1gua e S\u00e3o Bento, em Lajeado, a\u00a0estrutura\u00a0foi\u00a0oficialmente inaugurada nesta ter\u00e7a-feira, dia 26\/12. O ato contou com a presen\u00e7a do governador do Estado, Jos\u00e9 Ivo Sartori, do secret\u00e1rio estadual dos Transportes, Pedro Westphalen, do prefeito\u00a0de Lajeado, Marcelo Caumo,\u00a0da vice-prefeita,\u00a0Gl\u00e1ucia Schumacher, [&hellip;]<\/p>\n","protected":false},"author":8,"featured_media":39058,"comment_status":"open","ping_status":"open","sticky":false,"template":"","format":"standard","meta":{"pmpro_default_level":"","_jetpack_memberships_contains_paid_content":false,"footnotes":""},"categories":[3],"tags":[1816,545,27,1755,1815],"class_list":{"0":"post-39057","1":"post","2":"type-post","3":"status-publish","4":"format-standard","5":"has-post-thumbnail","7":"category-geral","8":"tag-ers-413","9":"tag-inauguracao","10":"tag-lajeado","11":"tag-obra","12":"tag-ponte-arroio-saraqua","13":"pmpro-has-access"},"yoast_head":"<!-- This site is optimized with the Yoast SEO plugin v27.5 - https:\/\/yoast.com\/product\/yoast-seo-wordpress\/ -->\n<title>Ponte sobre Arroio Saraqu\u00e1 \u00e9\u00a0oficialmente inaugurada em Lajeado - Folha Popular<\/title>\n<meta name=\"robots\" content=\"index, follow, max-snippet:-1, max-image-preview:large, max-video-preview:-1\" \/>\n<link rel=\"canonical\" href=\"https:\/\/folhapopular.info\/index.php\/2017\/12\/27\/ponte-sobre-arroio-saraqua-e-oficialmente-inaugurada-em-lajeado\/\" \/>\n<meta property=\"og:locale\" content=\"pt_BR\" \/>\n<meta property=\"og:type\" content=\"article\" \/>\n<meta property=\"og:title\" content=\"Ponte sobre Arroio Saraqu\u00e1 \u00e9\u00a0oficialmente inaugurada em Lajeado - Folha Popular\" \/>\n<meta property=\"og:description\" content=\"Ap\u00f3s d\u00e9cadas de reivindica\u00e7\u00f5es comunit\u00e1rias que\u00a0clamavam pelo alargamento da\u00a0ponte sobre o\u00a0Arroio Saraqu\u00e1, na divisa\u00a0dos bairros Moinhos D&#8217;\u00c1gua e S\u00e3o Bento, em Lajeado, a\u00a0estrutura\u00a0foi\u00a0oficialmente inaugurada nesta ter\u00e7a-feira, dia 26\/12. O ato contou com a presen\u00e7a do governador do Estado, Jos\u00e9 Ivo Sartori, do secret\u00e1rio estadual dos Transportes, Pedro Westphalen, do prefeito\u00a0de Lajeado, Marcelo Caumo,\u00a0da vice-prefeita,\u00a0Gl\u00e1ucia Schumacher, [&hellip;]\" \/>\n<meta property=\"og:url\" content=\"https:\/\/folhapopular.info\/index.php\/2017\/12\/27\/ponte-sobre-arroio-saraqua-e-oficialmente-inaugurada-em-lajeado\/\" \/>\n<meta property=\"og:site_name\" content=\"Folha Popular\" \/>\n<meta property=\"article:published_time\" content=\"2017-12-27T13:00:40+00:00\" \/>\n<meta property=\"og:image\" content=\"https:\/\/folhapopular.info\/wp-content\/uploads\/2017\/12\/Inaugura\u00e7\u00e3o-alargamento-da-Ponte-do-Saraqu\u00e1-Caumo-Gl\u00e1ucia-governador-Ivo-Sartori-Edson-Brum-e-Lucas-Redecker.jpg\" \/>\n\t<meta property=\"og:image:width\" content=\"2000\" \/>\n\t<meta property=\"og:image:height\" content=\"1333\" \/>\n\t<meta property=\"og:image:type\" content=\"image\/jpeg\" \/>\n<meta name=\"author\" content=\"Reda\u00e7\u00e3o Folha Popular\" \/>\n<meta name=\"twitter:card\" content=\"summary_large_image\" \/>\n<meta name=\"twitter:label1\" content=\"Escrito por\" \/>\n\t<meta name=\"twitter:data1\" content=\"Reda\u00e7\u00e3o Folha Popular\" \/>\n\t<meta name=\"twitter:label2\" content=\"Est. tempo de leitura\" \/>\n\t<meta name=\"twitter:data2\" content=\"3 minutos\" \/>\n<script type=\"application\/ld+json\" class=\"yoast-schema-graph\">{\"@context\":\"https:\\\/\\\/schema.org\",\"@graph\":[{\"@type\":\"Article\",\"@id\":\"https:\\\/\\\/folhapopular.info\\\/index.php\\\/2017\\\/12\\\/27\\\/ponte-sobre-arroio-saraqua-e-oficialmente-inaugurada-em-lajeado\\\/#article\",\"isPartOf\":{\"@id\":\"https:\\\/\\\/folhapopular.info\\\/index.php\\\/2017\\\/12\\\/27\\\/ponte-sobre-arroio-saraqua-e-oficialmente-inaugurada-em-lajeado\\\/\"},\"author\":{\"name\":\"Reda\u00e7\u00e3o Folha Popular\",\"@id\":\"https:\\\/\\\/folhapopular.info\\\/#\\\/schema\\\/person\\\/2814e8a0df7643585a9ca38bc6eb9d4b\"},\"headline\":\"Ponte sobre Arroio Saraqu\u00e1 \u00e9\u00a0oficialmente inaugurada em Lajeado\",\"datePublished\":\"2017-12-27T13:00:40+00:00\",\"mainEntityOfPage\":{\"@id\":\"https:\\\/\\\/folhapopular.info\\\/index.php\\\/2017\\\/12\\\/27\\\/ponte-sobre-arroio-saraqua-e-oficialmente-inaugurada-em-lajeado\\\/\"},\"wordCount\":639,\"commentCount\":0,\"image\":{\"@id\":\"https:\\\/\\\/folhapopular.info\\\/index.php\\\/2017\\\/12\\\/27\\\/ponte-sobre-arroio-saraqua-e-oficialmente-inaugurada-em-lajeado\\\/#primaryimage\"},\"thumbnailUrl\":\"https:\\\/\\\/folhapopular.info\\\/wp-content\\\/uploads\\\/2017\\\/12\\\/Inaugura\u00e7\u00e3o-alargamento-da-Ponte-do-Saraqu\u00e1-Caumo-Gl\u00e1ucia-governador-Ivo-Sartori-Edson-Brum-e-Lucas-Redecker.jpg\",\"keywords\":[\"ERS-413\",\"Inaugura\u00e7\u00e3o\",\"Lajeado\",\"obra\",\"Ponte Arroio Saraqu\u00e1\"],\"articleSection\":[\"Geral\"],\"inLanguage\":\"pt-BR\",\"potentialAction\":[{\"@type\":\"CommentAction\",\"name\":\"Comment\",\"target\":[\"https:\\\/\\\/folhapopular.info\\\/index.php\\\/2017\\\/12\\\/27\\\/ponte-sobre-arroio-saraqua-e-oficialmente-inaugurada-em-lajeado\\\/#respond\"]}]},{\"@type\":\"WebPage\",\"@id\":\"https:\\\/\\\/folhapopular.info\\\/index.php\\\/2017\\\/12\\\/27\\\/ponte-sobre-arroio-saraqua-e-oficialmente-inaugurada-em-lajeado\\\/\",\"url\":\"https:\\\/\\\/folhapopular.info\\\/index.php\\\/2017\\\/12\\\/27\\\/ponte-sobre-arroio-saraqua-e-oficialmente-inaugurada-em-lajeado\\\/\",\"name\":\"Ponte sobre Arroio Saraqu\u00e1 \u00e9\u00a0oficialmente inaugurada em Lajeado - Folha Popular\",\"isPartOf\":{\"@id\":\"https:\\\/\\\/folhapopular.info\\\/#website\"},\"primaryImageOfPage\":{\"@id\":\"https:\\\/\\\/folhapopular.info\\\/index.php\\\/2017\\\/12\\\/27\\\/ponte-sobre-arroio-saraqua-e-oficialmente-inaugurada-em-lajeado\\\/#primaryimage\"},\"image\":{\"@id\":\"https:\\\/\\\/folhapopular.info\\\/index.php\\\/2017\\\/12\\\/27\\\/ponte-sobre-arroio-saraqua-e-oficialmente-inaugurada-em-lajeado\\\/#primaryimage\"},\"thumbnailUrl\":\"https:\\\/\\\/folhapopular.info\\\/wp-content\\\/uploads\\\/2017\\\/12\\\/Inaugura\u00e7\u00e3o-alargamento-da-Ponte-do-Saraqu\u00e1-Caumo-Gl\u00e1ucia-governador-Ivo-Sartori-Edson-Brum-e-Lucas-Redecker.jpg\",\"datePublished\":\"2017-12-27T13:00:40+00:00\",\"author\":{\"@id\":\"https:\\\/\\\/folhapopular.info\\\/#\\\/schema\\\/person\\\/2814e8a0df7643585a9ca38bc6eb9d4b\"},\"breadcrumb\":{\"@id\":\"https:\\\/\\\/folhapopular.info\\\/index.php\\\/2017\\\/12\\\/27\\\/ponte-sobre-arroio-saraqua-e-oficialmente-inaugurada-em-lajeado\\\/#breadcrumb\"},\"inLanguage\":\"pt-BR\",\"potentialAction\":[{\"@type\":\"ReadAction\",\"target\":[\"https:\\\/\\\/folhapopular.info\\\/index.php\\\/2017\\\/12\\\/27\\\/ponte-sobre-arroio-saraqua-e-oficialmente-inaugurada-em-lajeado\\\/\"]}]},{\"@type\":\"ImageObject\",\"inLanguage\":\"pt-BR\",\"@id\":\"https:\\\/\\\/folhapopular.info\\\/index.php\\\/2017\\\/12\\\/27\\\/ponte-sobre-arroio-saraqua-e-oficialmente-inaugurada-em-lajeado\\\/#primaryimage\",\"url\":\"https:\\\/\\\/folhapopular.info\\\/wp-content\\\/uploads\\\/2017\\\/12\\\/Inaugura\u00e7\u00e3o-alargamento-da-Ponte-do-Saraqu\u00e1-Caumo-Gl\u00e1ucia-governador-Ivo-Sartori-Edson-Brum-e-Lucas-Redecker.jpg\",\"contentUrl\":\"https:\\\/\\\/folhapopular.info\\\/wp-content\\\/uploads\\\/2017\\\/12\\\/Inaugura\u00e7\u00e3o-alargamento-da-Ponte-do-Saraqu\u00e1-Caumo-Gl\u00e1ucia-governador-Ivo-Sartori-Edson-Brum-e-Lucas-Redecker.jpg\",\"width\":2000,\"height\":1333,\"caption\":\"Autoridades participaram da inaugura\u00e7\u00e3o oficial\"},{\"@type\":\"BreadcrumbList\",\"@id\":\"https:\\\/\\\/folhapopular.info\\\/index.php\\\/2017\\\/12\\\/27\\\/ponte-sobre-arroio-saraqua-e-oficialmente-inaugurada-em-lajeado\\\/#breadcrumb\",\"itemListElement\":[{\"@type\":\"ListItem\",\"position\":1,\"name\":\"In\u00edcio\",\"item\":\"https:\\\/\\\/folhapopular.info\\\/\"},{\"@type\":\"ListItem\",\"position\":2,\"name\":\"Ponte sobre Arroio Saraqu\u00e1 \u00e9\u00a0oficialmente inaugurada em Lajeado\"}]},{\"@type\":\"WebSite\",\"@id\":\"https:\\\/\\\/folhapopular.info\\\/#website\",\"url\":\"https:\\\/\\\/folhapopular.info\\\/\",\"name\":\"Folha Popular\",\"description\":\"Onde voc\u00ea tem vez e voz\",\"potentialAction\":[{\"@type\":\"SearchAction\",\"target\":{\"@type\":\"EntryPoint\",\"urlTemplate\":\"https:\\\/\\\/folhapopular.info\\\/?s={search_term_string}\"},\"query-input\":{\"@type\":\"PropertyValueSpecification\",\"valueRequired\":true,\"valueName\":\"search_term_string\"}}],\"inLanguage\":\"pt-BR\"},{\"@type\":\"Person\",\"@id\":\"https:\\\/\\\/folhapopular.info\\\/#\\\/schema\\\/person\\\/2814e8a0df7643585a9ca38bc6eb9d4b\",\"name\":\"Reda\u00e7\u00e3o Folha Popular\",\"image\":{\"@type\":\"ImageObject\",\"inLanguage\":\"pt-BR\",\"@id\":\"https:\\\/\\\/folhapopular.info\\\/wp-content\\\/uploads\\\/2026\\\/04\\\/Folha-1.webp\",\"url\":\"https:\\\/\\\/folhapopular.info\\\/wp-content\\\/uploads\\\/2026\\\/04\\\/Folha-1.webp\",\"contentUrl\":\"https:\\\/\\\/folhapopular.info\\\/wp-content\\\/uploads\\\/2026\\\/04\\\/Folha-1.webp\",\"caption\":\"Reda\u00e7\u00e3o Folha Popular\"},\"url\":\"https:\\\/\\\/folhapopular.info\\\/index.php\\\/author\\\/redacao\\\/\"}]}<\/script>\n<!-- \/ Yoast SEO plugin. -->","yoast_head_json":{"title":"Ponte sobre Arroio Saraqu\u00e1 \u00e9\u00a0oficialmente inaugurada em Lajeado - Folha Popular","robots":{"index":"index","follow":"follow","max-snippet":"max-snippet:-1","max-image-preview":"max-image-preview:large","max-video-preview":"max-video-preview:-1"},"canonical":"https:\/\/folhapopular.info\/index.php\/2017\/12\/27\/ponte-sobre-arroio-saraqua-e-oficialmente-inaugurada-em-lajeado\/","og_locale":"pt_BR","og_type":"article","og_title":"Ponte sobre Arroio Saraqu\u00e1 \u00e9\u00a0oficialmente inaugurada em Lajeado - Folha Popular","og_description":"Ap\u00f3s d\u00e9cadas de reivindica\u00e7\u00f5es comunit\u00e1rias que\u00a0clamavam pelo alargamento da\u00a0ponte sobre o\u00a0Arroio Saraqu\u00e1, na divisa\u00a0dos bairros Moinhos D&#8217;\u00c1gua e S\u00e3o Bento, em Lajeado, a\u00a0estrutura\u00a0foi\u00a0oficialmente inaugurada nesta ter\u00e7a-feira, dia 26\/12. O ato contou com a presen\u00e7a do governador do Estado, Jos\u00e9 Ivo Sartori, do secret\u00e1rio estadual dos Transportes, Pedro Westphalen, do prefeito\u00a0de Lajeado, Marcelo Caumo,\u00a0da vice-prefeita,\u00a0Gl\u00e1ucia Schumacher, [&hellip;]","og_url":"https:\/\/folhapopular.info\/index.php\/2017\/12\/27\/ponte-sobre-arroio-saraqua-e-oficialmente-inaugurada-em-lajeado\/","og_site_name":"Folha Popular","article_published_time":"2017-12-27T13:00:40+00:00","og_image":[{"width":2000,"height":1333,"url":"https:\/\/folhapopular.info\/wp-content\/uploads\/2017\/12\/Inaugura\u00e7\u00e3o-alargamento-da-Ponte-do-Saraqu\u00e1-Caumo-Gl\u00e1ucia-governador-Ivo-Sartori-Edson-Brum-e-Lucas-Redecker.jpg","type":"image\/jpeg"}],"author":"Reda\u00e7\u00e3o Folha Popular","twitter_card":"summary_large_image","twitter_misc":{"Escrito por":"Reda\u00e7\u00e3o Folha Popular","Est. tempo de leitura":"3 minutos"},"schema":{"@context":"https:\/\/schema.org","@graph":[{"@type":"Article","@id":"https:\/\/folhapopular.info\/index.php\/2017\/12\/27\/ponte-sobre-arroio-saraqua-e-oficialmente-inaugurada-em-lajeado\/#article","isPartOf":{"@id":"https:\/\/folhapopular.info\/index.php\/2017\/12\/27\/ponte-sobre-arroio-saraqua-e-oficialmente-inaugurada-em-lajeado\/"},"author":{"name":"Reda\u00e7\u00e3o Folha Popular","@id":"https:\/\/folhapopular.info\/#\/schema\/person\/2814e8a0df7643585a9ca38bc6eb9d4b"},"headline":"Ponte sobre Arroio Saraqu\u00e1 \u00e9\u00a0oficialmente inaugurada em Lajeado","datePublished":"2017-12-27T13:00:40+00:00","mainEntityOfPage":{"@id":"https:\/\/folhapopular.info\/index.php\/2017\/12\/27\/ponte-sobre-arroio-saraqua-e-oficialmente-inaugurada-em-lajeado\/"},"wordCount":639,"commentCount":0,"image":{"@id":"https:\/\/folhapopular.info\/index.php\/2017\/12\/27\/ponte-sobre-arroio-saraqua-e-oficialmente-inaugurada-em-lajeado\/#primaryimage"},"thumbnailUrl":"https:\/\/folhapopular.info\/wp-content\/uploads\/2017\/12\/Inaugura\u00e7\u00e3o-alargamento-da-Ponte-do-Saraqu\u00e1-Caumo-Gl\u00e1ucia-governador-Ivo-Sartori-Edson-Brum-e-Lucas-Redecker.jpg","keywords":["ERS-413","Inaugura\u00e7\u00e3o","Lajeado","obra","Ponte Arroio Saraqu\u00e1"],"articleSection":["Geral"],"inLanguage":"pt-BR","potentialAction":[{"@type":"CommentAction","name":"Comment","target":["https:\/\/folhapopular.info\/index.php\/2017\/12\/27\/ponte-sobre-arroio-saraqua-e-oficialmente-inaugurada-em-lajeado\/#respond"]}]},{"@type":"WebPage","@id":"https:\/\/folhapopular.info\/index.php\/2017\/12\/27\/ponte-sobre-arroio-saraqua-e-oficialmente-inaugurada-em-lajeado\/","url":"https:\/\/folhapopular.info\/index.php\/2017\/12\/27\/ponte-sobre-arroio-saraqua-e-oficialmente-inaugurada-em-lajeado\/","name":"Ponte sobre Arroio Saraqu\u00e1 \u00e9\u00a0oficialmente inaugurada em Lajeado - Folha Popular","isPartOf":{"@id":"https:\/\/folhapopular.info\/#website"},"primaryImageOfPage":{"@id":"https:\/\/folhapopular.info\/index.php\/2017\/12\/27\/ponte-sobre-arroio-saraqua-e-oficialmente-inaugurada-em-lajeado\/#primaryimage"},"image":{"@id":"https:\/\/folhapopular.info\/index.php\/2017\/12\/27\/ponte-sobre-arroio-saraqua-e-oficialmente-inaugurada-em-lajeado\/#primaryimage"},"thumbnailUrl":"https:\/\/folhapopular.info\/wp-content\/uploads\/2017\/12\/Inaugura\u00e7\u00e3o-alargamento-da-Ponte-do-Saraqu\u00e1-Caumo-Gl\u00e1ucia-governador-Ivo-Sartori-Edson-Brum-e-Lucas-Redecker.jpg","datePublished":"2017-12-27T13:00:40+00:00","author":{"@id":"https:\/\/folhapopular.info\/#\/schema\/person\/2814e8a0df7643585a9ca38bc6eb9d4b"},"breadcrumb":{"@id":"https:\/\/folhapopular.info\/index.php\/2017\/12\/27\/ponte-sobre-arroio-saraqua-e-oficialmente-inaugurada-em-lajeado\/#breadcrumb"},"inLanguage":"pt-BR","potentialAction":[{"@type":"ReadAction","target":["https:\/\/folhapopular.info\/index.php\/2017\/12\/27\/ponte-sobre-arroio-saraqua-e-oficialmente-inaugurada-em-lajeado\/"]}]},{"@type":"ImageObject","inLanguage":"pt-BR","@id":"https:\/\/folhapopular.info\/index.php\/2017\/12\/27\/ponte-sobre-arroio-saraqua-e-oficialmente-inaugurada-em-lajeado\/#primaryimage","url":"https:\/\/folhapopular.info\/wp-content\/uploads\/2017\/12\/Inaugura\u00e7\u00e3o-alargamento-da-Ponte-do-Saraqu\u00e1-Caumo-Gl\u00e1ucia-governador-Ivo-Sartori-Edson-Brum-e-Lucas-Redecker.jpg","contentUrl":"https:\/\/folhapopular.info\/wp-content\/uploads\/2017\/12\/Inaugura\u00e7\u00e3o-alargamento-da-Ponte-do-Saraqu\u00e1-Caumo-Gl\u00e1ucia-governador-Ivo-Sartori-Edson-Brum-e-Lucas-Redecker.jpg","width":2000,"height":1333,"caption":"Autoridades participaram da inaugura\u00e7\u00e3o oficial"},{"@type":"BreadcrumbList","@id":"https:\/\/folhapopular.info\/index.php\/2017\/12\/27\/ponte-sobre-arroio-saraqua-e-oficialmente-inaugurada-em-lajeado\/#breadcrumb","itemListElement":[{"@type":"ListItem","position":1,"name":"In\u00edcio","item":"https:\/\/folhapopular.info\/"},{"@type":"ListItem","position":2,"name":"Ponte sobre Arroio Saraqu\u00e1 \u00e9\u00a0oficialmente inaugurada em Lajeado"}]},{"@type":"WebSite","@id":"https:\/\/folhapopular.info\/#website","url":"https:\/\/folhapopular.info\/","name":"Folha Popular","description":"Onde voc\u00ea tem vez e voz","potentialAction":[{"@type":"SearchAction","target":{"@type":"EntryPoint","urlTemplate":"https:\/\/folhapopular.info\/?s={search_term_string}"},"query-input":{"@type":"PropertyValueSpecification","valueRequired":true,"valueName":"search_term_string"}}],"inLanguage":"pt-BR"},{"@type":"Person","@id":"https:\/\/folhapopular.info\/#\/schema\/person\/2814e8a0df7643585a9ca38bc6eb9d4b","name":"Reda\u00e7\u00e3o Folha Popular","image":{"@type":"ImageObject","inLanguage":"pt-BR","@id":"https:\/\/folhapopular.info\/wp-content\/uploads\/2026\/04\/Folha-1.webp","url":"https:\/\/folhapopular.info\/wp-content\/uploads\/2026\/04\/Folha-1.webp","contentUrl":"https:\/\/folhapopular.info\/wp-content\/uploads\/2026\/04\/Folha-1.webp","caption":"Reda\u00e7\u00e3o Folha Popular"},"url":"https:\/\/folhapopular.info\/index.php\/author\/redacao\/"}]}},"jetpack_featured_media_url":"https:\/\/folhapopular.info\/wp-content\/uploads\/2017\/12\/Inaugura\u00e7\u00e3o-alargamento-da-Ponte-do-Saraqu\u00e1-Caumo-Gl\u00e1ucia-governador-Ivo-Sartori-Edson-Brum-e-Lucas-Redecker.jpg","jetpack_sharing_enabled":true,"amp_enabled":true,"_links":{"self":[{"href":"https:\/\/folhapopular.info\/index.php\/wp-json\/wp\/v2\/posts\/39057","targetHints":{"allow":["GET"]}}],"collection":[{"href":"https:\/\/folhapopular.info\/index.php\/wp-json\/wp\/v2\/posts"}],"about":[{"href":"https:\/\/folhapopular.info\/index.php\/wp-json\/wp\/v2\/types\/post"}],"author":[{"embeddable":true,"href":"https:\/\/folhapopular.info\/index.php\/wp-json\/wp\/v2\/users\/8"}],"replies":[{"embeddable":true,"href":"https:\/\/folhapopular.info\/index.php\/wp-json\/wp\/v2\/comments?post=39057"}],"version-history":[{"count":0,"href":"https:\/\/folhapopular.info\/index.php\/wp-json\/wp\/v2\/posts\/39057\/revisions"}],"wp:featuredmedia":[{"embeddable":true,"href":"https:\/\/folhapopular.info\/index.php\/wp-json\/wp\/v2\/media\/39058"}],"wp:attachment":[{"href":"https:\/\/folhapopular.info\/index.php\/wp-json\/wp\/v2\/media?parent=39057"}],"wp:term":[{"taxonomy":"category","embeddable":true,"href":"https:\/\/folhapopular.info\/index.php\/wp-json\/wp\/v2\/categories?post=39057"},{"taxonomy":"post_tag","embeddable":true,"href":"https:\/\/folhapopular.info\/index.php\/wp-json\/wp\/v2\/tags?post=39057"}],"curies":[{"name":"wp","href":"https:\/\/api.w.org\/{rel}","templated":true}]}}