{"id":39526,"date":"2018-01-15T10:00:17","date_gmt":"2018-01-15T12:00:17","guid":{"rendered":"http:\/\/folhapopular.info\/?p=39526"},"modified":"2018-01-15T08:58:51","modified_gmt":"2018-01-15T10:58:51","slug":"saude-informa-alteracao-temporaria-nas-consultas-medicas","status":"publish","type":"post","link":"https:\/\/folhapopular.info\/index.php\/2018\/01\/15\/saude-informa-alteracao-temporaria-nas-consultas-medicas\/","title":{"rendered":"Sa\u00fade informa altera\u00e7\u00e3o tempor\u00e1ria nas consultas m\u00e9dicas"},"content":{"rendered":"<div>A Secretaria Municipal da Sa\u00fade e Assist\u00eancia Social de Imigrante informa que at\u00e9 o dia 19 de janeiro n\u00e3o haver\u00e1 atendimento m\u00e9dico na Unidade B\u00e1sica de Sa\u00fade de Daltro Filho, em raz\u00e3o do afastamento tempor\u00e1rio da m\u00e9dica Katheryne Manresa.<\/div>\n<div>Os hor\u00e1rios ser\u00e3o supridos no Centro de Sa\u00fade da Fam\u00edlia, que disponibilizar\u00e1 m\u00e9dico todos os dias da semana para atender os pacientes. Os atendimentos voltam ao normal a partir do dia 22 de janeiro.<\/div>\n<div>Mais informa\u00e7\u00f5es podem ser obtidas pelo telefone (51) 3754.1031 em hor\u00e1rio de expediente, j\u00e1 urg\u00eancias e emerg\u00eancias devem ser encaminhadas para o Plant\u00e3o da Sa\u00fade pelo telefone (51) 98118.0617.<\/div>\n","protected":false},"excerpt":{"rendered":"<p>A Secretaria Municipal da Sa\u00fade e Assist\u00eancia Social de Imigrante informa que at\u00e9 o dia 19 de janeiro n\u00e3o haver\u00e1 atendimento m\u00e9dico na Unidade B\u00e1sica de Sa\u00fade de Daltro Filho, em raz\u00e3o do afastamento tempor\u00e1rio da m\u00e9dica Katheryne Manresa. Os hor\u00e1rios ser\u00e3o supridos no Centro de Sa\u00fade da Fam\u00edlia, que disponibilizar\u00e1 m\u00e9dico todos os dias [&hellip;]<\/p>\n","protected":false},"author":8,"featured_media":31867,"comment_status":"open","ping_status":"open","sticky":false,"template":"","format":"standard","meta":{"pmpro_default_level":"","_jetpack_memberships_contains_paid_content":false,"footnotes":""},"categories":[3],"tags":[1991,34,89],"class_list":{"0":"post-39526","1":"post","2":"type-post","3":"status-publish","4":"format-standard","5":"has-post-thumbnail","7":"category-geral","8":"tag-consultas-medicas","9":"tag-imigrante","10":"tag-saude","11":"pmpro-has-access"},"yoast_head":"<!-- This site is optimized with the Yoast SEO plugin v27.5 - https:\/\/yoast.com\/product\/yoast-seo-wordpress\/ -->\n<title>Sa\u00fade informa altera\u00e7\u00e3o tempor\u00e1ria nas consultas m\u00e9dicas - Folha Popular<\/title>\n<meta name=\"robots\" content=\"index, follow, max-snippet:-1, max-image-preview:large, max-video-preview:-1\" \/>\n<link rel=\"canonical\" href=\"https:\/\/folhapopular.info\/index.php\/2018\/01\/15\/saude-informa-alteracao-temporaria-nas-consultas-medicas\/\" \/>\n<meta property=\"og:locale\" content=\"pt_BR\" \/>\n<meta property=\"og:type\" content=\"article\" \/>\n<meta property=\"og:title\" content=\"Sa\u00fade informa altera\u00e7\u00e3o tempor\u00e1ria nas consultas m\u00e9dicas - Folha Popular\" \/>\n<meta property=\"og:description\" content=\"A Secretaria Municipal da Sa\u00fade e Assist\u00eancia Social de Imigrante informa que at\u00e9 o dia 19 de janeiro n\u00e3o haver\u00e1 atendimento m\u00e9dico na Unidade B\u00e1sica de Sa\u00fade de Daltro Filho, em raz\u00e3o do afastamento tempor\u00e1rio da m\u00e9dica Katheryne Manresa. Os hor\u00e1rios ser\u00e3o supridos no Centro de Sa\u00fade da Fam\u00edlia, que disponibilizar\u00e1 m\u00e9dico todos os dias [&hellip;]\" \/>\n<meta property=\"og:url\" content=\"https:\/\/folhapopular.info\/index.php\/2018\/01\/15\/saude-informa-alteracao-temporaria-nas-consultas-medicas\/\" \/>\n<meta property=\"og:site_name\" content=\"Folha Popular\" \/>\n<meta property=\"article:published_time\" content=\"2018-01-15T12:00:17+00:00\" \/>\n<meta property=\"og:image\" content=\"https:\/\/folhapopular.info\/wp-content\/uploads\/2017\/06\/Not\u00edcias_SITE-1-e1543404686907.jpg\" \/>\n\t<meta property=\"og:image:width\" content=\"800\" \/>\n\t<meta property=\"og:image:height\" content=\"514\" \/>\n\t<meta property=\"og:image:type\" content=\"image\/jpeg\" \/>\n<meta name=\"author\" content=\"Reda\u00e7\u00e3o Folha Popular\" \/>\n<meta name=\"twitter:card\" content=\"summary_large_image\" \/>\n<meta name=\"twitter:label1\" content=\"Escrito por\" \/>\n\t<meta name=\"twitter:data1\" content=\"Reda\u00e7\u00e3o Folha Popular\" \/>\n\t<meta name=\"twitter:label2\" content=\"Est. tempo de leitura\" \/>\n\t<meta name=\"twitter:data2\" content=\"1 minuto\" \/>\n<script type=\"application\/ld+json\" class=\"yoast-schema-graph\">{\"@context\":\"https:\\\/\\\/schema.org\",\"@graph\":[{\"@type\":\"Article\",\"@id\":\"https:\\\/\\\/folhapopular.info\\\/index.php\\\/2018\\\/01\\\/15\\\/saude-informa-alteracao-temporaria-nas-consultas-medicas\\\/#article\",\"isPartOf\":{\"@id\":\"https:\\\/\\\/folhapopular.info\\\/index.php\\\/2018\\\/01\\\/15\\\/saude-informa-alteracao-temporaria-nas-consultas-medicas\\\/\"},\"author\":{\"name\":\"Reda\u00e7\u00e3o Folha Popular\",\"@id\":\"https:\\\/\\\/folhapopular.info\\\/#\\\/schema\\\/person\\\/2814e8a0df7643585a9ca38bc6eb9d4b\"},\"headline\":\"Sa\u00fade informa altera\u00e7\u00e3o tempor\u00e1ria nas consultas m\u00e9dicas\",\"datePublished\":\"2018-01-15T12:00:17+00:00\",\"mainEntityOfPage\":{\"@id\":\"https:\\\/\\\/folhapopular.info\\\/index.php\\\/2018\\\/01\\\/15\\\/saude-informa-alteracao-temporaria-nas-consultas-medicas\\\/\"},\"wordCount\":127,\"commentCount\":0,\"image\":{\"@id\":\"https:\\\/\\\/folhapopular.info\\\/index.php\\\/2018\\\/01\\\/15\\\/saude-informa-alteracao-temporaria-nas-consultas-medicas\\\/#primaryimage\"},\"thumbnailUrl\":\"https:\\\/\\\/folhapopular.info\\\/wp-content\\\/uploads\\\/2017\\\/06\\\/Not\u00edcias_SITE-1-e1543404686907.jpg\",\"keywords\":[\"Consultas M\u00e9dicas\",\"Imigrante\",\"Sa\u00fade\"],\"articleSection\":[\"Geral\"],\"inLanguage\":\"pt-BR\",\"potentialAction\":[{\"@type\":\"CommentAction\",\"name\":\"Comment\",\"target\":[\"https:\\\/\\\/folhapopular.info\\\/index.php\\\/2018\\\/01\\\/15\\\/saude-informa-alteracao-temporaria-nas-consultas-medicas\\\/#respond\"]}]},{\"@type\":\"WebPage\",\"@id\":\"https:\\\/\\\/folhapopular.info\\\/index.php\\\/2018\\\/01\\\/15\\\/saude-informa-alteracao-temporaria-nas-consultas-medicas\\\/\",\"url\":\"https:\\\/\\\/folhapopular.info\\\/index.php\\\/2018\\\/01\\\/15\\\/saude-informa-alteracao-temporaria-nas-consultas-medicas\\\/\",\"name\":\"Sa\u00fade informa altera\u00e7\u00e3o tempor\u00e1ria nas consultas m\u00e9dicas - Folha Popular\",\"isPartOf\":{\"@id\":\"https:\\\/\\\/folhapopular.info\\\/#website\"},\"primaryImageOfPage\":{\"@id\":\"https:\\\/\\\/folhapopular.info\\\/index.php\\\/2018\\\/01\\\/15\\\/saude-informa-alteracao-temporaria-nas-consultas-medicas\\\/#primaryimage\"},\"image\":{\"@id\":\"https:\\\/\\\/folhapopular.info\\\/index.php\\\/2018\\\/01\\\/15\\\/saude-informa-alteracao-temporaria-nas-consultas-medicas\\\/#primaryimage\"},\"thumbnailUrl\":\"https:\\\/\\\/folhapopular.info\\\/wp-content\\\/uploads\\\/2017\\\/06\\\/Not\u00edcias_SITE-1-e1543404686907.jpg\",\"datePublished\":\"2018-01-15T12:00:17+00:00\",\"author\":{\"@id\":\"https:\\\/\\\/folhapopular.info\\\/#\\\/schema\\\/person\\\/2814e8a0df7643585a9ca38bc6eb9d4b\"},\"breadcrumb\":{\"@id\":\"https:\\\/\\\/folhapopular.info\\\/index.php\\\/2018\\\/01\\\/15\\\/saude-informa-alteracao-temporaria-nas-consultas-medicas\\\/#breadcrumb\"},\"inLanguage\":\"pt-BR\",\"potentialAction\":[{\"@type\":\"ReadAction\",\"target\":[\"https:\\\/\\\/folhapopular.info\\\/index.php\\\/2018\\\/01\\\/15\\\/saude-informa-alteracao-temporaria-nas-consultas-medicas\\\/\"]}]},{\"@type\":\"ImageObject\",\"inLanguage\":\"pt-BR\",\"@id\":\"https:\\\/\\\/folhapopular.info\\\/index.php\\\/2018\\\/01\\\/15\\\/saude-informa-alteracao-temporaria-nas-consultas-medicas\\\/#primaryimage\",\"url\":\"https:\\\/\\\/folhapopular.info\\\/wp-content\\\/uploads\\\/2017\\\/06\\\/Not\u00edcias_SITE-1-e1543404686907.jpg\",\"contentUrl\":\"https:\\\/\\\/folhapopular.info\\\/wp-content\\\/uploads\\\/2017\\\/06\\\/Not\u00edcias_SITE-1-e1543404686907.jpg\",\"width\":800,\"height\":514,\"caption\":\"Cadastro reserva ser\u00e1 para cinco \u00e1reas de atua\u00e7\u00e3o nas salas de aula\"},{\"@type\":\"BreadcrumbList\",\"@id\":\"https:\\\/\\\/folhapopular.info\\\/index.php\\\/2018\\\/01\\\/15\\\/saude-informa-alteracao-temporaria-nas-consultas-medicas\\\/#breadcrumb\",\"itemListElement\":[{\"@type\":\"ListItem\",\"position\":1,\"name\":\"In\u00edcio\",\"item\":\"https:\\\/\\\/folhapopular.info\\\/\"},{\"@type\":\"ListItem\",\"position\":2,\"name\":\"Sa\u00fade informa altera\u00e7\u00e3o tempor\u00e1ria nas consultas m\u00e9dicas\"}]},{\"@type\":\"WebSite\",\"@id\":\"https:\\\/\\\/folhapopular.info\\\/#website\",\"url\":\"https:\\\/\\\/folhapopular.info\\\/\",\"name\":\"Folha Popular\",\"description\":\"Onde voc\u00ea tem vez e voz\",\"potentialAction\":[{\"@type\":\"SearchAction\",\"target\":{\"@type\":\"EntryPoint\",\"urlTemplate\":\"https:\\\/\\\/folhapopular.info\\\/?s={search_term_string}\"},\"query-input\":{\"@type\":\"PropertyValueSpecification\",\"valueRequired\":true,\"valueName\":\"search_term_string\"}}],\"inLanguage\":\"pt-BR\"},{\"@type\":\"Person\",\"@id\":\"https:\\\/\\\/folhapopular.info\\\/#\\\/schema\\\/person\\\/2814e8a0df7643585a9ca38bc6eb9d4b\",\"name\":\"Reda\u00e7\u00e3o Folha Popular\",\"image\":{\"@type\":\"ImageObject\",\"inLanguage\":\"pt-BR\",\"@id\":\"https:\\\/\\\/folhapopular.info\\\/wp-content\\\/uploads\\\/2026\\\/04\\\/Folha-1.webp\",\"url\":\"https:\\\/\\\/folhapopular.info\\\/wp-content\\\/uploads\\\/2026\\\/04\\\/Folha-1.webp\",\"contentUrl\":\"https:\\\/\\\/folhapopular.info\\\/wp-content\\\/uploads\\\/2026\\\/04\\\/Folha-1.webp\",\"caption\":\"Reda\u00e7\u00e3o Folha Popular\"},\"url\":\"https:\\\/\\\/folhapopular.info\\\/index.php\\\/author\\\/redacao\\\/\"}]}<\/script>\n<!-- \/ Yoast SEO plugin. -->","yoast_head_json":{"title":"Sa\u00fade informa altera\u00e7\u00e3o tempor\u00e1ria nas consultas m\u00e9dicas - Folha Popular","robots":{"index":"index","follow":"follow","max-snippet":"max-snippet:-1","max-image-preview":"max-image-preview:large","max-video-preview":"max-video-preview:-1"},"canonical":"https:\/\/folhapopular.info\/index.php\/2018\/01\/15\/saude-informa-alteracao-temporaria-nas-consultas-medicas\/","og_locale":"pt_BR","og_type":"article","og_title":"Sa\u00fade informa altera\u00e7\u00e3o tempor\u00e1ria nas consultas m\u00e9dicas - Folha Popular","og_description":"A Secretaria Municipal da Sa\u00fade e Assist\u00eancia Social de Imigrante informa que at\u00e9 o dia 19 de janeiro n\u00e3o haver\u00e1 atendimento m\u00e9dico na Unidade B\u00e1sica de Sa\u00fade de Daltro Filho, em raz\u00e3o do afastamento tempor\u00e1rio da m\u00e9dica Katheryne Manresa. Os hor\u00e1rios ser\u00e3o supridos no Centro de Sa\u00fade da Fam\u00edlia, que disponibilizar\u00e1 m\u00e9dico todos os dias [&hellip;]","og_url":"https:\/\/folhapopular.info\/index.php\/2018\/01\/15\/saude-informa-alteracao-temporaria-nas-consultas-medicas\/","og_site_name":"Folha Popular","article_published_time":"2018-01-15T12:00:17+00:00","og_image":[{"width":800,"height":514,"url":"https:\/\/folhapopular.info\/wp-content\/uploads\/2017\/06\/Not\u00edcias_SITE-1-e1543404686907.jpg","type":"image\/jpeg"}],"author":"Reda\u00e7\u00e3o Folha Popular","twitter_card":"summary_large_image","twitter_misc":{"Escrito por":"Reda\u00e7\u00e3o Folha Popular","Est. tempo de leitura":"1 minuto"},"schema":{"@context":"https:\/\/schema.org","@graph":[{"@type":"Article","@id":"https:\/\/folhapopular.info\/index.php\/2018\/01\/15\/saude-informa-alteracao-temporaria-nas-consultas-medicas\/#article","isPartOf":{"@id":"https:\/\/folhapopular.info\/index.php\/2018\/01\/15\/saude-informa-alteracao-temporaria-nas-consultas-medicas\/"},"author":{"name":"Reda\u00e7\u00e3o Folha Popular","@id":"https:\/\/folhapopular.info\/#\/schema\/person\/2814e8a0df7643585a9ca38bc6eb9d4b"},"headline":"Sa\u00fade informa altera\u00e7\u00e3o tempor\u00e1ria nas consultas m\u00e9dicas","datePublished":"2018-01-15T12:00:17+00:00","mainEntityOfPage":{"@id":"https:\/\/folhapopular.info\/index.php\/2018\/01\/15\/saude-informa-alteracao-temporaria-nas-consultas-medicas\/"},"wordCount":127,"commentCount":0,"image":{"@id":"https:\/\/folhapopular.info\/index.php\/2018\/01\/15\/saude-informa-alteracao-temporaria-nas-consultas-medicas\/#primaryimage"},"thumbnailUrl":"https:\/\/folhapopular.info\/wp-content\/uploads\/2017\/06\/Not\u00edcias_SITE-1-e1543404686907.jpg","keywords":["Consultas M\u00e9dicas","Imigrante","Sa\u00fade"],"articleSection":["Geral"],"inLanguage":"pt-BR","potentialAction":[{"@type":"CommentAction","name":"Comment","target":["https:\/\/folhapopular.info\/index.php\/2018\/01\/15\/saude-informa-alteracao-temporaria-nas-consultas-medicas\/#respond"]}]},{"@type":"WebPage","@id":"https:\/\/folhapopular.info\/index.php\/2018\/01\/15\/saude-informa-alteracao-temporaria-nas-consultas-medicas\/","url":"https:\/\/folhapopular.info\/index.php\/2018\/01\/15\/saude-informa-alteracao-temporaria-nas-consultas-medicas\/","name":"Sa\u00fade informa altera\u00e7\u00e3o tempor\u00e1ria nas consultas m\u00e9dicas - Folha Popular","isPartOf":{"@id":"https:\/\/folhapopular.info\/#website"},"primaryImageOfPage":{"@id":"https:\/\/folhapopular.info\/index.php\/2018\/01\/15\/saude-informa-alteracao-temporaria-nas-consultas-medicas\/#primaryimage"},"image":{"@id":"https:\/\/folhapopular.info\/index.php\/2018\/01\/15\/saude-informa-alteracao-temporaria-nas-consultas-medicas\/#primaryimage"},"thumbnailUrl":"https:\/\/folhapopular.info\/wp-content\/uploads\/2017\/06\/Not\u00edcias_SITE-1-e1543404686907.jpg","datePublished":"2018-01-15T12:00:17+00:00","author":{"@id":"https:\/\/folhapopular.info\/#\/schema\/person\/2814e8a0df7643585a9ca38bc6eb9d4b"},"breadcrumb":{"@id":"https:\/\/folhapopular.info\/index.php\/2018\/01\/15\/saude-informa-alteracao-temporaria-nas-consultas-medicas\/#breadcrumb"},"inLanguage":"pt-BR","potentialAction":[{"@type":"ReadAction","target":["https:\/\/folhapopular.info\/index.php\/2018\/01\/15\/saude-informa-alteracao-temporaria-nas-consultas-medicas\/"]}]},{"@type":"ImageObject","inLanguage":"pt-BR","@id":"https:\/\/folhapopular.info\/index.php\/2018\/01\/15\/saude-informa-alteracao-temporaria-nas-consultas-medicas\/#primaryimage","url":"https:\/\/folhapopular.info\/wp-content\/uploads\/2017\/06\/Not\u00edcias_SITE-1-e1543404686907.jpg","contentUrl":"https:\/\/folhapopular.info\/wp-content\/uploads\/2017\/06\/Not\u00edcias_SITE-1-e1543404686907.jpg","width":800,"height":514,"caption":"Cadastro reserva ser\u00e1 para cinco \u00e1reas de atua\u00e7\u00e3o nas salas de aula"},{"@type":"BreadcrumbList","@id":"https:\/\/folhapopular.info\/index.php\/2018\/01\/15\/saude-informa-alteracao-temporaria-nas-consultas-medicas\/#breadcrumb","itemListElement":[{"@type":"ListItem","position":1,"name":"In\u00edcio","item":"https:\/\/folhapopular.info\/"},{"@type":"ListItem","position":2,"name":"Sa\u00fade informa altera\u00e7\u00e3o tempor\u00e1ria nas consultas m\u00e9dicas"}]},{"@type":"WebSite","@id":"https:\/\/folhapopular.info\/#website","url":"https:\/\/folhapopular.info\/","name":"Folha Popular","description":"Onde voc\u00ea tem vez e voz","potentialAction":[{"@type":"SearchAction","target":{"@type":"EntryPoint","urlTemplate":"https:\/\/folhapopular.info\/?s={search_term_string}"},"query-input":{"@type":"PropertyValueSpecification","valueRequired":true,"valueName":"search_term_string"}}],"inLanguage":"pt-BR"},{"@type":"Person","@id":"https:\/\/folhapopular.info\/#\/schema\/person\/2814e8a0df7643585a9ca38bc6eb9d4b","name":"Reda\u00e7\u00e3o Folha Popular","image":{"@type":"ImageObject","inLanguage":"pt-BR","@id":"https:\/\/folhapopular.info\/wp-content\/uploads\/2026\/04\/Folha-1.webp","url":"https:\/\/folhapopular.info\/wp-content\/uploads\/2026\/04\/Folha-1.webp","contentUrl":"https:\/\/folhapopular.info\/wp-content\/uploads\/2026\/04\/Folha-1.webp","caption":"Reda\u00e7\u00e3o Folha Popular"},"url":"https:\/\/folhapopular.info\/index.php\/author\/redacao\/"}]}},"jetpack_featured_media_url":"https:\/\/folhapopular.info\/wp-content\/uploads\/2017\/06\/Not\u00edcias_SITE-1-e1543404686907.jpg","jetpack_sharing_enabled":true,"amp_enabled":true,"_links":{"self":[{"href":"https:\/\/folhapopular.info\/index.php\/wp-json\/wp\/v2\/posts\/39526","targetHints":{"allow":["GET"]}}],"collection":[{"href":"https:\/\/folhapopular.info\/index.php\/wp-json\/wp\/v2\/posts"}],"about":[{"href":"https:\/\/folhapopular.info\/index.php\/wp-json\/wp\/v2\/types\/post"}],"author":[{"embeddable":true,"href":"https:\/\/folhapopular.info\/index.php\/wp-json\/wp\/v2\/users\/8"}],"replies":[{"embeddable":true,"href":"https:\/\/folhapopular.info\/index.php\/wp-json\/wp\/v2\/comments?post=39526"}],"version-history":[{"count":0,"href":"https:\/\/folhapopular.info\/index.php\/wp-json\/wp\/v2\/posts\/39526\/revisions"}],"wp:featuredmedia":[{"embeddable":true,"href":"https:\/\/folhapopular.info\/index.php\/wp-json\/wp\/v2\/media\/31867"}],"wp:attachment":[{"href":"https:\/\/folhapopular.info\/index.php\/wp-json\/wp\/v2\/media?parent=39526"}],"wp:term":[{"taxonomy":"category","embeddable":true,"href":"https:\/\/folhapopular.info\/index.php\/wp-json\/wp\/v2\/categories?post=39526"},{"taxonomy":"post_tag","embeddable":true,"href":"https:\/\/folhapopular.info\/index.php\/wp-json\/wp\/v2\/tags?post=39526"}],"curies":[{"name":"wp","href":"https:\/\/api.w.org\/{rel}","templated":true}]}}