{"id":39581,"date":"2018-01-16T13:00:41","date_gmt":"2018-01-16T15:00:41","guid":{"rendered":"http:\/\/folhapopular.info\/?p=39581"},"modified":"2018-01-16T09:01:43","modified_gmt":"2018-01-16T11:01:43","slug":"crescimento-das-exportacoes-na-industria-e-pequeno-no-rio-grande-do-sul-em-2017","status":"publish","type":"post","link":"https:\/\/folhapopular.info\/index.php\/2018\/01\/16\/crescimento-das-exportacoes-na-industria-e-pequeno-no-rio-grande-do-sul-em-2017\/","title":{"rendered":"Crescimento das exporta\u00e7\u00f5es na ind\u00fastria\u00a0 \u00e9 pequeno no Rio Grande do Sul em 2017\u00a0"},"content":{"rendered":"<p>A ind\u00fastria de transforma\u00e7\u00e3o do Rio Grande do Sul terminou o ano de 2017 com aumento disseminado, mas pequeno em suas exporta\u00e7\u00f5es:\u00a01,5% em rela\u00e7\u00e3o a 2016, totalizando\u00a0US$ 12,6\u00a0bilh\u00f5es.\u00a0\u201cA eleva\u00e7\u00e3o da demanda externa do Mercosul e dos demais pa\u00edses da Am\u00e9rica Latina, favorecida pelo cen\u00e1rio internacional positivo, foi fundamental para gerar esse crescimento. O resultado, no entanto, devolve apenas uma pequena fra\u00e7\u00e3o das perdas sofridas pelo nosso setor nos \u00faltimos anos. Precisamos crescer 23,9% para retomar o n\u00edvel que hav\u00edamos conquistado em 2011&#8243;, explica o presidente da Federa\u00e7\u00e3o das Ind\u00fastrias do Rio Grande do Sul (FIERGS), Gilberto Porcello Petry. Em 2016, as vendas externas do setor ca\u00edram 2,3%.<br \/>\nAo elevar suas compras por produtos ga\u00fachos em 32,3%, o Mercosul foi a regi\u00e3o que mais contribuiu para o aumento da demanda na ind\u00fastria do Rio Grande do Sul. O principal importador foi a Argentina, com um incremento de 43,8% (um total de US$ 1,87 bilh\u00e3o). Os demais pa\u00edses da Am\u00e9rica Latina que n\u00e3o integram essa \u00e1rea de livre com\u00e9rcio tamb\u00e9m ampliaram suas compras de maneira consider\u00e1vel: 12,3%.<br \/>\nDas 24 categorias que registraram alguma opera\u00e7\u00e3o de venda para o exterior no ano passado, 15 finalizaram em alta, oito ca\u00edram e uma manteve-se est\u00e1vel. As principais contribui\u00e7\u00f5es positivas para o setor secund\u00e1rio vieram de Ve\u00edculos automotores, reboques e carrocerias (40,9%). Ao registrar o melhor ano de toda a s\u00e9rie hist\u00f3rica, iniciada em 1996, embarcou US$ 1,44 bilh\u00e3o. Qu\u00edmicos tamb\u00e9m se mostrou um setor de destaque, com eleva\u00e7\u00e3o de 13,7%. Outros equipamentos de transporte, em fun\u00e7\u00e3o da aus\u00eancia de exporta\u00e7\u00f5es de plataformas de petr\u00f3leo em 2017, ocorridas em 2016, caiu 94,6%. Celulose e papel e Alimentos recuaram 23,4% e 2,5%, respectivamente, em 2017.<br \/>\nJ\u00e1 as exporta\u00e7\u00f5es totais no ano passado somaram\u00a0US$ 17,8\u00a0bilh\u00f5es, o que representa uma alta de 7,3% em rela\u00e7\u00e3o a 2016.\u00a0Esse avan\u00e7o foi impulsionado pelo comportamento dos produtos b\u00e1sicos, que praticamente igualaram o recorde de 2013 da s\u00e9rie hist\u00f3rica, ao embarcarem US$ 5,1 bilh\u00f5es. A soja foi o principal destaque, com incremento de 22,8%.<br \/>\nAinda sobre 2017, as importa\u00e7\u00f5es totais chegaram a US$ 9,9 bilh\u00f5es, avan\u00e7o de 19,4%. Na separa\u00e7\u00e3o das mercadorias por categoria de uso, todos os subgrupos avan\u00e7aram, especialmente Bens intermedi\u00e1rios (16,6%), Bens de consumo (39,7%) e Combust\u00edveis e lubrificantes (20,3%).<\/p>\n<p>DEZEMBRO \u2013\u00a0Se considerarmos somente dezembro de 2017, as exporta\u00e7\u00f5es do Rio Grande do Sul alcan\u00e7aram US$ 1,53 bilh\u00e3o, 23,7% a mais do que em 2016. As commodities registraram o melhor fim de ano de toda a s\u00e9rie hist\u00f3rica: US$ 377 milh\u00f5es. A ind\u00fastria, por sua vez, embarcou US$ 1,15 bilh\u00e3o, o que representa incremento de 3,6%. Os melhores resultados estiveram em Tabaco (36,7%), Madeira (222,2%) e Ve\u00edculos automotores, reboques e carrocerias (13,2%). Alimentos (-10,5%), Materiais el\u00e9tricos (-31%) e M\u00e1quinas e equipamentos (-11,8%) registraram as maiores perdas.<\/p>\n","protected":false},"excerpt":{"rendered":"<p>A ind\u00fastria de transforma\u00e7\u00e3o do Rio Grande do Sul terminou o ano de 2017 com aumento disseminado, mas pequeno em suas exporta\u00e7\u00f5es:\u00a01,5% em rela\u00e7\u00e3o a 2016, totalizando\u00a0US$ 12,6\u00a0bilh\u00f5es.\u00a0\u201cA eleva\u00e7\u00e3o da demanda externa do Mercosul e dos demais pa\u00edses da Am\u00e9rica Latina, favorecida pelo cen\u00e1rio internacional positivo, foi fundamental para gerar esse crescimento. O resultado, no [&hellip;]<\/p>\n","protected":false},"author":8,"featured_media":31867,"comment_status":"open","ping_status":"open","sticky":false,"template":"","format":"standard","meta":{"pmpro_default_level":"","_jetpack_memberships_contains_paid_content":false,"footnotes":""},"categories":[3],"tags":[746,176,2010,2011,2009,1794],"class_list":{"0":"post-39581","1":"post","2":"type-post","3":"status-publish","4":"format-standard","5":"has-post-thumbnail","7":"category-geral","8":"tag-economia","9":"tag-estado","10":"tag-exportacoes","11":"tag-fiergs","12":"tag-industria-de-transformacao","13":"tag-rio-grande-do-sul","14":"pmpro-has-access"},"yoast_head":"<!-- This site is optimized with the Yoast SEO plugin v27.5 - https:\/\/yoast.com\/product\/yoast-seo-wordpress\/ -->\n<title>Crescimento das exporta\u00e7\u00f5es na ind\u00fastria\u00a0 \u00e9 pequeno no Rio Grande do Sul em 2017\u00a0 - Folha Popular<\/title>\n<meta name=\"robots\" content=\"index, follow, max-snippet:-1, max-image-preview:large, max-video-preview:-1\" \/>\n<link rel=\"canonical\" href=\"https:\/\/folhapopular.info\/index.php\/2018\/01\/16\/crescimento-das-exportacoes-na-industria-e-pequeno-no-rio-grande-do-sul-em-2017\/\" \/>\n<meta property=\"og:locale\" content=\"pt_BR\" \/>\n<meta property=\"og:type\" content=\"article\" \/>\n<meta property=\"og:title\" content=\"Crescimento das exporta\u00e7\u00f5es na ind\u00fastria\u00a0 \u00e9 pequeno no Rio Grande do Sul em 2017\u00a0 - Folha Popular\" \/>\n<meta property=\"og:description\" content=\"A ind\u00fastria de transforma\u00e7\u00e3o do Rio Grande do Sul terminou o ano de 2017 com aumento disseminado, mas pequeno em suas exporta\u00e7\u00f5es:\u00a01,5% em rela\u00e7\u00e3o a 2016, totalizando\u00a0US$ 12,6\u00a0bilh\u00f5es.\u00a0\u201cA eleva\u00e7\u00e3o da demanda externa do Mercosul e dos demais pa\u00edses da Am\u00e9rica Latina, favorecida pelo cen\u00e1rio internacional positivo, foi fundamental para gerar esse crescimento. O resultado, no [&hellip;]\" \/>\n<meta property=\"og:url\" content=\"https:\/\/folhapopular.info\/index.php\/2018\/01\/16\/crescimento-das-exportacoes-na-industria-e-pequeno-no-rio-grande-do-sul-em-2017\/\" \/>\n<meta property=\"og:site_name\" content=\"Folha Popular\" \/>\n<meta property=\"article:published_time\" content=\"2018-01-16T15:00:41+00:00\" \/>\n<meta property=\"og:image\" content=\"https:\/\/folhapopular.info\/wp-content\/uploads\/2017\/06\/Not\u00edcias_SITE-1-e1543404686907.jpg\" \/>\n\t<meta property=\"og:image:width\" content=\"800\" \/>\n\t<meta property=\"og:image:height\" content=\"514\" \/>\n\t<meta property=\"og:image:type\" content=\"image\/jpeg\" \/>\n<meta name=\"author\" content=\"Reda\u00e7\u00e3o Folha Popular\" \/>\n<meta name=\"twitter:card\" content=\"summary_large_image\" \/>\n<meta name=\"twitter:label1\" content=\"Escrito por\" \/>\n\t<meta name=\"twitter:data1\" content=\"Reda\u00e7\u00e3o Folha Popular\" \/>\n\t<meta name=\"twitter:label2\" content=\"Est. tempo de leitura\" \/>\n\t<meta name=\"twitter:data2\" content=\"2 minutos\" \/>\n<script type=\"application\/ld+json\" class=\"yoast-schema-graph\">{\"@context\":\"https:\\\/\\\/schema.org\",\"@graph\":[{\"@type\":\"Article\",\"@id\":\"https:\\\/\\\/folhapopular.info\\\/index.php\\\/2018\\\/01\\\/16\\\/crescimento-das-exportacoes-na-industria-e-pequeno-no-rio-grande-do-sul-em-2017\\\/#article\",\"isPartOf\":{\"@id\":\"https:\\\/\\\/folhapopular.info\\\/index.php\\\/2018\\\/01\\\/16\\\/crescimento-das-exportacoes-na-industria-e-pequeno-no-rio-grande-do-sul-em-2017\\\/\"},\"author\":{\"name\":\"Reda\u00e7\u00e3o Folha Popular\",\"@id\":\"https:\\\/\\\/folhapopular.info\\\/#\\\/schema\\\/person\\\/2814e8a0df7643585a9ca38bc6eb9d4b\"},\"headline\":\"Crescimento das exporta\u00e7\u00f5es na ind\u00fastria\u00a0 \u00e9 pequeno no Rio Grande do Sul em 2017\u00a0\",\"datePublished\":\"2018-01-16T15:00:41+00:00\",\"mainEntityOfPage\":{\"@id\":\"https:\\\/\\\/folhapopular.info\\\/index.php\\\/2018\\\/01\\\/16\\\/crescimento-das-exportacoes-na-industria-e-pequeno-no-rio-grande-do-sul-em-2017\\\/\"},\"wordCount\":498,\"commentCount\":0,\"image\":{\"@id\":\"https:\\\/\\\/folhapopular.info\\\/index.php\\\/2018\\\/01\\\/16\\\/crescimento-das-exportacoes-na-industria-e-pequeno-no-rio-grande-do-sul-em-2017\\\/#primaryimage\"},\"thumbnailUrl\":\"https:\\\/\\\/folhapopular.info\\\/wp-content\\\/uploads\\\/2017\\\/06\\\/Not\u00edcias_SITE-1-e1543404686907.jpg\",\"keywords\":[\"Economia\",\"Estado\",\"Exporta\u00e7\u00f5es\",\"FIERGS\",\"Ind\u00fastria de Transforma\u00e7\u00e3o\",\"Rio Grande do Sul\"],\"articleSection\":[\"Geral\"],\"inLanguage\":\"pt-BR\",\"potentialAction\":[{\"@type\":\"CommentAction\",\"name\":\"Comment\",\"target\":[\"https:\\\/\\\/folhapopular.info\\\/index.php\\\/2018\\\/01\\\/16\\\/crescimento-das-exportacoes-na-industria-e-pequeno-no-rio-grande-do-sul-em-2017\\\/#respond\"]}]},{\"@type\":\"WebPage\",\"@id\":\"https:\\\/\\\/folhapopular.info\\\/index.php\\\/2018\\\/01\\\/16\\\/crescimento-das-exportacoes-na-industria-e-pequeno-no-rio-grande-do-sul-em-2017\\\/\",\"url\":\"https:\\\/\\\/folhapopular.info\\\/index.php\\\/2018\\\/01\\\/16\\\/crescimento-das-exportacoes-na-industria-e-pequeno-no-rio-grande-do-sul-em-2017\\\/\",\"name\":\"Crescimento das exporta\u00e7\u00f5es na ind\u00fastria\u00a0 \u00e9 pequeno no Rio Grande do Sul em 2017\u00a0 - Folha Popular\",\"isPartOf\":{\"@id\":\"https:\\\/\\\/folhapopular.info\\\/#website\"},\"primaryImageOfPage\":{\"@id\":\"https:\\\/\\\/folhapopular.info\\\/index.php\\\/2018\\\/01\\\/16\\\/crescimento-das-exportacoes-na-industria-e-pequeno-no-rio-grande-do-sul-em-2017\\\/#primaryimage\"},\"image\":{\"@id\":\"https:\\\/\\\/folhapopular.info\\\/index.php\\\/2018\\\/01\\\/16\\\/crescimento-das-exportacoes-na-industria-e-pequeno-no-rio-grande-do-sul-em-2017\\\/#primaryimage\"},\"thumbnailUrl\":\"https:\\\/\\\/folhapopular.info\\\/wp-content\\\/uploads\\\/2017\\\/06\\\/Not\u00edcias_SITE-1-e1543404686907.jpg\",\"datePublished\":\"2018-01-16T15:00:41+00:00\",\"author\":{\"@id\":\"https:\\\/\\\/folhapopular.info\\\/#\\\/schema\\\/person\\\/2814e8a0df7643585a9ca38bc6eb9d4b\"},\"breadcrumb\":{\"@id\":\"https:\\\/\\\/folhapopular.info\\\/index.php\\\/2018\\\/01\\\/16\\\/crescimento-das-exportacoes-na-industria-e-pequeno-no-rio-grande-do-sul-em-2017\\\/#breadcrumb\"},\"inLanguage\":\"pt-BR\",\"potentialAction\":[{\"@type\":\"ReadAction\",\"target\":[\"https:\\\/\\\/folhapopular.info\\\/index.php\\\/2018\\\/01\\\/16\\\/crescimento-das-exportacoes-na-industria-e-pequeno-no-rio-grande-do-sul-em-2017\\\/\"]}]},{\"@type\":\"ImageObject\",\"inLanguage\":\"pt-BR\",\"@id\":\"https:\\\/\\\/folhapopular.info\\\/index.php\\\/2018\\\/01\\\/16\\\/crescimento-das-exportacoes-na-industria-e-pequeno-no-rio-grande-do-sul-em-2017\\\/#primaryimage\",\"url\":\"https:\\\/\\\/folhapopular.info\\\/wp-content\\\/uploads\\\/2017\\\/06\\\/Not\u00edcias_SITE-1-e1543404686907.jpg\",\"contentUrl\":\"https:\\\/\\\/folhapopular.info\\\/wp-content\\\/uploads\\\/2017\\\/06\\\/Not\u00edcias_SITE-1-e1543404686907.jpg\",\"width\":800,\"height\":514,\"caption\":\"Cadastro reserva ser\u00e1 para cinco \u00e1reas de atua\u00e7\u00e3o nas salas de aula\"},{\"@type\":\"BreadcrumbList\",\"@id\":\"https:\\\/\\\/folhapopular.info\\\/index.php\\\/2018\\\/01\\\/16\\\/crescimento-das-exportacoes-na-industria-e-pequeno-no-rio-grande-do-sul-em-2017\\\/#breadcrumb\",\"itemListElement\":[{\"@type\":\"ListItem\",\"position\":1,\"name\":\"In\u00edcio\",\"item\":\"https:\\\/\\\/folhapopular.info\\\/\"},{\"@type\":\"ListItem\",\"position\":2,\"name\":\"Crescimento das exporta\u00e7\u00f5es na ind\u00fastria\u00a0 \u00e9 pequeno no Rio Grande do Sul em 2017\u00a0\"}]},{\"@type\":\"WebSite\",\"@id\":\"https:\\\/\\\/folhapopular.info\\\/#website\",\"url\":\"https:\\\/\\\/folhapopular.info\\\/\",\"name\":\"Folha Popular\",\"description\":\"Onde voc\u00ea tem vez e voz\",\"potentialAction\":[{\"@type\":\"SearchAction\",\"target\":{\"@type\":\"EntryPoint\",\"urlTemplate\":\"https:\\\/\\\/folhapopular.info\\\/?s={search_term_string}\"},\"query-input\":{\"@type\":\"PropertyValueSpecification\",\"valueRequired\":true,\"valueName\":\"search_term_string\"}}],\"inLanguage\":\"pt-BR\"},{\"@type\":\"Person\",\"@id\":\"https:\\\/\\\/folhapopular.info\\\/#\\\/schema\\\/person\\\/2814e8a0df7643585a9ca38bc6eb9d4b\",\"name\":\"Reda\u00e7\u00e3o Folha Popular\",\"image\":{\"@type\":\"ImageObject\",\"inLanguage\":\"pt-BR\",\"@id\":\"https:\\\/\\\/folhapopular.info\\\/wp-content\\\/uploads\\\/2026\\\/04\\\/Folha-1.webp\",\"url\":\"https:\\\/\\\/folhapopular.info\\\/wp-content\\\/uploads\\\/2026\\\/04\\\/Folha-1.webp\",\"contentUrl\":\"https:\\\/\\\/folhapopular.info\\\/wp-content\\\/uploads\\\/2026\\\/04\\\/Folha-1.webp\",\"caption\":\"Reda\u00e7\u00e3o Folha Popular\"},\"url\":\"https:\\\/\\\/folhapopular.info\\\/index.php\\\/author\\\/redacao\\\/\"}]}<\/script>\n<!-- \/ Yoast SEO plugin. -->","yoast_head_json":{"title":"Crescimento das exporta\u00e7\u00f5es na ind\u00fastria\u00a0 \u00e9 pequeno no Rio Grande do Sul em 2017\u00a0 - Folha Popular","robots":{"index":"index","follow":"follow","max-snippet":"max-snippet:-1","max-image-preview":"max-image-preview:large","max-video-preview":"max-video-preview:-1"},"canonical":"https:\/\/folhapopular.info\/index.php\/2018\/01\/16\/crescimento-das-exportacoes-na-industria-e-pequeno-no-rio-grande-do-sul-em-2017\/","og_locale":"pt_BR","og_type":"article","og_title":"Crescimento das exporta\u00e7\u00f5es na ind\u00fastria\u00a0 \u00e9 pequeno no Rio Grande do Sul em 2017\u00a0 - Folha Popular","og_description":"A ind\u00fastria de transforma\u00e7\u00e3o do Rio Grande do Sul terminou o ano de 2017 com aumento disseminado, mas pequeno em suas exporta\u00e7\u00f5es:\u00a01,5% em rela\u00e7\u00e3o a 2016, totalizando\u00a0US$ 12,6\u00a0bilh\u00f5es.\u00a0\u201cA eleva\u00e7\u00e3o da demanda externa do Mercosul e dos demais pa\u00edses da Am\u00e9rica Latina, favorecida pelo cen\u00e1rio internacional positivo, foi fundamental para gerar esse crescimento. O resultado, no [&hellip;]","og_url":"https:\/\/folhapopular.info\/index.php\/2018\/01\/16\/crescimento-das-exportacoes-na-industria-e-pequeno-no-rio-grande-do-sul-em-2017\/","og_site_name":"Folha Popular","article_published_time":"2018-01-16T15:00:41+00:00","og_image":[{"width":800,"height":514,"url":"https:\/\/folhapopular.info\/wp-content\/uploads\/2017\/06\/Not\u00edcias_SITE-1-e1543404686907.jpg","type":"image\/jpeg"}],"author":"Reda\u00e7\u00e3o Folha Popular","twitter_card":"summary_large_image","twitter_misc":{"Escrito por":"Reda\u00e7\u00e3o Folha Popular","Est. tempo de leitura":"2 minutos"},"schema":{"@context":"https:\/\/schema.org","@graph":[{"@type":"Article","@id":"https:\/\/folhapopular.info\/index.php\/2018\/01\/16\/crescimento-das-exportacoes-na-industria-e-pequeno-no-rio-grande-do-sul-em-2017\/#article","isPartOf":{"@id":"https:\/\/folhapopular.info\/index.php\/2018\/01\/16\/crescimento-das-exportacoes-na-industria-e-pequeno-no-rio-grande-do-sul-em-2017\/"},"author":{"name":"Reda\u00e7\u00e3o Folha Popular","@id":"https:\/\/folhapopular.info\/#\/schema\/person\/2814e8a0df7643585a9ca38bc6eb9d4b"},"headline":"Crescimento das exporta\u00e7\u00f5es na ind\u00fastria\u00a0 \u00e9 pequeno no Rio Grande do Sul em 2017\u00a0","datePublished":"2018-01-16T15:00:41+00:00","mainEntityOfPage":{"@id":"https:\/\/folhapopular.info\/index.php\/2018\/01\/16\/crescimento-das-exportacoes-na-industria-e-pequeno-no-rio-grande-do-sul-em-2017\/"},"wordCount":498,"commentCount":0,"image":{"@id":"https:\/\/folhapopular.info\/index.php\/2018\/01\/16\/crescimento-das-exportacoes-na-industria-e-pequeno-no-rio-grande-do-sul-em-2017\/#primaryimage"},"thumbnailUrl":"https:\/\/folhapopular.info\/wp-content\/uploads\/2017\/06\/Not\u00edcias_SITE-1-e1543404686907.jpg","keywords":["Economia","Estado","Exporta\u00e7\u00f5es","FIERGS","Ind\u00fastria de Transforma\u00e7\u00e3o","Rio Grande do Sul"],"articleSection":["Geral"],"inLanguage":"pt-BR","potentialAction":[{"@type":"CommentAction","name":"Comment","target":["https:\/\/folhapopular.info\/index.php\/2018\/01\/16\/crescimento-das-exportacoes-na-industria-e-pequeno-no-rio-grande-do-sul-em-2017\/#respond"]}]},{"@type":"WebPage","@id":"https:\/\/folhapopular.info\/index.php\/2018\/01\/16\/crescimento-das-exportacoes-na-industria-e-pequeno-no-rio-grande-do-sul-em-2017\/","url":"https:\/\/folhapopular.info\/index.php\/2018\/01\/16\/crescimento-das-exportacoes-na-industria-e-pequeno-no-rio-grande-do-sul-em-2017\/","name":"Crescimento das exporta\u00e7\u00f5es na ind\u00fastria\u00a0 \u00e9 pequeno no Rio Grande do Sul em 2017\u00a0 - Folha Popular","isPartOf":{"@id":"https:\/\/folhapopular.info\/#website"},"primaryImageOfPage":{"@id":"https:\/\/folhapopular.info\/index.php\/2018\/01\/16\/crescimento-das-exportacoes-na-industria-e-pequeno-no-rio-grande-do-sul-em-2017\/#primaryimage"},"image":{"@id":"https:\/\/folhapopular.info\/index.php\/2018\/01\/16\/crescimento-das-exportacoes-na-industria-e-pequeno-no-rio-grande-do-sul-em-2017\/#primaryimage"},"thumbnailUrl":"https:\/\/folhapopular.info\/wp-content\/uploads\/2017\/06\/Not\u00edcias_SITE-1-e1543404686907.jpg","datePublished":"2018-01-16T15:00:41+00:00","author":{"@id":"https:\/\/folhapopular.info\/#\/schema\/person\/2814e8a0df7643585a9ca38bc6eb9d4b"},"breadcrumb":{"@id":"https:\/\/folhapopular.info\/index.php\/2018\/01\/16\/crescimento-das-exportacoes-na-industria-e-pequeno-no-rio-grande-do-sul-em-2017\/#breadcrumb"},"inLanguage":"pt-BR","potentialAction":[{"@type":"ReadAction","target":["https:\/\/folhapopular.info\/index.php\/2018\/01\/16\/crescimento-das-exportacoes-na-industria-e-pequeno-no-rio-grande-do-sul-em-2017\/"]}]},{"@type":"ImageObject","inLanguage":"pt-BR","@id":"https:\/\/folhapopular.info\/index.php\/2018\/01\/16\/crescimento-das-exportacoes-na-industria-e-pequeno-no-rio-grande-do-sul-em-2017\/#primaryimage","url":"https:\/\/folhapopular.info\/wp-content\/uploads\/2017\/06\/Not\u00edcias_SITE-1-e1543404686907.jpg","contentUrl":"https:\/\/folhapopular.info\/wp-content\/uploads\/2017\/06\/Not\u00edcias_SITE-1-e1543404686907.jpg","width":800,"height":514,"caption":"Cadastro reserva ser\u00e1 para cinco \u00e1reas de atua\u00e7\u00e3o nas salas de aula"},{"@type":"BreadcrumbList","@id":"https:\/\/folhapopular.info\/index.php\/2018\/01\/16\/crescimento-das-exportacoes-na-industria-e-pequeno-no-rio-grande-do-sul-em-2017\/#breadcrumb","itemListElement":[{"@type":"ListItem","position":1,"name":"In\u00edcio","item":"https:\/\/folhapopular.info\/"},{"@type":"ListItem","position":2,"name":"Crescimento das exporta\u00e7\u00f5es na ind\u00fastria\u00a0 \u00e9 pequeno no Rio Grande do Sul em 2017\u00a0"}]},{"@type":"WebSite","@id":"https:\/\/folhapopular.info\/#website","url":"https:\/\/folhapopular.info\/","name":"Folha Popular","description":"Onde voc\u00ea tem vez e voz","potentialAction":[{"@type":"SearchAction","target":{"@type":"EntryPoint","urlTemplate":"https:\/\/folhapopular.info\/?s={search_term_string}"},"query-input":{"@type":"PropertyValueSpecification","valueRequired":true,"valueName":"search_term_string"}}],"inLanguage":"pt-BR"},{"@type":"Person","@id":"https:\/\/folhapopular.info\/#\/schema\/person\/2814e8a0df7643585a9ca38bc6eb9d4b","name":"Reda\u00e7\u00e3o Folha Popular","image":{"@type":"ImageObject","inLanguage":"pt-BR","@id":"https:\/\/folhapopular.info\/wp-content\/uploads\/2026\/04\/Folha-1.webp","url":"https:\/\/folhapopular.info\/wp-content\/uploads\/2026\/04\/Folha-1.webp","contentUrl":"https:\/\/folhapopular.info\/wp-content\/uploads\/2026\/04\/Folha-1.webp","caption":"Reda\u00e7\u00e3o Folha Popular"},"url":"https:\/\/folhapopular.info\/index.php\/author\/redacao\/"}]}},"jetpack_featured_media_url":"https:\/\/folhapopular.info\/wp-content\/uploads\/2017\/06\/Not\u00edcias_SITE-1-e1543404686907.jpg","jetpack_sharing_enabled":true,"amp_enabled":true,"_links":{"self":[{"href":"https:\/\/folhapopular.info\/index.php\/wp-json\/wp\/v2\/posts\/39581","targetHints":{"allow":["GET"]}}],"collection":[{"href":"https:\/\/folhapopular.info\/index.php\/wp-json\/wp\/v2\/posts"}],"about":[{"href":"https:\/\/folhapopular.info\/index.php\/wp-json\/wp\/v2\/types\/post"}],"author":[{"embeddable":true,"href":"https:\/\/folhapopular.info\/index.php\/wp-json\/wp\/v2\/users\/8"}],"replies":[{"embeddable":true,"href":"https:\/\/folhapopular.info\/index.php\/wp-json\/wp\/v2\/comments?post=39581"}],"version-history":[{"count":0,"href":"https:\/\/folhapopular.info\/index.php\/wp-json\/wp\/v2\/posts\/39581\/revisions"}],"wp:featuredmedia":[{"embeddable":true,"href":"https:\/\/folhapopular.info\/index.php\/wp-json\/wp\/v2\/media\/31867"}],"wp:attachment":[{"href":"https:\/\/folhapopular.info\/index.php\/wp-json\/wp\/v2\/media?parent=39581"}],"wp:term":[{"taxonomy":"category","embeddable":true,"href":"https:\/\/folhapopular.info\/index.php\/wp-json\/wp\/v2\/categories?post=39581"},{"taxonomy":"post_tag","embeddable":true,"href":"https:\/\/folhapopular.info\/index.php\/wp-json\/wp\/v2\/tags?post=39581"}],"curies":[{"name":"wp","href":"https:\/\/api.w.org\/{rel}","templated":true}]}}