{"id":39733,"date":"2018-01-19T09:00:08","date_gmt":"2018-01-19T11:00:08","guid":{"rendered":"http:\/\/folhapopular.info\/?p=39733"},"modified":"2018-01-19T08:19:26","modified_gmt":"2018-01-19T10:19:26","slug":"governo-reajusta-em-174-repasse-para-servicos-de-reabilitacao-da-apae","status":"publish","type":"post","link":"https:\/\/folhapopular.info\/index.php\/2018\/01\/19\/governo-reajusta-em-174-repasse-para-servicos-de-reabilitacao-da-apae\/","title":{"rendered":"Governo reajusta em 17,4% repasse para servi\u00e7os de reabilita\u00e7\u00e3o da Apae"},"content":{"rendered":"<p>Os repasses para a Associa\u00e7\u00e3o de Pais e Amigos dos Excepcionais (Apae) de Estrela, destinados aos servi\u00e7os de reabilita\u00e7\u00e3o, foram reajustados pelo Minist\u00e9rio da Sa\u00fade em 17,4% a partir de janeiro deste ano. A informa\u00e7\u00e3o foi recebida pelo secret\u00e1rio municipal da Sa\u00fade, Elmar Schneider, em correspond\u00eancia do secret\u00e1rio estadual adjunto da Sa\u00fade, Francisco Paz. Assim, o valor mensal destinado \u00e0 institui\u00e7\u00e3o passa de R$ 16.182,57 para R$ 19.008,09, totalizando em R$ 228.097,08 ao ano. Ser\u00e3o mais R$ 33.906,24 que a Apae ter\u00e1 para os atendimentos cl\u00ednicos pelo SUS, como m\u00e9dico, psic\u00f3logo, fonoaudi\u00f3logo, fisioterapeuta, terapeuta ocupacional e outros.<\/p>\n<p>Schneider lembra que a majora\u00e7\u00e3o nos valores vinha sendo solicitada pela associa\u00e7\u00e3o, o que motivou inclusive audi\u00eancia com o secret\u00e1rio adjunto da Sa\u00fade no ano passado. \u201cFicamos felizes em ter contribu\u00eddo com a Apae, pela relev\u00e2ncia dos servi\u00e7os que presta \u00e0 nossa comunidade. Isto demonstra que vale a pena buscarmos melhorias para o nosso munic\u00edpio\u201d, frisa. Ele salienta que, com a ades\u00e3o de Estrela \u00e0 Gest\u00e3o Plena na sa\u00fade, o munic\u00edpio tamb\u00e9m faz a gest\u00e3o dos valores que s\u00e3o repassados \u00e0 entidade.<\/p>\n<p>O presidente da Apae, Jo\u00e3o Sch\u00e4fer considera que o aumento nos valores ajudar\u00e1 \u201cde forma substancial\u201d para que haja um equil\u00edbrio nas contas e possa ser mantido o atendimento. Lembra que o assunto vinha sendo tratado em \u00e2mbito local e depois foi levado \u00e0 Secretaria Estadual da Sa\u00fade, onde foi exposto o trabalho de cinco d\u00e9cadas da institui\u00e7\u00e3o. \u201cH\u00e1 muito tempo n\u00e3o havia reajuste\u201d, cita. O conv\u00eanio, segundo ele, se refere a 1.081 atendimentos. \u201cFicamos felizes e agradecemos o empenho do poder p\u00fablico em colaborar para viabilizar o pleito\u201d, afirma.<\/p>\n","protected":false},"excerpt":{"rendered":"<p>Os repasses para a Associa\u00e7\u00e3o de Pais e Amigos dos Excepcionais (Apae) de Estrela, destinados aos servi\u00e7os de reabilita\u00e7\u00e3o, foram reajustados pelo Minist\u00e9rio da Sa\u00fade em 17,4% a partir de janeiro deste ano. A informa\u00e7\u00e3o foi recebida pelo secret\u00e1rio municipal da Sa\u00fade, Elmar Schneider, em correspond\u00eancia do secret\u00e1rio estadual adjunto da Sa\u00fade, Francisco Paz. Assim, [&hellip;]<\/p>\n","protected":false},"author":8,"featured_media":39734,"comment_status":"open","ping_status":"open","sticky":false,"template":"","format":"standard","meta":{"pmpro_default_level":"","_jetpack_memberships_contains_paid_content":false,"footnotes":""},"categories":[3],"tags":[887,8,1892],"class_list":{"0":"post-39733","1":"post","2":"type-post","3":"status-publish","4":"format-standard","5":"has-post-thumbnail","7":"category-geral","8":"tag-apae","9":"tag-estrela","10":"tag-repasses","11":"pmpro-has-access"},"yoast_head":"<!-- This site is optimized with the Yoast SEO plugin v27.5 - https:\/\/yoast.com\/product\/yoast-seo-wordpress\/ -->\n<title>Governo reajusta em 17,4% repasse para servi\u00e7os de reabilita\u00e7\u00e3o da Apae - Folha Popular<\/title>\n<meta name=\"robots\" content=\"index, follow, max-snippet:-1, max-image-preview:large, max-video-preview:-1\" \/>\n<link rel=\"canonical\" href=\"https:\/\/folhapopular.info\/index.php\/2018\/01\/19\/governo-reajusta-em-174-repasse-para-servicos-de-reabilitacao-da-apae\/\" \/>\n<meta property=\"og:locale\" content=\"pt_BR\" \/>\n<meta property=\"og:type\" content=\"article\" \/>\n<meta property=\"og:title\" content=\"Governo reajusta em 17,4% repasse para servi\u00e7os de reabilita\u00e7\u00e3o da Apae - Folha Popular\" \/>\n<meta property=\"og:description\" content=\"Os repasses para a Associa\u00e7\u00e3o de Pais e Amigos dos Excepcionais (Apae) de Estrela, destinados aos servi\u00e7os de reabilita\u00e7\u00e3o, foram reajustados pelo Minist\u00e9rio da Sa\u00fade em 17,4% a partir de janeiro deste ano. A informa\u00e7\u00e3o foi recebida pelo secret\u00e1rio municipal da Sa\u00fade, Elmar Schneider, em correspond\u00eancia do secret\u00e1rio estadual adjunto da Sa\u00fade, Francisco Paz. Assim, [&hellip;]\" \/>\n<meta property=\"og:url\" content=\"https:\/\/folhapopular.info\/index.php\/2018\/01\/19\/governo-reajusta-em-174-repasse-para-servicos-de-reabilitacao-da-apae\/\" \/>\n<meta property=\"og:site_name\" content=\"Folha Popular\" \/>\n<meta property=\"article:published_time\" content=\"2018-01-19T11:00:08+00:00\" \/>\n<meta property=\"og:image\" content=\"https:\/\/folhapopular.info\/wp-content\/uploads\/2018\/01\/Reuni\u00e3o-Sa\u00fade_Apae_18.01.2018.jpg\" \/>\n\t<meta property=\"og:image:width\" content=\"720\" \/>\n\t<meta property=\"og:image:height\" content=\"405\" \/>\n\t<meta property=\"og:image:type\" content=\"image\/jpeg\" \/>\n<meta name=\"author\" content=\"Reda\u00e7\u00e3o Folha Popular\" \/>\n<meta name=\"twitter:card\" content=\"summary_large_image\" \/>\n<meta name=\"twitter:label1\" content=\"Escrito por\" \/>\n\t<meta name=\"twitter:data1\" content=\"Reda\u00e7\u00e3o Folha Popular\" \/>\n\t<meta name=\"twitter:label2\" content=\"Est. tempo de leitura\" \/>\n\t<meta name=\"twitter:data2\" content=\"2 minutos\" \/>\n<script type=\"application\/ld+json\" class=\"yoast-schema-graph\">{\"@context\":\"https:\\\/\\\/schema.org\",\"@graph\":[{\"@type\":\"Article\",\"@id\":\"https:\\\/\\\/folhapopular.info\\\/index.php\\\/2018\\\/01\\\/19\\\/governo-reajusta-em-174-repasse-para-servicos-de-reabilitacao-da-apae\\\/#article\",\"isPartOf\":{\"@id\":\"https:\\\/\\\/folhapopular.info\\\/index.php\\\/2018\\\/01\\\/19\\\/governo-reajusta-em-174-repasse-para-servicos-de-reabilitacao-da-apae\\\/\"},\"author\":{\"name\":\"Reda\u00e7\u00e3o Folha Popular\",\"@id\":\"https:\\\/\\\/folhapopular.info\\\/#\\\/schema\\\/person\\\/2814e8a0df7643585a9ca38bc6eb9d4b\"},\"headline\":\"Governo reajusta em 17,4% repasse para servi\u00e7os de reabilita\u00e7\u00e3o da Apae\",\"datePublished\":\"2018-01-19T11:00:08+00:00\",\"mainEntityOfPage\":{\"@id\":\"https:\\\/\\\/folhapopular.info\\\/index.php\\\/2018\\\/01\\\/19\\\/governo-reajusta-em-174-repasse-para-servicos-de-reabilitacao-da-apae\\\/\"},\"wordCount\":312,\"commentCount\":0,\"image\":{\"@id\":\"https:\\\/\\\/folhapopular.info\\\/index.php\\\/2018\\\/01\\\/19\\\/governo-reajusta-em-174-repasse-para-servicos-de-reabilitacao-da-apae\\\/#primaryimage\"},\"thumbnailUrl\":\"https:\\\/\\\/folhapopular.info\\\/wp-content\\\/uploads\\\/2018\\\/01\\\/Reuni\u00e3o-Sa\u00fade_Apae_18.01.2018.jpg\",\"keywords\":[\"Apae\",\"Estrela\",\"Repasses\"],\"articleSection\":[\"Geral\"],\"inLanguage\":\"pt-BR\",\"potentialAction\":[{\"@type\":\"CommentAction\",\"name\":\"Comment\",\"target\":[\"https:\\\/\\\/folhapopular.info\\\/index.php\\\/2018\\\/01\\\/19\\\/governo-reajusta-em-174-repasse-para-servicos-de-reabilitacao-da-apae\\\/#respond\"]}]},{\"@type\":\"WebPage\",\"@id\":\"https:\\\/\\\/folhapopular.info\\\/index.php\\\/2018\\\/01\\\/19\\\/governo-reajusta-em-174-repasse-para-servicos-de-reabilitacao-da-apae\\\/\",\"url\":\"https:\\\/\\\/folhapopular.info\\\/index.php\\\/2018\\\/01\\\/19\\\/governo-reajusta-em-174-repasse-para-servicos-de-reabilitacao-da-apae\\\/\",\"name\":\"Governo reajusta em 17,4% repasse para servi\u00e7os de reabilita\u00e7\u00e3o da Apae - Folha Popular\",\"isPartOf\":{\"@id\":\"https:\\\/\\\/folhapopular.info\\\/#website\"},\"primaryImageOfPage\":{\"@id\":\"https:\\\/\\\/folhapopular.info\\\/index.php\\\/2018\\\/01\\\/19\\\/governo-reajusta-em-174-repasse-para-servicos-de-reabilitacao-da-apae\\\/#primaryimage\"},\"image\":{\"@id\":\"https:\\\/\\\/folhapopular.info\\\/index.php\\\/2018\\\/01\\\/19\\\/governo-reajusta-em-174-repasse-para-servicos-de-reabilitacao-da-apae\\\/#primaryimage\"},\"thumbnailUrl\":\"https:\\\/\\\/folhapopular.info\\\/wp-content\\\/uploads\\\/2018\\\/01\\\/Reuni\u00e3o-Sa\u00fade_Apae_18.01.2018.jpg\",\"datePublished\":\"2018-01-19T11:00:08+00:00\",\"author\":{\"@id\":\"https:\\\/\\\/folhapopular.info\\\/#\\\/schema\\\/person\\\/2814e8a0df7643585a9ca38bc6eb9d4b\"},\"breadcrumb\":{\"@id\":\"https:\\\/\\\/folhapopular.info\\\/index.php\\\/2018\\\/01\\\/19\\\/governo-reajusta-em-174-repasse-para-servicos-de-reabilitacao-da-apae\\\/#breadcrumb\"},\"inLanguage\":\"pt-BR\",\"potentialAction\":[{\"@type\":\"ReadAction\",\"target\":[\"https:\\\/\\\/folhapopular.info\\\/index.php\\\/2018\\\/01\\\/19\\\/governo-reajusta-em-174-repasse-para-servicos-de-reabilitacao-da-apae\\\/\"]}]},{\"@type\":\"ImageObject\",\"inLanguage\":\"pt-BR\",\"@id\":\"https:\\\/\\\/folhapopular.info\\\/index.php\\\/2018\\\/01\\\/19\\\/governo-reajusta-em-174-repasse-para-servicos-de-reabilitacao-da-apae\\\/#primaryimage\",\"url\":\"https:\\\/\\\/folhapopular.info\\\/wp-content\\\/uploads\\\/2018\\\/01\\\/Reuni\u00e3o-Sa\u00fade_Apae_18.01.2018.jpg\",\"contentUrl\":\"https:\\\/\\\/folhapopular.info\\\/wp-content\\\/uploads\\\/2018\\\/01\\\/Reuni\u00e3o-Sa\u00fade_Apae_18.01.2018.jpg\",\"width\":720,\"height\":405,\"caption\":\"Lideran\u00e7as do munic\u00edpio e Apae com o secretario adjunto da Sa\u00fade do RS, Francisco Paz\"},{\"@type\":\"BreadcrumbList\",\"@id\":\"https:\\\/\\\/folhapopular.info\\\/index.php\\\/2018\\\/01\\\/19\\\/governo-reajusta-em-174-repasse-para-servicos-de-reabilitacao-da-apae\\\/#breadcrumb\",\"itemListElement\":[{\"@type\":\"ListItem\",\"position\":1,\"name\":\"In\u00edcio\",\"item\":\"https:\\\/\\\/folhapopular.info\\\/\"},{\"@type\":\"ListItem\",\"position\":2,\"name\":\"Governo reajusta em 17,4% repasse para servi\u00e7os de reabilita\u00e7\u00e3o da Apae\"}]},{\"@type\":\"WebSite\",\"@id\":\"https:\\\/\\\/folhapopular.info\\\/#website\",\"url\":\"https:\\\/\\\/folhapopular.info\\\/\",\"name\":\"Folha Popular\",\"description\":\"Onde voc\u00ea tem vez e voz\",\"potentialAction\":[{\"@type\":\"SearchAction\",\"target\":{\"@type\":\"EntryPoint\",\"urlTemplate\":\"https:\\\/\\\/folhapopular.info\\\/?s={search_term_string}\"},\"query-input\":{\"@type\":\"PropertyValueSpecification\",\"valueRequired\":true,\"valueName\":\"search_term_string\"}}],\"inLanguage\":\"pt-BR\"},{\"@type\":\"Person\",\"@id\":\"https:\\\/\\\/folhapopular.info\\\/#\\\/schema\\\/person\\\/2814e8a0df7643585a9ca38bc6eb9d4b\",\"name\":\"Reda\u00e7\u00e3o Folha Popular\",\"image\":{\"@type\":\"ImageObject\",\"inLanguage\":\"pt-BR\",\"@id\":\"https:\\\/\\\/folhapopular.info\\\/wp-content\\\/uploads\\\/2026\\\/04\\\/Folha-1.webp\",\"url\":\"https:\\\/\\\/folhapopular.info\\\/wp-content\\\/uploads\\\/2026\\\/04\\\/Folha-1.webp\",\"contentUrl\":\"https:\\\/\\\/folhapopular.info\\\/wp-content\\\/uploads\\\/2026\\\/04\\\/Folha-1.webp\",\"caption\":\"Reda\u00e7\u00e3o Folha Popular\"},\"url\":\"https:\\\/\\\/folhapopular.info\\\/index.php\\\/author\\\/redacao\\\/\"}]}<\/script>\n<!-- \/ Yoast SEO plugin. -->","yoast_head_json":{"title":"Governo reajusta em 17,4% repasse para servi\u00e7os de reabilita\u00e7\u00e3o da Apae - Folha Popular","robots":{"index":"index","follow":"follow","max-snippet":"max-snippet:-1","max-image-preview":"max-image-preview:large","max-video-preview":"max-video-preview:-1"},"canonical":"https:\/\/folhapopular.info\/index.php\/2018\/01\/19\/governo-reajusta-em-174-repasse-para-servicos-de-reabilitacao-da-apae\/","og_locale":"pt_BR","og_type":"article","og_title":"Governo reajusta em 17,4% repasse para servi\u00e7os de reabilita\u00e7\u00e3o da Apae - Folha Popular","og_description":"Os repasses para a Associa\u00e7\u00e3o de Pais e Amigos dos Excepcionais (Apae) de Estrela, destinados aos servi\u00e7os de reabilita\u00e7\u00e3o, foram reajustados pelo Minist\u00e9rio da Sa\u00fade em 17,4% a partir de janeiro deste ano. A informa\u00e7\u00e3o foi recebida pelo secret\u00e1rio municipal da Sa\u00fade, Elmar Schneider, em correspond\u00eancia do secret\u00e1rio estadual adjunto da Sa\u00fade, Francisco Paz. Assim, [&hellip;]","og_url":"https:\/\/folhapopular.info\/index.php\/2018\/01\/19\/governo-reajusta-em-174-repasse-para-servicos-de-reabilitacao-da-apae\/","og_site_name":"Folha Popular","article_published_time":"2018-01-19T11:00:08+00:00","og_image":[{"width":720,"height":405,"url":"https:\/\/folhapopular.info\/wp-content\/uploads\/2018\/01\/Reuni\u00e3o-Sa\u00fade_Apae_18.01.2018.jpg","type":"image\/jpeg"}],"author":"Reda\u00e7\u00e3o Folha Popular","twitter_card":"summary_large_image","twitter_misc":{"Escrito por":"Reda\u00e7\u00e3o Folha Popular","Est. tempo de leitura":"2 minutos"},"schema":{"@context":"https:\/\/schema.org","@graph":[{"@type":"Article","@id":"https:\/\/folhapopular.info\/index.php\/2018\/01\/19\/governo-reajusta-em-174-repasse-para-servicos-de-reabilitacao-da-apae\/#article","isPartOf":{"@id":"https:\/\/folhapopular.info\/index.php\/2018\/01\/19\/governo-reajusta-em-174-repasse-para-servicos-de-reabilitacao-da-apae\/"},"author":{"name":"Reda\u00e7\u00e3o Folha Popular","@id":"https:\/\/folhapopular.info\/#\/schema\/person\/2814e8a0df7643585a9ca38bc6eb9d4b"},"headline":"Governo reajusta em 17,4% repasse para servi\u00e7os de reabilita\u00e7\u00e3o da Apae","datePublished":"2018-01-19T11:00:08+00:00","mainEntityOfPage":{"@id":"https:\/\/folhapopular.info\/index.php\/2018\/01\/19\/governo-reajusta-em-174-repasse-para-servicos-de-reabilitacao-da-apae\/"},"wordCount":312,"commentCount":0,"image":{"@id":"https:\/\/folhapopular.info\/index.php\/2018\/01\/19\/governo-reajusta-em-174-repasse-para-servicos-de-reabilitacao-da-apae\/#primaryimage"},"thumbnailUrl":"https:\/\/folhapopular.info\/wp-content\/uploads\/2018\/01\/Reuni\u00e3o-Sa\u00fade_Apae_18.01.2018.jpg","keywords":["Apae","Estrela","Repasses"],"articleSection":["Geral"],"inLanguage":"pt-BR","potentialAction":[{"@type":"CommentAction","name":"Comment","target":["https:\/\/folhapopular.info\/index.php\/2018\/01\/19\/governo-reajusta-em-174-repasse-para-servicos-de-reabilitacao-da-apae\/#respond"]}]},{"@type":"WebPage","@id":"https:\/\/folhapopular.info\/index.php\/2018\/01\/19\/governo-reajusta-em-174-repasse-para-servicos-de-reabilitacao-da-apae\/","url":"https:\/\/folhapopular.info\/index.php\/2018\/01\/19\/governo-reajusta-em-174-repasse-para-servicos-de-reabilitacao-da-apae\/","name":"Governo reajusta em 17,4% repasse para servi\u00e7os de reabilita\u00e7\u00e3o da Apae - Folha Popular","isPartOf":{"@id":"https:\/\/folhapopular.info\/#website"},"primaryImageOfPage":{"@id":"https:\/\/folhapopular.info\/index.php\/2018\/01\/19\/governo-reajusta-em-174-repasse-para-servicos-de-reabilitacao-da-apae\/#primaryimage"},"image":{"@id":"https:\/\/folhapopular.info\/index.php\/2018\/01\/19\/governo-reajusta-em-174-repasse-para-servicos-de-reabilitacao-da-apae\/#primaryimage"},"thumbnailUrl":"https:\/\/folhapopular.info\/wp-content\/uploads\/2018\/01\/Reuni\u00e3o-Sa\u00fade_Apae_18.01.2018.jpg","datePublished":"2018-01-19T11:00:08+00:00","author":{"@id":"https:\/\/folhapopular.info\/#\/schema\/person\/2814e8a0df7643585a9ca38bc6eb9d4b"},"breadcrumb":{"@id":"https:\/\/folhapopular.info\/index.php\/2018\/01\/19\/governo-reajusta-em-174-repasse-para-servicos-de-reabilitacao-da-apae\/#breadcrumb"},"inLanguage":"pt-BR","potentialAction":[{"@type":"ReadAction","target":["https:\/\/folhapopular.info\/index.php\/2018\/01\/19\/governo-reajusta-em-174-repasse-para-servicos-de-reabilitacao-da-apae\/"]}]},{"@type":"ImageObject","inLanguage":"pt-BR","@id":"https:\/\/folhapopular.info\/index.php\/2018\/01\/19\/governo-reajusta-em-174-repasse-para-servicos-de-reabilitacao-da-apae\/#primaryimage","url":"https:\/\/folhapopular.info\/wp-content\/uploads\/2018\/01\/Reuni\u00e3o-Sa\u00fade_Apae_18.01.2018.jpg","contentUrl":"https:\/\/folhapopular.info\/wp-content\/uploads\/2018\/01\/Reuni\u00e3o-Sa\u00fade_Apae_18.01.2018.jpg","width":720,"height":405,"caption":"Lideran\u00e7as do munic\u00edpio e Apae com o secretario adjunto da Sa\u00fade do RS, Francisco Paz"},{"@type":"BreadcrumbList","@id":"https:\/\/folhapopular.info\/index.php\/2018\/01\/19\/governo-reajusta-em-174-repasse-para-servicos-de-reabilitacao-da-apae\/#breadcrumb","itemListElement":[{"@type":"ListItem","position":1,"name":"In\u00edcio","item":"https:\/\/folhapopular.info\/"},{"@type":"ListItem","position":2,"name":"Governo reajusta em 17,4% repasse para servi\u00e7os de reabilita\u00e7\u00e3o da Apae"}]},{"@type":"WebSite","@id":"https:\/\/folhapopular.info\/#website","url":"https:\/\/folhapopular.info\/","name":"Folha Popular","description":"Onde voc\u00ea tem vez e voz","potentialAction":[{"@type":"SearchAction","target":{"@type":"EntryPoint","urlTemplate":"https:\/\/folhapopular.info\/?s={search_term_string}"},"query-input":{"@type":"PropertyValueSpecification","valueRequired":true,"valueName":"search_term_string"}}],"inLanguage":"pt-BR"},{"@type":"Person","@id":"https:\/\/folhapopular.info\/#\/schema\/person\/2814e8a0df7643585a9ca38bc6eb9d4b","name":"Reda\u00e7\u00e3o Folha Popular","image":{"@type":"ImageObject","inLanguage":"pt-BR","@id":"https:\/\/folhapopular.info\/wp-content\/uploads\/2026\/04\/Folha-1.webp","url":"https:\/\/folhapopular.info\/wp-content\/uploads\/2026\/04\/Folha-1.webp","contentUrl":"https:\/\/folhapopular.info\/wp-content\/uploads\/2026\/04\/Folha-1.webp","caption":"Reda\u00e7\u00e3o Folha Popular"},"url":"https:\/\/folhapopular.info\/index.php\/author\/redacao\/"}]}},"jetpack_featured_media_url":"https:\/\/folhapopular.info\/wp-content\/uploads\/2018\/01\/Reuni\u00e3o-Sa\u00fade_Apae_18.01.2018.jpg","jetpack_sharing_enabled":true,"amp_enabled":true,"_links":{"self":[{"href":"https:\/\/folhapopular.info\/index.php\/wp-json\/wp\/v2\/posts\/39733","targetHints":{"allow":["GET"]}}],"collection":[{"href":"https:\/\/folhapopular.info\/index.php\/wp-json\/wp\/v2\/posts"}],"about":[{"href":"https:\/\/folhapopular.info\/index.php\/wp-json\/wp\/v2\/types\/post"}],"author":[{"embeddable":true,"href":"https:\/\/folhapopular.info\/index.php\/wp-json\/wp\/v2\/users\/8"}],"replies":[{"embeddable":true,"href":"https:\/\/folhapopular.info\/index.php\/wp-json\/wp\/v2\/comments?post=39733"}],"version-history":[{"count":0,"href":"https:\/\/folhapopular.info\/index.php\/wp-json\/wp\/v2\/posts\/39733\/revisions"}],"wp:featuredmedia":[{"embeddable":true,"href":"https:\/\/folhapopular.info\/index.php\/wp-json\/wp\/v2\/media\/39734"}],"wp:attachment":[{"href":"https:\/\/folhapopular.info\/index.php\/wp-json\/wp\/v2\/media?parent=39733"}],"wp:term":[{"taxonomy":"category","embeddable":true,"href":"https:\/\/folhapopular.info\/index.php\/wp-json\/wp\/v2\/categories?post=39733"},{"taxonomy":"post_tag","embeddable":true,"href":"https:\/\/folhapopular.info\/index.php\/wp-json\/wp\/v2\/tags?post=39733"}],"curies":[{"name":"wp","href":"https:\/\/api.w.org\/{rel}","templated":true}]}}