{"id":39881,"date":"2018-01-24T08:29:34","date_gmt":"2018-01-24T10:29:34","guid":{"rendered":"http:\/\/folhapopular.info\/?p=39881"},"modified":"2018-01-24T08:44:43","modified_gmt":"2018-01-24T10:44:43","slug":"proprietaria-divulga-imagens-de-furto-em-loja-do-bairro-languiru","status":"publish","type":"post","link":"https:\/\/folhapopular.info\/index.php\/2018\/01\/24\/proprietaria-divulga-imagens-de-furto-em-loja-do-bairro-languiru\/","title":{"rendered":"Propriet\u00e1ria divulga imagens de furto em loja do bairro Languiru"},"content":{"rendered":"<p>A propriet\u00e1ria da loja Sapataria \u2013 Rede Mundi, localizada na Rua 25 de Julho \u2013 Bairro Languiru \u2013 Teut\u00f4nia, divulgou imagens do furto ocorrido na madrugada de ter\u00e7a-feira (23\/01). As imagens das c\u00e2meras de seguran\u00e7as mostram dois homens, que chegam ao local em uma Dobl\u00f3, abrindo a porta da loja. As imagens mostram tamb\u00e9m a a\u00e7\u00e3o dos ladr\u00f5es dentro da loja. Conforme o relato da propriet\u00e1ria, os homens arrombaram a porta pela fechaduro, na hora o alarme tocou, e foi poss\u00edvel v\u00ea-los entrando na loja atrav\u00e9s das c\u00e2meras de seguran\u00e7a. Por\u00e9m, a a\u00e7\u00e3o foi muito r\u00e1pida, durando cerca de dois minutos. Quando a pol\u00edcia chegou ao local eles j\u00e1 haviam fugido.<\/p>\n<p><a href=\"https:\/\/folhapopular.info\/index.php\/2018\/01\/23\/loja-do-bairro-languiru-e-alvo-de-arrombamento-e-furto\/\">O furto na\u00a0loja Sapataria \u2013 Rede Mundi ocorreu na madrugada de ter\u00e7a-feira<\/a>.\u00a0Segundo as informa\u00e7\u00f5es divulgadas pela empresa, dois (2)\u00a0homens furtaram muitos produtos, principalmente bolsas da marca Rafitthy e Luz da Lua e cal\u00e7ados infantis, \u201ctrazendo um preju\u00edzo enorme (financeiro e emocional)\u201d.\u00a0O caso ser\u00e1 encaminhado \u00e0 Delegacia de Pol\u00edcia para investiga\u00e7\u00e3o.<\/p>\n<p>Com a divulga\u00e7\u00e3o das imagens, ela espera que a comunidade ajude na identifica\u00e7\u00e3o dos dois homens. &#8220;Se voc\u00ea ver algum cidad\u00e3o suspeito com essas caracter\u00edsticas avise a pol\u00edcia!\u00a0O carro tamb\u00e9m, anote a placa e avise a pol\u00edcia.\u00a0Vamos fazer justi\u00e7a! Isso n\u00e3o pode ficar assim&#8221;, pede.<\/p>\n\r\n                <style type=\"text\/css\">\r\n                    \r\n                    #tdi_1  .td-doubleSlider-2 .td-item1 {\r\n                        background: url(https:\/\/folhapopular.info\/wp-content\/uploads\/2018\/01\/26907725_1251624928271862_3409757535025960399_n-80x60.jpg) 0 0 no-repeat;\r\n                    }\r\n                    #tdi_1  .td-doubleSlider-2 .td-item2 {\r\n                        background: url(https:\/\/folhapopular.info\/wp-content\/uploads\/2018\/01\/27067258_1251624901605198_4662109897599872053_n-80x60.jpg) 0 0 no-repeat;\r\n                    }\r\n                    #tdi_1  .td-doubleSlider-2 .td-item3 {\r\n                        background: url(https:\/\/folhapopular.info\/wp-content\/uploads\/2018\/01\/26991852_1251624848271870_6619150556103346379_n-80x60.jpg) 0 0 no-repeat;\r\n                    }\r\n                <\/style>\r\n\r\n                <div id=\"tdi_1\" class=\"td-gallery td-slide-on-2-columns\">\r\n                    <div class=\"post_td_gallery\">\r\n                        <div class=\"td-gallery-slide-top\">\r\n                           <div class=\"td-gallery-title\"><\/div>\r\n\r\n                            <div class=\"td-gallery-controls-wrapper\">\r\n                                <div class=\"td-gallery-slide-count\"><span class=\"td-gallery-slide-item-focus\">1<\/span> de 3<\/div>\r\n                                <div class=\"td-gallery-slide-prev-next-but\">\r\n                                    <i class = \"td-icon-left doubleSliderPrevButton\"><\/i>\r\n                                    <i class = \"td-icon-right doubleSliderNextButton\"><\/i>\r\n                                <\/div>\r\n                            <\/div>\r\n                        <\/div>\r\n\r\n                        <div class = \"td-doubleSlider-1 \">\r\n                            <div class = \"td-slider\">\r\n                                \r\n                    <div class = \"td-slide-item td-item1\">\r\n                        <figure class=\"td-slide-galery-figure td-slide-popup-gallery\">\r\n                            <a class=\"slide-gallery-image-link\" href=\"https:\/\/folhapopular.info\/wp-content\/uploads\/2018\/01\/26907725_1251624928271862_3409757535025960399_n.jpg\" title=\"26907725_1251624928271862_3409757535025960399_n\"  data-caption=\"\"  data-description=\"\">\r\n                                <img decoding=\"async\" src=\"https:\/\/folhapopular.info\/wp-content\/uploads\/2018\/01\/26907725_1251624928271862_3409757535025960399_n-236x420.jpg\" srcset=\"https:\/\/folhapopular.info\/wp-content\/uploads\/2018\/01\/26907725_1251624928271862_3409757535025960399_n-236x420.jpg 236w, https:\/\/folhapopular.info\/wp-content\/uploads\/2018\/01\/26907725_1251624928271862_3409757535025960399_n-168x300.jpg 168w, https:\/\/folhapopular.info\/wp-content\/uploads\/2018\/01\/26907725_1251624928271862_3409757535025960399_n.jpg 539w\" sizes=\"(max-width: 236px) 100vw, 236px\" alt=\"\">\r\n                            <\/a>\r\n                            \r\n                        <\/figure>\r\n                    <\/div>\r\n                    <div class = \"td-slide-item td-item2\">\r\n                        <figure class=\"td-slide-galery-figure td-slide-popup-gallery\">\r\n                            <a class=\"slide-gallery-image-link\" href=\"https:\/\/folhapopular.info\/wp-content\/uploads\/2018\/01\/27067258_1251624901605198_4662109897599872053_n.jpg\" title=\"27067258_1251624901605198_4662109897599872053_n\"  data-caption=\"\"  data-description=\"\">\r\n                                <img decoding=\"async\" src=\"https:\/\/folhapopular.info\/wp-content\/uploads\/2018\/01\/27067258_1251624901605198_4662109897599872053_n-616x420.jpg\" srcset=\"https:\/\/folhapopular.info\/wp-content\/uploads\/2018\/01\/27067258_1251624901605198_4662109897599872053_n-616x420.jpg 616w, https:\/\/folhapopular.info\/wp-content\/uploads\/2018\/01\/27067258_1251624901605198_4662109897599872053_n-300x205.jpg 300w, https:\/\/folhapopular.info\/wp-content\/uploads\/2018\/01\/27067258_1251624901605198_4662109897599872053_n-218x150.jpg 218w, https:\/\/folhapopular.info\/wp-content\/uploads\/2018\/01\/27067258_1251624901605198_4662109897599872053_n-696x475.jpg 696w, https:\/\/folhapopular.info\/wp-content\/uploads\/2018\/01\/27067258_1251624901605198_4662109897599872053_n.jpg 704w\" sizes=\"(max-width: 616px) 100vw, 616px\" alt=\"\">\r\n                            <\/a>\r\n                            \r\n                        <\/figure>\r\n                    <\/div>\r\n                    <div class = \"td-slide-item td-item3\">\r\n                        <figure class=\"td-slide-galery-figure td-slide-popup-gallery\">\r\n                            <a class=\"slide-gallery-image-link\" href=\"https:\/\/folhapopular.info\/wp-content\/uploads\/2018\/01\/26991852_1251624848271870_6619150556103346379_n.jpg\" title=\"26991852_1251624848271870_6619150556103346379_n\"  data-caption=\"\"  data-description=\"\">\r\n                                <img decoding=\"async\" src=\"https:\/\/folhapopular.info\/wp-content\/uploads\/2018\/01\/26991852_1251624848271870_6619150556103346379_n-816x420.jpg\" srcset=\"https:\/\/folhapopular.info\/wp-content\/uploads\/2018\/01\/26991852_1251624848271870_6619150556103346379_n-816x420.jpg 816w, https:\/\/folhapopular.info\/wp-content\/uploads\/2018\/01\/26991852_1251624848271870_6619150556103346379_n-300x154.jpg 300w, https:\/\/folhapopular.info\/wp-content\/uploads\/2018\/01\/26991852_1251624848271870_6619150556103346379_n-768x395.jpg 768w, https:\/\/folhapopular.info\/wp-content\/uploads\/2018\/01\/26991852_1251624848271870_6619150556103346379_n-696x358.jpg 696w, https:\/\/folhapopular.info\/wp-content\/uploads\/2018\/01\/26991852_1251624848271870_6619150556103346379_n.jpg 960w\" sizes=\"(max-width: 816px) 100vw, 816px\" alt=\"\">\r\n                            <\/a>\r\n                            \r\n                        <\/figure>\r\n                    <\/div>\r\n                            <\/div>\r\n                        <\/div>\r\n\r\n                        <div class = \"td-doubleSlider-2\">\r\n                            <div class = \"td-slider\">\r\n                                \r\n                    <div class = \"td-button td-item1\">\r\n                        <div class = \"td-border\"><\/div>\r\n                    <\/div>\r\n                    <div class = \"td-button td-item2\">\r\n                        <div class = \"td-border\"><\/div>\r\n                    <\/div>\r\n                    <div class = \"td-button td-item3\">\r\n                        <div class = \"td-border\"><\/div>\r\n                    <\/div>\r\n                            <\/div>\r\n                        <\/div>\r\n\r\n                    <\/div>\r\n\r\n                <\/div>\r\n                \n","protected":false},"excerpt":{"rendered":"<p>A propriet\u00e1ria da loja Sapataria \u2013 Rede Mundi, localizada na Rua 25 de Julho \u2013 Bairro Languiru \u2013 Teut\u00f4nia, divulgou imagens do furto ocorrido na madrugada de ter\u00e7a-feira (23\/01). As imagens das c\u00e2meras de seguran\u00e7as mostram dois homens, que chegam ao local em uma Dobl\u00f3, abrindo a porta da loja. As imagens mostram tamb\u00e9m a [&hellip;]<\/p>\n","protected":false},"author":8,"featured_media":39882,"comment_status":"open","ping_status":"open","sticky":false,"template":"","format":"standard","meta":{"pmpro_default_level":"","_jetpack_memberships_contains_paid_content":false,"footnotes":""},"categories":[2,3,7],"tags":[2075,71,26],"class_list":{"0":"post-39881","1":"post","2":"type-post","3":"status-publish","4":"format-standard","5":"has-post-thumbnail","7":"category-featured","8":"category-geral","9":"category-seguranca","10":"tag-cameras-de-seguranca","11":"tag-furto","12":"tag-teutonia","13":"pmpro-has-access"},"yoast_head":"<!-- This site is optimized with the Yoast SEO plugin v27.5 - https:\/\/yoast.com\/product\/yoast-seo-wordpress\/ -->\n<title>Propriet\u00e1ria divulga imagens de furto em loja do bairro Languiru - Folha Popular<\/title>\n<meta name=\"robots\" content=\"index, follow, max-snippet:-1, max-image-preview:large, max-video-preview:-1\" \/>\n<link rel=\"canonical\" href=\"https:\/\/folhapopular.info\/index.php\/2018\/01\/24\/proprietaria-divulga-imagens-de-furto-em-loja-do-bairro-languiru\/\" \/>\n<meta property=\"og:locale\" content=\"pt_BR\" \/>\n<meta property=\"og:type\" content=\"article\" \/>\n<meta property=\"og:title\" content=\"Propriet\u00e1ria divulga imagens de furto em loja do bairro Languiru - Folha Popular\" \/>\n<meta property=\"og:description\" content=\"A propriet\u00e1ria da loja Sapataria \u2013 Rede Mundi, localizada na Rua 25 de Julho \u2013 Bairro Languiru \u2013 Teut\u00f4nia, divulgou imagens do furto ocorrido na madrugada de ter\u00e7a-feira (23\/01). As imagens das c\u00e2meras de seguran\u00e7as mostram dois homens, que chegam ao local em uma Dobl\u00f3, abrindo a porta da loja. As imagens mostram tamb\u00e9m a [&hellip;]\" \/>\n<meta property=\"og:url\" content=\"https:\/\/folhapopular.info\/index.php\/2018\/01\/24\/proprietaria-divulga-imagens-de-furto-em-loja-do-bairro-languiru\/\" \/>\n<meta property=\"og:site_name\" content=\"Folha Popular\" \/>\n<meta property=\"article:published_time\" content=\"2018-01-24T10:29:34+00:00\" \/>\n<meta property=\"article:modified_time\" content=\"2018-01-24T10:44:43+00:00\" \/>\n<meta property=\"og:image\" content=\"https:\/\/folhapopular.info\/wp-content\/uploads\/2018\/01\/26907200_1251624884938533_8096827237413916849_n.jpg\" \/>\n\t<meta property=\"og:image:width\" content=\"960\" \/>\n\t<meta property=\"og:image:height\" content=\"522\" \/>\n\t<meta property=\"og:image:type\" content=\"image\/jpeg\" \/>\n<meta name=\"author\" content=\"Reda\u00e7\u00e3o Folha Popular\" \/>\n<meta name=\"twitter:card\" content=\"summary_large_image\" \/>\n<meta name=\"twitter:label1\" content=\"Escrito por\" \/>\n\t<meta name=\"twitter:data1\" content=\"Reda\u00e7\u00e3o Folha Popular\" \/>\n\t<meta name=\"twitter:label2\" content=\"Est. tempo de leitura\" \/>\n\t<meta name=\"twitter:data2\" content=\"1 minuto\" \/>\n<script type=\"application\/ld+json\" class=\"yoast-schema-graph\">{\"@context\":\"https:\\\/\\\/schema.org\",\"@graph\":[{\"@type\":\"Article\",\"@id\":\"https:\\\/\\\/folhapopular.info\\\/index.php\\\/2018\\\/01\\\/24\\\/proprietaria-divulga-imagens-de-furto-em-loja-do-bairro-languiru\\\/#article\",\"isPartOf\":{\"@id\":\"https:\\\/\\\/folhapopular.info\\\/index.php\\\/2018\\\/01\\\/24\\\/proprietaria-divulga-imagens-de-furto-em-loja-do-bairro-languiru\\\/\"},\"author\":{\"name\":\"Reda\u00e7\u00e3o Folha Popular\",\"@id\":\"https:\\\/\\\/folhapopular.info\\\/#\\\/schema\\\/person\\\/2814e8a0df7643585a9ca38bc6eb9d4b\"},\"headline\":\"Propriet\u00e1ria divulga imagens de furto em loja do bairro Languiru\",\"datePublished\":\"2018-01-24T10:29:34+00:00\",\"dateModified\":\"2018-01-24T10:44:43+00:00\",\"mainEntityOfPage\":{\"@id\":\"https:\\\/\\\/folhapopular.info\\\/index.php\\\/2018\\\/01\\\/24\\\/proprietaria-divulga-imagens-de-furto-em-loja-do-bairro-languiru\\\/\"},\"wordCount\":255,\"commentCount\":0,\"image\":{\"@id\":\"https:\\\/\\\/folhapopular.info\\\/index.php\\\/2018\\\/01\\\/24\\\/proprietaria-divulga-imagens-de-furto-em-loja-do-bairro-languiru\\\/#primaryimage\"},\"thumbnailUrl\":\"https:\\\/\\\/folhapopular.info\\\/wp-content\\\/uploads\\\/2018\\\/01\\\/26907200_1251624884938533_8096827237413916849_n.jpg\",\"keywords\":[\"C\u00e2meras de Seguran\u00e7a\",\"furto\",\"Teut\u00f4nia\"],\"articleSection\":[\"Destaques\",\"Geral\",\"Seguran\u00e7a\"],\"inLanguage\":\"pt-BR\",\"potentialAction\":[{\"@type\":\"CommentAction\",\"name\":\"Comment\",\"target\":[\"https:\\\/\\\/folhapopular.info\\\/index.php\\\/2018\\\/01\\\/24\\\/proprietaria-divulga-imagens-de-furto-em-loja-do-bairro-languiru\\\/#respond\"]}]},{\"@type\":\"WebPage\",\"@id\":\"https:\\\/\\\/folhapopular.info\\\/index.php\\\/2018\\\/01\\\/24\\\/proprietaria-divulga-imagens-de-furto-em-loja-do-bairro-languiru\\\/\",\"url\":\"https:\\\/\\\/folhapopular.info\\\/index.php\\\/2018\\\/01\\\/24\\\/proprietaria-divulga-imagens-de-furto-em-loja-do-bairro-languiru\\\/\",\"name\":\"Propriet\u00e1ria divulga imagens de furto em loja do bairro Languiru - Folha Popular\",\"isPartOf\":{\"@id\":\"https:\\\/\\\/folhapopular.info\\\/#website\"},\"primaryImageOfPage\":{\"@id\":\"https:\\\/\\\/folhapopular.info\\\/index.php\\\/2018\\\/01\\\/24\\\/proprietaria-divulga-imagens-de-furto-em-loja-do-bairro-languiru\\\/#primaryimage\"},\"image\":{\"@id\":\"https:\\\/\\\/folhapopular.info\\\/index.php\\\/2018\\\/01\\\/24\\\/proprietaria-divulga-imagens-de-furto-em-loja-do-bairro-languiru\\\/#primaryimage\"},\"thumbnailUrl\":\"https:\\\/\\\/folhapopular.info\\\/wp-content\\\/uploads\\\/2018\\\/01\\\/26907200_1251624884938533_8096827237413916849_n.jpg\",\"datePublished\":\"2018-01-24T10:29:34+00:00\",\"dateModified\":\"2018-01-24T10:44:43+00:00\",\"author\":{\"@id\":\"https:\\\/\\\/folhapopular.info\\\/#\\\/schema\\\/person\\\/2814e8a0df7643585a9ca38bc6eb9d4b\"},\"breadcrumb\":{\"@id\":\"https:\\\/\\\/folhapopular.info\\\/index.php\\\/2018\\\/01\\\/24\\\/proprietaria-divulga-imagens-de-furto-em-loja-do-bairro-languiru\\\/#breadcrumb\"},\"inLanguage\":\"pt-BR\",\"potentialAction\":[{\"@type\":\"ReadAction\",\"target\":[\"https:\\\/\\\/folhapopular.info\\\/index.php\\\/2018\\\/01\\\/24\\\/proprietaria-divulga-imagens-de-furto-em-loja-do-bairro-languiru\\\/\"]}]},{\"@type\":\"ImageObject\",\"inLanguage\":\"pt-BR\",\"@id\":\"https:\\\/\\\/folhapopular.info\\\/index.php\\\/2018\\\/01\\\/24\\\/proprietaria-divulga-imagens-de-furto-em-loja-do-bairro-languiru\\\/#primaryimage\",\"url\":\"https:\\\/\\\/folhapopular.info\\\/wp-content\\\/uploads\\\/2018\\\/01\\\/26907200_1251624884938533_8096827237413916849_n.jpg\",\"contentUrl\":\"https:\\\/\\\/folhapopular.info\\\/wp-content\\\/uploads\\\/2018\\\/01\\\/26907200_1251624884938533_8096827237413916849_n.jpg\",\"width\":960,\"height\":522},{\"@type\":\"BreadcrumbList\",\"@id\":\"https:\\\/\\\/folhapopular.info\\\/index.php\\\/2018\\\/01\\\/24\\\/proprietaria-divulga-imagens-de-furto-em-loja-do-bairro-languiru\\\/#breadcrumb\",\"itemListElement\":[{\"@type\":\"ListItem\",\"position\":1,\"name\":\"In\u00edcio\",\"item\":\"https:\\\/\\\/folhapopular.info\\\/\"},{\"@type\":\"ListItem\",\"position\":2,\"name\":\"Propriet\u00e1ria divulga imagens de furto em loja do bairro Languiru\"}]},{\"@type\":\"WebSite\",\"@id\":\"https:\\\/\\\/folhapopular.info\\\/#website\",\"url\":\"https:\\\/\\\/folhapopular.info\\\/\",\"name\":\"Folha Popular\",\"description\":\"Onde voc\u00ea tem vez e voz\",\"potentialAction\":[{\"@type\":\"SearchAction\",\"target\":{\"@type\":\"EntryPoint\",\"urlTemplate\":\"https:\\\/\\\/folhapopular.info\\\/?s={search_term_string}\"},\"query-input\":{\"@type\":\"PropertyValueSpecification\",\"valueRequired\":true,\"valueName\":\"search_term_string\"}}],\"inLanguage\":\"pt-BR\"},{\"@type\":\"Person\",\"@id\":\"https:\\\/\\\/folhapopular.info\\\/#\\\/schema\\\/person\\\/2814e8a0df7643585a9ca38bc6eb9d4b\",\"name\":\"Reda\u00e7\u00e3o Folha Popular\",\"image\":{\"@type\":\"ImageObject\",\"inLanguage\":\"pt-BR\",\"@id\":\"https:\\\/\\\/folhapopular.info\\\/wp-content\\\/uploads\\\/2026\\\/04\\\/Folha-1.webp\",\"url\":\"https:\\\/\\\/folhapopular.info\\\/wp-content\\\/uploads\\\/2026\\\/04\\\/Folha-1.webp\",\"contentUrl\":\"https:\\\/\\\/folhapopular.info\\\/wp-content\\\/uploads\\\/2026\\\/04\\\/Folha-1.webp\",\"caption\":\"Reda\u00e7\u00e3o Folha Popular\"},\"url\":\"https:\\\/\\\/folhapopular.info\\\/index.php\\\/author\\\/redacao\\\/\"}]}<\/script>\n<!-- \/ Yoast SEO plugin. -->","yoast_head_json":{"title":"Propriet\u00e1ria divulga imagens de furto em loja do bairro Languiru - Folha Popular","robots":{"index":"index","follow":"follow","max-snippet":"max-snippet:-1","max-image-preview":"max-image-preview:large","max-video-preview":"max-video-preview:-1"},"canonical":"https:\/\/folhapopular.info\/index.php\/2018\/01\/24\/proprietaria-divulga-imagens-de-furto-em-loja-do-bairro-languiru\/","og_locale":"pt_BR","og_type":"article","og_title":"Propriet\u00e1ria divulga imagens de furto em loja do bairro Languiru - Folha Popular","og_description":"A propriet\u00e1ria da loja Sapataria \u2013 Rede Mundi, localizada na Rua 25 de Julho \u2013 Bairro Languiru \u2013 Teut\u00f4nia, divulgou imagens do furto ocorrido na madrugada de ter\u00e7a-feira (23\/01). As imagens das c\u00e2meras de seguran\u00e7as mostram dois homens, que chegam ao local em uma Dobl\u00f3, abrindo a porta da loja. As imagens mostram tamb\u00e9m a [&hellip;]","og_url":"https:\/\/folhapopular.info\/index.php\/2018\/01\/24\/proprietaria-divulga-imagens-de-furto-em-loja-do-bairro-languiru\/","og_site_name":"Folha Popular","article_published_time":"2018-01-24T10:29:34+00:00","article_modified_time":"2018-01-24T10:44:43+00:00","og_image":[{"width":960,"height":522,"url":"https:\/\/folhapopular.info\/wp-content\/uploads\/2018\/01\/26907200_1251624884938533_8096827237413916849_n.jpg","type":"image\/jpeg"}],"author":"Reda\u00e7\u00e3o Folha Popular","twitter_card":"summary_large_image","twitter_misc":{"Escrito por":"Reda\u00e7\u00e3o Folha Popular","Est. tempo de leitura":"1 minuto"},"schema":{"@context":"https:\/\/schema.org","@graph":[{"@type":"Article","@id":"https:\/\/folhapopular.info\/index.php\/2018\/01\/24\/proprietaria-divulga-imagens-de-furto-em-loja-do-bairro-languiru\/#article","isPartOf":{"@id":"https:\/\/folhapopular.info\/index.php\/2018\/01\/24\/proprietaria-divulga-imagens-de-furto-em-loja-do-bairro-languiru\/"},"author":{"name":"Reda\u00e7\u00e3o Folha Popular","@id":"https:\/\/folhapopular.info\/#\/schema\/person\/2814e8a0df7643585a9ca38bc6eb9d4b"},"headline":"Propriet\u00e1ria divulga imagens de furto em loja do bairro Languiru","datePublished":"2018-01-24T10:29:34+00:00","dateModified":"2018-01-24T10:44:43+00:00","mainEntityOfPage":{"@id":"https:\/\/folhapopular.info\/index.php\/2018\/01\/24\/proprietaria-divulga-imagens-de-furto-em-loja-do-bairro-languiru\/"},"wordCount":255,"commentCount":0,"image":{"@id":"https:\/\/folhapopular.info\/index.php\/2018\/01\/24\/proprietaria-divulga-imagens-de-furto-em-loja-do-bairro-languiru\/#primaryimage"},"thumbnailUrl":"https:\/\/folhapopular.info\/wp-content\/uploads\/2018\/01\/26907200_1251624884938533_8096827237413916849_n.jpg","keywords":["C\u00e2meras de Seguran\u00e7a","furto","Teut\u00f4nia"],"articleSection":["Destaques","Geral","Seguran\u00e7a"],"inLanguage":"pt-BR","potentialAction":[{"@type":"CommentAction","name":"Comment","target":["https:\/\/folhapopular.info\/index.php\/2018\/01\/24\/proprietaria-divulga-imagens-de-furto-em-loja-do-bairro-languiru\/#respond"]}]},{"@type":"WebPage","@id":"https:\/\/folhapopular.info\/index.php\/2018\/01\/24\/proprietaria-divulga-imagens-de-furto-em-loja-do-bairro-languiru\/","url":"https:\/\/folhapopular.info\/index.php\/2018\/01\/24\/proprietaria-divulga-imagens-de-furto-em-loja-do-bairro-languiru\/","name":"Propriet\u00e1ria divulga imagens de furto em loja do bairro Languiru - Folha Popular","isPartOf":{"@id":"https:\/\/folhapopular.info\/#website"},"primaryImageOfPage":{"@id":"https:\/\/folhapopular.info\/index.php\/2018\/01\/24\/proprietaria-divulga-imagens-de-furto-em-loja-do-bairro-languiru\/#primaryimage"},"image":{"@id":"https:\/\/folhapopular.info\/index.php\/2018\/01\/24\/proprietaria-divulga-imagens-de-furto-em-loja-do-bairro-languiru\/#primaryimage"},"thumbnailUrl":"https:\/\/folhapopular.info\/wp-content\/uploads\/2018\/01\/26907200_1251624884938533_8096827237413916849_n.jpg","datePublished":"2018-01-24T10:29:34+00:00","dateModified":"2018-01-24T10:44:43+00:00","author":{"@id":"https:\/\/folhapopular.info\/#\/schema\/person\/2814e8a0df7643585a9ca38bc6eb9d4b"},"breadcrumb":{"@id":"https:\/\/folhapopular.info\/index.php\/2018\/01\/24\/proprietaria-divulga-imagens-de-furto-em-loja-do-bairro-languiru\/#breadcrumb"},"inLanguage":"pt-BR","potentialAction":[{"@type":"ReadAction","target":["https:\/\/folhapopular.info\/index.php\/2018\/01\/24\/proprietaria-divulga-imagens-de-furto-em-loja-do-bairro-languiru\/"]}]},{"@type":"ImageObject","inLanguage":"pt-BR","@id":"https:\/\/folhapopular.info\/index.php\/2018\/01\/24\/proprietaria-divulga-imagens-de-furto-em-loja-do-bairro-languiru\/#primaryimage","url":"https:\/\/folhapopular.info\/wp-content\/uploads\/2018\/01\/26907200_1251624884938533_8096827237413916849_n.jpg","contentUrl":"https:\/\/folhapopular.info\/wp-content\/uploads\/2018\/01\/26907200_1251624884938533_8096827237413916849_n.jpg","width":960,"height":522},{"@type":"BreadcrumbList","@id":"https:\/\/folhapopular.info\/index.php\/2018\/01\/24\/proprietaria-divulga-imagens-de-furto-em-loja-do-bairro-languiru\/#breadcrumb","itemListElement":[{"@type":"ListItem","position":1,"name":"In\u00edcio","item":"https:\/\/folhapopular.info\/"},{"@type":"ListItem","position":2,"name":"Propriet\u00e1ria divulga imagens de furto em loja do bairro Languiru"}]},{"@type":"WebSite","@id":"https:\/\/folhapopular.info\/#website","url":"https:\/\/folhapopular.info\/","name":"Folha Popular","description":"Onde voc\u00ea tem vez e voz","potentialAction":[{"@type":"SearchAction","target":{"@type":"EntryPoint","urlTemplate":"https:\/\/folhapopular.info\/?s={search_term_string}"},"query-input":{"@type":"PropertyValueSpecification","valueRequired":true,"valueName":"search_term_string"}}],"inLanguage":"pt-BR"},{"@type":"Person","@id":"https:\/\/folhapopular.info\/#\/schema\/person\/2814e8a0df7643585a9ca38bc6eb9d4b","name":"Reda\u00e7\u00e3o Folha Popular","image":{"@type":"ImageObject","inLanguage":"pt-BR","@id":"https:\/\/folhapopular.info\/wp-content\/uploads\/2026\/04\/Folha-1.webp","url":"https:\/\/folhapopular.info\/wp-content\/uploads\/2026\/04\/Folha-1.webp","contentUrl":"https:\/\/folhapopular.info\/wp-content\/uploads\/2026\/04\/Folha-1.webp","caption":"Reda\u00e7\u00e3o Folha Popular"},"url":"https:\/\/folhapopular.info\/index.php\/author\/redacao\/"}]}},"jetpack_featured_media_url":"https:\/\/folhapopular.info\/wp-content\/uploads\/2018\/01\/26907200_1251624884938533_8096827237413916849_n.jpg","jetpack_sharing_enabled":true,"amp_enabled":true,"_links":{"self":[{"href":"https:\/\/folhapopular.info\/index.php\/wp-json\/wp\/v2\/posts\/39881","targetHints":{"allow":["GET"]}}],"collection":[{"href":"https:\/\/folhapopular.info\/index.php\/wp-json\/wp\/v2\/posts"}],"about":[{"href":"https:\/\/folhapopular.info\/index.php\/wp-json\/wp\/v2\/types\/post"}],"author":[{"embeddable":true,"href":"https:\/\/folhapopular.info\/index.php\/wp-json\/wp\/v2\/users\/8"}],"replies":[{"embeddable":true,"href":"https:\/\/folhapopular.info\/index.php\/wp-json\/wp\/v2\/comments?post=39881"}],"version-history":[{"count":0,"href":"https:\/\/folhapopular.info\/index.php\/wp-json\/wp\/v2\/posts\/39881\/revisions"}],"wp:featuredmedia":[{"embeddable":true,"href":"https:\/\/folhapopular.info\/index.php\/wp-json\/wp\/v2\/media\/39882"}],"wp:attachment":[{"href":"https:\/\/folhapopular.info\/index.php\/wp-json\/wp\/v2\/media?parent=39881"}],"wp:term":[{"taxonomy":"category","embeddable":true,"href":"https:\/\/folhapopular.info\/index.php\/wp-json\/wp\/v2\/categories?post=39881"},{"taxonomy":"post_tag","embeddable":true,"href":"https:\/\/folhapopular.info\/index.php\/wp-json\/wp\/v2\/tags?post=39881"}],"curies":[{"name":"wp","href":"https:\/\/api.w.org\/{rel}","templated":true}]}}