{"id":39903,"date":"2018-01-24T12:00:10","date_gmt":"2018-01-24T14:00:10","guid":{"rendered":"http:\/\/folhapopular.info\/?p=39903"},"modified":"2018-01-24T09:50:09","modified_gmt":"2018-01-24T11:50:09","slug":"jardim-botanico-de-lajeado-recebe-aulas-de-yoga","status":"publish","type":"post","link":"https:\/\/folhapopular.info\/index.php\/2018\/01\/24\/jardim-botanico-de-lajeado-recebe-aulas-de-yoga\/","title":{"rendered":"Jardim Bot\u00e2nico de Lajeado recebe aulas de Yoga"},"content":{"rendered":"<p>As aulas de Yoga realizadas no Jardim Bot\u00e2nico de Lajeado est\u00e3o de volta. A primeira edi\u00e7\u00e3o da atividade em 2018 ocorre no pr\u00f3ximo s\u00e1bado (27\/01). Desenvolvido a partir de uma parceria entre Secretaria do Meio Ambiente (Sema) e o Criah Coletivo &#8211; Coletivo de Arte, Ecologia e Espiritualidade, o projeto acontecer\u00e1 uma vez por m\u00eas.<\/p>\n<p>A pr\u00e1tica de Yoga \u00e9 uma oportunidade para a comunidade conhecer o Jardim Bot\u00e2nico de Lajeado e ficar mais pr\u00f3xima da natureza, assim como ocorre com outras atividades realizadas no local. Para participar das aulas de Yoga \u00e9 necess\u00e1rio levar uma canga, manta ou tapete de Yoga, \u00e1gua e boas energias. A aula inicia \u00e0s 8h30 e \u00e9 gratuita. Em caso de mau tempo, o evento ser\u00e1 cancelado.<\/p>\n<p><strong>Confira algumas dicas:<\/strong><\/p>\n<p>&#8211; Vista-se de maneira confort\u00e1vel e adequada \u00e0 temperatura. A pr\u00e1tica \u00e9 com p\u00e9s descal\u00e7os<br \/>\n&#8211; Se poss\u00edvel, procure manter jejum de pelo menos duas horas antes da pr\u00e1tica. Se n\u00e3o for poss\u00edvel, busque se alimentar com algo leve, como por exemplo uma fruta<\/p>\n","protected":false},"excerpt":{"rendered":"<p>As aulas de Yoga realizadas no Jardim Bot\u00e2nico de Lajeado est\u00e3o de volta. A primeira edi\u00e7\u00e3o da atividade em 2018 ocorre no pr\u00f3ximo s\u00e1bado (27\/01). Desenvolvido a partir de uma parceria entre Secretaria do Meio Ambiente (Sema) e o Criah Coletivo &#8211; Coletivo de Arte, Ecologia e Espiritualidade, o projeto acontecer\u00e1 uma vez por m\u00eas. [&hellip;]<\/p>\n","protected":false},"author":8,"featured_media":39906,"comment_status":"open","ping_status":"open","sticky":false,"template":"","format":"standard","meta":{"pmpro_default_level":"","_jetpack_memberships_contains_paid_content":false,"footnotes":""},"categories":[3],"tags":[280,27,2084],"class_list":{"0":"post-39903","1":"post","2":"type-post","3":"status-publish","4":"format-standard","5":"has-post-thumbnail","7":"category-geral","8":"tag-jardim-botanico","9":"tag-lajeado","10":"tag-yoga","11":"pmpro-has-access"},"yoast_head":"<!-- This site is optimized with the Yoast SEO plugin v27.5 - https:\/\/yoast.com\/product\/yoast-seo-wordpress\/ -->\n<title>Jardim Bot\u00e2nico de Lajeado recebe aulas de Yoga - Folha Popular<\/title>\n<meta name=\"robots\" content=\"index, follow, max-snippet:-1, max-image-preview:large, max-video-preview:-1\" \/>\n<link rel=\"canonical\" href=\"https:\/\/folhapopular.info\/index.php\/2018\/01\/24\/jardim-botanico-de-lajeado-recebe-aulas-de-yoga\/\" \/>\n<meta property=\"og:locale\" content=\"pt_BR\" \/>\n<meta property=\"og:type\" content=\"article\" \/>\n<meta property=\"og:title\" content=\"Jardim Bot\u00e2nico de Lajeado recebe aulas de Yoga - Folha Popular\" \/>\n<meta property=\"og:description\" content=\"As aulas de Yoga realizadas no Jardim Bot\u00e2nico de Lajeado est\u00e3o de volta. A primeira edi\u00e7\u00e3o da atividade em 2018 ocorre no pr\u00f3ximo s\u00e1bado (27\/01). Desenvolvido a partir de uma parceria entre Secretaria do Meio Ambiente (Sema) e o Criah Coletivo &#8211; Coletivo de Arte, Ecologia e Espiritualidade, o projeto acontecer\u00e1 uma vez por m\u00eas. [&hellip;]\" \/>\n<meta property=\"og:url\" content=\"https:\/\/folhapopular.info\/index.php\/2018\/01\/24\/jardim-botanico-de-lajeado-recebe-aulas-de-yoga\/\" \/>\n<meta property=\"og:site_name\" content=\"Folha Popular\" \/>\n<meta property=\"article:published_time\" content=\"2018-01-24T14:00:10+00:00\" \/>\n<meta property=\"og:image\" content=\"https:\/\/folhapopular.info\/wp-content\/uploads\/2018\/01\/Projeto-Yoga-no-Jardim-2017arquivo-e1516794568558.jpg\" \/>\n\t<meta property=\"og:image:width\" content=\"1000\" \/>\n\t<meta property=\"og:image:height\" content=\"667\" \/>\n\t<meta property=\"og:image:type\" content=\"image\/jpeg\" \/>\n<meta name=\"author\" content=\"Reda\u00e7\u00e3o Folha Popular\" \/>\n<meta name=\"twitter:card\" content=\"summary_large_image\" \/>\n<meta name=\"twitter:label1\" content=\"Escrito por\" \/>\n\t<meta name=\"twitter:data1\" content=\"Reda\u00e7\u00e3o Folha Popular\" \/>\n\t<meta name=\"twitter:label2\" content=\"Est. tempo de leitura\" \/>\n\t<meta name=\"twitter:data2\" content=\"1 minuto\" \/>\n<script type=\"application\/ld+json\" class=\"yoast-schema-graph\">{\"@context\":\"https:\\\/\\\/schema.org\",\"@graph\":[{\"@type\":\"Article\",\"@id\":\"https:\\\/\\\/folhapopular.info\\\/index.php\\\/2018\\\/01\\\/24\\\/jardim-botanico-de-lajeado-recebe-aulas-de-yoga\\\/#article\",\"isPartOf\":{\"@id\":\"https:\\\/\\\/folhapopular.info\\\/index.php\\\/2018\\\/01\\\/24\\\/jardim-botanico-de-lajeado-recebe-aulas-de-yoga\\\/\"},\"author\":{\"name\":\"Reda\u00e7\u00e3o Folha Popular\",\"@id\":\"https:\\\/\\\/folhapopular.info\\\/#\\\/schema\\\/person\\\/2814e8a0df7643585a9ca38bc6eb9d4b\"},\"headline\":\"Jardim Bot\u00e2nico de Lajeado recebe aulas de Yoga\",\"datePublished\":\"2018-01-24T14:00:10+00:00\",\"mainEntityOfPage\":{\"@id\":\"https:\\\/\\\/folhapopular.info\\\/index.php\\\/2018\\\/01\\\/24\\\/jardim-botanico-de-lajeado-recebe-aulas-de-yoga\\\/\"},\"wordCount\":190,\"commentCount\":0,\"image\":{\"@id\":\"https:\\\/\\\/folhapopular.info\\\/index.php\\\/2018\\\/01\\\/24\\\/jardim-botanico-de-lajeado-recebe-aulas-de-yoga\\\/#primaryimage\"},\"thumbnailUrl\":\"https:\\\/\\\/folhapopular.info\\\/wp-content\\\/uploads\\\/2018\\\/01\\\/Projeto-Yoga-no-Jardim-2017arquivo-e1516794568558.jpg\",\"keywords\":[\"Jardim Bot\u00e2nico\",\"Lajeado\",\"Yoga\"],\"articleSection\":[\"Geral\"],\"inLanguage\":\"pt-BR\",\"potentialAction\":[{\"@type\":\"CommentAction\",\"name\":\"Comment\",\"target\":[\"https:\\\/\\\/folhapopular.info\\\/index.php\\\/2018\\\/01\\\/24\\\/jardim-botanico-de-lajeado-recebe-aulas-de-yoga\\\/#respond\"]}]},{\"@type\":\"WebPage\",\"@id\":\"https:\\\/\\\/folhapopular.info\\\/index.php\\\/2018\\\/01\\\/24\\\/jardim-botanico-de-lajeado-recebe-aulas-de-yoga\\\/\",\"url\":\"https:\\\/\\\/folhapopular.info\\\/index.php\\\/2018\\\/01\\\/24\\\/jardim-botanico-de-lajeado-recebe-aulas-de-yoga\\\/\",\"name\":\"Jardim Bot\u00e2nico de Lajeado recebe aulas de Yoga - Folha Popular\",\"isPartOf\":{\"@id\":\"https:\\\/\\\/folhapopular.info\\\/#website\"},\"primaryImageOfPage\":{\"@id\":\"https:\\\/\\\/folhapopular.info\\\/index.php\\\/2018\\\/01\\\/24\\\/jardim-botanico-de-lajeado-recebe-aulas-de-yoga\\\/#primaryimage\"},\"image\":{\"@id\":\"https:\\\/\\\/folhapopular.info\\\/index.php\\\/2018\\\/01\\\/24\\\/jardim-botanico-de-lajeado-recebe-aulas-de-yoga\\\/#primaryimage\"},\"thumbnailUrl\":\"https:\\\/\\\/folhapopular.info\\\/wp-content\\\/uploads\\\/2018\\\/01\\\/Projeto-Yoga-no-Jardim-2017arquivo-e1516794568558.jpg\",\"datePublished\":\"2018-01-24T14:00:10+00:00\",\"author\":{\"@id\":\"https:\\\/\\\/folhapopular.info\\\/#\\\/schema\\\/person\\\/2814e8a0df7643585a9ca38bc6eb9d4b\"},\"breadcrumb\":{\"@id\":\"https:\\\/\\\/folhapopular.info\\\/index.php\\\/2018\\\/01\\\/24\\\/jardim-botanico-de-lajeado-recebe-aulas-de-yoga\\\/#breadcrumb\"},\"inLanguage\":\"pt-BR\",\"potentialAction\":[{\"@type\":\"ReadAction\",\"target\":[\"https:\\\/\\\/folhapopular.info\\\/index.php\\\/2018\\\/01\\\/24\\\/jardim-botanico-de-lajeado-recebe-aulas-de-yoga\\\/\"]}]},{\"@type\":\"ImageObject\",\"inLanguage\":\"pt-BR\",\"@id\":\"https:\\\/\\\/folhapopular.info\\\/index.php\\\/2018\\\/01\\\/24\\\/jardim-botanico-de-lajeado-recebe-aulas-de-yoga\\\/#primaryimage\",\"url\":\"https:\\\/\\\/folhapopular.info\\\/wp-content\\\/uploads\\\/2018\\\/01\\\/Projeto-Yoga-no-Jardim-2017arquivo-e1516794568558.jpg\",\"contentUrl\":\"https:\\\/\\\/folhapopular.info\\\/wp-content\\\/uploads\\\/2018\\\/01\\\/Projeto-Yoga-no-Jardim-2017arquivo-e1516794568558.jpg\",\"width\":1000,\"height\":667},{\"@type\":\"BreadcrumbList\",\"@id\":\"https:\\\/\\\/folhapopular.info\\\/index.php\\\/2018\\\/01\\\/24\\\/jardim-botanico-de-lajeado-recebe-aulas-de-yoga\\\/#breadcrumb\",\"itemListElement\":[{\"@type\":\"ListItem\",\"position\":1,\"name\":\"In\u00edcio\",\"item\":\"https:\\\/\\\/folhapopular.info\\\/\"},{\"@type\":\"ListItem\",\"position\":2,\"name\":\"Jardim Bot\u00e2nico de Lajeado recebe aulas de Yoga\"}]},{\"@type\":\"WebSite\",\"@id\":\"https:\\\/\\\/folhapopular.info\\\/#website\",\"url\":\"https:\\\/\\\/folhapopular.info\\\/\",\"name\":\"Folha Popular\",\"description\":\"Onde voc\u00ea tem vez e voz\",\"potentialAction\":[{\"@type\":\"SearchAction\",\"target\":{\"@type\":\"EntryPoint\",\"urlTemplate\":\"https:\\\/\\\/folhapopular.info\\\/?s={search_term_string}\"},\"query-input\":{\"@type\":\"PropertyValueSpecification\",\"valueRequired\":true,\"valueName\":\"search_term_string\"}}],\"inLanguage\":\"pt-BR\"},{\"@type\":\"Person\",\"@id\":\"https:\\\/\\\/folhapopular.info\\\/#\\\/schema\\\/person\\\/2814e8a0df7643585a9ca38bc6eb9d4b\",\"name\":\"Reda\u00e7\u00e3o Folha Popular\",\"image\":{\"@type\":\"ImageObject\",\"inLanguage\":\"pt-BR\",\"@id\":\"https:\\\/\\\/folhapopular.info\\\/wp-content\\\/uploads\\\/2026\\\/04\\\/Folha-1.webp\",\"url\":\"https:\\\/\\\/folhapopular.info\\\/wp-content\\\/uploads\\\/2026\\\/04\\\/Folha-1.webp\",\"contentUrl\":\"https:\\\/\\\/folhapopular.info\\\/wp-content\\\/uploads\\\/2026\\\/04\\\/Folha-1.webp\",\"caption\":\"Reda\u00e7\u00e3o Folha Popular\"},\"url\":\"https:\\\/\\\/folhapopular.info\\\/index.php\\\/author\\\/redacao\\\/\"}]}<\/script>\n<!-- \/ Yoast SEO plugin. -->","yoast_head_json":{"title":"Jardim Bot\u00e2nico de Lajeado recebe aulas de Yoga - Folha Popular","robots":{"index":"index","follow":"follow","max-snippet":"max-snippet:-1","max-image-preview":"max-image-preview:large","max-video-preview":"max-video-preview:-1"},"canonical":"https:\/\/folhapopular.info\/index.php\/2018\/01\/24\/jardim-botanico-de-lajeado-recebe-aulas-de-yoga\/","og_locale":"pt_BR","og_type":"article","og_title":"Jardim Bot\u00e2nico de Lajeado recebe aulas de Yoga - Folha Popular","og_description":"As aulas de Yoga realizadas no Jardim Bot\u00e2nico de Lajeado est\u00e3o de volta. A primeira edi\u00e7\u00e3o da atividade em 2018 ocorre no pr\u00f3ximo s\u00e1bado (27\/01). Desenvolvido a partir de uma parceria entre Secretaria do Meio Ambiente (Sema) e o Criah Coletivo &#8211; Coletivo de Arte, Ecologia e Espiritualidade, o projeto acontecer\u00e1 uma vez por m\u00eas. [&hellip;]","og_url":"https:\/\/folhapopular.info\/index.php\/2018\/01\/24\/jardim-botanico-de-lajeado-recebe-aulas-de-yoga\/","og_site_name":"Folha Popular","article_published_time":"2018-01-24T14:00:10+00:00","og_image":[{"width":1000,"height":667,"url":"https:\/\/folhapopular.info\/wp-content\/uploads\/2018\/01\/Projeto-Yoga-no-Jardim-2017arquivo-e1516794568558.jpg","type":"image\/jpeg"}],"author":"Reda\u00e7\u00e3o Folha Popular","twitter_card":"summary_large_image","twitter_misc":{"Escrito por":"Reda\u00e7\u00e3o Folha Popular","Est. tempo de leitura":"1 minuto"},"schema":{"@context":"https:\/\/schema.org","@graph":[{"@type":"Article","@id":"https:\/\/folhapopular.info\/index.php\/2018\/01\/24\/jardim-botanico-de-lajeado-recebe-aulas-de-yoga\/#article","isPartOf":{"@id":"https:\/\/folhapopular.info\/index.php\/2018\/01\/24\/jardim-botanico-de-lajeado-recebe-aulas-de-yoga\/"},"author":{"name":"Reda\u00e7\u00e3o Folha Popular","@id":"https:\/\/folhapopular.info\/#\/schema\/person\/2814e8a0df7643585a9ca38bc6eb9d4b"},"headline":"Jardim Bot\u00e2nico de Lajeado recebe aulas de Yoga","datePublished":"2018-01-24T14:00:10+00:00","mainEntityOfPage":{"@id":"https:\/\/folhapopular.info\/index.php\/2018\/01\/24\/jardim-botanico-de-lajeado-recebe-aulas-de-yoga\/"},"wordCount":190,"commentCount":0,"image":{"@id":"https:\/\/folhapopular.info\/index.php\/2018\/01\/24\/jardim-botanico-de-lajeado-recebe-aulas-de-yoga\/#primaryimage"},"thumbnailUrl":"https:\/\/folhapopular.info\/wp-content\/uploads\/2018\/01\/Projeto-Yoga-no-Jardim-2017arquivo-e1516794568558.jpg","keywords":["Jardim Bot\u00e2nico","Lajeado","Yoga"],"articleSection":["Geral"],"inLanguage":"pt-BR","potentialAction":[{"@type":"CommentAction","name":"Comment","target":["https:\/\/folhapopular.info\/index.php\/2018\/01\/24\/jardim-botanico-de-lajeado-recebe-aulas-de-yoga\/#respond"]}]},{"@type":"WebPage","@id":"https:\/\/folhapopular.info\/index.php\/2018\/01\/24\/jardim-botanico-de-lajeado-recebe-aulas-de-yoga\/","url":"https:\/\/folhapopular.info\/index.php\/2018\/01\/24\/jardim-botanico-de-lajeado-recebe-aulas-de-yoga\/","name":"Jardim Bot\u00e2nico de Lajeado recebe aulas de Yoga - Folha Popular","isPartOf":{"@id":"https:\/\/folhapopular.info\/#website"},"primaryImageOfPage":{"@id":"https:\/\/folhapopular.info\/index.php\/2018\/01\/24\/jardim-botanico-de-lajeado-recebe-aulas-de-yoga\/#primaryimage"},"image":{"@id":"https:\/\/folhapopular.info\/index.php\/2018\/01\/24\/jardim-botanico-de-lajeado-recebe-aulas-de-yoga\/#primaryimage"},"thumbnailUrl":"https:\/\/folhapopular.info\/wp-content\/uploads\/2018\/01\/Projeto-Yoga-no-Jardim-2017arquivo-e1516794568558.jpg","datePublished":"2018-01-24T14:00:10+00:00","author":{"@id":"https:\/\/folhapopular.info\/#\/schema\/person\/2814e8a0df7643585a9ca38bc6eb9d4b"},"breadcrumb":{"@id":"https:\/\/folhapopular.info\/index.php\/2018\/01\/24\/jardim-botanico-de-lajeado-recebe-aulas-de-yoga\/#breadcrumb"},"inLanguage":"pt-BR","potentialAction":[{"@type":"ReadAction","target":["https:\/\/folhapopular.info\/index.php\/2018\/01\/24\/jardim-botanico-de-lajeado-recebe-aulas-de-yoga\/"]}]},{"@type":"ImageObject","inLanguage":"pt-BR","@id":"https:\/\/folhapopular.info\/index.php\/2018\/01\/24\/jardim-botanico-de-lajeado-recebe-aulas-de-yoga\/#primaryimage","url":"https:\/\/folhapopular.info\/wp-content\/uploads\/2018\/01\/Projeto-Yoga-no-Jardim-2017arquivo-e1516794568558.jpg","contentUrl":"https:\/\/folhapopular.info\/wp-content\/uploads\/2018\/01\/Projeto-Yoga-no-Jardim-2017arquivo-e1516794568558.jpg","width":1000,"height":667},{"@type":"BreadcrumbList","@id":"https:\/\/folhapopular.info\/index.php\/2018\/01\/24\/jardim-botanico-de-lajeado-recebe-aulas-de-yoga\/#breadcrumb","itemListElement":[{"@type":"ListItem","position":1,"name":"In\u00edcio","item":"https:\/\/folhapopular.info\/"},{"@type":"ListItem","position":2,"name":"Jardim Bot\u00e2nico de Lajeado recebe aulas de Yoga"}]},{"@type":"WebSite","@id":"https:\/\/folhapopular.info\/#website","url":"https:\/\/folhapopular.info\/","name":"Folha Popular","description":"Onde voc\u00ea tem vez e voz","potentialAction":[{"@type":"SearchAction","target":{"@type":"EntryPoint","urlTemplate":"https:\/\/folhapopular.info\/?s={search_term_string}"},"query-input":{"@type":"PropertyValueSpecification","valueRequired":true,"valueName":"search_term_string"}}],"inLanguage":"pt-BR"},{"@type":"Person","@id":"https:\/\/folhapopular.info\/#\/schema\/person\/2814e8a0df7643585a9ca38bc6eb9d4b","name":"Reda\u00e7\u00e3o Folha Popular","image":{"@type":"ImageObject","inLanguage":"pt-BR","@id":"https:\/\/folhapopular.info\/wp-content\/uploads\/2026\/04\/Folha-1.webp","url":"https:\/\/folhapopular.info\/wp-content\/uploads\/2026\/04\/Folha-1.webp","contentUrl":"https:\/\/folhapopular.info\/wp-content\/uploads\/2026\/04\/Folha-1.webp","caption":"Reda\u00e7\u00e3o Folha Popular"},"url":"https:\/\/folhapopular.info\/index.php\/author\/redacao\/"}]}},"jetpack_featured_media_url":"https:\/\/folhapopular.info\/wp-content\/uploads\/2018\/01\/Projeto-Yoga-no-Jardim-2017arquivo-e1516794568558.jpg","jetpack_sharing_enabled":true,"amp_enabled":true,"_links":{"self":[{"href":"https:\/\/folhapopular.info\/index.php\/wp-json\/wp\/v2\/posts\/39903","targetHints":{"allow":["GET"]}}],"collection":[{"href":"https:\/\/folhapopular.info\/index.php\/wp-json\/wp\/v2\/posts"}],"about":[{"href":"https:\/\/folhapopular.info\/index.php\/wp-json\/wp\/v2\/types\/post"}],"author":[{"embeddable":true,"href":"https:\/\/folhapopular.info\/index.php\/wp-json\/wp\/v2\/users\/8"}],"replies":[{"embeddable":true,"href":"https:\/\/folhapopular.info\/index.php\/wp-json\/wp\/v2\/comments?post=39903"}],"version-history":[{"count":0,"href":"https:\/\/folhapopular.info\/index.php\/wp-json\/wp\/v2\/posts\/39903\/revisions"}],"wp:featuredmedia":[{"embeddable":true,"href":"https:\/\/folhapopular.info\/index.php\/wp-json\/wp\/v2\/media\/39906"}],"wp:attachment":[{"href":"https:\/\/folhapopular.info\/index.php\/wp-json\/wp\/v2\/media?parent=39903"}],"wp:term":[{"taxonomy":"category","embeddable":true,"href":"https:\/\/folhapopular.info\/index.php\/wp-json\/wp\/v2\/categories?post=39903"},{"taxonomy":"post_tag","embeddable":true,"href":"https:\/\/folhapopular.info\/index.php\/wp-json\/wp\/v2\/tags?post=39903"}],"curies":[{"name":"wp","href":"https:\/\/api.w.org\/{rel}","templated":true}]}}