{"id":39943,"date":"2018-01-25T17:00:55","date_gmt":"2018-01-25T19:00:55","guid":{"rendered":"http:\/\/folhapopular.info\/?p=39943"},"modified":"2018-01-25T15:35:27","modified_gmt":"2018-01-25T17:35:27","slug":"alaf-anuncia-renovacoes-e-contratacao","status":"publish","type":"post","link":"https:\/\/folhapopular.info\/index.php\/2018\/01\/25\/alaf-anuncia-renovacoes-e-contratacao\/","title":{"rendered":"Alaf anuncia renova\u00e7\u00f5es e contrata\u00e7\u00e3o"},"content":{"rendered":"<p>A Associa\u00e7\u00e3o Lajeado de Futsal (Alaf) anunciou duas renova\u00e7\u00f5es e uma contrata\u00e7\u00e3o para o elenco de 2018. Entre as renova\u00e7\u00f5es est\u00e1 a do t\u00e9cnico Edmilson Bella que fica no clube por mais uma temporada. Foi renovado tamb\u00e9m o contrato do fixo Marcelo Giba. O camisa 11\u00a0completar\u00e1 sua sexta temporada defendendo as cores da Alaf.<\/p>\n<p>A nova contrata\u00e7\u00e3o da equipe lajeadense \u00e9 o ala Matheusinho. O jogador teve uma breve passagem pela Alaf em 2017. Nos \u00faltimos meses, o atleta atuou no futsal dos Emirados \u00c1rabes.<\/p>\n\r\n                <style type=\"text\/css\">\r\n                    \r\n                    #tdi_1  .td-doubleSlider-2 .td-item1 {\r\n                        background: url(https:\/\/folhapopular.info\/wp-content\/uploads\/2018\/01\/26992147_1574084532687777_7871157473020757864_n-80x60.jpg) 0 0 no-repeat;\r\n                    }\r\n                    #tdi_1  .td-doubleSlider-2 .td-item2 {\r\n                        background: url(https:\/\/folhapopular.info\/wp-content\/uploads\/2018\/01\/26805481_1572021626227401_5777014194607608793_n-80x60.jpg) 0 0 no-repeat;\r\n                    }\r\n                <\/style>\r\n\r\n                <div id=\"tdi_1\" class=\"td-gallery td-slide-on-2-columns\">\r\n                    <div class=\"post_td_gallery\">\r\n                        <div class=\"td-gallery-slide-top\">\r\n                           <div class=\"td-gallery-title\"><\/div>\r\n\r\n                            <div class=\"td-gallery-controls-wrapper\">\r\n                                <div class=\"td-gallery-slide-count\"><span class=\"td-gallery-slide-item-focus\">1<\/span> de 2<\/div>\r\n                                <div class=\"td-gallery-slide-prev-next-but\">\r\n                                    <i class = \"td-icon-left doubleSliderPrevButton\"><\/i>\r\n                                    <i class = \"td-icon-right doubleSliderNextButton\"><\/i>\r\n                                <\/div>\r\n                            <\/div>\r\n                        <\/div>\r\n\r\n                        <div class = \"td-doubleSlider-1 \">\r\n                            <div class = \"td-slider\">\r\n                                \r\n                    <div class = \"td-slide-item td-item1\">\r\n                        <figure class=\"td-slide-galery-figure td-slide-popup-gallery\">\r\n                            <a class=\"slide-gallery-image-link\" href=\"https:\/\/folhapopular.info\/wp-content\/uploads\/2018\/01\/26992147_1574084532687777_7871157473020757864_n.jpg\" title=\"Cr\u00e9dito: Divulga\u00e7\u00e3o\"  data-caption=\"Pelo sexto ano, Marcelo Giba defende a Alaf\"  data-description=\"\">\r\n                                <img decoding=\"async\" src=\"https:\/\/folhapopular.info\/wp-content\/uploads\/2018\/01\/26992147_1574084532687777_7871157473020757864_n-531x420.jpg\" srcset=\"https:\/\/folhapopular.info\/wp-content\/uploads\/2018\/01\/26992147_1574084532687777_7871157473020757864_n-531x420.jpg 531w, https:\/\/folhapopular.info\/wp-content\/uploads\/2018\/01\/26992147_1574084532687777_7871157473020757864_n-300x238.jpg 300w, https:\/\/folhapopular.info\/wp-content\/uploads\/2018\/01\/26992147_1574084532687777_7871157473020757864_n-768x608.jpg 768w, https:\/\/folhapopular.info\/wp-content\/uploads\/2018\/01\/26992147_1574084532687777_7871157473020757864_n-696x551.jpg 696w, https:\/\/folhapopular.info\/wp-content\/uploads\/2018\/01\/26992147_1574084532687777_7871157473020757864_n.jpg 960w\" sizes=\"(max-width: 531px) 100vw, 531px\" alt=\"\">\r\n                            <\/a>\r\n                            <figcaption class = \"td-slide-caption td-gallery-slide-content\"><div class = \"td-gallery-slide-copywrite\">Pelo sexto ano, Marcelo Giba defende a Alaf<\/div><\/figcaption>\r\n                        <\/figure>\r\n                    <\/div>\r\n                    <div class = \"td-slide-item td-item2\">\r\n                        <figure class=\"td-slide-galery-figure td-slide-popup-gallery\">\r\n                            <a class=\"slide-gallery-image-link\" href=\"https:\/\/folhapopular.info\/wp-content\/uploads\/2018\/01\/26805481_1572021626227401_5777014194607608793_n.jpg\" title=\"Cr\u00e9dito: Divulga\u00e7\u00e3o\"  data-caption=\"T\u00e9cnico Bella permanece em Lajeado por mais uma temporada\"  data-description=\"\">\r\n                                <img decoding=\"async\" src=\"https:\/\/folhapopular.info\/wp-content\/uploads\/2018\/01\/26805481_1572021626227401_5777014194607608793_n-492x420.jpg\" srcset=\"https:\/\/folhapopular.info\/wp-content\/uploads\/2018\/01\/26805481_1572021626227401_5777014194607608793_n-492x420.jpg 492w, https:\/\/folhapopular.info\/wp-content\/uploads\/2018\/01\/26805481_1572021626227401_5777014194607608793_n-300x256.jpg 300w, https:\/\/folhapopular.info\/wp-content\/uploads\/2018\/01\/26805481_1572021626227401_5777014194607608793_n-768x655.jpg 768w, https:\/\/folhapopular.info\/wp-content\/uploads\/2018\/01\/26805481_1572021626227401_5777014194607608793_n-696x594.jpg 696w, https:\/\/folhapopular.info\/wp-content\/uploads\/2018\/01\/26805481_1572021626227401_5777014194607608793_n.jpg 960w\" sizes=\"(max-width: 492px) 100vw, 492px\" alt=\"\">\r\n                            <\/a>\r\n                            <figcaption class = \"td-slide-caption td-gallery-slide-content\"><div class = \"td-gallery-slide-copywrite\">T\u00e9cnico Bella permanece em Lajeado por mais uma temporada<\/div><\/figcaption>\r\n                        <\/figure>\r\n                    <\/div>\r\n                            <\/div>\r\n                        <\/div>\r\n\r\n                        <div class = \"td-doubleSlider-2\">\r\n                            <div class = \"td-slider\">\r\n                                \r\n                    <div class = \"td-button td-item1\">\r\n                        <div class = \"td-border\"><\/div>\r\n                    <\/div>\r\n                    <div class = \"td-button td-item2\">\r\n                        <div class = \"td-border\"><\/div>\r\n                    <\/div>\r\n                            <\/div>\r\n                        <\/div>\r\n\r\n                    <\/div>\r\n\r\n                <\/div>\r\n                \n","protected":false},"excerpt":{"rendered":"<p>A Associa\u00e7\u00e3o Lajeado de Futsal (Alaf) anunciou duas renova\u00e7\u00f5es e uma contrata\u00e7\u00e3o para o elenco de 2018. Entre as renova\u00e7\u00f5es est\u00e1 a do t\u00e9cnico Edmilson Bella que fica no clube por mais uma temporada. Foi renovado tamb\u00e9m o contrato do fixo Marcelo Giba. O camisa 11\u00a0completar\u00e1 sua sexta temporada defendendo as cores da Alaf. A [&hellip;]<\/p>\n","protected":false},"author":8,"featured_media":39945,"comment_status":"open","ping_status":"open","sticky":false,"template":"","format":"standard","meta":{"pmpro_default_level":"","_jetpack_memberships_contains_paid_content":false,"footnotes":""},"categories":[5,530],"tags":[197,2095,27,2096],"class_list":{"0":"post-39943","1":"post","2":"type-post","3":"status-publish","4":"format-standard","5":"has-post-thumbnail","7":"category-esportes","8":"category-futsal","9":"tag-alaf","10":"tag-contratacao","11":"tag-lajeado","12":"tag-renovacao","13":"pmpro-has-access"},"yoast_head":"<!-- This site is optimized with the Yoast SEO plugin v27.5 - https:\/\/yoast.com\/product\/yoast-seo-wordpress\/ -->\n<title>Alaf anuncia renova\u00e7\u00f5es e contrata\u00e7\u00e3o - Folha Popular<\/title>\n<meta name=\"robots\" content=\"index, follow, max-snippet:-1, max-image-preview:large, max-video-preview:-1\" \/>\n<link rel=\"canonical\" href=\"https:\/\/folhapopular.info\/index.php\/2018\/01\/25\/alaf-anuncia-renovacoes-e-contratacao\/\" \/>\n<meta property=\"og:locale\" content=\"pt_BR\" \/>\n<meta property=\"og:type\" content=\"article\" \/>\n<meta property=\"og:title\" content=\"Alaf anuncia renova\u00e7\u00f5es e contrata\u00e7\u00e3o - Folha Popular\" \/>\n<meta property=\"og:description\" content=\"A Associa\u00e7\u00e3o Lajeado de Futsal (Alaf) anunciou duas renova\u00e7\u00f5es e uma contrata\u00e7\u00e3o para o elenco de 2018. Entre as renova\u00e7\u00f5es est\u00e1 a do t\u00e9cnico Edmilson Bella que fica no clube por mais uma temporada. Foi renovado tamb\u00e9m o contrato do fixo Marcelo Giba. O camisa 11\u00a0completar\u00e1 sua sexta temporada defendendo as cores da Alaf. A [&hellip;]\" \/>\n<meta property=\"og:url\" content=\"https:\/\/folhapopular.info\/index.php\/2018\/01\/25\/alaf-anuncia-renovacoes-e-contratacao\/\" \/>\n<meta property=\"og:site_name\" content=\"Folha Popular\" \/>\n<meta property=\"article:published_time\" content=\"2018-01-25T19:00:55+00:00\" \/>\n<meta property=\"og:image\" content=\"https:\/\/folhapopular.info\/wp-content\/uploads\/2018\/01\/26904623_1572654729497424_155653857725878050_n.jpg\" \/>\n\t<meta property=\"og:image:width\" content=\"960\" \/>\n\t<meta property=\"og:image:height\" content=\"885\" \/>\n\t<meta property=\"og:image:type\" content=\"image\/jpeg\" \/>\n<meta name=\"author\" content=\"Reda\u00e7\u00e3o Folha Popular\" \/>\n<meta name=\"twitter:card\" content=\"summary_large_image\" \/>\n<meta name=\"twitter:label1\" content=\"Escrito por\" \/>\n\t<meta name=\"twitter:data1\" content=\"Reda\u00e7\u00e3o Folha Popular\" \/>\n<script type=\"application\/ld+json\" class=\"yoast-schema-graph\">{\"@context\":\"https:\\\/\\\/schema.org\",\"@graph\":[{\"@type\":\"Article\",\"@id\":\"https:\\\/\\\/folhapopular.info\\\/index.php\\\/2018\\\/01\\\/25\\\/alaf-anuncia-renovacoes-e-contratacao\\\/#article\",\"isPartOf\":{\"@id\":\"https:\\\/\\\/folhapopular.info\\\/index.php\\\/2018\\\/01\\\/25\\\/alaf-anuncia-renovacoes-e-contratacao\\\/\"},\"author\":{\"name\":\"Reda\u00e7\u00e3o Folha Popular\",\"@id\":\"https:\\\/\\\/folhapopular.info\\\/#\\\/schema\\\/person\\\/2814e8a0df7643585a9ca38bc6eb9d4b\"},\"headline\":\"Alaf anuncia renova\u00e7\u00f5es e contrata\u00e7\u00e3o\",\"datePublished\":\"2018-01-25T19:00:55+00:00\",\"mainEntityOfPage\":{\"@id\":\"https:\\\/\\\/folhapopular.info\\\/index.php\\\/2018\\\/01\\\/25\\\/alaf-anuncia-renovacoes-e-contratacao\\\/\"},\"wordCount\":103,\"commentCount\":0,\"image\":{\"@id\":\"https:\\\/\\\/folhapopular.info\\\/index.php\\\/2018\\\/01\\\/25\\\/alaf-anuncia-renovacoes-e-contratacao\\\/#primaryimage\"},\"thumbnailUrl\":\"https:\\\/\\\/folhapopular.info\\\/wp-content\\\/uploads\\\/2018\\\/01\\\/26904623_1572654729497424_155653857725878050_n.jpg\",\"keywords\":[\"ALAF\",\"Contrata\u00e7\u00e3o\",\"Lajeado\",\"Renova\u00e7\u00e3o\"],\"articleSection\":[\"Esportes\",\"Futsal\"],\"inLanguage\":\"pt-BR\",\"potentialAction\":[{\"@type\":\"CommentAction\",\"name\":\"Comment\",\"target\":[\"https:\\\/\\\/folhapopular.info\\\/index.php\\\/2018\\\/01\\\/25\\\/alaf-anuncia-renovacoes-e-contratacao\\\/#respond\"]}]},{\"@type\":\"WebPage\",\"@id\":\"https:\\\/\\\/folhapopular.info\\\/index.php\\\/2018\\\/01\\\/25\\\/alaf-anuncia-renovacoes-e-contratacao\\\/\",\"url\":\"https:\\\/\\\/folhapopular.info\\\/index.php\\\/2018\\\/01\\\/25\\\/alaf-anuncia-renovacoes-e-contratacao\\\/\",\"name\":\"Alaf anuncia renova\u00e7\u00f5es e contrata\u00e7\u00e3o - Folha Popular\",\"isPartOf\":{\"@id\":\"https:\\\/\\\/folhapopular.info\\\/#website\"},\"primaryImageOfPage\":{\"@id\":\"https:\\\/\\\/folhapopular.info\\\/index.php\\\/2018\\\/01\\\/25\\\/alaf-anuncia-renovacoes-e-contratacao\\\/#primaryimage\"},\"image\":{\"@id\":\"https:\\\/\\\/folhapopular.info\\\/index.php\\\/2018\\\/01\\\/25\\\/alaf-anuncia-renovacoes-e-contratacao\\\/#primaryimage\"},\"thumbnailUrl\":\"https:\\\/\\\/folhapopular.info\\\/wp-content\\\/uploads\\\/2018\\\/01\\\/26904623_1572654729497424_155653857725878050_n.jpg\",\"datePublished\":\"2018-01-25T19:00:55+00:00\",\"author\":{\"@id\":\"https:\\\/\\\/folhapopular.info\\\/#\\\/schema\\\/person\\\/2814e8a0df7643585a9ca38bc6eb9d4b\"},\"breadcrumb\":{\"@id\":\"https:\\\/\\\/folhapopular.info\\\/index.php\\\/2018\\\/01\\\/25\\\/alaf-anuncia-renovacoes-e-contratacao\\\/#breadcrumb\"},\"inLanguage\":\"pt-BR\",\"potentialAction\":[{\"@type\":\"ReadAction\",\"target\":[\"https:\\\/\\\/folhapopular.info\\\/index.php\\\/2018\\\/01\\\/25\\\/alaf-anuncia-renovacoes-e-contratacao\\\/\"]}]},{\"@type\":\"ImageObject\",\"inLanguage\":\"pt-BR\",\"@id\":\"https:\\\/\\\/folhapopular.info\\\/index.php\\\/2018\\\/01\\\/25\\\/alaf-anuncia-renovacoes-e-contratacao\\\/#primaryimage\",\"url\":\"https:\\\/\\\/folhapopular.info\\\/wp-content\\\/uploads\\\/2018\\\/01\\\/26904623_1572654729497424_155653857725878050_n.jpg\",\"contentUrl\":\"https:\\\/\\\/folhapopular.info\\\/wp-content\\\/uploads\\\/2018\\\/01\\\/26904623_1572654729497424_155653857725878050_n.jpg\",\"width\":960,\"height\":885,\"caption\":\"Matheusinho \u00e9 o novo contratado da Alaf\"},{\"@type\":\"BreadcrumbList\",\"@id\":\"https:\\\/\\\/folhapopular.info\\\/index.php\\\/2018\\\/01\\\/25\\\/alaf-anuncia-renovacoes-e-contratacao\\\/#breadcrumb\",\"itemListElement\":[{\"@type\":\"ListItem\",\"position\":1,\"name\":\"In\u00edcio\",\"item\":\"https:\\\/\\\/folhapopular.info\\\/\"},{\"@type\":\"ListItem\",\"position\":2,\"name\":\"Alaf anuncia renova\u00e7\u00f5es e contrata\u00e7\u00e3o\"}]},{\"@type\":\"WebSite\",\"@id\":\"https:\\\/\\\/folhapopular.info\\\/#website\",\"url\":\"https:\\\/\\\/folhapopular.info\\\/\",\"name\":\"Folha Popular\",\"description\":\"Onde voc\u00ea tem vez e voz\",\"potentialAction\":[{\"@type\":\"SearchAction\",\"target\":{\"@type\":\"EntryPoint\",\"urlTemplate\":\"https:\\\/\\\/folhapopular.info\\\/?s={search_term_string}\"},\"query-input\":{\"@type\":\"PropertyValueSpecification\",\"valueRequired\":true,\"valueName\":\"search_term_string\"}}],\"inLanguage\":\"pt-BR\"},{\"@type\":\"Person\",\"@id\":\"https:\\\/\\\/folhapopular.info\\\/#\\\/schema\\\/person\\\/2814e8a0df7643585a9ca38bc6eb9d4b\",\"name\":\"Reda\u00e7\u00e3o Folha Popular\",\"image\":{\"@type\":\"ImageObject\",\"inLanguage\":\"pt-BR\",\"@id\":\"https:\\\/\\\/folhapopular.info\\\/wp-content\\\/uploads\\\/2026\\\/04\\\/Folha-1.webp\",\"url\":\"https:\\\/\\\/folhapopular.info\\\/wp-content\\\/uploads\\\/2026\\\/04\\\/Folha-1.webp\",\"contentUrl\":\"https:\\\/\\\/folhapopular.info\\\/wp-content\\\/uploads\\\/2026\\\/04\\\/Folha-1.webp\",\"caption\":\"Reda\u00e7\u00e3o Folha Popular\"},\"url\":\"https:\\\/\\\/folhapopular.info\\\/index.php\\\/author\\\/redacao\\\/\"}]}<\/script>\n<!-- \/ Yoast SEO plugin. -->","yoast_head_json":{"title":"Alaf anuncia renova\u00e7\u00f5es e contrata\u00e7\u00e3o - Folha Popular","robots":{"index":"index","follow":"follow","max-snippet":"max-snippet:-1","max-image-preview":"max-image-preview:large","max-video-preview":"max-video-preview:-1"},"canonical":"https:\/\/folhapopular.info\/index.php\/2018\/01\/25\/alaf-anuncia-renovacoes-e-contratacao\/","og_locale":"pt_BR","og_type":"article","og_title":"Alaf anuncia renova\u00e7\u00f5es e contrata\u00e7\u00e3o - Folha Popular","og_description":"A Associa\u00e7\u00e3o Lajeado de Futsal (Alaf) anunciou duas renova\u00e7\u00f5es e uma contrata\u00e7\u00e3o para o elenco de 2018. Entre as renova\u00e7\u00f5es est\u00e1 a do t\u00e9cnico Edmilson Bella que fica no clube por mais uma temporada. Foi renovado tamb\u00e9m o contrato do fixo Marcelo Giba. O camisa 11\u00a0completar\u00e1 sua sexta temporada defendendo as cores da Alaf. A [&hellip;]","og_url":"https:\/\/folhapopular.info\/index.php\/2018\/01\/25\/alaf-anuncia-renovacoes-e-contratacao\/","og_site_name":"Folha Popular","article_published_time":"2018-01-25T19:00:55+00:00","og_image":[{"width":960,"height":885,"url":"https:\/\/folhapopular.info\/wp-content\/uploads\/2018\/01\/26904623_1572654729497424_155653857725878050_n.jpg","type":"image\/jpeg"}],"author":"Reda\u00e7\u00e3o Folha Popular","twitter_card":"summary_large_image","twitter_misc":{"Escrito por":"Reda\u00e7\u00e3o Folha Popular"},"schema":{"@context":"https:\/\/schema.org","@graph":[{"@type":"Article","@id":"https:\/\/folhapopular.info\/index.php\/2018\/01\/25\/alaf-anuncia-renovacoes-e-contratacao\/#article","isPartOf":{"@id":"https:\/\/folhapopular.info\/index.php\/2018\/01\/25\/alaf-anuncia-renovacoes-e-contratacao\/"},"author":{"name":"Reda\u00e7\u00e3o Folha Popular","@id":"https:\/\/folhapopular.info\/#\/schema\/person\/2814e8a0df7643585a9ca38bc6eb9d4b"},"headline":"Alaf anuncia renova\u00e7\u00f5es e contrata\u00e7\u00e3o","datePublished":"2018-01-25T19:00:55+00:00","mainEntityOfPage":{"@id":"https:\/\/folhapopular.info\/index.php\/2018\/01\/25\/alaf-anuncia-renovacoes-e-contratacao\/"},"wordCount":103,"commentCount":0,"image":{"@id":"https:\/\/folhapopular.info\/index.php\/2018\/01\/25\/alaf-anuncia-renovacoes-e-contratacao\/#primaryimage"},"thumbnailUrl":"https:\/\/folhapopular.info\/wp-content\/uploads\/2018\/01\/26904623_1572654729497424_155653857725878050_n.jpg","keywords":["ALAF","Contrata\u00e7\u00e3o","Lajeado","Renova\u00e7\u00e3o"],"articleSection":["Esportes","Futsal"],"inLanguage":"pt-BR","potentialAction":[{"@type":"CommentAction","name":"Comment","target":["https:\/\/folhapopular.info\/index.php\/2018\/01\/25\/alaf-anuncia-renovacoes-e-contratacao\/#respond"]}]},{"@type":"WebPage","@id":"https:\/\/folhapopular.info\/index.php\/2018\/01\/25\/alaf-anuncia-renovacoes-e-contratacao\/","url":"https:\/\/folhapopular.info\/index.php\/2018\/01\/25\/alaf-anuncia-renovacoes-e-contratacao\/","name":"Alaf anuncia renova\u00e7\u00f5es e contrata\u00e7\u00e3o - Folha Popular","isPartOf":{"@id":"https:\/\/folhapopular.info\/#website"},"primaryImageOfPage":{"@id":"https:\/\/folhapopular.info\/index.php\/2018\/01\/25\/alaf-anuncia-renovacoes-e-contratacao\/#primaryimage"},"image":{"@id":"https:\/\/folhapopular.info\/index.php\/2018\/01\/25\/alaf-anuncia-renovacoes-e-contratacao\/#primaryimage"},"thumbnailUrl":"https:\/\/folhapopular.info\/wp-content\/uploads\/2018\/01\/26904623_1572654729497424_155653857725878050_n.jpg","datePublished":"2018-01-25T19:00:55+00:00","author":{"@id":"https:\/\/folhapopular.info\/#\/schema\/person\/2814e8a0df7643585a9ca38bc6eb9d4b"},"breadcrumb":{"@id":"https:\/\/folhapopular.info\/index.php\/2018\/01\/25\/alaf-anuncia-renovacoes-e-contratacao\/#breadcrumb"},"inLanguage":"pt-BR","potentialAction":[{"@type":"ReadAction","target":["https:\/\/folhapopular.info\/index.php\/2018\/01\/25\/alaf-anuncia-renovacoes-e-contratacao\/"]}]},{"@type":"ImageObject","inLanguage":"pt-BR","@id":"https:\/\/folhapopular.info\/index.php\/2018\/01\/25\/alaf-anuncia-renovacoes-e-contratacao\/#primaryimage","url":"https:\/\/folhapopular.info\/wp-content\/uploads\/2018\/01\/26904623_1572654729497424_155653857725878050_n.jpg","contentUrl":"https:\/\/folhapopular.info\/wp-content\/uploads\/2018\/01\/26904623_1572654729497424_155653857725878050_n.jpg","width":960,"height":885,"caption":"Matheusinho \u00e9 o novo contratado da Alaf"},{"@type":"BreadcrumbList","@id":"https:\/\/folhapopular.info\/index.php\/2018\/01\/25\/alaf-anuncia-renovacoes-e-contratacao\/#breadcrumb","itemListElement":[{"@type":"ListItem","position":1,"name":"In\u00edcio","item":"https:\/\/folhapopular.info\/"},{"@type":"ListItem","position":2,"name":"Alaf anuncia renova\u00e7\u00f5es e contrata\u00e7\u00e3o"}]},{"@type":"WebSite","@id":"https:\/\/folhapopular.info\/#website","url":"https:\/\/folhapopular.info\/","name":"Folha Popular","description":"Onde voc\u00ea tem vez e voz","potentialAction":[{"@type":"SearchAction","target":{"@type":"EntryPoint","urlTemplate":"https:\/\/folhapopular.info\/?s={search_term_string}"},"query-input":{"@type":"PropertyValueSpecification","valueRequired":true,"valueName":"search_term_string"}}],"inLanguage":"pt-BR"},{"@type":"Person","@id":"https:\/\/folhapopular.info\/#\/schema\/person\/2814e8a0df7643585a9ca38bc6eb9d4b","name":"Reda\u00e7\u00e3o Folha Popular","image":{"@type":"ImageObject","inLanguage":"pt-BR","@id":"https:\/\/folhapopular.info\/wp-content\/uploads\/2026\/04\/Folha-1.webp","url":"https:\/\/folhapopular.info\/wp-content\/uploads\/2026\/04\/Folha-1.webp","contentUrl":"https:\/\/folhapopular.info\/wp-content\/uploads\/2026\/04\/Folha-1.webp","caption":"Reda\u00e7\u00e3o Folha Popular"},"url":"https:\/\/folhapopular.info\/index.php\/author\/redacao\/"}]}},"jetpack_featured_media_url":"https:\/\/folhapopular.info\/wp-content\/uploads\/2018\/01\/26904623_1572654729497424_155653857725878050_n.jpg","jetpack_sharing_enabled":true,"amp_enabled":true,"_links":{"self":[{"href":"https:\/\/folhapopular.info\/index.php\/wp-json\/wp\/v2\/posts\/39943","targetHints":{"allow":["GET"]}}],"collection":[{"href":"https:\/\/folhapopular.info\/index.php\/wp-json\/wp\/v2\/posts"}],"about":[{"href":"https:\/\/folhapopular.info\/index.php\/wp-json\/wp\/v2\/types\/post"}],"author":[{"embeddable":true,"href":"https:\/\/folhapopular.info\/index.php\/wp-json\/wp\/v2\/users\/8"}],"replies":[{"embeddable":true,"href":"https:\/\/folhapopular.info\/index.php\/wp-json\/wp\/v2\/comments?post=39943"}],"version-history":[{"count":0,"href":"https:\/\/folhapopular.info\/index.php\/wp-json\/wp\/v2\/posts\/39943\/revisions"}],"wp:featuredmedia":[{"embeddable":true,"href":"https:\/\/folhapopular.info\/index.php\/wp-json\/wp\/v2\/media\/39945"}],"wp:attachment":[{"href":"https:\/\/folhapopular.info\/index.php\/wp-json\/wp\/v2\/media?parent=39943"}],"wp:term":[{"taxonomy":"category","embeddable":true,"href":"https:\/\/folhapopular.info\/index.php\/wp-json\/wp\/v2\/categories?post=39943"},{"taxonomy":"post_tag","embeddable":true,"href":"https:\/\/folhapopular.info\/index.php\/wp-json\/wp\/v2\/tags?post=39943"}],"curies":[{"name":"wp","href":"https:\/\/api.w.org\/{rel}","templated":true}]}}