{"id":40181,"date":"2018-01-31T11:01:10","date_gmt":"2018-01-31T13:01:10","guid":{"rendered":"http:\/\/folhapopular.info\/?p=40181"},"modified":"2018-01-31T11:11:00","modified_gmt":"2018-01-31T13:11:00","slug":"comunidade-escolar-protesta-contra-o-afastamento-da-diretora-na-escola-teobaldo-closs","status":"publish","type":"post","link":"https:\/\/folhapopular.info\/index.php\/2018\/01\/31\/comunidade-escolar-protesta-contra-o-afastamento-da-diretora-na-escola-teobaldo-closs\/","title":{"rendered":"Comunidade escolar protesta contra o afastamento da diretora na escola Teobaldo Closs"},"content":{"rendered":"<p>Pais, alunos, professores e representantes do C\u00edrculo de Pais e Mestres (CPM) uniram for\u00e7as para protestar em favor da perman\u00eancia da diretora da Escola Municipal de Ensino Fundamental Professor Teobaldo Closs, Shana M\u00fcller Vogel. O manifesto ocorreu na manh\u00e3 desta quarta-feira (31\/01), na Prefeitura de Teut\u00f4nia.<\/p>\n<p>Segundo Giordana Satiq de Queiroz, 29 anos, m\u00e3e de duas estudantes da escola, os pais n\u00e3o concordam com a decis\u00e3o e querem serem ouvidos. \u201cGostamos muito do trabalho dela, queremos alguma justificativa\u201d, apontou.<\/p>\n<p>Shana assumiu como diretora da escola em dezembro de 2016 e teria que permanecer no cargo pelo per\u00edodo de tr\u00eas anos, conforme elei\u00e7\u00e3o realizada naquele ano. \u201cEstou frustrada, sempre tentei realizar um bom trabalho\u201d, em l\u00e1grimas relata a diretora. Ainda segundo Shana, a decis\u00e3o surgiu atrav\u00e9s de uma liminar, que conforme ela, \u00e9 inconstitucional.<\/p>\n<p>A Administra\u00e7\u00e3o Municipal ainda deve se pronunciar sobre os motivos que levaram \u00e0s altera\u00e7\u00f5es nas dire\u00e7\u00f5es das escolas municipais.<\/p>\n<p><strong>Guilherme Sommer<\/strong><br \/>\nNa manh\u00e3 desta quarta-feira (31\/01), a diretora da Escola Municipal Guilherme Sommer, Fabiana Lampert, tamb\u00e9m foi demitida. Segundo relatos em redes sociais, a comunidade escolar pede explica\u00e7\u00f5es e diz que n\u00e3o h\u00e1 motivos para a demiss\u00e3o.<\/p>\n","protected":false},"excerpt":{"rendered":"<p>Pais, alunos, professores e representantes do C\u00edrculo de Pais e Mestres (CPM) uniram for\u00e7as para protestar em favor da perman\u00eancia da diretora da Escola Municipal de Ensino Fundamental Professor Teobaldo Closs, Shana M\u00fcller Vogel. O manifesto ocorreu na manh\u00e3 desta quarta-feira (31\/01), na Prefeitura de Teut\u00f4nia. Segundo Giordana Satiq de Queiroz, 29 anos, m\u00e3e de [&hellip;]<\/p>\n","protected":false},"author":8,"featured_media":40182,"comment_status":"open","ping_status":"open","sticky":false,"template":"","format":"standard","meta":{"pmpro_default_level":"","_jetpack_memberships_contains_paid_content":false,"footnotes":""},"categories":[2,3],"tags":[2155,2156,2153,2154],"class_list":{"0":"post-40181","1":"post","2":"type-post","3":"status-publish","4":"format-standard","5":"has-post-thumbnail","7":"category-featured","8":"category-geral","9":"tag-comunidade-escolar","10":"tag-diretora","11":"tag-escola","12":"tag-teobaldo-closs","13":"pmpro-has-access"},"yoast_head":"<!-- This site is optimized with the Yoast SEO plugin v27.5 - https:\/\/yoast.com\/product\/yoast-seo-wordpress\/ -->\n<title>Comunidade escolar protesta contra o afastamento da diretora na escola Teobaldo Closs - Folha Popular<\/title>\n<meta name=\"robots\" content=\"index, follow, max-snippet:-1, max-image-preview:large, max-video-preview:-1\" \/>\n<link rel=\"canonical\" href=\"https:\/\/folhapopular.info\/index.php\/2018\/01\/31\/comunidade-escolar-protesta-contra-o-afastamento-da-diretora-na-escola-teobaldo-closs\/\" \/>\n<meta property=\"og:locale\" content=\"pt_BR\" \/>\n<meta property=\"og:type\" content=\"article\" \/>\n<meta property=\"og:title\" content=\"Comunidade escolar protesta contra o afastamento da diretora na escola Teobaldo Closs - Folha Popular\" \/>\n<meta property=\"og:description\" content=\"Pais, alunos, professores e representantes do C\u00edrculo de Pais e Mestres (CPM) uniram for\u00e7as para protestar em favor da perman\u00eancia da diretora da Escola Municipal de Ensino Fundamental Professor Teobaldo Closs, Shana M\u00fcller Vogel. O manifesto ocorreu na manh\u00e3 desta quarta-feira (31\/01), na Prefeitura de Teut\u00f4nia. Segundo Giordana Satiq de Queiroz, 29 anos, m\u00e3e de [&hellip;]\" \/>\n<meta property=\"og:url\" content=\"https:\/\/folhapopular.info\/index.php\/2018\/01\/31\/comunidade-escolar-protesta-contra-o-afastamento-da-diretora-na-escola-teobaldo-closs\/\" \/>\n<meta property=\"og:site_name\" content=\"Folha Popular\" \/>\n<meta property=\"article:published_time\" content=\"2018-01-31T13:01:10+00:00\" \/>\n<meta property=\"article:modified_time\" content=\"2018-01-31T13:11:00+00:00\" \/>\n<meta property=\"og:image\" content=\"https:\/\/folhapopular.info\/wp-content\/uploads\/2018\/01\/IMG_1426-e1517403516695.jpg\" \/>\n\t<meta property=\"og:image:width\" content=\"1000\" \/>\n\t<meta property=\"og:image:height\" content=\"668\" \/>\n\t<meta property=\"og:image:type\" content=\"image\/jpeg\" \/>\n<meta name=\"author\" content=\"Reda\u00e7\u00e3o Folha Popular\" \/>\n<meta name=\"twitter:card\" content=\"summary_large_image\" \/>\n<meta name=\"twitter:label1\" content=\"Escrito por\" \/>\n\t<meta name=\"twitter:data1\" content=\"Reda\u00e7\u00e3o Folha Popular\" \/>\n\t<meta name=\"twitter:label2\" content=\"Est. tempo de leitura\" \/>\n\t<meta name=\"twitter:data2\" content=\"1 minuto\" \/>\n<script type=\"application\/ld+json\" class=\"yoast-schema-graph\">{\"@context\":\"https:\\\/\\\/schema.org\",\"@graph\":[{\"@type\":\"Article\",\"@id\":\"https:\\\/\\\/folhapopular.info\\\/index.php\\\/2018\\\/01\\\/31\\\/comunidade-escolar-protesta-contra-o-afastamento-da-diretora-na-escola-teobaldo-closs\\\/#article\",\"isPartOf\":{\"@id\":\"https:\\\/\\\/folhapopular.info\\\/index.php\\\/2018\\\/01\\\/31\\\/comunidade-escolar-protesta-contra-o-afastamento-da-diretora-na-escola-teobaldo-closs\\\/\"},\"author\":{\"name\":\"Reda\u00e7\u00e3o Folha Popular\",\"@id\":\"https:\\\/\\\/folhapopular.info\\\/#\\\/schema\\\/person\\\/2814e8a0df7643585a9ca38bc6eb9d4b\"},\"headline\":\"Comunidade escolar protesta contra o afastamento da diretora na escola Teobaldo Closs\",\"datePublished\":\"2018-01-31T13:01:10+00:00\",\"dateModified\":\"2018-01-31T13:11:00+00:00\",\"mainEntityOfPage\":{\"@id\":\"https:\\\/\\\/folhapopular.info\\\/index.php\\\/2018\\\/01\\\/31\\\/comunidade-escolar-protesta-contra-o-afastamento-da-diretora-na-escola-teobaldo-closs\\\/\"},\"wordCount\":218,\"commentCount\":0,\"image\":{\"@id\":\"https:\\\/\\\/folhapopular.info\\\/index.php\\\/2018\\\/01\\\/31\\\/comunidade-escolar-protesta-contra-o-afastamento-da-diretora-na-escola-teobaldo-closs\\\/#primaryimage\"},\"thumbnailUrl\":\"https:\\\/\\\/folhapopular.info\\\/wp-content\\\/uploads\\\/2018\\\/01\\\/IMG_1426-e1517403516695.jpg\",\"keywords\":[\"Comunidade Escolar\",\"diretora\",\"Escola\",\"Teobaldo Closs\"],\"articleSection\":[\"Destaques\",\"Geral\"],\"inLanguage\":\"pt-BR\",\"potentialAction\":[{\"@type\":\"CommentAction\",\"name\":\"Comment\",\"target\":[\"https:\\\/\\\/folhapopular.info\\\/index.php\\\/2018\\\/01\\\/31\\\/comunidade-escolar-protesta-contra-o-afastamento-da-diretora-na-escola-teobaldo-closs\\\/#respond\"]}]},{\"@type\":\"WebPage\",\"@id\":\"https:\\\/\\\/folhapopular.info\\\/index.php\\\/2018\\\/01\\\/31\\\/comunidade-escolar-protesta-contra-o-afastamento-da-diretora-na-escola-teobaldo-closs\\\/\",\"url\":\"https:\\\/\\\/folhapopular.info\\\/index.php\\\/2018\\\/01\\\/31\\\/comunidade-escolar-protesta-contra-o-afastamento-da-diretora-na-escola-teobaldo-closs\\\/\",\"name\":\"Comunidade escolar protesta contra o afastamento da diretora na escola Teobaldo Closs - Folha Popular\",\"isPartOf\":{\"@id\":\"https:\\\/\\\/folhapopular.info\\\/#website\"},\"primaryImageOfPage\":{\"@id\":\"https:\\\/\\\/folhapopular.info\\\/index.php\\\/2018\\\/01\\\/31\\\/comunidade-escolar-protesta-contra-o-afastamento-da-diretora-na-escola-teobaldo-closs\\\/#primaryimage\"},\"image\":{\"@id\":\"https:\\\/\\\/folhapopular.info\\\/index.php\\\/2018\\\/01\\\/31\\\/comunidade-escolar-protesta-contra-o-afastamento-da-diretora-na-escola-teobaldo-closs\\\/#primaryimage\"},\"thumbnailUrl\":\"https:\\\/\\\/folhapopular.info\\\/wp-content\\\/uploads\\\/2018\\\/01\\\/IMG_1426-e1517403516695.jpg\",\"datePublished\":\"2018-01-31T13:01:10+00:00\",\"dateModified\":\"2018-01-31T13:11:00+00:00\",\"author\":{\"@id\":\"https:\\\/\\\/folhapopular.info\\\/#\\\/schema\\\/person\\\/2814e8a0df7643585a9ca38bc6eb9d4b\"},\"breadcrumb\":{\"@id\":\"https:\\\/\\\/folhapopular.info\\\/index.php\\\/2018\\\/01\\\/31\\\/comunidade-escolar-protesta-contra-o-afastamento-da-diretora-na-escola-teobaldo-closs\\\/#breadcrumb\"},\"inLanguage\":\"pt-BR\",\"potentialAction\":[{\"@type\":\"ReadAction\",\"target\":[\"https:\\\/\\\/folhapopular.info\\\/index.php\\\/2018\\\/01\\\/31\\\/comunidade-escolar-protesta-contra-o-afastamento-da-diretora-na-escola-teobaldo-closs\\\/\"]}]},{\"@type\":\"ImageObject\",\"inLanguage\":\"pt-BR\",\"@id\":\"https:\\\/\\\/folhapopular.info\\\/index.php\\\/2018\\\/01\\\/31\\\/comunidade-escolar-protesta-contra-o-afastamento-da-diretora-na-escola-teobaldo-closs\\\/#primaryimage\",\"url\":\"https:\\\/\\\/folhapopular.info\\\/wp-content\\\/uploads\\\/2018\\\/01\\\/IMG_1426-e1517403516695.jpg\",\"contentUrl\":\"https:\\\/\\\/folhapopular.info\\\/wp-content\\\/uploads\\\/2018\\\/01\\\/IMG_1426-e1517403516695.jpg\",\"width\":1000,\"height\":668,\"caption\":\"Pais, alunos, professores e representantes do CPM foram at\u00e9 a prefeitura de Teut\u00f4nia \\\/ Cr\u00e9dito da foto: Gabriela Hautrive\"},{\"@type\":\"BreadcrumbList\",\"@id\":\"https:\\\/\\\/folhapopular.info\\\/index.php\\\/2018\\\/01\\\/31\\\/comunidade-escolar-protesta-contra-o-afastamento-da-diretora-na-escola-teobaldo-closs\\\/#breadcrumb\",\"itemListElement\":[{\"@type\":\"ListItem\",\"position\":1,\"name\":\"In\u00edcio\",\"item\":\"https:\\\/\\\/folhapopular.info\\\/\"},{\"@type\":\"ListItem\",\"position\":2,\"name\":\"Comunidade escolar protesta contra o afastamento da diretora na escola Teobaldo Closs\"}]},{\"@type\":\"WebSite\",\"@id\":\"https:\\\/\\\/folhapopular.info\\\/#website\",\"url\":\"https:\\\/\\\/folhapopular.info\\\/\",\"name\":\"Folha Popular\",\"description\":\"Onde voc\u00ea tem vez e voz\",\"potentialAction\":[{\"@type\":\"SearchAction\",\"target\":{\"@type\":\"EntryPoint\",\"urlTemplate\":\"https:\\\/\\\/folhapopular.info\\\/?s={search_term_string}\"},\"query-input\":{\"@type\":\"PropertyValueSpecification\",\"valueRequired\":true,\"valueName\":\"search_term_string\"}}],\"inLanguage\":\"pt-BR\"},{\"@type\":\"Person\",\"@id\":\"https:\\\/\\\/folhapopular.info\\\/#\\\/schema\\\/person\\\/2814e8a0df7643585a9ca38bc6eb9d4b\",\"name\":\"Reda\u00e7\u00e3o Folha Popular\",\"image\":{\"@type\":\"ImageObject\",\"inLanguage\":\"pt-BR\",\"@id\":\"https:\\\/\\\/folhapopular.info\\\/wp-content\\\/uploads\\\/2026\\\/04\\\/Folha-1.webp\",\"url\":\"https:\\\/\\\/folhapopular.info\\\/wp-content\\\/uploads\\\/2026\\\/04\\\/Folha-1.webp\",\"contentUrl\":\"https:\\\/\\\/folhapopular.info\\\/wp-content\\\/uploads\\\/2026\\\/04\\\/Folha-1.webp\",\"caption\":\"Reda\u00e7\u00e3o Folha Popular\"},\"url\":\"https:\\\/\\\/folhapopular.info\\\/index.php\\\/author\\\/redacao\\\/\"}]}<\/script>\n<!-- \/ Yoast SEO plugin. -->","yoast_head_json":{"title":"Comunidade escolar protesta contra o afastamento da diretora na escola Teobaldo Closs - Folha Popular","robots":{"index":"index","follow":"follow","max-snippet":"max-snippet:-1","max-image-preview":"max-image-preview:large","max-video-preview":"max-video-preview:-1"},"canonical":"https:\/\/folhapopular.info\/index.php\/2018\/01\/31\/comunidade-escolar-protesta-contra-o-afastamento-da-diretora-na-escola-teobaldo-closs\/","og_locale":"pt_BR","og_type":"article","og_title":"Comunidade escolar protesta contra o afastamento da diretora na escola Teobaldo Closs - Folha Popular","og_description":"Pais, alunos, professores e representantes do C\u00edrculo de Pais e Mestres (CPM) uniram for\u00e7as para protestar em favor da perman\u00eancia da diretora da Escola Municipal de Ensino Fundamental Professor Teobaldo Closs, Shana M\u00fcller Vogel. O manifesto ocorreu na manh\u00e3 desta quarta-feira (31\/01), na Prefeitura de Teut\u00f4nia. Segundo Giordana Satiq de Queiroz, 29 anos, m\u00e3e de [&hellip;]","og_url":"https:\/\/folhapopular.info\/index.php\/2018\/01\/31\/comunidade-escolar-protesta-contra-o-afastamento-da-diretora-na-escola-teobaldo-closs\/","og_site_name":"Folha Popular","article_published_time":"2018-01-31T13:01:10+00:00","article_modified_time":"2018-01-31T13:11:00+00:00","og_image":[{"width":1000,"height":668,"url":"https:\/\/folhapopular.info\/wp-content\/uploads\/2018\/01\/IMG_1426-e1517403516695.jpg","type":"image\/jpeg"}],"author":"Reda\u00e7\u00e3o Folha Popular","twitter_card":"summary_large_image","twitter_misc":{"Escrito por":"Reda\u00e7\u00e3o Folha Popular","Est. tempo de leitura":"1 minuto"},"schema":{"@context":"https:\/\/schema.org","@graph":[{"@type":"Article","@id":"https:\/\/folhapopular.info\/index.php\/2018\/01\/31\/comunidade-escolar-protesta-contra-o-afastamento-da-diretora-na-escola-teobaldo-closs\/#article","isPartOf":{"@id":"https:\/\/folhapopular.info\/index.php\/2018\/01\/31\/comunidade-escolar-protesta-contra-o-afastamento-da-diretora-na-escola-teobaldo-closs\/"},"author":{"name":"Reda\u00e7\u00e3o Folha Popular","@id":"https:\/\/folhapopular.info\/#\/schema\/person\/2814e8a0df7643585a9ca38bc6eb9d4b"},"headline":"Comunidade escolar protesta contra o afastamento da diretora na escola Teobaldo Closs","datePublished":"2018-01-31T13:01:10+00:00","dateModified":"2018-01-31T13:11:00+00:00","mainEntityOfPage":{"@id":"https:\/\/folhapopular.info\/index.php\/2018\/01\/31\/comunidade-escolar-protesta-contra-o-afastamento-da-diretora-na-escola-teobaldo-closs\/"},"wordCount":218,"commentCount":0,"image":{"@id":"https:\/\/folhapopular.info\/index.php\/2018\/01\/31\/comunidade-escolar-protesta-contra-o-afastamento-da-diretora-na-escola-teobaldo-closs\/#primaryimage"},"thumbnailUrl":"https:\/\/folhapopular.info\/wp-content\/uploads\/2018\/01\/IMG_1426-e1517403516695.jpg","keywords":["Comunidade Escolar","diretora","Escola","Teobaldo Closs"],"articleSection":["Destaques","Geral"],"inLanguage":"pt-BR","potentialAction":[{"@type":"CommentAction","name":"Comment","target":["https:\/\/folhapopular.info\/index.php\/2018\/01\/31\/comunidade-escolar-protesta-contra-o-afastamento-da-diretora-na-escola-teobaldo-closs\/#respond"]}]},{"@type":"WebPage","@id":"https:\/\/folhapopular.info\/index.php\/2018\/01\/31\/comunidade-escolar-protesta-contra-o-afastamento-da-diretora-na-escola-teobaldo-closs\/","url":"https:\/\/folhapopular.info\/index.php\/2018\/01\/31\/comunidade-escolar-protesta-contra-o-afastamento-da-diretora-na-escola-teobaldo-closs\/","name":"Comunidade escolar protesta contra o afastamento da diretora na escola Teobaldo Closs - Folha Popular","isPartOf":{"@id":"https:\/\/folhapopular.info\/#website"},"primaryImageOfPage":{"@id":"https:\/\/folhapopular.info\/index.php\/2018\/01\/31\/comunidade-escolar-protesta-contra-o-afastamento-da-diretora-na-escola-teobaldo-closs\/#primaryimage"},"image":{"@id":"https:\/\/folhapopular.info\/index.php\/2018\/01\/31\/comunidade-escolar-protesta-contra-o-afastamento-da-diretora-na-escola-teobaldo-closs\/#primaryimage"},"thumbnailUrl":"https:\/\/folhapopular.info\/wp-content\/uploads\/2018\/01\/IMG_1426-e1517403516695.jpg","datePublished":"2018-01-31T13:01:10+00:00","dateModified":"2018-01-31T13:11:00+00:00","author":{"@id":"https:\/\/folhapopular.info\/#\/schema\/person\/2814e8a0df7643585a9ca38bc6eb9d4b"},"breadcrumb":{"@id":"https:\/\/folhapopular.info\/index.php\/2018\/01\/31\/comunidade-escolar-protesta-contra-o-afastamento-da-diretora-na-escola-teobaldo-closs\/#breadcrumb"},"inLanguage":"pt-BR","potentialAction":[{"@type":"ReadAction","target":["https:\/\/folhapopular.info\/index.php\/2018\/01\/31\/comunidade-escolar-protesta-contra-o-afastamento-da-diretora-na-escola-teobaldo-closs\/"]}]},{"@type":"ImageObject","inLanguage":"pt-BR","@id":"https:\/\/folhapopular.info\/index.php\/2018\/01\/31\/comunidade-escolar-protesta-contra-o-afastamento-da-diretora-na-escola-teobaldo-closs\/#primaryimage","url":"https:\/\/folhapopular.info\/wp-content\/uploads\/2018\/01\/IMG_1426-e1517403516695.jpg","contentUrl":"https:\/\/folhapopular.info\/wp-content\/uploads\/2018\/01\/IMG_1426-e1517403516695.jpg","width":1000,"height":668,"caption":"Pais, alunos, professores e representantes do CPM foram at\u00e9 a prefeitura de Teut\u00f4nia \/ Cr\u00e9dito da foto: Gabriela Hautrive"},{"@type":"BreadcrumbList","@id":"https:\/\/folhapopular.info\/index.php\/2018\/01\/31\/comunidade-escolar-protesta-contra-o-afastamento-da-diretora-na-escola-teobaldo-closs\/#breadcrumb","itemListElement":[{"@type":"ListItem","position":1,"name":"In\u00edcio","item":"https:\/\/folhapopular.info\/"},{"@type":"ListItem","position":2,"name":"Comunidade escolar protesta contra o afastamento da diretora na escola Teobaldo Closs"}]},{"@type":"WebSite","@id":"https:\/\/folhapopular.info\/#website","url":"https:\/\/folhapopular.info\/","name":"Folha Popular","description":"Onde voc\u00ea tem vez e voz","potentialAction":[{"@type":"SearchAction","target":{"@type":"EntryPoint","urlTemplate":"https:\/\/folhapopular.info\/?s={search_term_string}"},"query-input":{"@type":"PropertyValueSpecification","valueRequired":true,"valueName":"search_term_string"}}],"inLanguage":"pt-BR"},{"@type":"Person","@id":"https:\/\/folhapopular.info\/#\/schema\/person\/2814e8a0df7643585a9ca38bc6eb9d4b","name":"Reda\u00e7\u00e3o Folha Popular","image":{"@type":"ImageObject","inLanguage":"pt-BR","@id":"https:\/\/folhapopular.info\/wp-content\/uploads\/2026\/04\/Folha-1.webp","url":"https:\/\/folhapopular.info\/wp-content\/uploads\/2026\/04\/Folha-1.webp","contentUrl":"https:\/\/folhapopular.info\/wp-content\/uploads\/2026\/04\/Folha-1.webp","caption":"Reda\u00e7\u00e3o Folha Popular"},"url":"https:\/\/folhapopular.info\/index.php\/author\/redacao\/"}]}},"jetpack_featured_media_url":"https:\/\/folhapopular.info\/wp-content\/uploads\/2018\/01\/IMG_1426-e1517403516695.jpg","jetpack_sharing_enabled":true,"amp_enabled":true,"_links":{"self":[{"href":"https:\/\/folhapopular.info\/index.php\/wp-json\/wp\/v2\/posts\/40181","targetHints":{"allow":["GET"]}}],"collection":[{"href":"https:\/\/folhapopular.info\/index.php\/wp-json\/wp\/v2\/posts"}],"about":[{"href":"https:\/\/folhapopular.info\/index.php\/wp-json\/wp\/v2\/types\/post"}],"author":[{"embeddable":true,"href":"https:\/\/folhapopular.info\/index.php\/wp-json\/wp\/v2\/users\/8"}],"replies":[{"embeddable":true,"href":"https:\/\/folhapopular.info\/index.php\/wp-json\/wp\/v2\/comments?post=40181"}],"version-history":[{"count":0,"href":"https:\/\/folhapopular.info\/index.php\/wp-json\/wp\/v2\/posts\/40181\/revisions"}],"wp:featuredmedia":[{"embeddable":true,"href":"https:\/\/folhapopular.info\/index.php\/wp-json\/wp\/v2\/media\/40182"}],"wp:attachment":[{"href":"https:\/\/folhapopular.info\/index.php\/wp-json\/wp\/v2\/media?parent=40181"}],"wp:term":[{"taxonomy":"category","embeddable":true,"href":"https:\/\/folhapopular.info\/index.php\/wp-json\/wp\/v2\/categories?post=40181"},{"taxonomy":"post_tag","embeddable":true,"href":"https:\/\/folhapopular.info\/index.php\/wp-json\/wp\/v2\/tags?post=40181"}],"curies":[{"name":"wp","href":"https:\/\/api.w.org\/{rel}","templated":true}]}}