{"id":40316,"date":"2018-02-03T15:00:27","date_gmt":"2018-02-03T17:00:27","guid":{"rendered":"http:\/\/folhapopular.info\/?p=40316"},"modified":"2018-02-04T08:52:57","modified_gmt":"2018-02-04T10:52:57","slug":"6a-taca-da-amizade-inicia-hoje","status":"publish","type":"post","link":"https:\/\/folhapopular.info\/index.php\/2018\/02\/03\/6a-taca-da-amizade-inicia-hoje\/","title":{"rendered":"6\u00aa Ta\u00e7a da Amizade inicia hoje"},"content":{"rendered":"<p>O futebol amador tem o domingo \u00e0 tarde como dia tradicional. No entanto, uma inova\u00e7\u00e3o marcar\u00e1 a abertura da 6\u00aa edi\u00e7\u00e3o da Ta\u00e7a da Amizade. No fim da tarde e na noite de hoje (03\/02), tendo por local o campo da SER Ga\u00facho em Teut\u00f4nia, acontecer\u00e1 a cerim\u00f4nia de abertura e o pontap\u00e9 inicial com a partida inaugural da competi\u00e7\u00e3o. O atual tricampe\u00e3o ECAS de Imigrante enfrentar\u00e1 o atual campe\u00e3o da Copa Via Esporte\/Rema Trof\u00e9us, o Fluminense de Westf\u00e1lia, jogo v\u00e1lido pela Chave B.<\/p>\n<p>A partida entre os dois campe\u00f5es ser\u00e1 em campo neutro porque o ECAS tem uma partida de mando de campo a cumprir, referente \u00e0 puni\u00e7\u00e3o da competi\u00e7\u00e3o do ano passado. Os dois elencos foram muito bem montados para chegar longe. Ali\u00e1s, o trof\u00e9u de campe\u00e3o \u00e9 muito cobi\u00e7ado e as 10 equipes participantes chegam com boas chances, gra\u00e7as aos bons elencos montados, o que tamb\u00e9m exigiu significativo aporte de dinheiro.<\/p>\n<p>Neste domingo, a primeira rodada ser\u00e1 completada com mais tr\u00eas partidas. Pela Chave A haver\u00e1 o duelo dos campe\u00f5es regionais da Aslivata, Riograndense e Juventude da Berlim (Westf\u00e1lia). Al\u00e9m disso, em Linha Paissandu \u2013 Westf\u00e1lia, o Palmeiras encara o Recreativo. Pela Chave B, o Juventude de Brochier enfrenta o Po\u00e7o das Antas, cl\u00e1ssico intermunicipal.<\/p>\n<p>As novidades deste ano ser\u00e3o: a inclus\u00e3o de mais uma equipe de Brochier, o Recreativo de Pinheiro Machado; a participa\u00e7\u00e3o de uma equipe de Marat\u00e1, o Esperan\u00e7a; e a n\u00e3o presen\u00e7a de clubes de Colinas e de Boa Vista do Sul. Na forma\u00e7\u00e3o de elenco, tamb\u00e9m h\u00e1 inova\u00e7\u00f5es, com a libera\u00e7\u00e3o de mais atletas de fora conforme o n\u00famero de equipes participantes de cada cidade.<\/p>\n<p>A organiza\u00e7\u00e3o do campeonato reuniu os clubes durante esta semana e apresentou a todos os dirigentes a lista de atletas considerados \u201cde casa\u201d ou \u201ccom v\u00ednculo ao munic\u00edpio\u201d. A partir dessa an\u00e1lise, todos assinaram documento que n\u00e3o permite entrar com protesto para questionar a \u201clegalidade\u201d da inscri\u00e7\u00e3o de atleta da casa.<\/p>\n<p><b>&gt; TA\u00c7A DA AMIZADE 2018<\/b><\/p>\n<p><b>1\u00aa rodada<\/b><\/p>\n<p><b>Chave A<\/b><\/p>\n<p>04\/02 Riograndense x Juventude-We<\/p>\n<p>04\/02 Palmeiras x Recreativo<\/p>\n<p>Folga: Esperan\u00e7a de Marat\u00e1<\/p>\n<p><b>Chave B<\/b><\/p>\n<p>03\/02 ECAS x Fluminense<\/p>\n<p>04\/02 Juventude-Brochier x Po\u00e7o das Antas<\/p>\n<p>Folga: 11 Amigos de Po\u00e7o das Antas<\/p>\n","protected":false},"excerpt":{"rendered":"<p>O futebol amador tem o domingo \u00e0 tarde como dia tradicional. No entanto, uma inova\u00e7\u00e3o marcar\u00e1 a abertura da 6\u00aa edi\u00e7\u00e3o da Ta\u00e7a da Amizade. No fim da tarde e na noite de hoje (03\/02), tendo por local o campo da SER Ga\u00facho em Teut\u00f4nia, acontecer\u00e1 a cerim\u00f4nia de abertura e o pontap\u00e9 inicial com [&hellip;]<\/p>\n","protected":false},"author":8,"featured_media":40317,"comment_status":"open","ping_status":"open","sticky":false,"template":"","format":"standard","meta":{"pmpro_default_level":"","_jetpack_memberships_contains_paid_content":false,"footnotes":""},"categories":[5,240,50],"tags":[498,147,315,124],"class_list":{"0":"post-40316","1":"post","2":"type-post","3":"status-publish","4":"format-standard","5":"has-post-thumbnail","7":"category-esportes","8":"category-futebol-amador","9":"category-taca_amizade","10":"tag-futebol","11":"tag-futebol-amador","12":"tag-regiao","13":"tag-taca-da-amizade","14":"pmpro-has-access"},"yoast_head":"<!-- This site is optimized with the Yoast SEO plugin v27.5 - https:\/\/yoast.com\/product\/yoast-seo-wordpress\/ -->\n<title>6\u00aa Ta\u00e7a da Amizade inicia hoje - Folha Popular<\/title>\n<meta name=\"robots\" content=\"index, follow, max-snippet:-1, max-image-preview:large, max-video-preview:-1\" \/>\n<link rel=\"canonical\" href=\"https:\/\/folhapopular.info\/index.php\/2018\/02\/03\/6a-taca-da-amizade-inicia-hoje\/\" \/>\n<meta property=\"og:locale\" content=\"pt_BR\" \/>\n<meta property=\"og:type\" content=\"article\" \/>\n<meta property=\"og:title\" content=\"6\u00aa Ta\u00e7a da Amizade inicia hoje - Folha Popular\" \/>\n<meta property=\"og:description\" content=\"O futebol amador tem o domingo \u00e0 tarde como dia tradicional. No entanto, uma inova\u00e7\u00e3o marcar\u00e1 a abertura da 6\u00aa edi\u00e7\u00e3o da Ta\u00e7a da Amizade. No fim da tarde e na noite de hoje (03\/02), tendo por local o campo da SER Ga\u00facho em Teut\u00f4nia, acontecer\u00e1 a cerim\u00f4nia de abertura e o pontap\u00e9 inicial com [&hellip;]\" \/>\n<meta property=\"og:url\" content=\"https:\/\/folhapopular.info\/index.php\/2018\/02\/03\/6a-taca-da-amizade-inicia-hoje\/\" \/>\n<meta property=\"og:site_name\" content=\"Folha Popular\" \/>\n<meta property=\"article:published_time\" content=\"2018-02-03T17:00:27+00:00\" \/>\n<meta property=\"article:modified_time\" content=\"2018-02-04T10:52:57+00:00\" \/>\n<meta property=\"og:image\" content=\"https:\/\/folhapopular.info\/wp-content\/uploads\/2018\/02\/Ta\u00e7a-da-Amizade-2017_Campe\u00e3o-Titulares_ECAS_Ilocir-Jos\u00e9-F\u00fchr-e1517660074824.jpg\" \/>\n\t<meta property=\"og:image:width\" content=\"1000\" \/>\n\t<meta property=\"og:image:height\" content=\"664\" \/>\n\t<meta property=\"og:image:type\" content=\"image\/jpeg\" \/>\n<meta name=\"author\" content=\"Reda\u00e7\u00e3o Folha Popular\" \/>\n<meta name=\"twitter:card\" content=\"summary_large_image\" \/>\n<meta name=\"twitter:label1\" content=\"Escrito por\" \/>\n\t<meta name=\"twitter:data1\" content=\"Reda\u00e7\u00e3o Folha Popular\" \/>\n\t<meta name=\"twitter:label2\" content=\"Est. tempo de leitura\" \/>\n\t<meta name=\"twitter:data2\" content=\"2 minutos\" \/>\n<script type=\"application\/ld+json\" class=\"yoast-schema-graph\">{\"@context\":\"https:\\\/\\\/schema.org\",\"@graph\":[{\"@type\":\"Article\",\"@id\":\"https:\\\/\\\/folhapopular.info\\\/index.php\\\/2018\\\/02\\\/03\\\/6a-taca-da-amizade-inicia-hoje\\\/#article\",\"isPartOf\":{\"@id\":\"https:\\\/\\\/folhapopular.info\\\/index.php\\\/2018\\\/02\\\/03\\\/6a-taca-da-amizade-inicia-hoje\\\/\"},\"author\":{\"name\":\"Reda\u00e7\u00e3o Folha Popular\",\"@id\":\"https:\\\/\\\/folhapopular.info\\\/#\\\/schema\\\/person\\\/2814e8a0df7643585a9ca38bc6eb9d4b\"},\"headline\":\"6\u00aa Ta\u00e7a da Amizade inicia hoje\",\"datePublished\":\"2018-02-03T17:00:27+00:00\",\"dateModified\":\"2018-02-04T10:52:57+00:00\",\"mainEntityOfPage\":{\"@id\":\"https:\\\/\\\/folhapopular.info\\\/index.php\\\/2018\\\/02\\\/03\\\/6a-taca-da-amizade-inicia-hoje\\\/\"},\"wordCount\":406,\"commentCount\":0,\"image\":{\"@id\":\"https:\\\/\\\/folhapopular.info\\\/index.php\\\/2018\\\/02\\\/03\\\/6a-taca-da-amizade-inicia-hoje\\\/#primaryimage\"},\"thumbnailUrl\":\"https:\\\/\\\/folhapopular.info\\\/wp-content\\\/uploads\\\/2018\\\/02\\\/Ta\u00e7a-da-Amizade-2017_Campe\u00e3o-Titulares_ECAS_Ilocir-Jos\u00e9-F\u00fchr-e1517660074824.jpg\",\"keywords\":[\"Futebol\",\"futebol amador\",\"Regi\u00e3o\",\"Ta\u00e7a da Amizade\"],\"articleSection\":[\"Esportes\",\"Futebol Amador\",\"Ta\u00e7a da Amizade\"],\"inLanguage\":\"pt-BR\",\"potentialAction\":[{\"@type\":\"CommentAction\",\"name\":\"Comment\",\"target\":[\"https:\\\/\\\/folhapopular.info\\\/index.php\\\/2018\\\/02\\\/03\\\/6a-taca-da-amizade-inicia-hoje\\\/#respond\"]}]},{\"@type\":\"WebPage\",\"@id\":\"https:\\\/\\\/folhapopular.info\\\/index.php\\\/2018\\\/02\\\/03\\\/6a-taca-da-amizade-inicia-hoje\\\/\",\"url\":\"https:\\\/\\\/folhapopular.info\\\/index.php\\\/2018\\\/02\\\/03\\\/6a-taca-da-amizade-inicia-hoje\\\/\",\"name\":\"6\u00aa Ta\u00e7a da Amizade inicia hoje - Folha Popular\",\"isPartOf\":{\"@id\":\"https:\\\/\\\/folhapopular.info\\\/#website\"},\"primaryImageOfPage\":{\"@id\":\"https:\\\/\\\/folhapopular.info\\\/index.php\\\/2018\\\/02\\\/03\\\/6a-taca-da-amizade-inicia-hoje\\\/#primaryimage\"},\"image\":{\"@id\":\"https:\\\/\\\/folhapopular.info\\\/index.php\\\/2018\\\/02\\\/03\\\/6a-taca-da-amizade-inicia-hoje\\\/#primaryimage\"},\"thumbnailUrl\":\"https:\\\/\\\/folhapopular.info\\\/wp-content\\\/uploads\\\/2018\\\/02\\\/Ta\u00e7a-da-Amizade-2017_Campe\u00e3o-Titulares_ECAS_Ilocir-Jos\u00e9-F\u00fchr-e1517660074824.jpg\",\"datePublished\":\"2018-02-03T17:00:27+00:00\",\"dateModified\":\"2018-02-04T10:52:57+00:00\",\"author\":{\"@id\":\"https:\\\/\\\/folhapopular.info\\\/#\\\/schema\\\/person\\\/2814e8a0df7643585a9ca38bc6eb9d4b\"},\"breadcrumb\":{\"@id\":\"https:\\\/\\\/folhapopular.info\\\/index.php\\\/2018\\\/02\\\/03\\\/6a-taca-da-amizade-inicia-hoje\\\/#breadcrumb\"},\"inLanguage\":\"pt-BR\",\"potentialAction\":[{\"@type\":\"ReadAction\",\"target\":[\"https:\\\/\\\/folhapopular.info\\\/index.php\\\/2018\\\/02\\\/03\\\/6a-taca-da-amizade-inicia-hoje\\\/\"]}]},{\"@type\":\"ImageObject\",\"inLanguage\":\"pt-BR\",\"@id\":\"https:\\\/\\\/folhapopular.info\\\/index.php\\\/2018\\\/02\\\/03\\\/6a-taca-da-amizade-inicia-hoje\\\/#primaryimage\",\"url\":\"https:\\\/\\\/folhapopular.info\\\/wp-content\\\/uploads\\\/2018\\\/02\\\/Ta\u00e7a-da-Amizade-2017_Campe\u00e3o-Titulares_ECAS_Ilocir-Jos\u00e9-F\u00fchr-e1517660074824.jpg\",\"contentUrl\":\"https:\\\/\\\/folhapopular.info\\\/wp-content\\\/uploads\\\/2018\\\/02\\\/Ta\u00e7a-da-Amizade-2017_Campe\u00e3o-Titulares_ECAS_Ilocir-Jos\u00e9-F\u00fchr-e1517660074824.jpg\",\"width\":1000,\"height\":664,\"caption\":\"Em 2017, o ECAS levantou a ta\u00e7a\\\/Cr\u00e9dito da foto: Ilocir Jos\u00e9 F\u00fchr\\\/Divulga\u00e7\u00e3o\"},{\"@type\":\"BreadcrumbList\",\"@id\":\"https:\\\/\\\/folhapopular.info\\\/index.php\\\/2018\\\/02\\\/03\\\/6a-taca-da-amizade-inicia-hoje\\\/#breadcrumb\",\"itemListElement\":[{\"@type\":\"ListItem\",\"position\":1,\"name\":\"In\u00edcio\",\"item\":\"https:\\\/\\\/folhapopular.info\\\/\"},{\"@type\":\"ListItem\",\"position\":2,\"name\":\"6\u00aa Ta\u00e7a da Amizade inicia hoje\"}]},{\"@type\":\"WebSite\",\"@id\":\"https:\\\/\\\/folhapopular.info\\\/#website\",\"url\":\"https:\\\/\\\/folhapopular.info\\\/\",\"name\":\"Folha Popular\",\"description\":\"Onde voc\u00ea tem vez e voz\",\"potentialAction\":[{\"@type\":\"SearchAction\",\"target\":{\"@type\":\"EntryPoint\",\"urlTemplate\":\"https:\\\/\\\/folhapopular.info\\\/?s={search_term_string}\"},\"query-input\":{\"@type\":\"PropertyValueSpecification\",\"valueRequired\":true,\"valueName\":\"search_term_string\"}}],\"inLanguage\":\"pt-BR\"},{\"@type\":\"Person\",\"@id\":\"https:\\\/\\\/folhapopular.info\\\/#\\\/schema\\\/person\\\/2814e8a0df7643585a9ca38bc6eb9d4b\",\"name\":\"Reda\u00e7\u00e3o Folha Popular\",\"image\":{\"@type\":\"ImageObject\",\"inLanguage\":\"pt-BR\",\"@id\":\"https:\\\/\\\/folhapopular.info\\\/wp-content\\\/uploads\\\/2026\\\/04\\\/Folha-1.webp\",\"url\":\"https:\\\/\\\/folhapopular.info\\\/wp-content\\\/uploads\\\/2026\\\/04\\\/Folha-1.webp\",\"contentUrl\":\"https:\\\/\\\/folhapopular.info\\\/wp-content\\\/uploads\\\/2026\\\/04\\\/Folha-1.webp\",\"caption\":\"Reda\u00e7\u00e3o Folha Popular\"},\"url\":\"https:\\\/\\\/folhapopular.info\\\/index.php\\\/author\\\/redacao\\\/\"}]}<\/script>\n<!-- \/ Yoast SEO plugin. -->","yoast_head_json":{"title":"6\u00aa Ta\u00e7a da Amizade inicia hoje - Folha Popular","robots":{"index":"index","follow":"follow","max-snippet":"max-snippet:-1","max-image-preview":"max-image-preview:large","max-video-preview":"max-video-preview:-1"},"canonical":"https:\/\/folhapopular.info\/index.php\/2018\/02\/03\/6a-taca-da-amizade-inicia-hoje\/","og_locale":"pt_BR","og_type":"article","og_title":"6\u00aa Ta\u00e7a da Amizade inicia hoje - Folha Popular","og_description":"O futebol amador tem o domingo \u00e0 tarde como dia tradicional. No entanto, uma inova\u00e7\u00e3o marcar\u00e1 a abertura da 6\u00aa edi\u00e7\u00e3o da Ta\u00e7a da Amizade. No fim da tarde e na noite de hoje (03\/02), tendo por local o campo da SER Ga\u00facho em Teut\u00f4nia, acontecer\u00e1 a cerim\u00f4nia de abertura e o pontap\u00e9 inicial com [&hellip;]","og_url":"https:\/\/folhapopular.info\/index.php\/2018\/02\/03\/6a-taca-da-amizade-inicia-hoje\/","og_site_name":"Folha Popular","article_published_time":"2018-02-03T17:00:27+00:00","article_modified_time":"2018-02-04T10:52:57+00:00","og_image":[{"width":1000,"height":664,"url":"https:\/\/folhapopular.info\/wp-content\/uploads\/2018\/02\/Ta\u00e7a-da-Amizade-2017_Campe\u00e3o-Titulares_ECAS_Ilocir-Jos\u00e9-F\u00fchr-e1517660074824.jpg","type":"image\/jpeg"}],"author":"Reda\u00e7\u00e3o Folha Popular","twitter_card":"summary_large_image","twitter_misc":{"Escrito por":"Reda\u00e7\u00e3o Folha Popular","Est. tempo de leitura":"2 minutos"},"schema":{"@context":"https:\/\/schema.org","@graph":[{"@type":"Article","@id":"https:\/\/folhapopular.info\/index.php\/2018\/02\/03\/6a-taca-da-amizade-inicia-hoje\/#article","isPartOf":{"@id":"https:\/\/folhapopular.info\/index.php\/2018\/02\/03\/6a-taca-da-amizade-inicia-hoje\/"},"author":{"name":"Reda\u00e7\u00e3o Folha Popular","@id":"https:\/\/folhapopular.info\/#\/schema\/person\/2814e8a0df7643585a9ca38bc6eb9d4b"},"headline":"6\u00aa Ta\u00e7a da Amizade inicia hoje","datePublished":"2018-02-03T17:00:27+00:00","dateModified":"2018-02-04T10:52:57+00:00","mainEntityOfPage":{"@id":"https:\/\/folhapopular.info\/index.php\/2018\/02\/03\/6a-taca-da-amizade-inicia-hoje\/"},"wordCount":406,"commentCount":0,"image":{"@id":"https:\/\/folhapopular.info\/index.php\/2018\/02\/03\/6a-taca-da-amizade-inicia-hoje\/#primaryimage"},"thumbnailUrl":"https:\/\/folhapopular.info\/wp-content\/uploads\/2018\/02\/Ta\u00e7a-da-Amizade-2017_Campe\u00e3o-Titulares_ECAS_Ilocir-Jos\u00e9-F\u00fchr-e1517660074824.jpg","keywords":["Futebol","futebol amador","Regi\u00e3o","Ta\u00e7a da Amizade"],"articleSection":["Esportes","Futebol Amador","Ta\u00e7a da Amizade"],"inLanguage":"pt-BR","potentialAction":[{"@type":"CommentAction","name":"Comment","target":["https:\/\/folhapopular.info\/index.php\/2018\/02\/03\/6a-taca-da-amizade-inicia-hoje\/#respond"]}]},{"@type":"WebPage","@id":"https:\/\/folhapopular.info\/index.php\/2018\/02\/03\/6a-taca-da-amizade-inicia-hoje\/","url":"https:\/\/folhapopular.info\/index.php\/2018\/02\/03\/6a-taca-da-amizade-inicia-hoje\/","name":"6\u00aa Ta\u00e7a da Amizade inicia hoje - Folha Popular","isPartOf":{"@id":"https:\/\/folhapopular.info\/#website"},"primaryImageOfPage":{"@id":"https:\/\/folhapopular.info\/index.php\/2018\/02\/03\/6a-taca-da-amizade-inicia-hoje\/#primaryimage"},"image":{"@id":"https:\/\/folhapopular.info\/index.php\/2018\/02\/03\/6a-taca-da-amizade-inicia-hoje\/#primaryimage"},"thumbnailUrl":"https:\/\/folhapopular.info\/wp-content\/uploads\/2018\/02\/Ta\u00e7a-da-Amizade-2017_Campe\u00e3o-Titulares_ECAS_Ilocir-Jos\u00e9-F\u00fchr-e1517660074824.jpg","datePublished":"2018-02-03T17:00:27+00:00","dateModified":"2018-02-04T10:52:57+00:00","author":{"@id":"https:\/\/folhapopular.info\/#\/schema\/person\/2814e8a0df7643585a9ca38bc6eb9d4b"},"breadcrumb":{"@id":"https:\/\/folhapopular.info\/index.php\/2018\/02\/03\/6a-taca-da-amizade-inicia-hoje\/#breadcrumb"},"inLanguage":"pt-BR","potentialAction":[{"@type":"ReadAction","target":["https:\/\/folhapopular.info\/index.php\/2018\/02\/03\/6a-taca-da-amizade-inicia-hoje\/"]}]},{"@type":"ImageObject","inLanguage":"pt-BR","@id":"https:\/\/folhapopular.info\/index.php\/2018\/02\/03\/6a-taca-da-amizade-inicia-hoje\/#primaryimage","url":"https:\/\/folhapopular.info\/wp-content\/uploads\/2018\/02\/Ta\u00e7a-da-Amizade-2017_Campe\u00e3o-Titulares_ECAS_Ilocir-Jos\u00e9-F\u00fchr-e1517660074824.jpg","contentUrl":"https:\/\/folhapopular.info\/wp-content\/uploads\/2018\/02\/Ta\u00e7a-da-Amizade-2017_Campe\u00e3o-Titulares_ECAS_Ilocir-Jos\u00e9-F\u00fchr-e1517660074824.jpg","width":1000,"height":664,"caption":"Em 2017, o ECAS levantou a ta\u00e7a\/Cr\u00e9dito da foto: Ilocir Jos\u00e9 F\u00fchr\/Divulga\u00e7\u00e3o"},{"@type":"BreadcrumbList","@id":"https:\/\/folhapopular.info\/index.php\/2018\/02\/03\/6a-taca-da-amizade-inicia-hoje\/#breadcrumb","itemListElement":[{"@type":"ListItem","position":1,"name":"In\u00edcio","item":"https:\/\/folhapopular.info\/"},{"@type":"ListItem","position":2,"name":"6\u00aa Ta\u00e7a da Amizade inicia hoje"}]},{"@type":"WebSite","@id":"https:\/\/folhapopular.info\/#website","url":"https:\/\/folhapopular.info\/","name":"Folha Popular","description":"Onde voc\u00ea tem vez e voz","potentialAction":[{"@type":"SearchAction","target":{"@type":"EntryPoint","urlTemplate":"https:\/\/folhapopular.info\/?s={search_term_string}"},"query-input":{"@type":"PropertyValueSpecification","valueRequired":true,"valueName":"search_term_string"}}],"inLanguage":"pt-BR"},{"@type":"Person","@id":"https:\/\/folhapopular.info\/#\/schema\/person\/2814e8a0df7643585a9ca38bc6eb9d4b","name":"Reda\u00e7\u00e3o Folha Popular","image":{"@type":"ImageObject","inLanguage":"pt-BR","@id":"https:\/\/folhapopular.info\/wp-content\/uploads\/2026\/04\/Folha-1.webp","url":"https:\/\/folhapopular.info\/wp-content\/uploads\/2026\/04\/Folha-1.webp","contentUrl":"https:\/\/folhapopular.info\/wp-content\/uploads\/2026\/04\/Folha-1.webp","caption":"Reda\u00e7\u00e3o Folha Popular"},"url":"https:\/\/folhapopular.info\/index.php\/author\/redacao\/"}]}},"jetpack_featured_media_url":"https:\/\/folhapopular.info\/wp-content\/uploads\/2018\/02\/Ta\u00e7a-da-Amizade-2017_Campe\u00e3o-Titulares_ECAS_Ilocir-Jos\u00e9-F\u00fchr-e1517660074824.jpg","jetpack_sharing_enabled":true,"amp_enabled":true,"_links":{"self":[{"href":"https:\/\/folhapopular.info\/index.php\/wp-json\/wp\/v2\/posts\/40316","targetHints":{"allow":["GET"]}}],"collection":[{"href":"https:\/\/folhapopular.info\/index.php\/wp-json\/wp\/v2\/posts"}],"about":[{"href":"https:\/\/folhapopular.info\/index.php\/wp-json\/wp\/v2\/types\/post"}],"author":[{"embeddable":true,"href":"https:\/\/folhapopular.info\/index.php\/wp-json\/wp\/v2\/users\/8"}],"replies":[{"embeddable":true,"href":"https:\/\/folhapopular.info\/index.php\/wp-json\/wp\/v2\/comments?post=40316"}],"version-history":[{"count":0,"href":"https:\/\/folhapopular.info\/index.php\/wp-json\/wp\/v2\/posts\/40316\/revisions"}],"wp:featuredmedia":[{"embeddable":true,"href":"https:\/\/folhapopular.info\/index.php\/wp-json\/wp\/v2\/media\/40317"}],"wp:attachment":[{"href":"https:\/\/folhapopular.info\/index.php\/wp-json\/wp\/v2\/media?parent=40316"}],"wp:term":[{"taxonomy":"category","embeddable":true,"href":"https:\/\/folhapopular.info\/index.php\/wp-json\/wp\/v2\/categories?post=40316"},{"taxonomy":"post_tag","embeddable":true,"href":"https:\/\/folhapopular.info\/index.php\/wp-json\/wp\/v2\/tags?post=40316"}],"curies":[{"name":"wp","href":"https:\/\/api.w.org\/{rel}","templated":true}]}}