{"id":40511,"date":"2018-02-08T21:45:25","date_gmt":"2018-02-08T23:45:25","guid":{"rendered":"http:\/\/folhapopular.info\/?p=40511"},"modified":"2018-02-08T21:46:56","modified_gmt":"2018-02-08T23:46:56","slug":"campeonato-municipal-de-teutonia-inicia-dia-25-de-fevereiro","status":"publish","type":"post","link":"https:\/\/folhapopular.info\/index.php\/2018\/02\/08\/campeonato-municipal-de-teutonia-inicia-dia-25-de-fevereiro\/","title":{"rendered":"Campeonato Municipal de Teut\u00f4nia inicia dia 25 de fevereiro"},"content":{"rendered":"<p>Dez clubes confirmaram presen\u00e7a e v\u00e3o disputar o Campeonato Municipal de Teut\u00f4nia em 2018, com in\u00edcio marcado para o pr\u00f3ximo dia 25 de fevereiro. A f\u00f3rmula de disputa foi a tem\u00e1tica mais debatida no encontro, porque os clubes n\u00e3o concordaram com a proposta apresentada pela diretoria da ACAT (uma chave jogar contra a outra).<\/p>\n<p>Assim, as equipes e a diretoria reestruturaram a f\u00f3rmula de disputa durante a reuni\u00e3o t\u00e9cnica da competi\u00e7\u00e3o. Os jogos ser\u00e3o dentro da chave, em turno \u00fanico, com quatro jogos para cada clube na primeira fase (dois em casa e dois fora), classificando-se os quatro melhores de cada grupo para as quartas-de-final.<\/p>\n<p>O cruzamento nas quartas-de-final ser\u00e3o de uma chave contra a outra (1\u00baA x 4\u00baB, 2\u00baA x 3\u00baB, 2\u00baB x 3\u00baA e 1\u00baB x 4\u00baA). Os times de melhor campanha jogam com a vantagem de dois empates, indiferente da posi\u00e7\u00e3o obtida na chave. Os quatro classificados seguem \u00e0s semifinais (cruzamentos por ranking), para apurar os finalistas.<\/p>\n<p>J\u00e1 os quatro eliminados nas quartas-de-final se unem aos dois eliminados da 1\u00aa fase. Os seis times disputar\u00e3o o t\u00edtulo da 2\u00aa Divis\u00e3o de Teut\u00f4nia.<\/p>\n<p>O lan\u00e7amento do certamente ser\u00e1 no dia 21 de fevereiro. A competi\u00e7\u00e3o inicia no dia 25 de fevereiro.\u00a0Nos finais de semana da P\u00e1scoa e da Festa de Maio n\u00e3o haver\u00e1 rodadas. As defini\u00e7\u00f5es do calend\u00e1rio da 2\u00aa Divis\u00e3o acontecer\u00e3o no decorrer da competi\u00e7\u00e3o entre os 6 clubes.<\/p>\n<p>A inscri\u00e7\u00e3o do atleta &#8220;P\u00e9 Fino&#8221; tamb\u00e9m gerou debate intenso na reuni\u00e3o, pois o jogador assinou ficha com dois clubes em Teut\u00f4nia &#8211; Atl\u00e9tico Ga\u00facho e Esperan\u00e7a. Com as duas fichas apresentadas, o regulamento da ACAT prev\u00ea que o acordo entre as equipes prevalece. No entanto, nenhuma das equipes abriu m\u00e3o do jogador. Com isso, a ACAT valeu-se do regulamento da Aslivata e o atleta ser\u00e1 exclu\u00eddo da competi\u00e7\u00e3o. O Atl\u00e9tico Ga\u00facho reivindicou a validade de decis\u00e3o em reuni\u00e3o anterior que previa a prioridade de inscri\u00e7\u00e3o do jogador para a equipe que apresentasse por primeiro a ficha.<\/p>\n<h3><strong>Sorteio das chaves<\/strong><\/h3>\n<table width=\"100%\" cellspacing=\"0\" cellpadding=\"4\">\n<colgroup>\n<col width=\"128*\" \/>\n<col width=\"128*\" \/> <\/colgroup>\n<tbody>\n<tr valign=\"top\">\n<td width=\"50%\"><strong>Chave A<\/strong><\/td>\n<td width=\"50%\"><strong>Chave B<\/strong><\/td>\n<\/tr>\n<tr valign=\"top\">\n<td width=\"50%\">1 \u2013 Avante<\/td>\n<td width=\"50%\">1 \u2013 Esperan\u00e7a<\/td>\n<\/tr>\n<tr valign=\"top\">\n<td width=\"50%\">2 \u2013 Boa Vista<\/td>\n<td width=\"50%\">2 \u2013 Bang\u00fa<\/td>\n<\/tr>\n<tr valign=\"top\">\n<td width=\"50%\">3 \u2013 Juventude<\/td>\n<td width=\"50%\">3 \u2013 Alto Taquari<\/td>\n<\/tr>\n<tr valign=\"top\">\n<td width=\"50%\">4 \u2013 Catarinense<\/td>\n<td width=\"50%\">4 \u2013 Atl\u00e9tico Ga\u00facho<\/td>\n<\/tr>\n<tr valign=\"top\">\n<td width=\"50%\">5 \u2013 Ribeirense<\/td>\n<td width=\"50%\">5 \u2013 Uni\u00e3o-G<\/td>\n<\/tr>\n<\/tbody>\n<\/table>\n<h3><strong>1\u00aa rodada &#8211; 25\/02<\/strong><\/h3>\n<p>Boa Vista Fundos &#8211; Avante x Boa Vista<\/p>\n<p>Linha Frank &#8211; Juventude x Catarinense<\/p>\n<p>Folga: Ribeirense<\/p>\n<p>Bairro Languiru &#8211; Esperan\u00e7a x Bang\u00fa<\/p>\n<p>Loteamento 8 &#8211; Atl\u00e9tico Ga\u00facho x Uni\u00e3o-G<\/p>\n<p>Folga: Alto Taquari<\/p>\n<p>&nbsp;<\/p>\n","protected":false},"excerpt":{"rendered":"<p>Dez clubes confirmaram presen\u00e7a e v\u00e3o disputar o Campeonato Municipal de Teut\u00f4nia em 2018, com in\u00edcio marcado para o pr\u00f3ximo dia 25 de fevereiro. A f\u00f3rmula de disputa foi a tem\u00e1tica mais debatida no encontro, porque os clubes n\u00e3o concordaram com a proposta apresentada pela diretoria da ACAT (uma chave jogar contra a outra). Assim, [&hellip;]<\/p>\n","protected":false},"author":7,"featured_media":40517,"comment_status":"open","ping_status":"open","sticky":false,"template":"","format":"standard","meta":{"pmpro_default_level":"","_jetpack_memberships_contains_paid_content":false,"footnotes":""},"categories":[2,5,240,49],"tags":[499,147,26],"class_list":{"0":"post-40511","1":"post","2":"type-post","3":"status-publish","4":"format-standard","5":"has-post-thumbnail","7":"category-featured","8":"category-esportes","9":"category-futebol-amador","10":"category-municipal_teutonia","11":"tag-campeonato-municipal","12":"tag-futebol-amador","13":"tag-teutonia","14":"pmpro-has-access"},"yoast_head":"<!-- This site is optimized with the Yoast SEO plugin v27.5 - https:\/\/yoast.com\/product\/yoast-seo-wordpress\/ -->\n<title>Campeonato Municipal de Teut\u00f4nia inicia dia 25 de fevereiro - Folha Popular<\/title>\n<meta name=\"robots\" content=\"index, follow, max-snippet:-1, max-image-preview:large, max-video-preview:-1\" \/>\n<link rel=\"canonical\" href=\"https:\/\/folhapopular.info\/index.php\/2018\/02\/08\/campeonato-municipal-de-teutonia-inicia-dia-25-de-fevereiro\/\" \/>\n<meta property=\"og:locale\" content=\"pt_BR\" \/>\n<meta property=\"og:type\" content=\"article\" \/>\n<meta property=\"og:title\" content=\"Campeonato Municipal de Teut\u00f4nia inicia dia 25 de fevereiro - Folha Popular\" \/>\n<meta property=\"og:description\" content=\"Dez clubes confirmaram presen\u00e7a e v\u00e3o disputar o Campeonato Municipal de Teut\u00f4nia em 2018, com in\u00edcio marcado para o pr\u00f3ximo dia 25 de fevereiro. A f\u00f3rmula de disputa foi a tem\u00e1tica mais debatida no encontro, porque os clubes n\u00e3o concordaram com a proposta apresentada pela diretoria da ACAT (uma chave jogar contra a outra). Assim, [&hellip;]\" \/>\n<meta property=\"og:url\" content=\"https:\/\/folhapopular.info\/index.php\/2018\/02\/08\/campeonato-municipal-de-teutonia-inicia-dia-25-de-fevereiro\/\" \/>\n<meta property=\"og:site_name\" content=\"Folha Popular\" \/>\n<meta property=\"article:published_time\" content=\"2018-02-08T23:45:25+00:00\" \/>\n<meta property=\"article:modified_time\" content=\"2018-02-08T23:46:56+00:00\" \/>\n<meta property=\"og:image\" content=\"https:\/\/folhapopular.info\/wp-content\/uploads\/2018\/02\/WhatsApp-Image-2018-02-08-at-20.32.54-e1518129265310.jpeg\" \/>\n\t<meta property=\"og:image:width\" content=\"1000\" \/>\n\t<meta property=\"og:image:height\" content=\"280\" \/>\n\t<meta property=\"og:image:type\" content=\"image\/jpeg\" \/>\n<meta name=\"author\" content=\"Lucas Leandro Brune\" \/>\n<meta name=\"twitter:card\" content=\"summary_large_image\" \/>\n<meta name=\"twitter:label1\" content=\"Escrito por\" \/>\n\t<meta name=\"twitter:data1\" content=\"Lucas Leandro Brune\" \/>\n\t<meta name=\"twitter:label2\" content=\"Est. tempo de leitura\" \/>\n\t<meta name=\"twitter:data2\" content=\"2 minutos\" \/>\n<script type=\"application\/ld+json\" class=\"yoast-schema-graph\">{\"@context\":\"https:\\\/\\\/schema.org\",\"@graph\":[{\"@type\":\"Article\",\"@id\":\"https:\\\/\\\/folhapopular.info\\\/index.php\\\/2018\\\/02\\\/08\\\/campeonato-municipal-de-teutonia-inicia-dia-25-de-fevereiro\\\/#article\",\"isPartOf\":{\"@id\":\"https:\\\/\\\/folhapopular.info\\\/index.php\\\/2018\\\/02\\\/08\\\/campeonato-municipal-de-teutonia-inicia-dia-25-de-fevereiro\\\/\"},\"author\":{\"name\":\"Lucas Leandro Brune\",\"@id\":\"https:\\\/\\\/folhapopular.info\\\/#\\\/schema\\\/person\\\/533a15f60cd49e81ab3a90b4ca33cb36\"},\"headline\":\"Campeonato Municipal de Teut\u00f4nia inicia dia 25 de fevereiro\",\"datePublished\":\"2018-02-08T23:45:25+00:00\",\"dateModified\":\"2018-02-08T23:46:56+00:00\",\"mainEntityOfPage\":{\"@id\":\"https:\\\/\\\/folhapopular.info\\\/index.php\\\/2018\\\/02\\\/08\\\/campeonato-municipal-de-teutonia-inicia-dia-25-de-fevereiro\\\/\"},\"wordCount\":436,\"commentCount\":0,\"image\":{\"@id\":\"https:\\\/\\\/folhapopular.info\\\/index.php\\\/2018\\\/02\\\/08\\\/campeonato-municipal-de-teutonia-inicia-dia-25-de-fevereiro\\\/#primaryimage\"},\"thumbnailUrl\":\"https:\\\/\\\/folhapopular.info\\\/wp-content\\\/uploads\\\/2018\\\/02\\\/WhatsApp-Image-2018-02-08-at-20.32.54-e1518129265310.jpeg\",\"keywords\":[\"Campeonato Municipal\",\"futebol amador\",\"Teut\u00f4nia\"],\"articleSection\":[\"Destaques\",\"Esportes\",\"Futebol Amador\",\"Municipal de Teut\u00f4nia\"],\"inLanguage\":\"pt-BR\",\"potentialAction\":[{\"@type\":\"CommentAction\",\"name\":\"Comment\",\"target\":[\"https:\\\/\\\/folhapopular.info\\\/index.php\\\/2018\\\/02\\\/08\\\/campeonato-municipal-de-teutonia-inicia-dia-25-de-fevereiro\\\/#respond\"]}]},{\"@type\":\"WebPage\",\"@id\":\"https:\\\/\\\/folhapopular.info\\\/index.php\\\/2018\\\/02\\\/08\\\/campeonato-municipal-de-teutonia-inicia-dia-25-de-fevereiro\\\/\",\"url\":\"https:\\\/\\\/folhapopular.info\\\/index.php\\\/2018\\\/02\\\/08\\\/campeonato-municipal-de-teutonia-inicia-dia-25-de-fevereiro\\\/\",\"name\":\"Campeonato Municipal de Teut\u00f4nia inicia dia 25 de fevereiro - Folha Popular\",\"isPartOf\":{\"@id\":\"https:\\\/\\\/folhapopular.info\\\/#website\"},\"primaryImageOfPage\":{\"@id\":\"https:\\\/\\\/folhapopular.info\\\/index.php\\\/2018\\\/02\\\/08\\\/campeonato-municipal-de-teutonia-inicia-dia-25-de-fevereiro\\\/#primaryimage\"},\"image\":{\"@id\":\"https:\\\/\\\/folhapopular.info\\\/index.php\\\/2018\\\/02\\\/08\\\/campeonato-municipal-de-teutonia-inicia-dia-25-de-fevereiro\\\/#primaryimage\"},\"thumbnailUrl\":\"https:\\\/\\\/folhapopular.info\\\/wp-content\\\/uploads\\\/2018\\\/02\\\/WhatsApp-Image-2018-02-08-at-20.32.54-e1518129265310.jpeg\",\"datePublished\":\"2018-02-08T23:45:25+00:00\",\"dateModified\":\"2018-02-08T23:46:56+00:00\",\"author\":{\"@id\":\"https:\\\/\\\/folhapopular.info\\\/#\\\/schema\\\/person\\\/533a15f60cd49e81ab3a90b4ca33cb36\"},\"breadcrumb\":{\"@id\":\"https:\\\/\\\/folhapopular.info\\\/index.php\\\/2018\\\/02\\\/08\\\/campeonato-municipal-de-teutonia-inicia-dia-25-de-fevereiro\\\/#breadcrumb\"},\"inLanguage\":\"pt-BR\",\"potentialAction\":[{\"@type\":\"ReadAction\",\"target\":[\"https:\\\/\\\/folhapopular.info\\\/index.php\\\/2018\\\/02\\\/08\\\/campeonato-municipal-de-teutonia-inicia-dia-25-de-fevereiro\\\/\"]}]},{\"@type\":\"ImageObject\",\"inLanguage\":\"pt-BR\",\"@id\":\"https:\\\/\\\/folhapopular.info\\\/index.php\\\/2018\\\/02\\\/08\\\/campeonato-municipal-de-teutonia-inicia-dia-25-de-fevereiro\\\/#primaryimage\",\"url\":\"https:\\\/\\\/folhapopular.info\\\/wp-content\\\/uploads\\\/2018\\\/02\\\/WhatsApp-Image-2018-02-08-at-20.32.54-e1518129265310.jpeg\",\"contentUrl\":\"https:\\\/\\\/folhapopular.info\\\/wp-content\\\/uploads\\\/2018\\\/02\\\/WhatsApp-Image-2018-02-08-at-20.32.54-e1518129265310.jpeg\",\"width\":1000,\"height\":280,\"caption\":\"Reuni\u00e3o que definiu o Campeonato Municipal de Teut\u00f4nia foi realizada nesta quinta-feira\"},{\"@type\":\"BreadcrumbList\",\"@id\":\"https:\\\/\\\/folhapopular.info\\\/index.php\\\/2018\\\/02\\\/08\\\/campeonato-municipal-de-teutonia-inicia-dia-25-de-fevereiro\\\/#breadcrumb\",\"itemListElement\":[{\"@type\":\"ListItem\",\"position\":1,\"name\":\"In\u00edcio\",\"item\":\"https:\\\/\\\/folhapopular.info\\\/\"},{\"@type\":\"ListItem\",\"position\":2,\"name\":\"Campeonato Municipal de Teut\u00f4nia inicia dia 25 de fevereiro\"}]},{\"@type\":\"WebSite\",\"@id\":\"https:\\\/\\\/folhapopular.info\\\/#website\",\"url\":\"https:\\\/\\\/folhapopular.info\\\/\",\"name\":\"Folha Popular\",\"description\":\"Onde voc\u00ea tem vez e voz\",\"potentialAction\":[{\"@type\":\"SearchAction\",\"target\":{\"@type\":\"EntryPoint\",\"urlTemplate\":\"https:\\\/\\\/folhapopular.info\\\/?s={search_term_string}\"},\"query-input\":{\"@type\":\"PropertyValueSpecification\",\"valueRequired\":true,\"valueName\":\"search_term_string\"}}],\"inLanguage\":\"pt-BR\"},{\"@type\":\"Person\",\"@id\":\"https:\\\/\\\/folhapopular.info\\\/#\\\/schema\\\/person\\\/533a15f60cd49e81ab3a90b4ca33cb36\",\"name\":\"Lucas Leandro Brune\",\"image\":{\"@type\":\"ImageObject\",\"inLanguage\":\"pt-BR\",\"@id\":\"https:\\\/\\\/folhapopular.info\\\/wp-content\\\/uploads\\\/2026\\\/04\\\/LUCAS-1-1.webp\",\"url\":\"https:\\\/\\\/folhapopular.info\\\/wp-content\\\/uploads\\\/2026\\\/04\\\/LUCAS-1-1.webp\",\"contentUrl\":\"https:\\\/\\\/folhapopular.info\\\/wp-content\\\/uploads\\\/2026\\\/04\\\/LUCAS-1-1.webp\",\"caption\":\"Lucas Leandro Brune\"},\"description\":\"Jornalista Profissional Diplomado MTB\\\/RS 14.333\",\"url\":\"https:\\\/\\\/folhapopular.info\\\/index.php\\\/author\\\/lucas-brune\\\/\"}]}<\/script>\n<!-- \/ Yoast SEO plugin. -->","yoast_head_json":{"title":"Campeonato Municipal de Teut\u00f4nia inicia dia 25 de fevereiro - Folha Popular","robots":{"index":"index","follow":"follow","max-snippet":"max-snippet:-1","max-image-preview":"max-image-preview:large","max-video-preview":"max-video-preview:-1"},"canonical":"https:\/\/folhapopular.info\/index.php\/2018\/02\/08\/campeonato-municipal-de-teutonia-inicia-dia-25-de-fevereiro\/","og_locale":"pt_BR","og_type":"article","og_title":"Campeonato Municipal de Teut\u00f4nia inicia dia 25 de fevereiro - Folha Popular","og_description":"Dez clubes confirmaram presen\u00e7a e v\u00e3o disputar o Campeonato Municipal de Teut\u00f4nia em 2018, com in\u00edcio marcado para o pr\u00f3ximo dia 25 de fevereiro. A f\u00f3rmula de disputa foi a tem\u00e1tica mais debatida no encontro, porque os clubes n\u00e3o concordaram com a proposta apresentada pela diretoria da ACAT (uma chave jogar contra a outra). Assim, [&hellip;]","og_url":"https:\/\/folhapopular.info\/index.php\/2018\/02\/08\/campeonato-municipal-de-teutonia-inicia-dia-25-de-fevereiro\/","og_site_name":"Folha Popular","article_published_time":"2018-02-08T23:45:25+00:00","article_modified_time":"2018-02-08T23:46:56+00:00","og_image":[{"width":1000,"height":280,"url":"https:\/\/folhapopular.info\/wp-content\/uploads\/2018\/02\/WhatsApp-Image-2018-02-08-at-20.32.54-e1518129265310.jpeg","type":"image\/jpeg"}],"author":"Lucas Leandro Brune","twitter_card":"summary_large_image","twitter_misc":{"Escrito por":"Lucas Leandro Brune","Est. tempo de leitura":"2 minutos"},"schema":{"@context":"https:\/\/schema.org","@graph":[{"@type":"Article","@id":"https:\/\/folhapopular.info\/index.php\/2018\/02\/08\/campeonato-municipal-de-teutonia-inicia-dia-25-de-fevereiro\/#article","isPartOf":{"@id":"https:\/\/folhapopular.info\/index.php\/2018\/02\/08\/campeonato-municipal-de-teutonia-inicia-dia-25-de-fevereiro\/"},"author":{"name":"Lucas Leandro Brune","@id":"https:\/\/folhapopular.info\/#\/schema\/person\/533a15f60cd49e81ab3a90b4ca33cb36"},"headline":"Campeonato Municipal de Teut\u00f4nia inicia dia 25 de fevereiro","datePublished":"2018-02-08T23:45:25+00:00","dateModified":"2018-02-08T23:46:56+00:00","mainEntityOfPage":{"@id":"https:\/\/folhapopular.info\/index.php\/2018\/02\/08\/campeonato-municipal-de-teutonia-inicia-dia-25-de-fevereiro\/"},"wordCount":436,"commentCount":0,"image":{"@id":"https:\/\/folhapopular.info\/index.php\/2018\/02\/08\/campeonato-municipal-de-teutonia-inicia-dia-25-de-fevereiro\/#primaryimage"},"thumbnailUrl":"https:\/\/folhapopular.info\/wp-content\/uploads\/2018\/02\/WhatsApp-Image-2018-02-08-at-20.32.54-e1518129265310.jpeg","keywords":["Campeonato Municipal","futebol amador","Teut\u00f4nia"],"articleSection":["Destaques","Esportes","Futebol Amador","Municipal de Teut\u00f4nia"],"inLanguage":"pt-BR","potentialAction":[{"@type":"CommentAction","name":"Comment","target":["https:\/\/folhapopular.info\/index.php\/2018\/02\/08\/campeonato-municipal-de-teutonia-inicia-dia-25-de-fevereiro\/#respond"]}]},{"@type":"WebPage","@id":"https:\/\/folhapopular.info\/index.php\/2018\/02\/08\/campeonato-municipal-de-teutonia-inicia-dia-25-de-fevereiro\/","url":"https:\/\/folhapopular.info\/index.php\/2018\/02\/08\/campeonato-municipal-de-teutonia-inicia-dia-25-de-fevereiro\/","name":"Campeonato Municipal de Teut\u00f4nia inicia dia 25 de fevereiro - Folha Popular","isPartOf":{"@id":"https:\/\/folhapopular.info\/#website"},"primaryImageOfPage":{"@id":"https:\/\/folhapopular.info\/index.php\/2018\/02\/08\/campeonato-municipal-de-teutonia-inicia-dia-25-de-fevereiro\/#primaryimage"},"image":{"@id":"https:\/\/folhapopular.info\/index.php\/2018\/02\/08\/campeonato-municipal-de-teutonia-inicia-dia-25-de-fevereiro\/#primaryimage"},"thumbnailUrl":"https:\/\/folhapopular.info\/wp-content\/uploads\/2018\/02\/WhatsApp-Image-2018-02-08-at-20.32.54-e1518129265310.jpeg","datePublished":"2018-02-08T23:45:25+00:00","dateModified":"2018-02-08T23:46:56+00:00","author":{"@id":"https:\/\/folhapopular.info\/#\/schema\/person\/533a15f60cd49e81ab3a90b4ca33cb36"},"breadcrumb":{"@id":"https:\/\/folhapopular.info\/index.php\/2018\/02\/08\/campeonato-municipal-de-teutonia-inicia-dia-25-de-fevereiro\/#breadcrumb"},"inLanguage":"pt-BR","potentialAction":[{"@type":"ReadAction","target":["https:\/\/folhapopular.info\/index.php\/2018\/02\/08\/campeonato-municipal-de-teutonia-inicia-dia-25-de-fevereiro\/"]}]},{"@type":"ImageObject","inLanguage":"pt-BR","@id":"https:\/\/folhapopular.info\/index.php\/2018\/02\/08\/campeonato-municipal-de-teutonia-inicia-dia-25-de-fevereiro\/#primaryimage","url":"https:\/\/folhapopular.info\/wp-content\/uploads\/2018\/02\/WhatsApp-Image-2018-02-08-at-20.32.54-e1518129265310.jpeg","contentUrl":"https:\/\/folhapopular.info\/wp-content\/uploads\/2018\/02\/WhatsApp-Image-2018-02-08-at-20.32.54-e1518129265310.jpeg","width":1000,"height":280,"caption":"Reuni\u00e3o que definiu o Campeonato Municipal de Teut\u00f4nia foi realizada nesta quinta-feira"},{"@type":"BreadcrumbList","@id":"https:\/\/folhapopular.info\/index.php\/2018\/02\/08\/campeonato-municipal-de-teutonia-inicia-dia-25-de-fevereiro\/#breadcrumb","itemListElement":[{"@type":"ListItem","position":1,"name":"In\u00edcio","item":"https:\/\/folhapopular.info\/"},{"@type":"ListItem","position":2,"name":"Campeonato Municipal de Teut\u00f4nia inicia dia 25 de fevereiro"}]},{"@type":"WebSite","@id":"https:\/\/folhapopular.info\/#website","url":"https:\/\/folhapopular.info\/","name":"Folha Popular","description":"Onde voc\u00ea tem vez e voz","potentialAction":[{"@type":"SearchAction","target":{"@type":"EntryPoint","urlTemplate":"https:\/\/folhapopular.info\/?s={search_term_string}"},"query-input":{"@type":"PropertyValueSpecification","valueRequired":true,"valueName":"search_term_string"}}],"inLanguage":"pt-BR"},{"@type":"Person","@id":"https:\/\/folhapopular.info\/#\/schema\/person\/533a15f60cd49e81ab3a90b4ca33cb36","name":"Lucas Leandro Brune","image":{"@type":"ImageObject","inLanguage":"pt-BR","@id":"https:\/\/folhapopular.info\/wp-content\/uploads\/2026\/04\/LUCAS-1-1.webp","url":"https:\/\/folhapopular.info\/wp-content\/uploads\/2026\/04\/LUCAS-1-1.webp","contentUrl":"https:\/\/folhapopular.info\/wp-content\/uploads\/2026\/04\/LUCAS-1-1.webp","caption":"Lucas Leandro Brune"},"description":"Jornalista Profissional Diplomado MTB\/RS 14.333","url":"https:\/\/folhapopular.info\/index.php\/author\/lucas-brune\/"}]}},"jetpack_featured_media_url":"https:\/\/folhapopular.info\/wp-content\/uploads\/2018\/02\/WhatsApp-Image-2018-02-08-at-20.32.54-e1518129265310.jpeg","jetpack_sharing_enabled":true,"amp_enabled":true,"_links":{"self":[{"href":"https:\/\/folhapopular.info\/index.php\/wp-json\/wp\/v2\/posts\/40511","targetHints":{"allow":["GET"]}}],"collection":[{"href":"https:\/\/folhapopular.info\/index.php\/wp-json\/wp\/v2\/posts"}],"about":[{"href":"https:\/\/folhapopular.info\/index.php\/wp-json\/wp\/v2\/types\/post"}],"author":[{"embeddable":true,"href":"https:\/\/folhapopular.info\/index.php\/wp-json\/wp\/v2\/users\/7"}],"replies":[{"embeddable":true,"href":"https:\/\/folhapopular.info\/index.php\/wp-json\/wp\/v2\/comments?post=40511"}],"version-history":[{"count":0,"href":"https:\/\/folhapopular.info\/index.php\/wp-json\/wp\/v2\/posts\/40511\/revisions"}],"wp:featuredmedia":[{"embeddable":true,"href":"https:\/\/folhapopular.info\/index.php\/wp-json\/wp\/v2\/media\/40517"}],"wp:attachment":[{"href":"https:\/\/folhapopular.info\/index.php\/wp-json\/wp\/v2\/media?parent=40511"}],"wp:term":[{"taxonomy":"category","embeddable":true,"href":"https:\/\/folhapopular.info\/index.php\/wp-json\/wp\/v2\/categories?post=40511"},{"taxonomy":"post_tag","embeddable":true,"href":"https:\/\/folhapopular.info\/index.php\/wp-json\/wp\/v2\/tags?post=40511"}],"curies":[{"name":"wp","href":"https:\/\/api.w.org\/{rel}","templated":true}]}}